{"id":31574,"date":"2019-04-02T00:27:08","date_gmt":"2019-04-02T06:27:08","guid":{"rendered":"http:\/\/www.grieta.org.mx\/?p=31574"},"modified":"2019-04-02T00:39:29","modified_gmt":"2019-04-02T06:39:29","slug":"trabajadores-de-salud-de-tamaulipas-se-manifiestan-por-aumento-salarial-prometido","status":"publish","type":"post","link":"https:\/\/www.grieta.org.mx\/index.php\/2019\/04\/02\/trabajadores-de-salud-de-tamaulipas-se-manifiestan-por-aumento-salarial-prometido\/","title":{"rendered":"Trabajadores de Salud de Tamaulipas se manifiestan por aumento salarial prometido"},"content":{"rendered":"<p><img loading=\"lazy\" decoding=\"async\" data-attachment-id=\"31575\" data-permalink=\"https:\/\/www.grieta.org.mx\/index.php\/2019\/04\/02\/trabajadores-de-salud-de-tamaulipas-se-manifiestan-por-aumento-salarial-prometido\/trabajadores-de-salud-de-tamaulipas-se-manifiestan-por-aumento-salarial-prometido-abr-tama\/\" data-orig-file=\"https:\/\/www.grieta.org.mx\/wp-content\/uploads\/2019\/04\/Trabajadores-de-Salud-de-Tamaulipas-se-manifiestan-por-aumento-salarial-prometido-abr-tama.jpg\" data-orig-size=\"300,225\" data-comments-opened=\"0\" data-image-meta=\"{&quot;aperture&quot;:&quot;0&quot;,&quot;credit&quot;:&quot;&quot;,&quot;camera&quot;:&quot;&quot;,&quot;caption&quot;:&quot;&quot;,&quot;created_timestamp&quot;:&quot;0&quot;,&quot;copyright&quot;:&quot;&quot;,&quot;focal_length&quot;:&quot;0&quot;,&quot;iso&quot;:&quot;0&quot;,&quot;shutter_speed&quot;:&quot;0&quot;,&quot;title&quot;:&quot;&quot;,&quot;orientation&quot;:&quot;0&quot;}\" data-image-title=\"Trabajadores de Salud de Tamaulipas se manifiestan por aumento salarial prometido abr tama\" data-image-description=\"\" data-image-caption=\"\" data-medium-file=\"https:\/\/www.grieta.org.mx\/wp-content\/uploads\/2019\/04\/Trabajadores-de-Salud-de-Tamaulipas-se-manifiestan-por-aumento-salarial-prometido-abr-tama-300x225.jpg\" data-large-file=\"https:\/\/www.grieta.org.mx\/wp-content\/uploads\/2019\/04\/Trabajadores-de-Salud-de-Tamaulipas-se-manifiestan-por-aumento-salarial-prometido-abr-tama.jpg\" class=\"alignleft size-medium wp-image-31575\" src=\"http:\/\/www.grieta.org.mx\/wp-content\/uploads\/2019\/04\/Trabajadores-de-Salud-de-Tamaulipas-se-manifiestan-por-aumento-salarial-prometido-abr-tama-300x225.jpg\" alt=\"\" width=\"300\" height=\"225\" \/><\/p>\n<p>Lupita \u00c1lvarez \/ Gaceta<\/p>\n<p>Cd. Victoria, Tamaulipas.- M\u00e1s de 50 trabajadores eventuales de la Secretar\u00eda de Salud -que aseguraron representar a m\u00e1s de cuatro mil en todo el estado- organizaron una protesta en Palacio de Gobierno para exigir el aumento salarial que les fue prometido hace unos meses.<\/p>\n<p>Miguel \u00c1ngel Mart\u00ednez Garza, cabeza del movimiento de protesta, inform\u00f3 que el gobierno del estado prometi\u00f3 aumentar el suelo a los trabajadores eventuales de la Secretar\u00eda de Salud desde un 39 por ciento como m\u00ednimo hasta un 99 como m\u00e1ximo, sin embargo algunos solo recibieron 50 pesos de incremento mientras que otros no han recibido nada.<\/p>\n<p>\u201cLo \u00fanico que pedimos que se respete la palabra del se\u00f1or gobernador, porque sabemos de antemano que \u00e9l est\u00e1 haciendo el mayor esfuerzo para beneficio de todos nosotros, sin embargo alguien no est\u00e1 cumpliendo lo que \u00e9l est\u00e1 prometiendo\u201d, dijo Mart\u00ednez.<\/p>\n<p>Se\u00f1al\u00f3 que el aumento debi\u00f3 llegarles desde la primera quincena de marzo pero es fecha que no les ha llegado, por lo que pidieron a la secretar\u00eda General de Gobierno que les d\u00e9 una explicaci\u00f3n de cu\u00e1l fue el error y por qu\u00e9 los trabajadores eventuales de salud no han recibido dicho aumento.<\/p>\n<p>\u201cNo sabemos d\u00f3nde se est\u00e1 el error, no sabemos realmente qu\u00e9 es lo que est\u00e1 sucediendo, que el secretario General nos ayude a entender qu\u00e9 fue lo que pas\u00f3; es algo muy delicado que el gobernador anuncie un porcentaje y que no se d\u00e9, alguien est\u00e1 haciendo mal las cosas y no creemos que sea el se\u00f1or gobernador\u201d, enfatiz\u00f3.<\/p>\n<p>Mart\u00ednez Garza se\u00f1al\u00f3 que esta ser\u00eda la primera vez que los trabajadores eventuales recibir\u00edan un incremento salarial, a pesar de que algunos tienen desde cuatro hasta 10 y 12 a\u00f1os de servicio, por lo que reiter\u00f3 su llamado para que les expliquen por qu\u00e9 no han recibido dicho aumento.<\/p>\n<p>\u201cHay compa\u00f1eros con c\u00f3digos administrativos que no recibieron m\u00e1s que 50 pesos, hay otros c\u00f3digos que recibieron 56, otros c\u00f3digos que no recibieron nada, lo que es preocupante\u201d, indic\u00f3.<\/p>\n<p>Dijo por \u00faltimo que la mayor\u00eda de los trabajadores que participaron en la manifestaci\u00f3n son de la Jurisdicci\u00f3n Sanitaria N\u00famero Uno, as\u00ed como de los municipios de G\u00fc\u00e9mez y Padilla.<\/p>\n<p><a href=\"https:\/\/www.gaceta.mx\/2019\/04\/trabajadores-de-salud-de-tamaulipas-se-manifiestan-por-aumento-salarial-prometido\/\" target=\"_blank\" rel=\"noopener noreferrer\">https:\/\/www.gaceta.mx\/2019\/04\/trabajadores-de-salud-de-tamaulipas-se-manifiestan-por-aumento-salarial-prometido\/<\/a><\/p>\n","protected":false},"excerpt":{"rendered":"<p>Lupita \u00c1lvarez \/ Gaceta Cd. Victoria, Tamaulipas.- M\u00e1s de 50 trabajadores eventuales de la Secretar\u00eda de Salud -que aseguraron representar a m\u00e1s de cuatro mil en todo el estado- organizaron &hellip; <a href=\"https:\/\/www.grieta.org.mx\/index.php\/2019\/04\/02\/trabajadores-de-salud-de-tamaulipas-se-manifiestan-por-aumento-salarial-prometido\/\" class=\"more-link\">Leer m\u00e1s<\/a><\/p>\n","protected":false},"author":2,"featured_media":31575,"comment_status":"closed","ping_status":"closed","sticky":false,"template":"","format":"standard","meta":{"ngg_post_thumbnail":0,"_jetpack_newsletter_access":"","_jetpack_dont_email_post_to_subs":false,"_jetpack_newsletter_tier_id":0,"_jetpack_memberships_contains_paywalled_content":false,"_jetpack_memberships_contains_paid_content":false,"footnotes":""},"categories":[80,2368,910,1137,1135,2,33,259,83],"tags":[183,1290,2372],"class_list":{"0":"post-31574","1":"post","2":"type-post","3":"status-publish","4":"format-standard","5":"has-post-thumbnail","6":"hentry","7":"category-cintillo","8":"category-crisis-del-sector-salud-en-tamaulipas","9":"category-explotacion-y-precariedad-laboral","10":"category-explotacion-y-precariedad-laboral-en-tamaulipas","11":"category-movilizaciones-de-trabajadores-del-sector-salud-en-tamaulipas","12":"category-noticias-nacionales","13":"category-tamaulipas","15":"category-temas-nacionales","16":"tag-manifestacion","17":"tag-precariedad-laboral","18":"tag-secretaria-salud","19":"entry"},"jetpack_featured_media_url":"https:\/\/www.grieta.org.mx\/wp-content\/uploads\/2019\/04\/Trabajadores-de-Salud-de-Tamaulipas-se-manifiestan-por-aumento-salarial-prometido-abr-tama.jpg","jetpack_sharing_enabled":true,"jetpack_shortlink":"https:\/\/wp.me\/p7ZJR4-8dg","jetpack_likes_enabled":false,"jetpack-related-posts":[{"id":28417,"url":"https:\/\/www.grieta.org.mx\/index.php\/2019\/01\/18\/denuncian-tortuguismo-de-conciliacion-en-tamaulipas-en-demandas-contra-salud\/","url_meta":{"origin":31574,"position":0},"title":"Denuncian tortuguismo de Conciliaci\u00f3n en Tamaulipas en demandas contra Salud","author":"grieta","date":"18 enero, 2019","format":false,"excerpt":"Carlos Ju\u00e1rez \/ hoytamaulipas El representante de los trabajadores eventuales de Salud en Tamaulipas, Daniel Alejandro Olvera, se\u00f1al\u00f3 que tambi\u00e9n acudieron al Tribunal de la Federaci\u00f3n, pero tampoco ah\u00ed les dan respuesta Altamira, Tamaulipas.- Trabajadores eventuales denunciaron el \"tortuguismo\" con el que trabajan las oficinas de Conciliaci\u00f3n de Tamaulipas, al\u2026","rel":"","context":"En &quot;CINTILLO&quot;","block_context":{"text":"CINTILLO","link":"https:\/\/www.grieta.org.mx\/index.php\/category\/cintillo\/"},"img":{"alt_text":"","src":"https:\/\/i0.wp.com\/www.grieta.org.mx\/wp-content\/uploads\/2019\/01\/Denuncian-tortuguismo-de-Conciliacion-en-Tamaulipas-en-demandas-contra-Salud.jpg?resize=350%2C200&ssl=1","width":350,"height":200,"srcset":"https:\/\/i0.wp.com\/www.grieta.org.mx\/wp-content\/uploads\/2019\/01\/Denuncian-tortuguismo-de-Conciliacion-en-Tamaulipas-en-demandas-contra-Salud.jpg?resize=350%2C200&ssl=1 1x, https:\/\/i0.wp.com\/www.grieta.org.mx\/wp-content\/uploads\/2019\/01\/Denuncian-tortuguismo-de-Conciliacion-en-Tamaulipas-en-demandas-contra-Salud.jpg?resize=525%2C300&ssl=1 1.5x, https:\/\/i0.wp.com\/www.grieta.org.mx\/wp-content\/uploads\/2019\/01\/Denuncian-tortuguismo-de-Conciliacion-en-Tamaulipas-en-demandas-contra-Salud.jpg?resize=700%2C400&ssl=1 2x"},"classes":[]},{"id":32451,"url":"https:\/\/www.grieta.org.mx\/index.php\/2019\/04\/23\/les-incumplen-en-pago-y-cierran-direccion-de-hospital-de-altamira-tamaulipas\/","url_meta":{"origin":31574,"position":1},"title":"Les incumplen en pago y cierran Direcci\u00f3n de hospital de Altamira (Tamaulipas)","author":"grieta","date":"23 abril, 2019","format":false,"excerpt":"Jes\u00fas Alberto Garc\u00eda \/ Tamaulipas Trabajadores del nosocomio Rodolfo Torre Cant\u00fa, manifestaron su inconformidad de un pago prometido por el Estado, al aseguran que solo un 30 por ciento les dieron. Sigue la inconformidad de los trabajadores del Hospital General de Altamira \"Rodolfo Torre Cant\u00fa\" debido a que nada m\u00e1s\u2026","rel":"","context":"En &quot;CINTILLO&quot;","block_context":{"text":"CINTILLO","link":"https:\/\/www.grieta.org.mx\/index.php\/category\/cintillo\/"},"img":{"alt_text":"","src":"https:\/\/i0.wp.com\/www.grieta.org.mx\/wp-content\/uploads\/2019\/04\/Les-incumplen-en-pago-y-cierran-Direcci%C3%B3n-de-hospital-de-Altamira-tama-abr.jpg?resize=350%2C200&ssl=1","width":350,"height":200,"srcset":"https:\/\/i0.wp.com\/www.grieta.org.mx\/wp-content\/uploads\/2019\/04\/Les-incumplen-en-pago-y-cierran-Direcci%C3%B3n-de-hospital-de-Altamira-tama-abr.jpg?resize=350%2C200&ssl=1 1x, https:\/\/i0.wp.com\/www.grieta.org.mx\/wp-content\/uploads\/2019\/04\/Les-incumplen-en-pago-y-cierran-Direcci%C3%B3n-de-hospital-de-Altamira-tama-abr.jpg?resize=525%2C300&ssl=1 1.5x, https:\/\/i0.wp.com\/www.grieta.org.mx\/wp-content\/uploads\/2019\/04\/Les-incumplen-en-pago-y-cierran-Direcci%C3%B3n-de-hospital-de-Altamira-tama-abr.jpg?resize=700%2C400&ssl=1 2x"},"classes":[]},{"id":31592,"url":"https:\/\/www.grieta.org.mx\/index.php\/2019\/04\/01\/piden-basificacion-trabajadores-de-salud-de-la-zona-sur-de-tamaulipas\/","url_meta":{"origin":31574,"position":2},"title":"Piden basificaci\u00f3n trabajadores de Salud de la zona sur de Tamaulipas","author":"grieta","date":"1 abril, 2019","format":false,"excerpt":"Noticias Reynosa Realizaron protesta pac\u00edfica en Tampico Tampico, Tamaulipas Un grupo de profesionales de la medicina en la zona sur de Tamaulipas aprovecharon la presencia del presidente de la rep\u00fablica Andr\u00e9s Manuel L\u00f3pez Obrador para hacer una protesta pac\u00edfica en donde solicitan la masificaci\u00f3n para 2 mil 400 trabajadores que\u2026","rel":"","context":"En &quot;CINTILLO&quot;","block_context":{"text":"CINTILLO","link":"https:\/\/www.grieta.org.mx\/index.php\/category\/cintillo\/"},"img":{"alt_text":"","src":"https:\/\/i0.wp.com\/www.grieta.org.mx\/wp-content\/uploads\/2019\/04\/Piden-basificaci%C3%B3n-trabajadores-de-Salud-de-la-zona-sur-de-Tamaulipas-abr.jpg?resize=350%2C200&ssl=1","width":350,"height":200,"srcset":"https:\/\/i0.wp.com\/www.grieta.org.mx\/wp-content\/uploads\/2019\/04\/Piden-basificaci%C3%B3n-trabajadores-de-Salud-de-la-zona-sur-de-Tamaulipas-abr.jpg?resize=350%2C200&ssl=1 1x, https:\/\/i0.wp.com\/www.grieta.org.mx\/wp-content\/uploads\/2019\/04\/Piden-basificaci%C3%B3n-trabajadores-de-Salud-de-la-zona-sur-de-Tamaulipas-abr.jpg?resize=525%2C300&ssl=1 1.5x, https:\/\/i0.wp.com\/www.grieta.org.mx\/wp-content\/uploads\/2019\/04\/Piden-basificaci%C3%B3n-trabajadores-de-Salud-de-la-zona-sur-de-Tamaulipas-abr.jpg?resize=700%2C400&ssl=1 2x"},"classes":[]},{"id":32888,"url":"https:\/\/www.grieta.org.mx\/index.php\/2019\/05\/02\/sector-salud-tamaulipas-sin-medicinas-por-adeudo-tamaulipas\/","url_meta":{"origin":31574,"position":3},"title":"Sector Salud Tamaulipas sin medicinas por adeudo (Tamaulipas)","author":"grieta","date":"2 mayo, 2019","format":false,"excerpt":"El Bravo TAMAULIPAS.- La empresa Intercontinental de Medicamentos suspendi\u00f3 la expedici\u00f3n de vales y el abastaecimiento a la farmacia del Hospital Civil y otras instituciones de Salud en Tamaulipas, por un presunto adeudo del sector. Esta situaci\u00f3n representa un serio problema tanto para trabajadores como derechohabientes, indic\u00f3 el delegado sindical\u2026","rel":"","context":"En &quot;CINTILLO&quot;","block_context":{"text":"CINTILLO","link":"https:\/\/www.grieta.org.mx\/index.php\/category\/cintillo\/"},"img":{"alt_text":"","src":"https:\/\/i0.wp.com\/www.grieta.org.mx\/wp-content\/uploads\/2019\/05\/Sector-Salud-Tamaulipas-sin-medicinas-por-adeudo-tama-may.jpg?resize=350%2C200&ssl=1","width":350,"height":200,"srcset":"https:\/\/i0.wp.com\/www.grieta.org.mx\/wp-content\/uploads\/2019\/05\/Sector-Salud-Tamaulipas-sin-medicinas-por-adeudo-tama-may.jpg?resize=350%2C200&ssl=1 1x, https:\/\/i0.wp.com\/www.grieta.org.mx\/wp-content\/uploads\/2019\/05\/Sector-Salud-Tamaulipas-sin-medicinas-por-adeudo-tama-may.jpg?resize=525%2C300&ssl=1 1.5x"},"classes":[]},{"id":28405,"url":"https:\/\/www.grieta.org.mx\/index.php\/2019\/01\/16\/molestos-mas-de-450-empleados-de-salud-en-altamira-por-falta-de-pago-tamaulipas\/","url_meta":{"origin":31574,"position":4},"title":"Molestos m\u00e1s de 450 empleados de Salud en Altamira por falta de pago (Tamaulipas)","author":"grieta","date":"16 enero, 2019","format":false,"excerpt":"Carlos Ju\u00e1rez \/ hoytamaulipas Est\u00e1n inconformes por la falta de pago de la mitad de su aguinaldo y la quincena, denunci\u00f3 el representante de empleados eventuales, Daniel Olvera Altamira, Tamaulipas.- M\u00e1s de 450 trabajadores de la Secretar\u00eda de Salud en Altamira est\u00e1n inconformes por la falta de pago de la\u2026","rel":"","context":"En &quot;CINTILLO&quot;","block_context":{"text":"CINTILLO","link":"https:\/\/www.grieta.org.mx\/index.php\/category\/cintillo\/"},"img":{"alt_text":"","src":"https:\/\/i0.wp.com\/www.grieta.org.mx\/wp-content\/uploads\/2019\/01\/Molestos-mas-de-450-empleados-de-Salud-en-Altamira-por-falta-de-pago.jpg?resize=350%2C200&ssl=1","width":350,"height":200,"srcset":"https:\/\/i0.wp.com\/www.grieta.org.mx\/wp-content\/uploads\/2019\/01\/Molestos-mas-de-450-empleados-de-Salud-en-Altamira-por-falta-de-pago.jpg?resize=350%2C200&ssl=1 1x, https:\/\/i0.wp.com\/www.grieta.org.mx\/wp-content\/uploads\/2019\/01\/Molestos-mas-de-450-empleados-de-Salud-en-Altamira-por-falta-de-pago.jpg?resize=525%2C300&ssl=1 1.5x, https:\/\/i0.wp.com\/www.grieta.org.mx\/wp-content\/uploads\/2019\/01\/Molestos-mas-de-450-empleados-de-Salud-en-Altamira-por-falta-de-pago.jpg?resize=700%2C400&ssl=1 2x"},"classes":[]},{"id":32894,"url":"https:\/\/www.grieta.org.mx\/index.php\/2019\/05\/02\/los-sindicalistas-incomodos-arman-desfile-del-dia-del-trabajo-en-la-calle-hidalgo-tamaulipas\/","url_meta":{"origin":31574,"position":5},"title":"Los sindicalistas \u2018inc\u00f3modos\u2019 arman desfile del D\u00eda del Trabajo en la calle Hidalgo (Tamaulipas)","author":"grieta","date":"2 mayo, 2019","format":false,"excerpt":"Jos\u00e9 Gregorio Aguilar \/ Gaceta Ciudad Victoria, Tamaulipas.- Para conmemorar el D\u00eda del Trabajo, decenas de telefonistas, empleados y enfermeras del Hospital Civil de Victoria desfilaron por la calle Hidalgo de esta capital. Durante el recorrido de alrededor de 20 minutos, los trabajadores sindicalizados gritaron consignas en contra de las\u2026","rel":"","context":"En &quot;CINTILLO&quot;","block_context":{"text":"CINTILLO","link":"https:\/\/www.grieta.org.mx\/index.php\/category\/cintillo\/"},"img":{"alt_text":"","src":"https:\/\/i0.wp.com\/www.grieta.org.mx\/wp-content\/uploads\/2019\/05\/Los-sindicalistas-%E2%80%98inc%C3%B3modos%E2%80%99-arman-desfile-del-D%C3%ADa-del-Trabajo-en-la-calle-Hidalgo-tama-may.jpg?resize=350%2C200","width":350,"height":200},"classes":[]}],"_links":{"self":[{"href":"https:\/\/www.grieta.org.mx\/index.php\/wp-json\/wp\/v2\/posts\/31574","targetHints":{"allow":["GET"]}}],"collection":[{"href":"https:\/\/www.grieta.org.mx\/index.php\/wp-json\/wp\/v2\/posts"}],"about":[{"href":"https:\/\/www.grieta.org.mx\/index.php\/wp-json\/wp\/v2\/types\/post"}],"author":[{"embeddable":true,"href":"https:\/\/www.grieta.org.mx\/index.php\/wp-json\/wp\/v2\/users\/2"}],"replies":[{"embeddable":true,"href":"https:\/\/www.grieta.org.mx\/index.php\/wp-json\/wp\/v2\/comments?post=31574"}],"version-history":[{"count":1,"href":"https:\/\/www.grieta.org.mx\/index.php\/wp-json\/wp\/v2\/posts\/31574\/revisions"}],"predecessor-version":[{"id":31576,"href":"https:\/\/www.grieta.org.mx\/index.php\/wp-json\/wp\/v2\/posts\/31574\/revisions\/31576"}],"wp:featuredmedia":[{"embeddable":true,"href":"https:\/\/www.grieta.org.mx\/index.php\/wp-json\/wp\/v2\/media\/31575"}],"wp:attachment":[{"href":"https:\/\/www.grieta.org.mx\/index.php\/wp-json\/wp\/v2\/media?parent=31574"}],"wp:term":[{"taxonomy":"category","embeddable":true,"href":"https:\/\/www.grieta.org.mx\/index.php\/wp-json\/wp\/v2\/categories?post=31574"},{"taxonomy":"post_tag","embeddable":true,"href":"https:\/\/www.grieta.org.mx\/index.php\/wp-json\/wp\/v2\/tags?post=31574"}],"curies":[{"name":"wp","href":"https:\/\/api.w.org\/{rel}","templated":true}]}}