{"id":31462,"date":"2019-03-31T13:16:45","date_gmt":"2019-03-31T19:16:45","guid":{"rendered":"http:\/\/www.grieta.org.mx\/?p=31462"},"modified":"2019-03-31T13:18:14","modified_gmt":"2019-03-31T19:18:14","slug":"guerreras-hallan-cinco-osamentas-en-cajeme-sonora","status":"publish","type":"post","link":"https:\/\/www.grieta.org.mx\/index.php\/2019\/03\/31\/guerreras-hallan-cinco-osamentas-en-cajeme-sonora\/","title":{"rendered":"Guerreras hallan cinco osamentas en Cajeme (Sonora)"},"content":{"rendered":"<p><img loading=\"lazy\" decoding=\"async\" data-attachment-id=\"31463\" data-permalink=\"https:\/\/www.grieta.org.mx\/index.php\/2019\/03\/31\/guerreras-hallan-cinco-osamentas-en-cajeme-sonora\/guerreras-cajeme\/\" data-orig-file=\"https:\/\/www.grieta.org.mx\/wp-content\/uploads\/2019\/03\/Guerreras-cajeme.jpg\" data-orig-size=\"710,532\" data-comments-opened=\"0\" data-image-meta=\"{&quot;aperture&quot;:&quot;0&quot;,&quot;credit&quot;:&quot;&quot;,&quot;camera&quot;:&quot;&quot;,&quot;caption&quot;:&quot;&quot;,&quot;created_timestamp&quot;:&quot;0&quot;,&quot;copyright&quot;:&quot;&quot;,&quot;focal_length&quot;:&quot;0&quot;,&quot;iso&quot;:&quot;0&quot;,&quot;shutter_speed&quot;:&quot;0&quot;,&quot;title&quot;:&quot;&quot;,&quot;orientation&quot;:&quot;0&quot;}\" data-image-title=\"Guerreras cajeme\" data-image-description=\"\" data-image-caption=\"\" data-medium-file=\"https:\/\/www.grieta.org.mx\/wp-content\/uploads\/2019\/03\/Guerreras-cajeme-300x225.jpg\" data-large-file=\"https:\/\/www.grieta.org.mx\/wp-content\/uploads\/2019\/03\/Guerreras-cajeme.jpg\" src=\"http:\/\/www.grieta.org.mx\/wp-content\/uploads\/2019\/03\/Guerreras-cajeme-300x225.jpg\" alt=\"\" width=\"600\" height=\"450\" class=\"aligncenter size-medium wp-image-31463\" srcset=\"https:\/\/www.grieta.org.mx\/wp-content\/uploads\/2019\/03\/Guerreras-cajeme-300x225.jpg 300w, https:\/\/www.grieta.org.mx\/wp-content\/uploads\/2019\/03\/Guerreras-cajeme-667x500.jpg 667w, https:\/\/www.grieta.org.mx\/wp-content\/uploads\/2019\/03\/Guerreras-cajeme.jpg 710w\" sizes=\"auto, (max-width: 600px) 100vw, 600px\" \/><\/p>\n<p>Susana Arana\/EL IMPARCIAL<\/p>\n<p>El cad\u00e1ver de un hombre fue localizado por el colectivo de las Guerreras Buscadoras de Sonora, en las inmediaciones del campo 30, a las 11:30 horas. Por la tarde, tras horas rastreos con palas, picos y varillas, cuatro cuerpos m\u00e1s fueron encontrados en pleno monte.tres<\/p>\n<p>Las \u00faltimas dos fosas, donde se hall\u00f3 a dos mujeres juntas y a dos hombres a escasos metros, se localizaron alrededor de las 16:00 horas, tambi\u00e9n en avanzado estado de descomposici\u00f3n.<\/p>\n<p>Fue en las inmediaciones del Cerro de la Virgen, donde ayer, las casi 25 mujeres comenzaron con sus actividades por primera vez en Cajeme, sin \u00e9xito alguno. <\/p>\n<p>Despu\u00e9s de esto, se tom\u00f3 la decisi\u00f3n de buscar en el Campo 30, donde el 1 de marzo de este a\u00f1o se localiz\u00f3 v\u00eda reporte de un vecino otros restos. Aunque llegaron a esta ciudad con la plena esperanza de localizar a algunos de los m\u00e1s de 700 desaparecidos que mencionan ellas en el Estado, en los tres hallazgos las l\u00e1grimas se hac\u00edan presentes, as\u00ed como la tristeza y el entusiasmo.<br \/>\nPrimero, al encontrar &#8220;tierra blanda&#8221;, sus rostros denotaban desesperaci\u00f3n, y despu\u00e9s se volv\u00edan alegr\u00eda pura al encontrar un cad\u00e1ver que lograron rescatar de la &#8220;oscuridad&#8221;. <\/p>\n<p>Despu\u00e9s de la presencia de estos sentimientos, el dolor regresaba al saber que no eran sus familiares, a trav\u00e9s de no reconocer las vestimentas, zapatos o tenis.<br \/>\nMar\u00eda Teresa Valadez Kinijara, fundadora de las Guerreras, record\u00f3 que de esta manera se han encontrado ocho cuerpos m\u00e1s en el Valle de Guaymas y Empalme, los cuales ahora descansan en paz. <\/p>\n<p>&#8220;Estas personas tendr\u00e1n paz, ya no estar\u00e1n en la oscuridad, vamos a seguir buscando, esta es la primera visita de muchas&#8221;, concluy\u00f3. Las Fiscal\u00eda General de Justicia del Estado inform\u00f3 a trav\u00e9s de un cominicado que se har\u00e1n an\u00e1lisis hoy para establecer la identidad de los cinco cuerpos, que al parecer pertenecen a dos mujeres y tres hombres.<\/p>\n<p><a href=\"https:\/\/www.elimparcial.com\/Obregon\/2019\/03\/31\/1419687-Guerreras-hallan-cinco-osamentas-en-Cajeme.html\" rel=\"noopener noreferrer\" target=\"_blank\">https:\/\/www.elimparcial.com\/Obregon\/2019\/03\/31\/1419687-Guerreras-hallan-cinco-osamentas-en-Cajeme.html<\/a><\/p>\n","protected":false},"excerpt":{"rendered":"<p>Susana Arana\/EL IMPARCIAL El cad\u00e1ver de un hombre fue localizado por el colectivo de las Guerreras Buscadoras de Sonora, en las inmediaciones del campo 30, a las 11:30 horas. Por &hellip; <a href=\"https:\/\/www.grieta.org.mx\/index.php\/2019\/03\/31\/guerreras-hallan-cinco-osamentas-en-cajeme-sonora\/\" class=\"more-link\">Leer m\u00e1s<\/a><\/p>\n","protected":false},"author":2,"featured_media":31463,"comment_status":"closed","ping_status":"closed","sticky":false,"template":"","format":"standard","meta":{"ngg_post_thumbnail":0,"_jetpack_newsletter_access":"","_jetpack_dont_email_post_to_subs":false,"_jetpack_newsletter_tier_id":0,"_jetpack_memberships_contains_paywalled_content":false,"_jetpack_memberships_contains_paid_content":false,"footnotes":""},"categories":[80,87,1463,2,31,83],"tags":[121,1668],"class_list":["post-31462","post","type-post","status-publish","format-standard","has-post-thumbnail","hentry","category-cintillo","category-desaparecidos","category-desaparecidos-en-sonora","category-noticias-nacionales","category-sonora","category-temas-nacionales","tag-desaparecidos","tag-familiares-de-desaparecidos","entry"],"jetpack_featured_media_url":"https:\/\/www.grieta.org.mx\/wp-content\/uploads\/2019\/03\/Guerreras-cajeme.jpg","jetpack_sharing_enabled":true,"jetpack_shortlink":"https:\/\/wp.me\/p7ZJR4-8bs","jetpack_likes_enabled":false,"jetpack-related-posts":[{"id":29627,"url":"https:\/\/www.grieta.org.mx\/index.php\/2019\/02\/23\/marchan-por-desaparecidos-en-obregon-y-se-unen-a-guerreras-buscadoras-de-sonora\/","url_meta":{"origin":31462,"position":0},"title":"Marchan por desaparecidos en Obreg\u00f3n y se unen a Guerreras Buscadoras de Sonora","author":"grieta","date":"23 febrero, 2019","format":false,"excerpt":"OPINI\u00d3N SONORA.COM Ciudad Obreg\u00f3n, Sonora.- Familiares que tienen alguna persona desaparecida en Cajeme y sus alrededores, se unieron al colectivo de Guerreras Buscadoras de Sonora que estaba conformado por hombres y mujeres de Guaymas y Empalme, quienes este tarde en punto de las 16:00 realizaron una marcha pac\u00edfica en Ciudad\u2026","rel":"","context":"En &quot;CINTILLO&quot;","block_context":{"text":"CINTILLO","link":"https:\/\/www.grieta.org.mx\/index.php\/category\/cintillo\/"},"img":{"alt_text":"","src":"https:\/\/i0.wp.com\/www.grieta.org.mx\/wp-content\/uploads\/2019\/02\/desaparecidas-sonora.jpg?resize=350%2C200&ssl=1","width":350,"height":200,"srcset":"https:\/\/i0.wp.com\/www.grieta.org.mx\/wp-content\/uploads\/2019\/02\/desaparecidas-sonora.jpg?resize=350%2C200&ssl=1 1x, https:\/\/i0.wp.com\/www.grieta.org.mx\/wp-content\/uploads\/2019\/02\/desaparecidas-sonora.jpg?resize=525%2C300&ssl=1 1.5x, https:\/\/i0.wp.com\/www.grieta.org.mx\/wp-content\/uploads\/2019\/02\/desaparecidas-sonora.jpg?resize=700%2C400&ssl=1 2x"},"classes":[]},{"id":31789,"url":"https:\/\/www.grieta.org.mx\/index.php\/2019\/03\/31\/cajeme-la-creciente-narcofosa-de-sonora\/","url_meta":{"origin":31462,"position":1},"title":"Cajeme, la creciente narcofosa de Sonora","author":"grieta","date":"31 marzo, 2019","format":false,"excerpt":"Milton Mart\u00ednez\/PROCESO CIUDAD OBREG\u00d3N, Son. (proceso.com.mx).- El Valle del Yaqui no se escapa de ese conteo mortal en el que se estiman m\u00e1s de 40 mil desaparecidos y mil 100 fosas clandestinas que han dejado las primeras dos d\u00e9cadas de este siglo en M\u00e9xico. El imparable ejecut\u00f3metro y los plagios\u2026","rel":"","context":"En &quot;CINTILLO&quot;","block_context":{"text":"CINTILLO","link":"https:\/\/www.grieta.org.mx\/index.php\/category\/cintillo\/"},"img":{"alt_text":"","src":"https:\/\/i0.wp.com\/www.grieta.org.mx\/wp-content\/uploads\/2019\/04\/Cajeme.jpeg?resize=350%2C200&ssl=1","width":350,"height":200,"srcset":"https:\/\/i0.wp.com\/www.grieta.org.mx\/wp-content\/uploads\/2019\/04\/Cajeme.jpeg?resize=350%2C200&ssl=1 1x, https:\/\/i0.wp.com\/www.grieta.org.mx\/wp-content\/uploads\/2019\/04\/Cajeme.jpeg?resize=525%2C300&ssl=1 1.5x, https:\/\/i0.wp.com\/www.grieta.org.mx\/wp-content\/uploads\/2019\/04\/Cajeme.jpeg?resize=700%2C400&ssl=1 2x"},"classes":[]},{"id":32646,"url":"https:\/\/www.grieta.org.mx\/index.php\/2019\/04\/27\/guerreras-buscadoras-realizan-colecta-de-herramientas-en-la-plaza-emiliana-de-zubeldia-en-hermosillo\/","url_meta":{"origin":31462,"position":2},"title":"Guerreras Buscadoras realizan colecta de herramientas en la Plaza Emiliana de Zubeld\u00eda en Hermosillo","author":"grieta","date":"27 abril, 2019","format":false,"excerpt":"Astrid Arellano\/PROYECTO PUENTE La colecta de herramientas y donativos en efectivo de las Guerreras Buscadoras de Sonora contin\u00faa en la Plaza Emiliana de Zubeld\u00eda, para apoyar su labor de b\u00fasqueda de personas desaparecidas en Hermosillo. Hoy s\u00e1bado hasta las 15:00 horas, un grupo de m\u00e1s de 40 mujeres de Hermosillo\u2026","rel":"","context":"En &quot;CINTILLO&quot;","block_context":{"text":"CINTILLO","link":"https:\/\/www.grieta.org.mx\/index.php\/category\/cintillo\/"},"img":{"alt_text":"","src":"https:\/\/i0.wp.com\/www.grieta.org.mx\/wp-content\/uploads\/2019\/04\/Guerreras-herramientas.jpg?resize=350%2C200&ssl=1","width":350,"height":200,"srcset":"https:\/\/i0.wp.com\/www.grieta.org.mx\/wp-content\/uploads\/2019\/04\/Guerreras-herramientas.jpg?resize=350%2C200&ssl=1 1x, https:\/\/i0.wp.com\/www.grieta.org.mx\/wp-content\/uploads\/2019\/04\/Guerreras-herramientas.jpg?resize=525%2C300&ssl=1 1.5x, https:\/\/i0.wp.com\/www.grieta.org.mx\/wp-content\/uploads\/2019\/04\/Guerreras-herramientas.jpg?resize=700%2C400&ssl=1 2x"},"classes":[]},{"id":32286,"url":"https:\/\/www.grieta.org.mx\/index.php\/2019\/04\/16\/hay-muchos-esperando-que-los-encontremos-guerreras-buscadoras-de-sonora-seguiran-excavando-porque-los-desaparecidos-son-de-todos\/","url_meta":{"origin":31462,"position":3},"title":"\u201cHay muchos esperando que los encontremos\u201d\u2026 Guerreras Buscadoras de Sonora seguir\u00e1n excavando porque los desaparecidos son de todos","author":"grieta","date":"16 abril, 2019","format":false,"excerpt":"Astrid Arellano\/PROYECTO PUENTE El primer rastreo fue por inercia. La angustia y el dolor inmediato que produjo la desaparici\u00f3n de Fernando, provoc\u00f3 que Mar\u00eda Teresa y su mam\u00e1, do\u00f1a Rosa, salieran -sin tener idea de qu\u00e9 hac\u00edan ni c\u00f3mo- al monte a buscarlo. \u201cAs\u00ed andaba, me quitaba los pedazos de\u2026","rel":"","context":"En &quot;CINTILLO&quot;","block_context":{"text":"CINTILLO","link":"https:\/\/www.grieta.org.mx\/index.php\/category\/cintillo\/"},"img":{"alt_text":"","src":"https:\/\/i0.wp.com\/www.grieta.org.mx\/wp-content\/uploads\/2019\/04\/buscadoras1.jpg?resize=350%2C200&ssl=1","width":350,"height":200,"srcset":"https:\/\/i0.wp.com\/www.grieta.org.mx\/wp-content\/uploads\/2019\/04\/buscadoras1.jpg?resize=350%2C200&ssl=1 1x, https:\/\/i0.wp.com\/www.grieta.org.mx\/wp-content\/uploads\/2019\/04\/buscadoras1.jpg?resize=525%2C300&ssl=1 1.5x, https:\/\/i0.wp.com\/www.grieta.org.mx\/wp-content\/uploads\/2019\/04\/buscadoras1.jpg?resize=700%2C400&ssl=1 2x"},"classes":[]},{"id":30852,"url":"https:\/\/www.grieta.org.mx\/index.php\/2019\/03\/10\/siguen-guerreras-con-la-incansable-busqueda-de-sus-tesoros-ahora-fue-en-playa-bruja-sonora\/","url_meta":{"origin":31462,"position":4},"title":"Siguen &#8216;Guerreras&#8217; con la incansable b\u00fasqueda de sus &#8216;tesoros&#8217;, ahora fue en Playa Bruja (Sonora)","author":"grieta","date":"10 marzo, 2019","format":false,"excerpt":"OPINI\u00d3N SONORA.COM Empalme, Sonora.- Integrantes del colectivo social Guerreras Buscadoras de Sonora determinaron este domingo realizar su jornada en el \u00e1rea conocida como Playa Bruja, donde se presum\u00eda podr\u00eda haber restos humanos sepultados de manera clandestina, luego de que varias personas les reportaron de f\u00e9tidos olores en esa zona. El\u2026","rel":"","context":"En &quot;CINTILLO&quot;","block_context":{"text":"CINTILLO","link":"https:\/\/www.grieta.org.mx\/index.php\/category\/cintillo\/"},"img":{"alt_text":"","src":"https:\/\/i0.wp.com\/www.grieta.org.mx\/wp-content\/uploads\/2019\/03\/guerreras.jpg?resize=350%2C200&ssl=1","width":350,"height":200,"srcset":"https:\/\/i0.wp.com\/www.grieta.org.mx\/wp-content\/uploads\/2019\/03\/guerreras.jpg?resize=350%2C200&ssl=1 1x, https:\/\/i0.wp.com\/www.grieta.org.mx\/wp-content\/uploads\/2019\/03\/guerreras.jpg?resize=525%2C300&ssl=1 1.5x, https:\/\/i0.wp.com\/www.grieta.org.mx\/wp-content\/uploads\/2019\/03\/guerreras.jpg?resize=700%2C400&ssl=1 2x"},"classes":[]},{"id":42930,"url":"https:\/\/www.grieta.org.mx\/index.php\/2019\/12\/04\/2019-mujeres-desaparecidas-y-feminicidios-en-sonora\/","url_meta":{"origin":31462,"position":5},"title":"2019: mujeres desaparecidas y feminicidios en Sonora","author":"grieta","date":"4 diciembre, 2019","format":false,"excerpt":"M\u00f3nica Miranda\/Uniradio Noticias Hermosillo.- De mayo a diciembre de este a\u00f1o, las Madres Buscadoras de Sonora contabilizaron 20 mujeres desaparecidas en Sonora, indic\u00f3 Cecilia Flores Armenta. La l\u00edder del colectivo encargado de realizar jornadas de excavaci\u00f3n en b\u00fasqueda de desaparecidos, dijo que tuvieron conocimiento gracias a las denuncias que familiares\u2026","rel":"","context":"En &quot;Feminicidios&quot;","block_context":{"text":"Feminicidios","link":"https:\/\/www.grieta.org.mx\/index.php\/category\/temas-nacionales\/feminicidios\/"},"img":{"alt_text":"","src":"https:\/\/i0.wp.com\/www.grieta.org.mx\/wp-content\/uploads\/2020\/01\/20191230124836_61.jpg?resize=350%2C200&ssl=1","width":350,"height":200,"srcset":"https:\/\/i0.wp.com\/www.grieta.org.mx\/wp-content\/uploads\/2020\/01\/20191230124836_61.jpg?resize=350%2C200&ssl=1 1x, https:\/\/i0.wp.com\/www.grieta.org.mx\/wp-content\/uploads\/2020\/01\/20191230124836_61.jpg?resize=525%2C300&ssl=1 1.5x, https:\/\/i0.wp.com\/www.grieta.org.mx\/wp-content\/uploads\/2020\/01\/20191230124836_61.jpg?resize=700%2C400&ssl=1 2x"},"classes":[]}],"_links":{"self":[{"href":"https:\/\/www.grieta.org.mx\/index.php\/wp-json\/wp\/v2\/posts\/31462","targetHints":{"allow":["GET"]}}],"collection":[{"href":"https:\/\/www.grieta.org.mx\/index.php\/wp-json\/wp\/v2\/posts"}],"about":[{"href":"https:\/\/www.grieta.org.mx\/index.php\/wp-json\/wp\/v2\/types\/post"}],"author":[{"embeddable":true,"href":"https:\/\/www.grieta.org.mx\/index.php\/wp-json\/wp\/v2\/users\/2"}],"replies":[{"embeddable":true,"href":"https:\/\/www.grieta.org.mx\/index.php\/wp-json\/wp\/v2\/comments?post=31462"}],"version-history":[{"count":1,"href":"https:\/\/www.grieta.org.mx\/index.php\/wp-json\/wp\/v2\/posts\/31462\/revisions"}],"predecessor-version":[{"id":31464,"href":"https:\/\/www.grieta.org.mx\/index.php\/wp-json\/wp\/v2\/posts\/31462\/revisions\/31464"}],"wp:featuredmedia":[{"embeddable":true,"href":"https:\/\/www.grieta.org.mx\/index.php\/wp-json\/wp\/v2\/media\/31463"}],"wp:attachment":[{"href":"https:\/\/www.grieta.org.mx\/index.php\/wp-json\/wp\/v2\/media?parent=31462"}],"wp:term":[{"taxonomy":"category","embeddable":true,"href":"https:\/\/www.grieta.org.mx\/index.php\/wp-json\/wp\/v2\/categories?post=31462"},{"taxonomy":"post_tag","embeddable":true,"href":"https:\/\/www.grieta.org.mx\/index.php\/wp-json\/wp\/v2\/tags?post=31462"}],"curies":[{"name":"wp","href":"https:\/\/api.w.org\/{rel}","templated":true}]}}