{"id":31434,"date":"2019-03-31T11:25:00","date_gmt":"2019-03-31T17:25:00","guid":{"rendered":"http:\/\/www.grieta.org.mx\/?p=31434"},"modified":"2019-03-31T11:25:57","modified_gmt":"2019-03-31T17:25:57","slug":"hay-en-oaxaca-2-mil-desplazados-indigenas","status":"publish","type":"post","link":"https:\/\/www.grieta.org.mx\/index.php\/2019\/03\/31\/hay-en-oaxaca-2-mil-desplazados-indigenas\/","title":{"rendered":"Hay en Oaxaca 2 mil desplazados ind\u00edgenas"},"content":{"rendered":"<p>Noticias.<\/p>\n<p>Virgilio S\u00e1nchez,<\/p>\n<p>Encabeza la lista nacional<\/p>\n<p><img loading=\"lazy\" decoding=\"async\" data-attachment-id=\"31435\" data-permalink=\"https:\/\/www.grieta.org.mx\/index.php\/2019\/03\/31\/hay-en-oaxaca-2-mil-desplazados-indigenas\/image_2\/\" data-orig-file=\"https:\/\/www.grieta.org.mx\/wp-content\/uploads\/2019\/03\/image_2.jpg\" data-orig-size=\"1144,645\" data-comments-opened=\"0\" data-image-meta=\"{&quot;aperture&quot;:&quot;0&quot;,&quot;credit&quot;:&quot;&quot;,&quot;camera&quot;:&quot;&quot;,&quot;caption&quot;:&quot;&quot;,&quot;created_timestamp&quot;:&quot;0&quot;,&quot;copyright&quot;:&quot;&quot;,&quot;focal_length&quot;:&quot;0&quot;,&quot;iso&quot;:&quot;0&quot;,&quot;shutter_speed&quot;:&quot;0&quot;,&quot;title&quot;:&quot;&quot;,&quot;orientation&quot;:&quot;0&quot;}\" data-image-title=\"image_2\" data-image-description=\"\" data-image-caption=\"\" data-medium-file=\"https:\/\/www.grieta.org.mx\/wp-content\/uploads\/2019\/03\/image_2-300x169.jpg\" data-large-file=\"https:\/\/www.grieta.org.mx\/wp-content\/uploads\/2019\/03\/image_2-1024x577.jpg\" src=\"http:\/\/www.grieta.org.mx\/wp-content\/uploads\/2019\/03\/image_2-300x169.jpg\" alt=\"\" width=\"300\" height=\"169\" class=\"aligncenter size-medium wp-image-31435\" srcset=\"https:\/\/www.grieta.org.mx\/wp-content\/uploads\/2019\/03\/image_2-300x169.jpg 300w, https:\/\/www.grieta.org.mx\/wp-content\/uploads\/2019\/03\/image_2-768x433.jpg 768w, https:\/\/www.grieta.org.mx\/wp-content\/uploads\/2019\/03\/image_2-1024x577.jpg 1024w, https:\/\/www.grieta.org.mx\/wp-content\/uploads\/2019\/03\/image_2-887x500.jpg 887w, https:\/\/www.grieta.org.mx\/wp-content\/uploads\/2019\/03\/image_2.jpg 1144w\" sizes=\"auto, (max-width: 300px) 100vw, 300px\" \/><\/p>\n<p>La Comisionada para el Di\u00e1logo con los Pueblos Ind\u00edgenas de la Secretar\u00eda de Gobernaci\u00f3n (Segob), Rosa Mar\u00eda Nava Acu\u00f1a se\u00f1al\u00f3 que aproximadamente en Oaxaca hay 2 mil personas desplazadas de sus comunidades de origen.<\/p>\n<p>Destac\u00f3 nuestra entidad, Chiapas y Guerrero son los tres estados con mayor incidencia.<\/p>\n<p>&#8220;Identificamos que hay m\u00e1s de 2 mil desplazados nada m\u00e1s en el estado de Oaxaca, pero no tenemos un n\u00famero estad\u00edstico&#8221;, dijo.<\/p>\n<p>Nava aclar\u00f3 que este n\u00famero es una estimaci\u00f3n, ya que no hay cifras exactas en el Gobierno Federal debido a varios motivos.<\/p>\n<p>Destac\u00f3 que las organizaciones sociales han apoyado a proporcionar cifras cercanas que dan idea del problema en el pa\u00eds.<\/p>\n<p>&#8220;Los propios desplazados no se identifican como tales, tal vez por miedo a las autoridades o por medio a alg\u00fan tipo de represalia con el propio grupo armado por el que fueron desplazados; segundo, no tienen sistemas de identidad, es decir, salieron de sus hogares sin ning\u00fan tipo de identificaci\u00f3n&#8221;, coment\u00f3, la Comisionada.<\/p>\n<p>&#8220;Y el tercer y m\u00e1s angustiante es que estas cifras se identifican por grupos que se quedan en las cabeceras municipales o lo m\u00e1s dif\u00edcil es que se quedan cerca de las comunidades o se suben a los cerros y al subirse a los cerros, pues no hay autoridades que puedan identificarlos&#8221;, agreg\u00f3.<\/p>\n<p>La funcionaria federal identific\u00f3 dos razones centrales que motivan la expulsi\u00f3n de grupos de personas de sus comunidades en el estado.<\/p>\n<p>&#8220;En el estados e Oaxaca vimos que el desplazamiento interno tiene temas (de origen), como los macroproyectos, problemas de solicitud de territorios, es decir, por problemas agrarios&#8221;, expuso.<\/p>\n<p>No hay ley<\/p>\n<p>De estas las tres entidades con mayor incidencia de poblaci\u00f3n desplazada de sus comunidades de origen, Oaxaca es la \u00fanica que no cuenta con un marco normativo que regule la atenci\u00f3n de las personas desplazadas.<\/p>\n<p>Nava reconoci\u00f3 que necesitan del Gobierno de Oaxaca para que ayude a mejorar la atenci\u00f3n de estas personas.<\/p>\n<p>Aclar\u00f3 que aunque no existe normatividad local, s\u00ed hay convenios internacionales en la materia, que los gobiernos federal y estatal est\u00e1n obligados a cumplir.<\/p>\n<p>&#8220;Lo que estamos pidiendo al Gobierno del Estado es una coadyuvanza con el Gobierno Federal para que se creen instancias que se acerquen a los grupos desplazados o los grupos de los desplazados tengan confianza en las instituciones y se acerquen a ellas&#8221;, expres\u00f3.<\/p>\n<p>La titular de este \u00f3rgano de Gobernaci\u00f3n plante\u00f3 que se instalen mesas interinstitucionales para dar atenci\u00f3n a la poblaci\u00f3n desplazada, en temas puntuales, como: seguridad, ayuda humanitaria, acceso a la justicia y desarrollo integral.<\/p>\n<p>&#8220;Lo que hace la Secretar\u00eda de Gobernaci\u00f3n es que existan las condiciones de gobernabilidad y pedir al Gobierno del Estado, junto con sus instancias, que se atienda al grupo de desplazados, y una vez atendidos poder hacer las estrategias&#8221;, expres\u00f3.<\/p>\n<p><a href=\"https:\/\/www.nvinoticias.com\/nota\/113477\/hay-en-oaxaca-2-mil-desplazados-indigenas\" rel=\"noopener noreferrer\" target=\"_blank\">https:\/\/www.nvinoticias.com\/nota\/113477\/hay-en-oaxaca-2-mil-desplazados-indigenas<\/a><\/p>\n","protected":false},"excerpt":{"rendered":"<p>Noticias. Virgilio S\u00e1nchez, Encabeza la lista nacional La Comisionada para el Di\u00e1logo con los Pueblos Ind\u00edgenas de la Secretar\u00eda de Gobernaci\u00f3n (Segob), Rosa Mar\u00eda Nava Acu\u00f1a se\u00f1al\u00f3 que aproximadamente en &hellip; <a href=\"https:\/\/www.grieta.org.mx\/index.php\/2019\/03\/31\/hay-en-oaxaca-2-mil-desplazados-indigenas\/\" class=\"more-link\">Leer m\u00e1s<\/a><\/p>\n","protected":false},"author":2,"featured_media":31435,"comment_status":"closed","ping_status":"closed","sticky":false,"template":"","format":"standard","meta":{"ngg_post_thumbnail":0,"_jetpack_newsletter_access":"","_jetpack_dont_email_post_to_subs":false,"_jetpack_newsletter_tier_id":0,"_jetpack_memberships_contains_paywalled_content":false,"_jetpack_memberships_contains_paid_content":false,"footnotes":""},"categories":[80,2392,2,25],"tags":[],"class_list":["post-31434","post","type-post","status-publish","format-standard","has-post-thumbnail","hentry","category-cintillo","category-desplazados-por-violencia-en-oaxaca","category-noticias-nacionales","category-oaxaca","entry"],"jetpack_featured_media_url":"https:\/\/www.grieta.org.mx\/wp-content\/uploads\/2019\/03\/image_2.jpg","jetpack_sharing_enabled":true,"jetpack_shortlink":"https:\/\/wp.me\/p7ZJR4-8b0","jetpack_likes_enabled":false,"jetpack-related-posts":[{"id":14837,"url":"https:\/\/www.grieta.org.mx\/index.php\/2016\/06\/23\/disturbios-en-nochixtlan-dejan-50-indigenas-mixtecos-desplazados-entre-ellos-28-ninos-codigo-dh\/","url_meta":{"origin":31434,"position":0},"title":"Disturbios en Nochixtl\u00e1n dejan 50 ind\u00edgenas mixtecos desplazados; entre ellos, 28 ni\u00f1os: Codigo-DH","author":"grieta","date":"23 junio, 2016","format":false,"excerpt":"P\u00e1gina 3. Pedro Mat\u00edas, Oaxaca.- Los disturbios de Nochixtl\u00e1n provocaron el desplazamiento de 50 ind\u00edgenas mixtecos, entre ellos 28 ni\u00f1os y 22 adultos de la colonia 20 de Noviembre y se encuentran refugiados en una comunidad ubicada a siete kil\u00f3metros de distancia, confirm\u00f3 la representante del Comit\u00e9 de Defensa Integral\u2026","rel":"","context":"En &quot;CINTILLO&quot;","block_context":{"text":"CINTILLO","link":"https:\/\/www.grieta.org.mx\/index.php\/category\/cintillo\/"},"img":{"alt_text":"","src":"https:\/\/i0.wp.com\/www.grieta.org.mx\/wp-content\/uploads\/2018\/03\/14524434_1106112876131411_958039263622046936_o.jpg?resize=350%2C200&ssl=1","width":350,"height":200,"srcset":"https:\/\/i0.wp.com\/www.grieta.org.mx\/wp-content\/uploads\/2018\/03\/14524434_1106112876131411_958039263622046936_o.jpg?resize=350%2C200&ssl=1 1x, https:\/\/i0.wp.com\/www.grieta.org.mx\/wp-content\/uploads\/2018\/03\/14524434_1106112876131411_958039263622046936_o.jpg?resize=525%2C300&ssl=1 1.5x, https:\/\/i0.wp.com\/www.grieta.org.mx\/wp-content\/uploads\/2018\/03\/14524434_1106112876131411_958039263622046936_o.jpg?resize=700%2C400&ssl=1 2x"},"classes":[]},{"id":23426,"url":"https:\/\/www.grieta.org.mx\/index.php\/2017\/08\/29\/veracruz-en-el-mapa-nacional-de-los-desplazados-por-conflictos-de-violencia\/","url_meta":{"origin":31434,"position":1},"title":"Veracruz, en el mapa nacional de los desplazados por conflictos de violencia","author":"grieta","date":"29 agosto, 2017","format":false,"excerpt":"Redacci\u00f3n \/ horaceromx Debido a conflictos de violencia, 311 mil mexicanos han sido obligados a desplazarse. En el mapa nacional de los desplazados por problemas relacionados con la violencia figuran entidades como Michoac\u00e1n, Guerrero, Sinaloa, Chihuahua y Veracruz, de acuerdo con cifras del Centro de Monitoreo de Desplazamiento Interno (IDMC,\u2026","rel":"","context":"En &quot;CINTILLO&quot;","block_context":{"text":"CINTILLO","link":"https:\/\/www.grieta.org.mx\/index.php\/category\/cintillo\/"},"img":{"alt_text":"","src":"https:\/\/i0.wp.com\/www.grieta.org.mx\/wp-content\/uploads\/2018\/06\/direct.jpeg?resize=350%2C200&ssl=1","width":350,"height":200},"classes":[]},{"id":4050,"url":"https:\/\/www.grieta.org.mx\/index.php\/2016\/03\/17\/coahuilenses-fueron-desplazados-durante-lucha-contra-delincuencia\/","url_meta":{"origin":31434,"position":2},"title":"Coahuilenses fueron desplazados durante lucha contra delincuencia","author":"grieta","date":"17 marzo, 2016","format":false,"excerpt":"Durante los \u00faltimos a\u00f1os Coahuila y Durango se encontraron entre los 14 estados que sufrieron mayor n\u00famero de desplazamiento de ciudadanos, quienes decidieron dejar sus hogares durante la \"lucha\" de las autoridades de seguridad contra delincuencia organizada. El informe denominado Situaci\u00f3n de los Derechos Humanos en M\u00e9xico, publicado por el\u2026","rel":"","context":"En &quot;CINTILLO&quot;","block_context":{"text":"CINTILLO","link":"https:\/\/www.grieta.org.mx\/index.php\/category\/cintillo\/"},"img":{"alt_text":"","src":"https:\/\/i0.wp.com\/www.grieta.org.mx\/wp-content\/uploads\/2018\/03\/14524434_1106112876131411_958039263622046936_o.jpg?resize=350%2C200&ssl=1","width":350,"height":200,"srcset":"https:\/\/i0.wp.com\/www.grieta.org.mx\/wp-content\/uploads\/2018\/03\/14524434_1106112876131411_958039263622046936_o.jpg?resize=350%2C200&ssl=1 1x, https:\/\/i0.wp.com\/www.grieta.org.mx\/wp-content\/uploads\/2018\/03\/14524434_1106112876131411_958039263622046936_o.jpg?resize=525%2C300&ssl=1 1.5x, https:\/\/i0.wp.com\/www.grieta.org.mx\/wp-content\/uploads\/2018\/03\/14524434_1106112876131411_958039263622046936_o.jpg?resize=700%2C400&ssl=1 2x"},"classes":[]},{"id":18376,"url":"https:\/\/www.grieta.org.mx\/index.php\/2016\/07\/29\/violencia-expulsa-de-sus-estados-a-mas-de-281-mil-sinaloa\/","url_meta":{"origin":31434,"position":3},"title":"Violencia expulsa de sus estados a m\u00e1s de 281 mil","author":"grieta","date":"29 julio, 2016","format":false,"excerpt":"Victor Ch\u00e1vez, Ciudad de M\u00e9xico. CIUDAD DE M\u00c9XICO.- La corrupci\u00f3n, complicidad e incapacidad de los gobiernos para combatir la violencia del crimen organizado, ha provocado la expulsi\u00f3n y desplazamiento de alrededor de 281 mil 400 personas de sus entidades, reportados tan s\u00f3lo en los \u00faltimos 4 a\u00f1os, alerta una investigaci\u00f3n\u2026","rel":"","context":"En &quot;CINTILLO&quot;","block_context":{"text":"CINTILLO","link":"https:\/\/www.grieta.org.mx\/index.php\/category\/cintillo\/"},"img":{"alt_text":"","src":"https:\/\/i0.wp.com\/www.grieta.org.mx\/wp-content\/uploads\/2018\/03\/14524434_1106112876131411_958039263622046936_o.jpg?resize=350%2C200&ssl=1","width":350,"height":200,"srcset":"https:\/\/i0.wp.com\/www.grieta.org.mx\/wp-content\/uploads\/2018\/03\/14524434_1106112876131411_958039263622046936_o.jpg?resize=350%2C200&ssl=1 1x, https:\/\/i0.wp.com\/www.grieta.org.mx\/wp-content\/uploads\/2018\/03\/14524434_1106112876131411_958039263622046936_o.jpg?resize=525%2C300&ssl=1 1.5x, https:\/\/i0.wp.com\/www.grieta.org.mx\/wp-content\/uploads\/2018\/03\/14524434_1106112876131411_958039263622046936_o.jpg?resize=700%2C400&ssl=1 2x"},"classes":[]},{"id":62647,"url":"https:\/\/www.grieta.org.mx\/index.php\/2021\/10\/27\/buscan-a-nueve-personas-desaparecidas-en-atatlahuca-cedhapi-oaxaca\/","url_meta":{"origin":31434,"position":4},"title":"Buscan a nueve personas desaparecidas en Atatlahuca: Cedhapi (Oaxaca)","author":"grieta","date":"27 octubre, 2021","format":false,"excerpt":"Noticias \/ Lesli Aguilar \/ Corresponsal. Otros habitantes m\u00e1s permanecen en el albergue del INPI, en San Esteban Atatlahuca. HUAJUAPAN DE LE\u00d3N, Oaxaca.- El presidente del Centro de Derechos Humanos y Asesor\u00eda a Pueblos Ind\u00edgenas (Cedhapi), Maurilio Santiago Reyes, inform\u00f3 que buscan a nueve personas que est\u00e1n en calidad de\u2026","rel":"","context":"En &quot;CINTILLO&quot;","block_context":{"text":"CINTILLO","link":"https:\/\/www.grieta.org.mx\/index.php\/category\/cintillo\/"},"img":{"alt_text":"","src":"https:\/\/i0.wp.com\/www.grieta.org.mx\/wp-content\/uploads\/2021\/11\/3-1.jpg?resize=350%2C200&ssl=1","width":350,"height":200,"srcset":"https:\/\/i0.wp.com\/www.grieta.org.mx\/wp-content\/uploads\/2021\/11\/3-1.jpg?resize=350%2C200&ssl=1 1x, https:\/\/i0.wp.com\/www.grieta.org.mx\/wp-content\/uploads\/2021\/11\/3-1.jpg?resize=525%2C300&ssl=1 1.5x, https:\/\/i0.wp.com\/www.grieta.org.mx\/wp-content\/uploads\/2021\/11\/3-1.jpg?resize=700%2C400&ssl=1 2x"},"classes":[]},{"id":26663,"url":"https:\/\/www.grieta.org.mx\/index.php\/2018\/08\/24\/desplazados-mixes-exigen-a-murat-el-retorno-a-su-comunidad-donde-huyeron-hace-20-meses-por-un-conflicto-agrario-oaxaca\/","url_meta":{"origin":31434,"position":5},"title":"Desplazados mixes exigen a Murat el retorno a su comunidad donde huyeron hace 20 meses por un conflicto agrario (Oaxaca)","author":"grieta","date":"24 agosto, 2018","format":false,"excerpt":"P\u00e1gina 3. Pedro Mat\u00edas, Oaxaca.- \u201cNo queremos m\u00e1s luto, nuevos muertos. Pedimos ayuda al gobierno de Alejandro Murat, que intervenga y resuelva un l\u00edo agrario por la v\u00eda de la paz\u201d, clamaron las ind\u00edgenas mixes Crecencia Dom\u00ednguez, Mariana Mart\u00ednez y Juana Santiago, quienes forman parte de los 350 desplazados de\u2026","rel":"","context":"En &quot;CINTILLO&quot;","block_context":{"text":"CINTILLO","link":"https:\/\/www.grieta.org.mx\/index.php\/category\/cintillo\/"},"img":{"alt_text":"","src":"https:\/\/i0.wp.com\/www.grieta.org.mx\/wp-content\/uploads\/2018\/09\/maxresdefault-2.jpg?resize=350%2C200&ssl=1","width":350,"height":200,"srcset":"https:\/\/i0.wp.com\/www.grieta.org.mx\/wp-content\/uploads\/2018\/09\/maxresdefault-2.jpg?resize=350%2C200&ssl=1 1x, https:\/\/i0.wp.com\/www.grieta.org.mx\/wp-content\/uploads\/2018\/09\/maxresdefault-2.jpg?resize=525%2C300&ssl=1 1.5x, https:\/\/i0.wp.com\/www.grieta.org.mx\/wp-content\/uploads\/2018\/09\/maxresdefault-2.jpg?resize=700%2C400&ssl=1 2x"},"classes":[]}],"_links":{"self":[{"href":"https:\/\/www.grieta.org.mx\/index.php\/wp-json\/wp\/v2\/posts\/31434","targetHints":{"allow":["GET"]}}],"collection":[{"href":"https:\/\/www.grieta.org.mx\/index.php\/wp-json\/wp\/v2\/posts"}],"about":[{"href":"https:\/\/www.grieta.org.mx\/index.php\/wp-json\/wp\/v2\/types\/post"}],"author":[{"embeddable":true,"href":"https:\/\/www.grieta.org.mx\/index.php\/wp-json\/wp\/v2\/users\/2"}],"replies":[{"embeddable":true,"href":"https:\/\/www.grieta.org.mx\/index.php\/wp-json\/wp\/v2\/comments?post=31434"}],"version-history":[{"count":1,"href":"https:\/\/www.grieta.org.mx\/index.php\/wp-json\/wp\/v2\/posts\/31434\/revisions"}],"predecessor-version":[{"id":31437,"href":"https:\/\/www.grieta.org.mx\/index.php\/wp-json\/wp\/v2\/posts\/31434\/revisions\/31437"}],"wp:featuredmedia":[{"embeddable":true,"href":"https:\/\/www.grieta.org.mx\/index.php\/wp-json\/wp\/v2\/media\/31435"}],"wp:attachment":[{"href":"https:\/\/www.grieta.org.mx\/index.php\/wp-json\/wp\/v2\/media?parent=31434"}],"wp:term":[{"taxonomy":"category","embeddable":true,"href":"https:\/\/www.grieta.org.mx\/index.php\/wp-json\/wp\/v2\/categories?post=31434"},{"taxonomy":"post_tag","embeddable":true,"href":"https:\/\/www.grieta.org.mx\/index.php\/wp-json\/wp\/v2\/tags?post=31434"}],"curies":[{"name":"wp","href":"https:\/\/api.w.org\/{rel}","templated":true}]}}