{"id":31407,"date":"2019-03-27T09:40:27","date_gmt":"2019-03-27T15:40:27","guid":{"rendered":"http:\/\/www.grieta.org.mx\/?p=31407"},"modified":"2019-03-30T11:58:28","modified_gmt":"2019-03-30T17:58:28","slug":"exigen-justicia-por-las-victimas-de-feminicidio-en-yucatan","status":"publish","type":"post","link":"https:\/\/www.grieta.org.mx\/index.php\/2019\/03\/27\/exigen-justicia-por-las-victimas-de-feminicidio-en-yucatan\/","title":{"rendered":"Exigen justicia por las v\u00edctimas de feminicidio en Yucat\u00e1n"},"content":{"rendered":"<p> Rosa Santana\/Proceso<br \/>\nM\u00c9RIDA, Yuc. (apro).- En el segundo aniversario del asesinato de Ema Gabriela Molina Canto, decenas de yucatecos salieron a las calles este mi\u00e9rcoles para exigir justicia, y demandaron investigar los feminicidios ocurridos en la entidad.<\/p>\n<p>\u201cLe suplico que escuche a las v\u00edctimas; somos parte de su pueblo, no nos ignore\u201d, pidi\u00f3 Ligia Canto Lugo \u2013madre de Ema Gabriela\u2013 al gobernador Mauricio Vila Dosal. <\/p>\n<p>\u201c\u00a1Justicia! Somos la voz de la ausencia, de las v\u00edctimas de feminicidio\u201d, a\u00f1adi\u00f3 llorando.<\/p>\n<p>Portando camisetas con la leyenda \u201cTodos somos Ema Gabriela\u201d, y levantando mantas donde exig\u00edan castigo para los autores materiales e intelectuales del crimen, los manifestantes, muchos de ellos familiares de otras v\u00edctimas, marcharon por las calles del centro y concluyeron con un mitin en la Plaza Grande, frente al palacio de gobierno.<\/p>\n<p>El de Ema Gabriela es el caso m\u00e1s emblem\u00e1tico en la lucha contra los feminicidios de los \u00faltimos a\u00f1os en Yucat\u00e1n. Ella estuvo casada con Alberto Medina Sonda, socio del exgobernador de Tabasco, Andr\u00e9s Granier Melo, y de su extesorero Manuel Saiz Pineda.<\/p>\n<p>Molina Canto, quien se supon\u00eda estaba acogida al sistema de protecci\u00f3n a v\u00edctimas, fue apu\u00f1alada 17 veces a las puertas de su casa, frente a la mayor de sus hijos. Los dos sicarios tabasque\u00f1os que perpetraron el asesinato supuestamente recibir\u00edan un pago de 60 mil pesos tras consumar \u201cel trabajo\u201d, presuntamente ordenado por Medina Sonda desde la c\u00e1rcel donde se encuentra preso.<\/p>\n<p>En el homicidio hay cinco implicados. Todos fueron detenidos, pero s\u00f3lo dos, los asesinos materiales, han sido sentenciados.<\/p>\n<p>La tragedia de Ema Gabriela inici\u00f3 en 2010, cuando, en medio de la disputa legal por la custodia de sus tres hijos, Medina Sonda rapt\u00f3 a los menores y, vali\u00e9ndose de sus influencias pol\u00edticas, desat\u00f3 un acoso judicial contra su exesposa y la madre de \u00e9sta, quienes fueron encarceladas por diferentes circunstancias.<\/p>\n<p>Molina Canto fue detenida en dos ocasiones por presuntos delitos fiscales y trasladada judicialmente a diferentes entidades del pa\u00eds, aparentemente para impedir que se quedara con la custodia de los ni\u00f1os.<\/p>\n<p>El 25 de mayo de 2012 fue la primera vez que Ema Gabriela fue detenida por el delito de retenci\u00f3n ilegal de bienes, debido a que us\u00f3 un veh\u00edculo que Medina Sonda le obsequi\u00f3 cuando estaban casados, pero no lo puso a su nombre. El momento de la captura fue aprovechado por aqu\u00e9l para raptar a los ni\u00f1os, quienes viajaban con su madre.<\/p>\n<p>As\u00ed, Molina Canto inici\u00f3 una tortuosa lucha para recuperar a sus hijos. Durante el tiempo que Ema estuvo presa, su madre continu\u00f3 el periplo legal. Ambas encararon al presidente Enrique Pe\u00f1a Nieto en demanda de justicia.<\/p>\n<p>Presa su hija en un penal de Tabasco, Ligia denunci\u00f3 ante la Procuradur\u00eda del Menor, tanto en M\u00e9rida como en esa entidad, la desaparici\u00f3n de sus nietos, pero fue hasta el 21 de agosto de 2014 cuando la Fiscal\u00eda General de Yucat\u00e1n accedi\u00f3 a emitir una \u201cprealerta\u201d para la b\u00fasqueda y presentaci\u00f3n de los ni\u00f1os \u2013entonces de 10, siete y seis a\u00f1os de edad\u2013 en todo el pa\u00eds.<\/p>\n<p>D\u00edas antes la abuela fue detenida y trasladada por la Procuradur\u00eda General de la Rep\u00fablica (PGR) a Guadalajara, Jalisco, acusada de falsificar tarjetas de cr\u00e9dito en esa entidad, lo que desat\u00f3 movilizaciones de activistas de derechos humanos por la fabricaci\u00f3n de delitos en contra de la mujer.<\/p>\n<p>Medina Sonda cay\u00f3 en desgracia por el caso Granier. Fue detenido en Canc\u00fan, Quintana Roo, y recluido en una c\u00e1rcel de Tabasco, donde en abril de 2017 fue condenado a 12 a\u00f1os y seis meses de prisi\u00f3n por el delito de operaciones con recursos de procedencia il\u00edcita.<\/p>\n<p>El pasado 24 de abril del a\u00f1o pasado, el juez de Control en Yucat\u00e1n, Luis Edwin Mugarte Guerrero, lo vincul\u00f3 a proceso por el delito de feminicidio agravado, tras ubicarlo como el presunto autor intelectual del asesinato de su exesposa. El juzgador yucateco le dict\u00f3 la medida cautelar de prisi\u00f3n.<\/p>\n<p><a href=\"https:\/\/www.proceso.com.mx\/577114\/exigen-justicia-por-las-victimas-de-feminicidio-en-yucatan\" rel=\"noopener noreferrer\" target=\"_blank\">https:\/\/www.proceso.com.mx\/577114\/exigen-justicia-por-las-victimas-de-feminicidio-en-yucatan<\/a><\/p>\n","protected":false},"excerpt":{"rendered":"<p>Rosa Santana\/Proceso M\u00c9RIDA, Yuc. (apro).- En el segundo aniversario del asesinato de Ema Gabriela Molina Canto, decenas de yucatecos salieron a las calles este mi\u00e9rcoles para exigir justicia, y demandaron &hellip; <a href=\"https:\/\/www.grieta.org.mx\/index.php\/2019\/03\/27\/exigen-justicia-por-las-victimas-de-feminicidio-en-yucatan\/\" class=\"more-link\">Leer m\u00e1s<\/a><\/p>\n","protected":false},"author":2,"featured_media":21928,"comment_status":"closed","ping_status":"closed","sticky":false,"template":"","format":"standard","meta":{"ngg_post_thumbnail":0,"_jetpack_newsletter_access":"","_jetpack_dont_email_post_to_subs":false,"_jetpack_newsletter_tier_id":0,"_jetpack_memberships_contains_paywalled_content":false,"_jetpack_memberships_contains_paid_content":false,"footnotes":""},"categories":[80,84,1106,2,83,36],"tags":[81],"class_list":["post-31407","post","type-post","status-publish","format-standard","has-post-thumbnail","hentry","category-cintillo","category-feminicidios","category-feminicidios-en-yucatan","category-noticias-nacionales","category-temas-nacionales","category-yucatan","tag-feminicidios","entry"],"jetpack_featured_media_url":"https:\/\/www.grieta.org.mx\/wp-content\/uploads\/2018\/03\/14524434_1106112876131411_958039263622046936_o.jpg","jetpack_sharing_enabled":true,"jetpack_shortlink":"https:\/\/wp.me\/p7ZJR4-8az","jetpack_likes_enabled":false,"jetpack-related-posts":[{"id":54684,"url":"https:\/\/www.grieta.org.mx\/index.php\/2020\/11\/01\/colocan-altar-para-las-victimas-de-feminicidio-en-yucatan\/","url_meta":{"origin":31407,"position":0},"title":"Colocan altar para las v\u00edctimas de feminicidio en Yucat\u00e1n","author":"grieta","date":"1 noviembre, 2020","format":false,"excerpt":"Por Esto! Familiares de las v\u00edctimas de feminicidio en Yucat\u00e1n colocaron un altar para recordar a las mujeres asesinadas por razones de g\u00e9nero en Yucat\u00e1n en las instalaciones del Centro Cultural Olimpo en M\u00e9rida. A esta actividad tambi\u00e9n se sumaron colectivos feministas de la ciudad, quienes apoyaron a los familiares\u2026","rel":"","context":"En &quot;CINTILLO&quot;","block_context":{"text":"CINTILLO","link":"https:\/\/www.grieta.org.mx\/index.php\/category\/cintillo\/"},"img":{"alt_text":"","src":"https:\/\/i0.wp.com\/www.grieta.org.mx\/wp-content\/uploads\/2020\/11\/AltarFeminicidio.png?resize=350%2C200&ssl=1","width":350,"height":200,"srcset":"https:\/\/i0.wp.com\/www.grieta.org.mx\/wp-content\/uploads\/2020\/11\/AltarFeminicidio.png?resize=350%2C200&ssl=1 1x, https:\/\/i0.wp.com\/www.grieta.org.mx\/wp-content\/uploads\/2020\/11\/AltarFeminicidio.png?resize=525%2C300&ssl=1 1.5x"},"classes":[]},{"id":65754,"url":"https:\/\/www.grieta.org.mx\/index.php\/2022\/11\/02\/con-ofrenda-piden-justicia-para-victimas-de-feminicidio-en-oaxaca\/","url_meta":{"origin":31407,"position":1},"title":"Con ofrenda piden justicia para v\u00edctimas de feminicidio en Oaxaca","author":"grieta","date":"2 noviembre, 2022","format":false,"excerpt":"Imagen: El Solo de Nayarit Redacci\u00f3n \/ El Sol de Nayarit Integrantes de la colectiva \"las nietas de Lilith Oaxaca\", instalaron un altar en memoria de las mujeres que fueron v\u00edctimas de feminicidio en Oaxaca. El altar est\u00e1 ubicado a un costado del atrio de Santo Domingo de Guzm\u00e1n, en\u2026","rel":"","context":"En &quot;CINTILLO&quot;","block_context":{"text":"CINTILLO","link":"https:\/\/www.grieta.org.mx\/index.php\/category\/cintillo\/"},"img":{"alt_text":"","src":"https:\/\/i0.wp.com\/www.grieta.org.mx\/wp-content\/uploads\/2022\/11\/87688_17_20221102213731_117captura_de_pantalla_2022-11-02_a_la_s__2.47.41_p.m.png?resize=350%2C200&ssl=1","width":350,"height":200,"srcset":"https:\/\/i0.wp.com\/www.grieta.org.mx\/wp-content\/uploads\/2022\/11\/87688_17_20221102213731_117captura_de_pantalla_2022-11-02_a_la_s__2.47.41_p.m.png?resize=350%2C200&ssl=1 1x, https:\/\/i0.wp.com\/www.grieta.org.mx\/wp-content\/uploads\/2022\/11\/87688_17_20221102213731_117captura_de_pantalla_2022-11-02_a_la_s__2.47.41_p.m.png?resize=525%2C300&ssl=1 1.5x"},"classes":[]},{"id":3163,"url":"https:\/\/www.grieta.org.mx\/index.php\/2015\/07\/25\/en-guadalajara-exigen-justicia-para-gaby-y-todas-las-victimas-de-feminicidio\/","url_meta":{"origin":31407,"position":2},"title":"En Guadalajara \u201cExigen justicia para Gaby y todas las v\u00edctimas de feminicidio\u201d","author":"grieta","date":"25 julio, 2015","format":false,"excerpt":"por Analy S. Nu\u00f1o Hace 12 d\u00edas Gaby fue asesinada luego de negarse a ser novia de Luis Enrique. Hoy su familia, amigos y organizaciones de la sociedad civil salieron a exigir justicia y la alerta de g\u00e9nero. La falta de respuesta de la Fiscal\u00eda General del Estado, la indiferencia\u2026","rel":"","context":"En &quot;CINTILLO&quot;","block_context":{"text":"CINTILLO","link":"https:\/\/www.grieta.org.mx\/index.php\/category\/cintillo\/"},"img":{"alt_text":"","src":"https:\/\/i0.wp.com\/www.grieta.org.mx\/wp-content\/uploads\/2018\/03\/14524434_1106112876131411_958039263622046936_o.jpg?resize=350%2C200&ssl=1","width":350,"height":200,"srcset":"https:\/\/i0.wp.com\/www.grieta.org.mx\/wp-content\/uploads\/2018\/03\/14524434_1106112876131411_958039263622046936_o.jpg?resize=350%2C200&ssl=1 1x, https:\/\/i0.wp.com\/www.grieta.org.mx\/wp-content\/uploads\/2018\/03\/14524434_1106112876131411_958039263622046936_o.jpg?resize=525%2C300&ssl=1 1.5x, https:\/\/i0.wp.com\/www.grieta.org.mx\/wp-content\/uploads\/2018\/03\/14524434_1106112876131411_958039263622046936_o.jpg?resize=700%2C400&ssl=1 2x"},"classes":[]},{"id":69282,"url":"https:\/\/www.grieta.org.mx\/index.php\/2024\/06\/09\/exigen-justicia-para-violeta-nina-victima-de-feminicidio-yucatan\/","url_meta":{"origin":31407,"position":3},"title":"Exigen justicia para Violeta, ni\u00f1a v\u00edctima de feminicidio (Yucat\u00e1n)","author":"grieta","date":"9 junio, 2024","format":false,"excerpt":"Fotos e informaci\u00f3n de Lorenzo Hern\u00e1ndez \/ Haz Ruido Marcharon en Paseo de Montejo para que los responsables reciban la pena m\u00e1xima y se destituya a una jueza M\u00e9rida, Yucat\u00e1n, 9 de junio de 2024.- Familiares, activistas y feministas marcharon ayer en Paseo de Montejo para exigir justicia por Violeta,\u2026","rel":"","context":"En &quot;CINTILLO&quot;","block_context":{"text":"CINTILLO","link":"https:\/\/www.grieta.org.mx\/index.php\/category\/cintillo\/"},"img":{"alt_text":"","src":"https:\/\/i0.wp.com\/www.grieta.org.mx\/wp-content\/uploads\/2024\/07\/Feminicidio-e1720555313201.jpg?resize=350%2C200&ssl=1","width":350,"height":200,"srcset":"https:\/\/i0.wp.com\/www.grieta.org.mx\/wp-content\/uploads\/2024\/07\/Feminicidio-e1720555313201.jpg?resize=350%2C200&ssl=1 1x, https:\/\/i0.wp.com\/www.grieta.org.mx\/wp-content\/uploads\/2024\/07\/Feminicidio-e1720555313201.jpg?resize=525%2C300&ssl=1 1.5x, https:\/\/i0.wp.com\/www.grieta.org.mx\/wp-content\/uploads\/2024\/07\/Feminicidio-e1720555313201.jpg?resize=700%2C400&ssl=1 2x"},"classes":[]},{"id":53613,"url":"https:\/\/www.grieta.org.mx\/index.php\/2020\/09\/16\/colectivas-feministas-realizan-antigrita-en-guadalajara-jalisco\/","url_meta":{"origin":31407,"position":4},"title":"Colectivas feministas realizan Antigrita en Guadalajara (Jalisco)","author":"grieta","date":"16 septiembre, 2020","format":false,"excerpt":"Fotograf\u00edas: Mario Marlo Mario Marlo \/ Somos el Medio Guadalajara, 16 de septiembre. Esta tarde en la Glorieta de los y las Jaliscienses Ilustres, en Guadalajara, mujeres realizaron \u00abLa Antigrita\u00bb donde exigieron justicia por los feminicidios y las desapariciones en este estado. Las colectivas feministas que se reunieron en este\u2026","rel":"","context":"En &quot;CINTILLO&quot;","block_context":{"text":"CINTILLO","link":"https:\/\/www.grieta.org.mx\/index.php\/category\/cintillo\/"},"img":{"alt_text":"","src":"https:\/\/i0.wp.com\/www.grieta.org.mx\/wp-content\/uploads\/2020\/09\/Antigrita-5-1068x704-1.jpg?resize=350%2C200&ssl=1","width":350,"height":200,"srcset":"https:\/\/i0.wp.com\/www.grieta.org.mx\/wp-content\/uploads\/2020\/09\/Antigrita-5-1068x704-1.jpg?resize=350%2C200&ssl=1 1x, https:\/\/i0.wp.com\/www.grieta.org.mx\/wp-content\/uploads\/2020\/09\/Antigrita-5-1068x704-1.jpg?resize=525%2C300&ssl=1 1.5x, https:\/\/i0.wp.com\/www.grieta.org.mx\/wp-content\/uploads\/2020\/09\/Antigrita-5-1068x704-1.jpg?resize=700%2C400&ssl=1 2x, https:\/\/i0.wp.com\/www.grieta.org.mx\/wp-content\/uploads\/2020\/09\/Antigrita-5-1068x704-1.jpg?resize=1050%2C600&ssl=1 3x"},"classes":[]},{"id":52966,"url":"https:\/\/www.grieta.org.mx\/index.php\/2020\/08\/30\/alzan-la-voz-por-fernanda-y-todas-las-victimas-de-feminicidios-yucatan\/","url_meta":{"origin":31407,"position":5},"title":"Alzan la voz por Fernanda y todas las v\u00edctimas de feminicidios (Yucat\u00e1n)","author":"grieta","date":"30 agosto, 2020","format":false,"excerpt":"Herbeth Escalante y Claudia Arriaga \/ Haz Ruido Cientos de personas protestaron para exigir a las autoridades que no sean omisas ni guarden silencio ante estos cr\u00edmenes, pero sobre todo, que adopten un plan para la erradicaci\u00f3n de la violencia contra las mujeres. M\u00e9rida, Yucat\u00e1n, 30 de agosto de 2020.-\u2026","rel":"","context":"En &quot;CINTILLO&quot;","block_context":{"text":"CINTILLO","link":"https:\/\/www.grieta.org.mx\/index.php\/category\/cintillo\/"},"img":{"alt_text":"","src":"https:\/\/i0.wp.com\/www.grieta.org.mx\/wp-content\/uploads\/2020\/09\/feminicidiosMerida.jpg?resize=350%2C200&ssl=1","width":350,"height":200,"srcset":"https:\/\/i0.wp.com\/www.grieta.org.mx\/wp-content\/uploads\/2020\/09\/feminicidiosMerida.jpg?resize=350%2C200&ssl=1 1x, https:\/\/i0.wp.com\/www.grieta.org.mx\/wp-content\/uploads\/2020\/09\/feminicidiosMerida.jpg?resize=525%2C300&ssl=1 1.5x"},"classes":[]}],"_links":{"self":[{"href":"https:\/\/www.grieta.org.mx\/index.php\/wp-json\/wp\/v2\/posts\/31407","targetHints":{"allow":["GET"]}}],"collection":[{"href":"https:\/\/www.grieta.org.mx\/index.php\/wp-json\/wp\/v2\/posts"}],"about":[{"href":"https:\/\/www.grieta.org.mx\/index.php\/wp-json\/wp\/v2\/types\/post"}],"author":[{"embeddable":true,"href":"https:\/\/www.grieta.org.mx\/index.php\/wp-json\/wp\/v2\/users\/2"}],"replies":[{"embeddable":true,"href":"https:\/\/www.grieta.org.mx\/index.php\/wp-json\/wp\/v2\/comments?post=31407"}],"version-history":[{"count":1,"href":"https:\/\/www.grieta.org.mx\/index.php\/wp-json\/wp\/v2\/posts\/31407\/revisions"}],"predecessor-version":[{"id":31408,"href":"https:\/\/www.grieta.org.mx\/index.php\/wp-json\/wp\/v2\/posts\/31407\/revisions\/31408"}],"wp:featuredmedia":[{"embeddable":true,"href":"https:\/\/www.grieta.org.mx\/index.php\/wp-json\/wp\/v2\/media\/21928"}],"wp:attachment":[{"href":"https:\/\/www.grieta.org.mx\/index.php\/wp-json\/wp\/v2\/media?parent=31407"}],"wp:term":[{"taxonomy":"category","embeddable":true,"href":"https:\/\/www.grieta.org.mx\/index.php\/wp-json\/wp\/v2\/categories?post=31407"},{"taxonomy":"post_tag","embeddable":true,"href":"https:\/\/www.grieta.org.mx\/index.php\/wp-json\/wp\/v2\/tags?post=31407"}],"curies":[{"name":"wp","href":"https:\/\/api.w.org\/{rel}","templated":true}]}}