{"id":31315,"date":"2019-03-22T02:09:53","date_gmt":"2019-03-22T08:09:53","guid":{"rendered":"http:\/\/www.grieta.org.mx\/?p=31315"},"modified":"2019-03-28T02:18:35","modified_gmt":"2019-03-28T08:18:35","slug":"por-falta-de-pago-de-sueldos-empleados-cerraron-tamtoc-san-luis-potosi","status":"publish","type":"post","link":"https:\/\/www.grieta.org.mx\/index.php\/2019\/03\/22\/por-falta-de-pago-de-sueldos-empleados-cerraron-tamtoc-san-luis-potosi\/","title":{"rendered":"POR FALTA DE PAGO DE SUELDOS EMPLEADOS CERRARON TAMTOC (San Luis Potos\u00ed)"},"content":{"rendered":"<p><img loading=\"lazy\" decoding=\"async\" data-attachment-id=\"31316\" data-permalink=\"https:\/\/www.grieta.org.mx\/index.php\/2019\/03\/22\/por-falta-de-pago-de-sueldos-empleados-cerraron-tamtoc-san-luis-potosi\/por-falta-de-pago-de-sueldos-empleados-cerraron-tamtoc-slp-mzo\/\" data-orig-file=\"https:\/\/www.grieta.org.mx\/wp-content\/uploads\/2019\/03\/Por-falta-de-pago-de-sueldos-empleados-cerraron-Tamtoc-slp-mzo.jpg\" data-orig-size=\"284,177\" data-comments-opened=\"0\" data-image-meta=\"{&quot;aperture&quot;:&quot;0&quot;,&quot;credit&quot;:&quot;&quot;,&quot;camera&quot;:&quot;&quot;,&quot;caption&quot;:&quot;&quot;,&quot;created_timestamp&quot;:&quot;0&quot;,&quot;copyright&quot;:&quot;&quot;,&quot;focal_length&quot;:&quot;0&quot;,&quot;iso&quot;:&quot;0&quot;,&quot;shutter_speed&quot;:&quot;0&quot;,&quot;title&quot;:&quot;&quot;,&quot;orientation&quot;:&quot;0&quot;}\" data-image-title=\"Por falta de pago de sueldos empleados cerraron Tamtoc slp mzo\" data-image-description=\"\" data-image-caption=\"\" data-medium-file=\"https:\/\/www.grieta.org.mx\/wp-content\/uploads\/2019\/03\/Por-falta-de-pago-de-sueldos-empleados-cerraron-Tamtoc-slp-mzo.jpg\" data-large-file=\"https:\/\/www.grieta.org.mx\/wp-content\/uploads\/2019\/03\/Por-falta-de-pago-de-sueldos-empleados-cerraron-Tamtoc-slp-mzo.jpg\" class=\"aligncenter  wp-image-31316\" src=\"http:\/\/www.grieta.org.mx\/wp-content\/uploads\/2019\/03\/Por-falta-de-pago-de-sueldos-empleados-cerraron-Tamtoc-slp-mzo.jpg\" alt=\"\" width=\"435\" height=\"271\" \/><br \/>\nIsmael Gonz\u00e1lez \/ Zunoticia<\/p>\n<p>Por falta de pago de dos meses de sueldo, empleados del Instituto Nacional de Antropolog\u00eda e Historia (INAH) cerraron la ma\u00f1ana de ayer el acceso al sitio arqueol\u00f3gico de Tamtoc en el municipio de Tamu\u00edn afectando con ello a turistas que acud\u00edan a visitar ese lugar.<\/p>\n<p>Lo anterior se da un d\u00eda despu\u00e9s de haberse recibido la primavera el pasado jueves 21 de marzo por parte del gobierno municipal que preside la alcaldesa Grecia Esmeralda S\u00e1nchez Gonz\u00e1lez.<\/p>\n<p>\u201cCerrada la zona arqueol\u00f3gica de Tamtoc por falta de pago al personal\u201d fue el mensaje que plasmaron los 13 trabajadores del Instituto en la lona que colocaron al acceso al lugar alrededor de las 09:00 de la ma\u00f1ana.<\/p>\n<p>De acuerdo a informaci\u00f3n obtenida, los 13 empleados del INAH no han recibido el pago de su salario correspondiente a los meses de febrero y marzo sino que solo han recibido una y otra vez falsas promesas por lo que decidieron actuar para hacer presi\u00f3n y pretend\u00edan, bloquear el sitio el pasado jueves pero optaron por no entorpecer el evento que ya se ten\u00eda programado.<\/p>\n<p>Cabe hacer menci\u00f3n que no es la primera vez que se lleva a cabo una protesta de ese tipo ya que precisamente hace dos a\u00f1os, tambi\u00e9n lo llevaron a cabo por los mismos motivos.<\/p>\n<p>La acci\u00f3n que realiz\u00f3 el personal del INAH afect\u00f3 a varios turistas que durante el transcurso de la ma\u00f1ana arribaron al lugar en espera de acceder al sitio pero tuvieron que regresarse al notar que no hab\u00eda acceso.<\/p>\n<p><a href=\"http:\/\/www.zunoticia.com\/por-falta-de-pago-de-sueldos-empleados-cerraron-tamtoc\/\" target=\"_blank\" rel=\"noopener noreferrer\">http:\/\/www.zunoticia.com\/por-falta-de-pago-de-sueldos-empleados-cerraron-tamtoc\/<\/a><\/p>\n","protected":false},"excerpt":{"rendered":"<p>Ismael Gonz\u00e1lez \/ Zunoticia Por falta de pago de dos meses de sueldo, empleados del Instituto Nacional de Antropolog\u00eda e Historia (INAH) cerraron la ma\u00f1ana de ayer el acceso al &hellip; <a href=\"https:\/\/www.grieta.org.mx\/index.php\/2019\/03\/22\/por-falta-de-pago-de-sueldos-empleados-cerraron-tamtoc-san-luis-potosi\/\" class=\"more-link\">Leer m\u00e1s<\/a><\/p>\n","protected":false},"author":2,"featured_media":31316,"comment_status":"closed","ping_status":"closed","sticky":false,"template":"","format":"standard","meta":{"ngg_post_thumbnail":0,"_jetpack_newsletter_access":"","_jetpack_dont_email_post_to_subs":false,"_jetpack_newsletter_tier_id":0,"_jetpack_memberships_contains_paywalled_content":false,"_jetpack_memberships_contains_paid_content":false,"footnotes":""},"categories":[80,910,1273,2,29,141,83],"tags":[1291,2167,208,1290,1556],"class_list":{"0":"post-31315","1":"post","2":"type-post","3":"status-publish","4":"format-standard","5":"has-post-thumbnail","6":"hentry","7":"category-cintillo","8":"category-explotacion-y-precariedad-laboral","9":"category-explotacion-y-precariedad-laboral-en-san-luis-potosi","10":"category-noticias-nacionales","11":"category-san-luis-potosi","13":"category-temas-nacionales","14":"tag-explotacion-laboral","15":"tag-falta-de-pago","16":"tag-inah","17":"tag-precariedad-laboral","18":"tag-tamuin","19":"entry"},"jetpack_featured_media_url":"https:\/\/www.grieta.org.mx\/wp-content\/uploads\/2019\/03\/Por-falta-de-pago-de-sueldos-empleados-cerraron-Tamtoc-slp-mzo.jpg","jetpack_sharing_enabled":true,"jetpack_shortlink":"https:\/\/wp.me\/p7ZJR4-895","jetpack_likes_enabled":false,"jetpack-related-posts":[{"id":23353,"url":"https:\/\/www.grieta.org.mx\/index.php\/2018\/05\/30\/en-foro-investigadores-del-ipicyt-protestan-por-falta-de-pago-san-luis-potosi\/","url_meta":{"origin":31315,"position":0},"title":"En foro, investigadores del Ipicyt protestan por falta de pago (San Luis Potos\u00ed)","author":"grieta","date":"30 mayo, 2018","format":false,"excerpt":"Mart\u00edn Rodr\u00edguez \/ Pulso Cient\u00edficos del Instituto Potosino de Investigaci\u00f3n en Ciencia y Tecnolog\u00eda protestaron durante la inauguraci\u00f3n del Tercer Foro Franco-Mexicano de Ciencia y Tecnolog\u00eda, cuya sede es el Centro de las Artes de San Luis Potos\u00ed. En el discurso pronunciado durante el evento inaugural, el titular del Consejo\u2026","rel":"","context":"En &quot;CINTILLO&quot;","block_context":{"text":"CINTILLO","link":"https:\/\/www.grieta.org.mx\/index.php\/category\/cintillo\/"},"img":{"alt_text":"","src":"https:\/\/i0.wp.com\/www.grieta.org.mx\/wp-content\/uploads\/2018\/05\/En-foro-investigadores-del-Ipicyt-protestan-por-falta-de-pago.png?resize=350%2C200&ssl=1","width":350,"height":200},"classes":[]},{"id":29536,"url":"https:\/\/www.grieta.org.mx\/index.php\/2019\/02\/24\/profesores-de-inea-denuncian-falta-de-pago-san-luis-potosi\/","url_meta":{"origin":31315,"position":1},"title":"Profesores de INEA denuncian falta de pago (San Luis Potos\u00ed)","author":"grieta","date":"24 febrero, 2019","format":false,"excerpt":"Paola De la Rosa \/ Plano Informativo Los maestros afectados son de municipios como Charcas, Venado, Matehuala, Tamazunchale, la capital entre otros, quienes est\u00e1n trabajando bajo protesta. San Luis Potos\u00ed, SLP.- La secretaria general del Sindicato de Instituto Estatal de Educaci\u00f3n para Adultos (INEA), Gabriela L\u00f3pez Andrade denunci\u00f3 que un\u2026","rel":"","context":"En &quot;CINTILLO&quot;","block_context":{"text":"CINTILLO","link":"https:\/\/www.grieta.org.mx\/index.php\/category\/cintillo\/"},"img":{"alt_text":"","src":"https:\/\/i0.wp.com\/www.grieta.org.mx\/wp-content\/uploads\/2019\/02\/Profesores-de-INEA-denuncian-falta-de-pago-slp-feb.jpg?resize=350%2C200&ssl=1","width":350,"height":200,"srcset":"https:\/\/i0.wp.com\/www.grieta.org.mx\/wp-content\/uploads\/2019\/02\/Profesores-de-INEA-denuncian-falta-de-pago-slp-feb.jpg?resize=350%2C200&ssl=1 1x, https:\/\/i0.wp.com\/www.grieta.org.mx\/wp-content\/uploads\/2019\/02\/Profesores-de-INEA-denuncian-falta-de-pago-slp-feb.jpg?resize=525%2C300&ssl=1 1.5x"},"classes":[]},{"id":33100,"url":"https:\/\/www.grieta.org.mx\/index.php\/2019\/05\/02\/trabajadores-del-parque-tangamanga-reclaman-salario-san-luis-potosi\/","url_meta":{"origin":31315,"position":2},"title":"Trabajadores del Parque Tangamanga reclaman salario (San Luis Potos\u00ed)","author":"grieta","date":"2 mayo, 2019","format":false,"excerpt":"Plano Informativo Hay una presunta retenci\u00f3n del salario correspondiente a la segunda quincena del mes de abril y por la falta de seguridad social. San Luis Potos\u00ed, SLP.- Trabajadores de los parques Tangamanga I y II, se manifestaron al exterior del Palacio del Gobierno del Estado, por la presunta retenci\u00f3n\u2026","rel":"","context":"En &quot;CINTILLO&quot;","block_context":{"text":"CINTILLO","link":"https:\/\/www.grieta.org.mx\/index.php\/category\/cintillo\/"},"img":{"alt_text":"","src":"https:\/\/i0.wp.com\/www.grieta.org.mx\/wp-content\/uploads\/2019\/05\/Trabajadores-del-Parque-Tangamanga-reclaman-salario-slp-may.jpg?resize=350%2C200&ssl=1","width":350,"height":200,"srcset":"https:\/\/i0.wp.com\/www.grieta.org.mx\/wp-content\/uploads\/2019\/05\/Trabajadores-del-Parque-Tangamanga-reclaman-salario-slp-may.jpg?resize=350%2C200&ssl=1 1x, https:\/\/i0.wp.com\/www.grieta.org.mx\/wp-content\/uploads\/2019\/05\/Trabajadores-del-Parque-Tangamanga-reclaman-salario-slp-may.jpg?resize=525%2C300&ssl=1 1.5x, https:\/\/i0.wp.com\/www.grieta.org.mx\/wp-content\/uploads\/2019\/05\/Trabajadores-del-Parque-Tangamanga-reclaman-salario-slp-may.jpg?resize=700%2C400&ssl=1 2x, https:\/\/i0.wp.com\/www.grieta.org.mx\/wp-content\/uploads\/2019\/05\/Trabajadores-del-Parque-Tangamanga-reclaman-salario-slp-may.jpg?resize=1050%2C600&ssl=1 3x"},"classes":[]},{"id":35746,"url":"https:\/\/www.grieta.org.mx\/index.php\/2019\/07\/02\/empleados-de-cervecera-paran-labores-denuncian-bajos-sueldos-y-largas-jornadas-laborales-san-luis-potosi\/","url_meta":{"origin":31315,"position":3},"title":"Empleados de cervecera paran labores; denuncian bajos sueldos y largas jornadas laborales (San Luis Potos\u00ed)","author":"grieta","date":"2 julio, 2019","format":false,"excerpt":"Fotograf\u00eda: Pulso Imelda Hern\u00e1ndez \/ Pulso Alrededor de 250 empleados de la empresa Cervera Corona, ubicada en el Anillo Perif\u00e9rico iniciaron un paro de labores por tiempo indefinido, como protesta por los bajos salarios que perciben y la extensi\u00f3n en su horario de trabajo, el cual no se compensa econ\u00f3micamente.\u2026","rel":"","context":"En &quot;CINTILLO&quot;","block_context":{"text":"CINTILLO","link":"https:\/\/www.grieta.org.mx\/index.php\/category\/cintillo\/"},"img":{"alt_text":"","src":"https:\/\/i0.wp.com\/www.grieta.org.mx\/wp-content\/uploads\/2019\/07\/Empleados-de-cervecera-paran-labores-denuncian-bajos-sueldos-y-largas-jornadas-laborales-slp-jul.jpg?resize=350%2C200&ssl=1","width":350,"height":200,"srcset":"https:\/\/i0.wp.com\/www.grieta.org.mx\/wp-content\/uploads\/2019\/07\/Empleados-de-cervecera-paran-labores-denuncian-bajos-sueldos-y-largas-jornadas-laborales-slp-jul.jpg?resize=350%2C200&ssl=1 1x, https:\/\/i0.wp.com\/www.grieta.org.mx\/wp-content\/uploads\/2019\/07\/Empleados-de-cervecera-paran-labores-denuncian-bajos-sueldos-y-largas-jornadas-laborales-slp-jul.jpg?resize=525%2C300&ssl=1 1.5x"},"classes":[]},{"id":35782,"url":"https:\/\/www.grieta.org.mx\/index.php\/2019\/06\/27\/denuncian-trabajadores-municipales-por-desfalco-en-pago-de-prestamos-san-luis-potosi\/","url_meta":{"origin":31315,"position":4},"title":"Denuncian trabajadores municipales por desfalco en pago de pr\u00e9stamos (San Luis Potos\u00ed)","author":"grieta","date":"27 junio, 2019","format":false,"excerpt":"Roberto Mart\u00ednez \/ GlobalMedia A trav\u00e9s del ayuntamiento de la capital solicitaban descuentos en la n\u00f3mina para pagar pr\u00e9stamos en dos instituciones, pero a pesar de que se aplicaron, nunca se hicieron los pagos En rueda de prensa la s\u00edndica Municipal Alicia Nayeli V\u00e1zquez Mart\u00ednez inform\u00f3 que este jueves unos\u2026","rel":"","context":"En &quot;CINTILLO&quot;","block_context":{"text":"CINTILLO","link":"https:\/\/www.grieta.org.mx\/index.php\/category\/cintillo\/"},"img":{"alt_text":"","src":"https:\/\/i0.wp.com\/www.grieta.org.mx\/wp-content\/uploads\/2019\/07\/Denuncian-trabajadores-municipales-por-desfalco-en-pago-de-pr%C3%A9stamos-slp-jul.jpg?resize=350%2C200&ssl=1","width":350,"height":200,"srcset":"https:\/\/i0.wp.com\/www.grieta.org.mx\/wp-content\/uploads\/2019\/07\/Denuncian-trabajadores-municipales-por-desfalco-en-pago-de-pr%C3%A9stamos-slp-jul.jpg?resize=350%2C200&ssl=1 1x, https:\/\/i0.wp.com\/www.grieta.org.mx\/wp-content\/uploads\/2019\/07\/Denuncian-trabajadores-municipales-por-desfalco-en-pago-de-pr%C3%A9stamos-slp-jul.jpg?resize=525%2C300&ssl=1 1.5x"},"classes":[]},{"id":31651,"url":"https:\/\/www.grieta.org.mx\/index.php\/2019\/04\/02\/casa-de-moneda-despide-a-200-empleados-san-luis-potosi\/","url_meta":{"origin":31315,"position":5},"title":"Casa de Moneda despide a 200 empleados (San Luis Potos\u00ed)","author":"grieta","date":"2 abril, 2019","format":false,"excerpt":"Emilia Monreal \/ Plano Informativo No se renovaron los contratos de personal, algunos con ocho a\u00f1os de antig\u00fcedad que cada tres meses firmaban el documento. San Luis Potos\u00ed, SLP.-El gobierno federal sigue con su plan de ajuste de personal, y ahora correspondi\u00f3 a la Casa de Moneda de San Luis\u2026","rel":"","context":"En &quot;CINTILLO&quot;","block_context":{"text":"CINTILLO","link":"https:\/\/www.grieta.org.mx\/index.php\/category\/cintillo\/"},"img":{"alt_text":"","src":"https:\/\/i0.wp.com\/www.grieta.org.mx\/wp-content\/uploads\/2019\/04\/Casa-de-Moneda-despide-a-200-empleados-slp-abr.jpg?resize=350%2C200&ssl=1","width":350,"height":200,"srcset":"https:\/\/i0.wp.com\/www.grieta.org.mx\/wp-content\/uploads\/2019\/04\/Casa-de-Moneda-despide-a-200-empleados-slp-abr.jpg?resize=350%2C200&ssl=1 1x, https:\/\/i0.wp.com\/www.grieta.org.mx\/wp-content\/uploads\/2019\/04\/Casa-de-Moneda-despide-a-200-empleados-slp-abr.jpg?resize=525%2C300&ssl=1 1.5x, https:\/\/i0.wp.com\/www.grieta.org.mx\/wp-content\/uploads\/2019\/04\/Casa-de-Moneda-despide-a-200-empleados-slp-abr.jpg?resize=700%2C400&ssl=1 2x"},"classes":[]}],"_links":{"self":[{"href":"https:\/\/www.grieta.org.mx\/index.php\/wp-json\/wp\/v2\/posts\/31315","targetHints":{"allow":["GET"]}}],"collection":[{"href":"https:\/\/www.grieta.org.mx\/index.php\/wp-json\/wp\/v2\/posts"}],"about":[{"href":"https:\/\/www.grieta.org.mx\/index.php\/wp-json\/wp\/v2\/types\/post"}],"author":[{"embeddable":true,"href":"https:\/\/www.grieta.org.mx\/index.php\/wp-json\/wp\/v2\/users\/2"}],"replies":[{"embeddable":true,"href":"https:\/\/www.grieta.org.mx\/index.php\/wp-json\/wp\/v2\/comments?post=31315"}],"version-history":[{"count":1,"href":"https:\/\/www.grieta.org.mx\/index.php\/wp-json\/wp\/v2\/posts\/31315\/revisions"}],"predecessor-version":[{"id":31317,"href":"https:\/\/www.grieta.org.mx\/index.php\/wp-json\/wp\/v2\/posts\/31315\/revisions\/31317"}],"wp:featuredmedia":[{"embeddable":true,"href":"https:\/\/www.grieta.org.mx\/index.php\/wp-json\/wp\/v2\/media\/31316"}],"wp:attachment":[{"href":"https:\/\/www.grieta.org.mx\/index.php\/wp-json\/wp\/v2\/media?parent=31315"}],"wp:term":[{"taxonomy":"category","embeddable":true,"href":"https:\/\/www.grieta.org.mx\/index.php\/wp-json\/wp\/v2\/categories?post=31315"},{"taxonomy":"post_tag","embeddable":true,"href":"https:\/\/www.grieta.org.mx\/index.php\/wp-json\/wp\/v2\/tags?post=31315"}],"curies":[{"name":"wp","href":"https:\/\/api.w.org\/{rel}","templated":true}]}}