{"id":31280,"date":"2019-02-21T18:33:13","date_gmt":"2019-02-22T00:33:13","guid":{"rendered":"http:\/\/www.grieta.org.mx\/?p=31280"},"modified":"2019-03-27T18:38:04","modified_gmt":"2019-03-28T00:38:04","slug":"vecinos-de-la-monumental-responden-a-delincuencia-jalisco","status":"publish","type":"post","link":"https:\/\/www.grieta.org.mx\/index.php\/2019\/02\/21\/vecinos-de-la-monumental-responden-a-delincuencia-jalisco\/","title":{"rendered":"Vecinos de la Monumental responden a delincuencia (Jalisco)"},"content":{"rendered":"<p><img loading=\"lazy\" decoding=\"async\" data-attachment-id=\"31281\" data-permalink=\"https:\/\/www.grieta.org.mx\/index.php\/2019\/02\/21\/vecinos-de-la-monumental-responden-a-delincuencia-jalisco\/zmg-colonia-la-monumental-jam-1\/\" data-orig-file=\"https:\/\/www.grieta.org.mx\/wp-content\/uploads\/2019\/03\/ZMG-COLONIA-LA-MONUMENTAL-JAM-1.jpg\" data-orig-size=\"750,500\" data-comments-opened=\"0\" data-image-meta=\"{&quot;aperture&quot;:&quot;0&quot;,&quot;credit&quot;:&quot;&quot;,&quot;camera&quot;:&quot;&quot;,&quot;caption&quot;:&quot;&quot;,&quot;created_timestamp&quot;:&quot;0&quot;,&quot;copyright&quot;:&quot;&quot;,&quot;focal_length&quot;:&quot;0&quot;,&quot;iso&quot;:&quot;0&quot;,&quot;shutter_speed&quot;:&quot;0&quot;,&quot;title&quot;:&quot;&quot;,&quot;orientation&quot;:&quot;0&quot;}\" data-image-title=\"ZMG-COLONIA-LA-MONUMENTAL-JAM-(1)\" data-image-description=\"\" data-image-caption=\"\" data-medium-file=\"https:\/\/www.grieta.org.mx\/wp-content\/uploads\/2019\/03\/ZMG-COLONIA-LA-MONUMENTAL-JAM-1-300x200.jpg\" data-large-file=\"https:\/\/www.grieta.org.mx\/wp-content\/uploads\/2019\/03\/ZMG-COLONIA-LA-MONUMENTAL-JAM-1.jpg\" class=\"aligncenter wp-image-31281\" src=\"http:\/\/www.grieta.org.mx\/wp-content\/uploads\/2019\/03\/ZMG-COLONIA-LA-MONUMENTAL-JAM-1-300x200.jpg\" alt=\"\" width=\"762\" height=\"508\" srcset=\"https:\/\/www.grieta.org.mx\/wp-content\/uploads\/2019\/03\/ZMG-COLONIA-LA-MONUMENTAL-JAM-1-300x200.jpg 300w, https:\/\/www.grieta.org.mx\/wp-content\/uploads\/2019\/03\/ZMG-COLONIA-LA-MONUMENTAL-JAM-1.jpg 750w\" sizes=\"auto, (max-width: 762px) 100vw, 762px\" \/><\/p>\n<p>Edgar Flores \/ El Diario NTR<\/p>\n<p>A los vecinos de la colonia Monumental, en Guadalajara, les pasa de todo: asaltos a mano armada tanto a automovilistas como a peatones, robos de autopartes y est\u00e9reos, homicidios.<\/p>\n<p>Cansados de la situaci\u00f3n y del poco o casi nulo patrullaje, los habitantes de la zona ubicada en el per\u00edmetro de avenida Circunvalaci\u00f3n, Estadio Jalisco, Plaza Nuevo Progreso, Belisario Dom\u00ednguez y Calzada Independencia, han tenido que echar mano de sus propios recursos para implementar m\u00e9todos que alerten en situaciones de riesgo.<\/p>\n<p>\u00c9ste es el caso de los vecinos de la calle Montes Apeninos, quienes decidieron organizarse e invertir en una alarma a control remoto, la cual puede ser activada por todo aquel que tenga en su poder el control de la misma.<\/p>\n<p>Los colonos de esta vialidad, que hace cerrada en diferentes puntos de su trayecto con parques de uso m\u00faltiple, compraron los controles de acuerdo al n\u00famero de habitantes por casa y de sus necesidades, para que en alguna situaci\u00f3n de robo o personas sospechosas, la alarma se active, ahuyentando a los ladrones.<\/p>\n<p>\u201cHemos tenido \u00e9xito, ya hubo un caso donde intentaron robar a un vecino, alguien vio y activ\u00f3 la alarma y salieron corriendo los ladrones, pero es una l\u00e1stima que tengamos que hacer esto por nuestra propia cuenta. Debo decir que en esta cuadra (de Puerto Altata al cierre con el Parque de los Venados) llevamos semanas sin ver que entre una sola patrulla a vigilar, ni en el d\u00eda ni en la noche\u201d, comparte una vecina de la zona, quien prefiere guardar su identidad a cambio de explicar la situaci\u00f3n.<\/p>\n<p>El problema persiste en toda la colonia y a toda hora, sin importar si hay personas alrededor o no. \u201cSe han registrado asaltos a mano armada para quitarles veh\u00edculos a plena luz del d\u00eda. Ten\u00edamos unos vecinos que mejor dejaron su casa para irse a otra colonia porque en menos de dos a\u00f1os les quitaron tres autos con pistola en mano\u201d, narra otra vecina de la colonia.<\/p>\n<p>Las medidas que los colonos han tomado incluyen la colocaci\u00f3n de letreros en autos y ventanas con la leyenda \u201cvecinos en alerta\u201d. \u00c9ste es el caso de la calle Puerto Pichilingue, donde no s\u00f3lo han sufrido robos a casas, y cristalazos a autos, sino hasta un robo masivo de medidores de agua a principios de a\u00f1o.<\/p>\n<p>En la zona tambi\u00e9n han ocurrido homicidios y los malhechores han dejado restos humanos. Los vecinos armaron un grupo de Whatsapp en donde se tiene integrado a un representante de la Polic\u00eda de Guadalajara, pero ello no ha logrado mermar los altos \u00edndices delictivos que aquejan a la zona.<\/p>\n<p><a href=\"http:\/\/www.ntrguadalajara.com\/post.php?id_nota=119858\">http:\/\/www.ntrguadalajara.com\/post.php?id_nota=119858<\/a><\/p>\n","protected":false},"excerpt":{"rendered":"<p>Edgar Flores \/ El Diario NTR A los vecinos de la colonia Monumental, en Guadalajara, les pasa de todo: asaltos a mano armada tanto a automovilistas como a peatones, robos &hellip; <a href=\"https:\/\/www.grieta.org.mx\/index.php\/2019\/02\/21\/vecinos-de-la-monumental-responden-a-delincuencia-jalisco\/\" class=\"more-link\">Leer m\u00e1s<\/a><\/p>\n","protected":false},"author":2,"featured_media":31281,"comment_status":"closed","ping_status":"closed","sticky":false,"template":"","format":"standard","meta":{"ngg_post_thumbnail":0,"_jetpack_newsletter_access":"","_jetpack_dont_email_post_to_subs":false,"_jetpack_newsletter_tier_id":0,"_jetpack_memberships_contains_paywalled_content":false,"_jetpack_memberships_contains_paid_content":false,"footnotes":""},"categories":[80,1771,20,2],"tags":[],"class_list":["post-31280","post","type-post","status-publish","format-standard","has-post-thumbnail","hentry","category-cintillo","category-incremento-de-la-violencia-en-jalisco","category-jalisco","category-noticias-nacionales","entry"],"jetpack_featured_media_url":"https:\/\/www.grieta.org.mx\/wp-content\/uploads\/2019\/03\/ZMG-COLONIA-LA-MONUMENTAL-JAM-1.jpg","jetpack_sharing_enabled":true,"jetpack_shortlink":"https:\/\/wp.me\/p7ZJR4-88w","jetpack_likes_enabled":false,"jetpack-related-posts":[{"id":48387,"url":"https:\/\/www.grieta.org.mx\/index.php\/2020\/04\/25\/vecinos-del-fraccionamiento-las-moras-entregan-despensas-jalisco\/","url_meta":{"origin":31280,"position":0},"title":"Vecinos del fraccionamiento Las Moras entregan despensas (Jalisco)","author":"grieta","date":"25 abril, 2020","format":false,"excerpt":"Foto: Tribuna de la Bah\u00eda Alberto Garc\u00eda \/ Tribuna de la Bah\u00ed\u00e1 Este fin de semana, se dio una exitosa jornada de entrega de despensas por parte de vecinos del fraccionamiento Las Moras. Para contrarrestar el caos y descontrol los organizadores, mejoraron la \u00a0estrategia de entrega con fichas y con\u2026","rel":"","context":"En &quot;CINTILLO&quot;","block_context":{"text":"CINTILLO","link":"https:\/\/www.grieta.org.mx\/index.php\/category\/cintillo\/"},"img":{"alt_text":"","src":"https:\/\/i0.wp.com\/www.grieta.org.mx\/wp-content\/uploads\/2020\/04\/wSIBsd20Vz4YyFir24dfCpbmJ92wkcdMuICzEThe-p.jpg?resize=350%2C200&ssl=1","width":350,"height":200,"srcset":"https:\/\/i0.wp.com\/www.grieta.org.mx\/wp-content\/uploads\/2020\/04\/wSIBsd20Vz4YyFir24dfCpbmJ92wkcdMuICzEThe-p.jpg?resize=350%2C200&ssl=1 1x, https:\/\/i0.wp.com\/www.grieta.org.mx\/wp-content\/uploads\/2020\/04\/wSIBsd20Vz4YyFir24dfCpbmJ92wkcdMuICzEThe-p.jpg?resize=525%2C300&ssl=1 1.5x, https:\/\/i0.wp.com\/www.grieta.org.mx\/wp-content\/uploads\/2020\/04\/wSIBsd20Vz4YyFir24dfCpbmJ92wkcdMuICzEThe-p.jpg?resize=700%2C400&ssl=1 2x"},"classes":[]},{"id":65132,"url":"https:\/\/www.grieta.org.mx\/index.php\/2022\/09\/05\/vecinos-de-el-refugio-se-oponen-a-desarrollos-inmobiliarios-en-ciudad-creativa-jalisco\/","url_meta":{"origin":31280,"position":1},"title":"Vecinos de El Refugio se oponen a desarrollos inmobiliarios en Ciudad Creativa (Jalisco)","author":"grieta","date":"5 septiembre, 2022","format":false,"excerpt":"Imagen: Lauro Rodr\u00edguez Lauro Rodr\u00edguez \/ EL Diario NTR Un grupo de vecinos representantes de la colonia El Refugio, de la zona Centro de Guadalajara, se manifestaron durante el inicio de los proyectos de vivienda en Distrito Creativo. Los vecinos precisaron que no quieren el desarrollo inmobiliario porque llegar\u00e1 a\u2026","rel":"","context":"En &quot;CINTILLO&quot;","block_context":{"text":"CINTILLO","link":"https:\/\/www.grieta.org.mx\/index.php\/category\/cintillo\/"},"img":{"alt_text":"","src":"https:\/\/i0.wp.com\/www.grieta.org.mx\/wp-content\/uploads\/2022\/09\/2022-09-05_11-09-08___5232.jpg?resize=350%2C200&ssl=1","width":350,"height":200,"srcset":"https:\/\/i0.wp.com\/www.grieta.org.mx\/wp-content\/uploads\/2022\/09\/2022-09-05_11-09-08___5232.jpg?resize=350%2C200&ssl=1 1x, https:\/\/i0.wp.com\/www.grieta.org.mx\/wp-content\/uploads\/2022\/09\/2022-09-05_11-09-08___5232.jpg?resize=525%2C300&ssl=1 1.5x, https:\/\/i0.wp.com\/www.grieta.org.mx\/wp-content\/uploads\/2022\/09\/2022-09-05_11-09-08___5232.jpg?resize=700%2C400&ssl=1 2x"},"classes":[]},{"id":41962,"url":"https:\/\/www.grieta.org.mx\/index.php\/2019\/12\/06\/colectivos-ambientalistas-y-vecinos-de-diversas-colonias-se-manifiestan-fuera-de-fil-jalisco\/","url_meta":{"origin":31280,"position":2},"title":"Colectivos ambientalistas y vecinos de diversas colonias se manifiestan fuera de FIL (Jalisco)","author":"grieta","date":"6 diciembre, 2019","format":false,"excerpt":"Foto: Elena Castolo Rarfael Hern\u00e1ndez \/ UDGTV Exigiendo un alto a la criminalizaci\u00f3n de la protesta y la defensa del medio ambiente, colectivos ambientalistas y vecinos de diversas colonias de la Zona Metropolitana de Guadalajara\u00a0se manifestaron en las afueras de la Feria Internacional del Libro. Raquel Guti\u00e9rrez N\u00e1jera, investigadora y\u2026","rel":"","context":"En &quot;CINTILLO&quot;","block_context":{"text":"CINTILLO","link":"https:\/\/www.grieta.org.mx\/index.php\/category\/cintillo\/"},"img":{"alt_text":"","src":"https:\/\/i0.wp.com\/www.grieta.org.mx\/wp-content\/uploads\/2019\/12\/Colectivo-ambientalista-Elena-Castolo-696x391.jpg?resize=350%2C200&ssl=1","width":350,"height":200,"srcset":"https:\/\/i0.wp.com\/www.grieta.org.mx\/wp-content\/uploads\/2019\/12\/Colectivo-ambientalista-Elena-Castolo-696x391.jpg?resize=350%2C200&ssl=1 1x, https:\/\/i0.wp.com\/www.grieta.org.mx\/wp-content\/uploads\/2019\/12\/Colectivo-ambientalista-Elena-Castolo-696x391.jpg?resize=525%2C300&ssl=1 1.5x"},"classes":[]},{"id":43170,"url":"https:\/\/www.grieta.org.mx\/index.php\/2020\/01\/16\/vecinos-de-san-rafael-piden-se-cumpla-la-suspension-de-la-construccion-del-complejo-habitacional-gran-san-rafael-jalisco\/","url_meta":{"origin":31280,"position":3},"title":"Vecinos de San Rafael piden se cumpla la suspensi\u00f3n de la construcci\u00f3n del complejo habitacional, Gran San Rafael (Jalisco)","author":"grieta","date":"16 enero, 2020","format":false,"excerpt":"Fotograf\u00eda: Sara Leos Los vecinos han obtenido con esta, cuatro suspensiones para frenar la construcci\u00f3n de las torres de departamentos que representar\u00eda la llegada de alrededor de seis mil 500 nuevos habitantes a la comunidad Rafael Hern\u00e1ndez \/ UDGTV Guadalajara, Jalisco. Habitantes de los alrededores del parque San Rafael, en\u2026","rel":"","context":"En &quot;CINTILLO&quot;","block_context":{"text":"CINTILLO","link":"https:\/\/www.grieta.org.mx\/index.php\/category\/cintillo\/"},"img":{"alt_text":"","src":"https:\/\/i0.wp.com\/www.grieta.org.mx\/wp-content\/uploads\/2020\/01\/Gran-San-Rafael-Sara-Leos-696x522.jpg?resize=350%2C200&ssl=1","width":350,"height":200,"srcset":"https:\/\/i0.wp.com\/www.grieta.org.mx\/wp-content\/uploads\/2020\/01\/Gran-San-Rafael-Sara-Leos-696x522.jpg?resize=350%2C200&ssl=1 1x, https:\/\/i0.wp.com\/www.grieta.org.mx\/wp-content\/uploads\/2020\/01\/Gran-San-Rafael-Sara-Leos-696x522.jpg?resize=525%2C300&ssl=1 1.5x"},"classes":[]},{"id":59407,"url":"https:\/\/www.grieta.org.mx\/index.php\/2021\/05\/14\/vecinos-de-tabachines-suman-30-horas-con-toma-de-pozo-denuncian-altos-cobros-y-desabasto-de-agua-jalisco\/","url_meta":{"origin":31280,"position":4},"title":"Vecinos de Tabachines suman 30 horas con toma de pozo, denuncian altos cobros y desabasto de agua (Jalisco)","author":"grieta","date":"14 mayo, 2021","format":false,"excerpt":"Foto: Edgar Flores Edgar Flores \/ El Diario NTR Mantienen vecinos de Tabachines, plant\u00f3n en pozo de agua. Ya son casi 30 horas de protesta, y acusan falta de soluciones por parte del director del Sistema Intermunicipal de los Servicios de Agua Potable y Alcantarillado (Siapa), Carlos Enrique Torres Lugo.\u2026","rel":"","context":"En &quot;CINTILLO&quot;","block_context":{"text":"CINTILLO","link":"https:\/\/www.grieta.org.mx\/index.php\/category\/cintillo\/"},"img":{"alt_text":"","src":"https:\/\/i0.wp.com\/www.grieta.org.mx\/wp-content\/uploads\/2021\/05\/2021-05-14_06-05-07___1052-e1621283364314.jpg?resize=350%2C200&ssl=1","width":350,"height":200,"srcset":"https:\/\/i0.wp.com\/www.grieta.org.mx\/wp-content\/uploads\/2021\/05\/2021-05-14_06-05-07___1052-e1621283364314.jpg?resize=350%2C200&ssl=1 1x, https:\/\/i0.wp.com\/www.grieta.org.mx\/wp-content\/uploads\/2021\/05\/2021-05-14_06-05-07___1052-e1621283364314.jpg?resize=525%2C300&ssl=1 1.5x, https:\/\/i0.wp.com\/www.grieta.org.mx\/wp-content\/uploads\/2021\/05\/2021-05-14_06-05-07___1052-e1621283364314.jpg?resize=700%2C400&ssl=1 2x"},"classes":[]},{"id":50800,"url":"https:\/\/www.grieta.org.mx\/index.php\/2020\/06\/08\/vecinos-de-lomas-del-centinela-cierran-periferico-por-falta-de-agua-jalisco\/","url_meta":{"origin":31280,"position":5},"title":"Vecinos de Lomas del Centinela cierran perif\u00e9rico por falta de agua (Jalisco)","author":"grieta","date":"8 junio, 2020","format":false,"excerpt":"Foto: Julio R\u00edos Julio R\u00edos \/ UDGTV Guadalajara, Jalisco.\u00a0En pleno tiempo de calor y confinamiento,\u00a0en Lomas del Centinela ya no soportan m\u00e1s la falta de agua.\u00a0Por eso cerraron el Perif\u00e9rico en su cruce de Tabachines para exigir que les restablezcan el servicio. Juan Manuel Contreras, consejero del COPLADEMUN en esta\u2026","rel":"","context":"En &quot;CINTILLO&quot;","block_context":{"text":"CINTILLO","link":"https:\/\/www.grieta.org.mx\/index.php\/category\/cintillo\/"},"img":{"alt_text":"","src":"https:\/\/i0.wp.com\/www.grieta.org.mx\/wp-content\/uploads\/2020\/06\/Lomas-del-Centinela-Julio-R%C3%ADos-696x392.jpeg?resize=350%2C200&ssl=1","width":350,"height":200,"srcset":"https:\/\/i0.wp.com\/www.grieta.org.mx\/wp-content\/uploads\/2020\/06\/Lomas-del-Centinela-Julio-R%C3%ADos-696x392.jpeg?resize=350%2C200&ssl=1 1x, https:\/\/i0.wp.com\/www.grieta.org.mx\/wp-content\/uploads\/2020\/06\/Lomas-del-Centinela-Julio-R%C3%ADos-696x392.jpeg?resize=525%2C300&ssl=1 1.5x"},"classes":[]}],"_links":{"self":[{"href":"https:\/\/www.grieta.org.mx\/index.php\/wp-json\/wp\/v2\/posts\/31280","targetHints":{"allow":["GET"]}}],"collection":[{"href":"https:\/\/www.grieta.org.mx\/index.php\/wp-json\/wp\/v2\/posts"}],"about":[{"href":"https:\/\/www.grieta.org.mx\/index.php\/wp-json\/wp\/v2\/types\/post"}],"author":[{"embeddable":true,"href":"https:\/\/www.grieta.org.mx\/index.php\/wp-json\/wp\/v2\/users\/2"}],"replies":[{"embeddable":true,"href":"https:\/\/www.grieta.org.mx\/index.php\/wp-json\/wp\/v2\/comments?post=31280"}],"version-history":[{"count":1,"href":"https:\/\/www.grieta.org.mx\/index.php\/wp-json\/wp\/v2\/posts\/31280\/revisions"}],"predecessor-version":[{"id":31282,"href":"https:\/\/www.grieta.org.mx\/index.php\/wp-json\/wp\/v2\/posts\/31280\/revisions\/31282"}],"wp:featuredmedia":[{"embeddable":true,"href":"https:\/\/www.grieta.org.mx\/index.php\/wp-json\/wp\/v2\/media\/31281"}],"wp:attachment":[{"href":"https:\/\/www.grieta.org.mx\/index.php\/wp-json\/wp\/v2\/media?parent=31280"}],"wp:term":[{"taxonomy":"category","embeddable":true,"href":"https:\/\/www.grieta.org.mx\/index.php\/wp-json\/wp\/v2\/categories?post=31280"},{"taxonomy":"post_tag","embeddable":true,"href":"https:\/\/www.grieta.org.mx\/index.php\/wp-json\/wp\/v2\/tags?post=31280"}],"curies":[{"name":"wp","href":"https:\/\/api.w.org\/{rel}","templated":true}]}}