{"id":31272,"date":"2019-03-26T02:18:50","date_gmt":"2019-03-26T08:18:50","guid":{"rendered":"http:\/\/www.grieta.org.mx\/?p=31272"},"modified":"2019-03-27T02:28:15","modified_gmt":"2019-03-27T08:28:15","slug":"ex-trabajadores-de-hospitales-civiles-truenan-contra-la-sst-tamaulipas","status":"publish","type":"post","link":"https:\/\/www.grieta.org.mx\/index.php\/2019\/03\/26\/ex-trabajadores-de-hospitales-civiles-truenan-contra-la-sst-tamaulipas\/","title":{"rendered":"Ex trabajadores de Hospitales Civiles truenan contra la SST (Tamaulipas)"},"content":{"rendered":"<p><img loading=\"lazy\" decoding=\"async\" data-attachment-id=\"31273\" data-permalink=\"https:\/\/www.grieta.org.mx\/index.php\/2019\/03\/26\/ex-trabajadores-de-hospitales-civiles-truenan-contra-la-sst-tamaulipas\/ex-trabajadores-de-hospitales-civiles-truenan-contra-la-sst-tama-mzo\/\" data-orig-file=\"https:\/\/www.grieta.org.mx\/wp-content\/uploads\/2019\/03\/Ex-trabajadores-de-Hospitales-Civiles-truenan-contra-la-SST-tama-mzo.jpg\" data-orig-size=\"1200,600\" data-comments-opened=\"0\" data-image-meta=\"{&quot;aperture&quot;:&quot;0&quot;,&quot;credit&quot;:&quot;&quot;,&quot;camera&quot;:&quot;&quot;,&quot;caption&quot;:&quot;&quot;,&quot;created_timestamp&quot;:&quot;0&quot;,&quot;copyright&quot;:&quot;&quot;,&quot;focal_length&quot;:&quot;0&quot;,&quot;iso&quot;:&quot;0&quot;,&quot;shutter_speed&quot;:&quot;0&quot;,&quot;title&quot;:&quot;&quot;,&quot;orientation&quot;:&quot;0&quot;}\" data-image-title=\"Ex trabajadores de Hospitales Civiles truenan contra la SST tama mzo\" data-image-description=\"\" data-image-caption=\"\" data-medium-file=\"https:\/\/www.grieta.org.mx\/wp-content\/uploads\/2019\/03\/Ex-trabajadores-de-Hospitales-Civiles-truenan-contra-la-SST-tama-mzo-300x150.jpg\" data-large-file=\"https:\/\/www.grieta.org.mx\/wp-content\/uploads\/2019\/03\/Ex-trabajadores-de-Hospitales-Civiles-truenan-contra-la-SST-tama-mzo-1024x512.jpg\" class=\"aligncenter  wp-image-31273\" src=\"http:\/\/www.grieta.org.mx\/wp-content\/uploads\/2019\/03\/Ex-trabajadores-de-Hospitales-Civiles-truenan-contra-la-SST-tama-mzo-300x150.jpg\" alt=\"\" width=\"364\" height=\"182\" srcset=\"https:\/\/www.grieta.org.mx\/wp-content\/uploads\/2019\/03\/Ex-trabajadores-de-Hospitales-Civiles-truenan-contra-la-SST-tama-mzo-300x150.jpg 300w, https:\/\/www.grieta.org.mx\/wp-content\/uploads\/2019\/03\/Ex-trabajadores-de-Hospitales-Civiles-truenan-contra-la-SST-tama-mzo-768x384.jpg 768w, https:\/\/www.grieta.org.mx\/wp-content\/uploads\/2019\/03\/Ex-trabajadores-de-Hospitales-Civiles-truenan-contra-la-SST-tama-mzo-1024x512.jpg 1024w, https:\/\/www.grieta.org.mx\/wp-content\/uploads\/2019\/03\/Ex-trabajadores-de-Hospitales-Civiles-truenan-contra-la-SST-tama-mzo-1000x500.jpg 1000w, https:\/\/www.grieta.org.mx\/wp-content\/uploads\/2019\/03\/Ex-trabajadores-de-Hospitales-Civiles-truenan-contra-la-SST-tama-mzo.jpg 1200w\" sizes=\"auto, (max-width: 364px) 100vw, 364px\" \/><br \/>\nGabriela Sustaita \/ El Mercurio<\/p>\n<blockquote><p>Expres\u00f3 que hasta hace dos a\u00f1os la Asociaci\u00f3n jubilados y pensionados hab\u00eda logrado renovar de manera anual y sin mayor problema el convenio suscrito, lo que les permit\u00eda poder acceder a incrementos salariales, bonos y otras prestaciones que ahora ya no se les quiere otorgar.<\/p><\/blockquote>\n<p>Por incumplir con el convenio bajo el cual se les j\u00fabilo, ex trabajadores de los Hospitales Civiles de Reynosa, Nuevo Laredo, Mante, Valle Hermoso y R\u00edo Bravo podr\u00edan demandar a la Secretar\u00eda de Salud de Tamaulipas.<br \/>\nEl Presidente de la Asociaci\u00f3n de Jubilados y Pensionados del OPD Salud,Guadalupe Navarro Alvizo, puntualizo que nivel estado son 160 los trabajadores fueron jubilados por el estado en 1997, cuando se dio la descentralizaci\u00f3n de las instituciones de salud y a quienes ahora no se les quiere reconocer y por lo tanto tampoco otorgar ning\u00fan beneficio, ya que nunca realizaron aportaciones a un fondo de pensi\u00f3n.<\/p>\n<p>Expres\u00f3 que hasta hace dos a\u00f1os la Asociaci\u00f3n jubilados y pensionados hab\u00eda logrado renovar de manera anual y sin mayor problema el convenio suscrito, lo que les permit\u00eda poder acceder a incrementos salariales, bonos y otras prestaciones que ahora ya no se les quiere otorgar.<\/p>\n<p>\u201cNos dicen que esos convenios no tienen validez, que no tenemos derecho a nada porque no tenemos un fondo de jubilaci\u00f3n, pero si nosotros hicimos ninguna aportaci\u00f3n cuando est\u00e1bamos activos no fue porque no quisi\u00e9ramos, sino porque nunca se nos pidi\u00f3 y eso no es culpa de nosotros\u201d, apunto.<\/p>\n<p>El l\u00edder del personal jubilado de los Hospitales Civiles se\u00f1alo que su \u00fanica petici\u00f3n es que se les reconozca y que se renueven los convenios, de otro modo, advirti\u00f3 que podr\u00edan llegar a demandar a la secretar\u00eda de salud en Tamaulipas.<\/p>\n<p>\u201cSi no nos quieren respetar, vamos a llevar el caso a los tribunales laborales; cuando nos jubilamos nunca pensamos que esto llegar\u00eda a suceder, sab\u00edamos que habr\u00eda cambios pero se supone que los cambios siempre son para mejorar no para afectar a los trabajadores\u201d.<\/p>\n<p>Navarro Alvizo aseguro que los incrementos al salario y en prestaciones que est\u00e1n solicitando representan un gasto m\u00ednimo, comparado con lo que eroga la secretar\u00eda de salud en sueldos del personal activo y particularmente de aquellos que se denominan como considerados \u201d hay 51 trabajadores considerados en el Hospital Civil de Victoria\u201d, y a quienes se les ha otorgado todas las facilidades para que puedan incorporarse a otras dependencias o incluso al mismo SUTSPET y seguir percibiendo el sueldo y las prestaciones de la n\u00f3mina del hospital Civil.<\/p>\n<p><a href=\"https:\/\/elmercurio.com.mx\/la-ciudad\/ex-trabajadores-de-hospitales-civiles-truenan-contra-la-sst\" target=\"_blank\" rel=\"noopener noreferrer\">https:\/\/elmercurio.com.mx\/la-ciudad\/ex-trabajadores-de-hospitales-civiles-truenan-contra-la-sst<\/a><\/p>\n","protected":false},"excerpt":{"rendered":"<p>Gabriela Sustaita \/ El Mercurio Expres\u00f3 que hasta hace dos a\u00f1os la Asociaci\u00f3n jubilados y pensionados hab\u00eda logrado renovar de manera anual y sin mayor problema el convenio suscrito, lo &hellip; <a href=\"https:\/\/www.grieta.org.mx\/index.php\/2019\/03\/26\/ex-trabajadores-de-hospitales-civiles-truenan-contra-la-sst-tamaulipas\/\" class=\"more-link\">Leer m\u00e1s<\/a><\/p>\n","protected":false},"author":2,"featured_media":31273,"comment_status":"closed","ping_status":"closed","sticky":false,"template":"","format":"standard","meta":{"ngg_post_thumbnail":0,"_jetpack_newsletter_access":"","_jetpack_dont_email_post_to_subs":false,"_jetpack_newsletter_tier_id":0,"_jetpack_memberships_contains_paywalled_content":false,"_jetpack_memberships_contains_paid_content":false,"footnotes":""},"categories":[80,910,1137,2,33,259,83],"tags":[2373,310,183,203,1290,2372],"class_list":{"0":"post-31272","1":"post","2":"type-post","3":"status-publish","4":"format-standard","5":"has-post-thumbnail","6":"hentry","7":"category-cintillo","8":"category-explotacion-y-precariedad-laboral","9":"category-explotacion-y-precariedad-laboral-en-tamaulipas","10":"category-noticias-nacionales","11":"category-tamaulipas","13":"category-temas-nacionales","14":"tag-hospital-civil","15":"tag-jubilados","16":"tag-manifestacion","17":"tag-pensionados","18":"tag-precariedad-laboral","19":"tag-secretaria-salud","20":"entry"},"jetpack_featured_media_url":"https:\/\/www.grieta.org.mx\/wp-content\/uploads\/2019\/03\/Ex-trabajadores-de-Hospitales-Civiles-truenan-contra-la-SST-tama-mzo.jpg","jetpack_sharing_enabled":true,"jetpack_shortlink":"https:\/\/wp.me\/p7ZJR4-88o","jetpack_likes_enabled":false,"jetpack-related-posts":[{"id":32445,"url":"https:\/\/www.grieta.org.mx\/index.php\/2019\/04\/23\/finanzas-del-issste-alarma-a-maestros-jubilados-de-tamaulipas\/","url_meta":{"origin":31272,"position":0},"title":"Finanzas del ISSSTE alarma a maestros jubilados de Tamaulipas","author":"grieta","date":"23 abril, 2019","format":false,"excerpt":"Antonio Hern\u00e1ndez \/ Milenio Solicitan a senadores y diputados que vean el tema de car\u00e1cter urgente tras el estatus preocupante que padecen los educadores. Las finanzas del ISSSTE son un tema muy delicado, que nos preocupa a los miles de maestros jubilados de Tamaulipas y del pa\u00eds y en general\u2026","rel":"","context":"En &quot;CINTILLO&quot;","block_context":{"text":"CINTILLO","link":"https:\/\/www.grieta.org.mx\/index.php\/category\/cintillo\/"},"img":{"alt_text":"","src":"https:\/\/i0.wp.com\/www.grieta.org.mx\/wp-content\/uploads\/2019\/04\/Finanzas-del-ISSSTE-alarma-a-maestros-jubilados-de-Tamaulipas-abr.jpg?resize=350%2C200&ssl=1","width":350,"height":200,"srcset":"https:\/\/i0.wp.com\/www.grieta.org.mx\/wp-content\/uploads\/2019\/04\/Finanzas-del-ISSSTE-alarma-a-maestros-jubilados-de-Tamaulipas-abr.jpg?resize=350%2C200&ssl=1 1x, https:\/\/i0.wp.com\/www.grieta.org.mx\/wp-content\/uploads\/2019\/04\/Finanzas-del-ISSSTE-alarma-a-maestros-jubilados-de-Tamaulipas-abr.jpg?resize=525%2C300&ssl=1 1.5x, https:\/\/i0.wp.com\/www.grieta.org.mx\/wp-content\/uploads\/2019\/04\/Finanzas-del-ISSSTE-alarma-a-maestros-jubilados-de-Tamaulipas-abr.jpg?resize=700%2C400&ssl=1 2x"},"classes":[]},{"id":22458,"url":"https:\/\/www.grieta.org.mx\/index.php\/2018\/03\/28\/el-grito-de-los-profes-jubilados-de-tamaulipas-al-issste-ya-pagame\/","url_meta":{"origin":31272,"position":1},"title":"El grito de los profes jubilados de Tamaulipas al ISSSTE \u00a1Ya p\u00e1game!","author":"grieta","date":"28 marzo, 2018","format":false,"excerpt":"Jos\u00e9 Gregorio Aguilar\/Gaceta Tamaulipas Ciudad Victoria, Tamaulipas.- En reclamo de los alrededor de 200 millones de pesos que se adeudan a unos 8 mil maestros en retiro por concepto de devoluci\u00f3n salarial, un grupo de jubilados y pensionados del SNTE se manifest\u00f3 este martes ante el Sistema de Ahorro para\u2026","rel":"","context":"En &quot;CINTILLO&quot;","block_context":{"text":"CINTILLO","link":"https:\/\/www.grieta.org.mx\/index.php\/category\/cintillo\/"},"img":{"alt_text":"","src":"https:\/\/i0.wp.com\/www.grieta.org.mx\/wp-content\/uploads\/2018\/04\/t4.jpg?resize=350%2C200&ssl=1","width":350,"height":200,"srcset":"https:\/\/i0.wp.com\/www.grieta.org.mx\/wp-content\/uploads\/2018\/04\/t4.jpg?resize=350%2C200&ssl=1 1x, https:\/\/i0.wp.com\/www.grieta.org.mx\/wp-content\/uploads\/2018\/04\/t4.jpg?resize=525%2C300&ssl=1 1.5x, https:\/\/i0.wp.com\/www.grieta.org.mx\/wp-content\/uploads\/2018\/04\/t4.jpg?resize=700%2C400&ssl=1 2x"},"classes":[]},{"id":62406,"url":"https:\/\/www.grieta.org.mx\/index.php\/2021\/10\/15\/pensionados-y-jubilados-embargan-y-quieren-rematar-casa-de-gobierno-colima\/","url_meta":{"origin":31272,"position":2},"title":"Pensionados y jubilados embargan y quieren rematar Casa de Gobierno (Colima)","author":"grieta","date":"15 octubre, 2021","format":false,"excerpt":"Foto: El Comentario Carlos A. Ar\u00e9valo \/ El Comentario Un grupo de jubilados y pensionados de confianza del Gobierno del estado, de manera simb\u00f3lica embargaron la Casa de Gobierno, ubicada en la ciudad de Colima, para rematar el inmueble y con ese recurso se les pague sus quincenas atrasadas. La\u2026","rel":"","context":"En &quot;CINTILLO&quot;","block_context":{"text":"CINTILLO","link":"https:\/\/www.grieta.org.mx\/index.php\/category\/cintillo\/"},"img":{"alt_text":"","src":"https:\/\/i0.wp.com\/www.grieta.org.mx\/wp-content\/uploads\/2021\/10\/37057b1468d8a49389439a93ab2be3c1.jpeg?resize=350%2C200&ssl=1","width":350,"height":200,"srcset":"https:\/\/i0.wp.com\/www.grieta.org.mx\/wp-content\/uploads\/2021\/10\/37057b1468d8a49389439a93ab2be3c1.jpeg?resize=350%2C200&ssl=1 1x, https:\/\/i0.wp.com\/www.grieta.org.mx\/wp-content\/uploads\/2021\/10\/37057b1468d8a49389439a93ab2be3c1.jpeg?resize=525%2C300&ssl=1 1.5x, https:\/\/i0.wp.com\/www.grieta.org.mx\/wp-content\/uploads\/2021\/10\/37057b1468d8a49389439a93ab2be3c1.jpeg?resize=700%2C400&ssl=1 2x"},"classes":[]},{"id":32451,"url":"https:\/\/www.grieta.org.mx\/index.php\/2019\/04\/23\/les-incumplen-en-pago-y-cierran-direccion-de-hospital-de-altamira-tamaulipas\/","url_meta":{"origin":31272,"position":3},"title":"Les incumplen en pago y cierran Direcci\u00f3n de hospital de Altamira (Tamaulipas)","author":"grieta","date":"23 abril, 2019","format":false,"excerpt":"Jes\u00fas Alberto Garc\u00eda \/ Tamaulipas Trabajadores del nosocomio Rodolfo Torre Cant\u00fa, manifestaron su inconformidad de un pago prometido por el Estado, al aseguran que solo un 30 por ciento les dieron. Sigue la inconformidad de los trabajadores del Hospital General de Altamira \"Rodolfo Torre Cant\u00fa\" debido a que nada m\u00e1s\u2026","rel":"","context":"En &quot;CINTILLO&quot;","block_context":{"text":"CINTILLO","link":"https:\/\/www.grieta.org.mx\/index.php\/category\/cintillo\/"},"img":{"alt_text":"","src":"https:\/\/i0.wp.com\/www.grieta.org.mx\/wp-content\/uploads\/2019\/04\/Les-incumplen-en-pago-y-cierran-Direcci%C3%B3n-de-hospital-de-Altamira-tama-abr.jpg?resize=350%2C200&ssl=1","width":350,"height":200,"srcset":"https:\/\/i0.wp.com\/www.grieta.org.mx\/wp-content\/uploads\/2019\/04\/Les-incumplen-en-pago-y-cierran-Direcci%C3%B3n-de-hospital-de-Altamira-tama-abr.jpg?resize=350%2C200&ssl=1 1x, https:\/\/i0.wp.com\/www.grieta.org.mx\/wp-content\/uploads\/2019\/04\/Les-incumplen-en-pago-y-cierran-Direcci%C3%B3n-de-hospital-de-Altamira-tama-abr.jpg?resize=525%2C300&ssl=1 1.5x, https:\/\/i0.wp.com\/www.grieta.org.mx\/wp-content\/uploads\/2019\/04\/Les-incumplen-en-pago-y-cierran-Direcci%C3%B3n-de-hospital-de-Altamira-tama-abr.jpg?resize=700%2C400&ssl=1 2x"},"classes":[]},{"id":28417,"url":"https:\/\/www.grieta.org.mx\/index.php\/2019\/01\/18\/denuncian-tortuguismo-de-conciliacion-en-tamaulipas-en-demandas-contra-salud\/","url_meta":{"origin":31272,"position":4},"title":"Denuncian tortuguismo de Conciliaci\u00f3n en Tamaulipas en demandas contra Salud","author":"grieta","date":"18 enero, 2019","format":false,"excerpt":"Carlos Ju\u00e1rez \/ hoytamaulipas El representante de los trabajadores eventuales de Salud en Tamaulipas, Daniel Alejandro Olvera, se\u00f1al\u00f3 que tambi\u00e9n acudieron al Tribunal de la Federaci\u00f3n, pero tampoco ah\u00ed les dan respuesta Altamira, Tamaulipas.- Trabajadores eventuales denunciaron el \"tortuguismo\" con el que trabajan las oficinas de Conciliaci\u00f3n de Tamaulipas, al\u2026","rel":"","context":"En &quot;CINTILLO&quot;","block_context":{"text":"CINTILLO","link":"https:\/\/www.grieta.org.mx\/index.php\/category\/cintillo\/"},"img":{"alt_text":"","src":"https:\/\/i0.wp.com\/www.grieta.org.mx\/wp-content\/uploads\/2019\/01\/Denuncian-tortuguismo-de-Conciliacion-en-Tamaulipas-en-demandas-contra-Salud.jpg?resize=350%2C200&ssl=1","width":350,"height":200,"srcset":"https:\/\/i0.wp.com\/www.grieta.org.mx\/wp-content\/uploads\/2019\/01\/Denuncian-tortuguismo-de-Conciliacion-en-Tamaulipas-en-demandas-contra-Salud.jpg?resize=350%2C200&ssl=1 1x, https:\/\/i0.wp.com\/www.grieta.org.mx\/wp-content\/uploads\/2019\/01\/Denuncian-tortuguismo-de-Conciliacion-en-Tamaulipas-en-demandas-contra-Salud.jpg?resize=525%2C300&ssl=1 1.5x, https:\/\/i0.wp.com\/www.grieta.org.mx\/wp-content\/uploads\/2019\/01\/Denuncian-tortuguismo-de-Conciliacion-en-Tamaulipas-en-demandas-contra-Salud.jpg?resize=700%2C400&ssl=1 2x"},"classes":[]},{"id":63283,"url":"https:\/\/www.grieta.org.mx\/index.php\/2022\/02\/03\/afectados-desde-hace-tres-anos-5-mil-jubilados-y-pensionados-del-issste-por-impago-de-retroactivo-salarial-colima\/","url_meta":{"origin":31272,"position":5},"title":"Afectados desde hace tres a\u00f1os 5 mil jubilados y pensionados del ISSSTE por impago de retroactivo salarial (Colima)","author":"grieta","date":"3 febrero, 2022","format":false,"excerpt":"Foto: El Comentario Francis Bravo \/ El Comentario El presidente de la Asociaci\u00f3n de Jubilados y Adultos Mayores,\u00a0Manuel Godina Velasco, denunci\u00f3 que desde hace tres a\u00f1os, a alrededor de 5 mil\u00a0jubilados\u00a0y\u00a0pensionados\u00a0del\u00a0ISSSTE\u00a0en Colima, se les est\u00e1 afectando al no entregarles el\u00a0retroactivo\u00a0del\u00a0incremento salarial, el cual representa este a\u00f1o casi 2 mil pesos.\u2026","rel":"","context":"En &quot;CINTILLO&quot;","block_context":{"text":"CINTILLO","link":"https:\/\/www.grieta.org.mx\/index.php\/category\/cintillo\/"},"img":{"alt_text":"","src":"https:\/\/i0.wp.com\/www.grieta.org.mx\/wp-content\/uploads\/2022\/02\/ad1feba6468a84a41854dcfb6ccabec2.jpg?resize=350%2C200&ssl=1","width":350,"height":200,"srcset":"https:\/\/i0.wp.com\/www.grieta.org.mx\/wp-content\/uploads\/2022\/02\/ad1feba6468a84a41854dcfb6ccabec2.jpg?resize=350%2C200&ssl=1 1x, https:\/\/i0.wp.com\/www.grieta.org.mx\/wp-content\/uploads\/2022\/02\/ad1feba6468a84a41854dcfb6ccabec2.jpg?resize=525%2C300&ssl=1 1.5x, https:\/\/i0.wp.com\/www.grieta.org.mx\/wp-content\/uploads\/2022\/02\/ad1feba6468a84a41854dcfb6ccabec2.jpg?resize=700%2C400&ssl=1 2x"},"classes":[]}],"_links":{"self":[{"href":"https:\/\/www.grieta.org.mx\/index.php\/wp-json\/wp\/v2\/posts\/31272","targetHints":{"allow":["GET"]}}],"collection":[{"href":"https:\/\/www.grieta.org.mx\/index.php\/wp-json\/wp\/v2\/posts"}],"about":[{"href":"https:\/\/www.grieta.org.mx\/index.php\/wp-json\/wp\/v2\/types\/post"}],"author":[{"embeddable":true,"href":"https:\/\/www.grieta.org.mx\/index.php\/wp-json\/wp\/v2\/users\/2"}],"replies":[{"embeddable":true,"href":"https:\/\/www.grieta.org.mx\/index.php\/wp-json\/wp\/v2\/comments?post=31272"}],"version-history":[{"count":1,"href":"https:\/\/www.grieta.org.mx\/index.php\/wp-json\/wp\/v2\/posts\/31272\/revisions"}],"predecessor-version":[{"id":31274,"href":"https:\/\/www.grieta.org.mx\/index.php\/wp-json\/wp\/v2\/posts\/31272\/revisions\/31274"}],"wp:featuredmedia":[{"embeddable":true,"href":"https:\/\/www.grieta.org.mx\/index.php\/wp-json\/wp\/v2\/media\/31273"}],"wp:attachment":[{"href":"https:\/\/www.grieta.org.mx\/index.php\/wp-json\/wp\/v2\/media?parent=31272"}],"wp:term":[{"taxonomy":"category","embeddable":true,"href":"https:\/\/www.grieta.org.mx\/index.php\/wp-json\/wp\/v2\/categories?post=31272"},{"taxonomy":"post_tag","embeddable":true,"href":"https:\/\/www.grieta.org.mx\/index.php\/wp-json\/wp\/v2\/tags?post=31272"}],"curies":[{"name":"wp","href":"https:\/\/api.w.org\/{rel}","templated":true}]}}