{"id":31211,"date":"2019-03-22T18:31:59","date_gmt":"2019-03-23T00:31:59","guid":{"rendered":"http:\/\/www.grieta.org.mx\/?p=31211"},"modified":"2019-03-25T18:35:36","modified_gmt":"2019-03-26T00:35:36","slug":"sener-reinicia-consulta-indigena-en-union-hidalgo-por-eolica-gunaa-sicaru-pese-a-criminalizacion-de-defensores-oaxaca","status":"publish","type":"post","link":"https:\/\/www.grieta.org.mx\/index.php\/2019\/03\/22\/sener-reinicia-consulta-indigena-en-union-hidalgo-por-eolica-gunaa-sicaru-pese-a-criminalizacion-de-defensores-oaxaca\/","title":{"rendered":"Sener reinicia consulta ind\u00edgena en Uni\u00f3n Hidalgo por e\u00f3lica Gunaa Sicar\u00fa pese a criminalizaci\u00f3n de defensores (Oaxaca)"},"content":{"rendered":"<p>P\u00e1gina 3.<\/p>\n<p>Pedro Mat\u00edas,<\/p>\n<p><img loading=\"lazy\" decoding=\"async\" data-attachment-id=\"31212\" data-permalink=\"https:\/\/www.grieta.org.mx\/index.php\/2019\/03\/22\/sener-reinicia-consulta-indigena-en-union-hidalgo-por-eolica-gunaa-sicaru-pese-a-criminalizacion-de-defensores-oaxaca\/eolicas-3\/\" data-orig-file=\"https:\/\/www.grieta.org.mx\/wp-content\/uploads\/2019\/03\/eolicas-1.jpg\" data-orig-size=\"950,480\" data-comments-opened=\"0\" data-image-meta=\"{&quot;aperture&quot;:&quot;0&quot;,&quot;credit&quot;:&quot;&quot;,&quot;camera&quot;:&quot;&quot;,&quot;caption&quot;:&quot;&quot;,&quot;created_timestamp&quot;:&quot;0&quot;,&quot;copyright&quot;:&quot;&quot;,&quot;focal_length&quot;:&quot;0&quot;,&quot;iso&quot;:&quot;0&quot;,&quot;shutter_speed&quot;:&quot;0&quot;,&quot;title&quot;:&quot;&quot;,&quot;orientation&quot;:&quot;1&quot;}\" data-image-title=\"eolicas\" data-image-description=\"\" data-image-caption=\"\" data-medium-file=\"https:\/\/www.grieta.org.mx\/wp-content\/uploads\/2019\/03\/eolicas-1-300x152.jpg\" data-large-file=\"https:\/\/www.grieta.org.mx\/wp-content\/uploads\/2019\/03\/eolicas-1.jpg\" src=\"http:\/\/www.grieta.org.mx\/wp-content\/uploads\/2019\/03\/eolicas-1-300x152.jpg\" alt=\"\" width=\"300\" height=\"152\" class=\"aligncenter size-medium wp-image-31212\" srcset=\"https:\/\/www.grieta.org.mx\/wp-content\/uploads\/2019\/03\/eolicas-1-300x152.jpg 300w, https:\/\/www.grieta.org.mx\/wp-content\/uploads\/2019\/03\/eolicas-1-768x388.jpg 768w, https:\/\/www.grieta.org.mx\/wp-content\/uploads\/2019\/03\/eolicas-1.jpg 950w\" sizes=\"auto, (max-width: 300px) 100vw, 300px\" \/><\/p>\n<p>Oaxaca, Oax.- A pesar del hostigamiento, criminalizaci\u00f3n, amenazas, intimidaciones y agresiones en contra de defensores comunitarios de Uni\u00f3n Hidalgo que se oponen al proyecto Central E\u00f3lica Gunaa Sicar\u00fa, la Secretar\u00eda de Energ\u00eda convoc\u00f3 para este s\u00e1bado 23 de marzo a la comunidad de Ranchu Gubi\u00f1a a una asamblea comunitaria, en el marco de la Fase de Acuerdos Previos del \u201cProcedimiento de consulta, previa, libre e informada\u201d.<\/p>\n<p>As\u00ed lo dio a conocer la organizaci\u00f3n Proyecto de Derechos Econ\u00f3micos, Sociales y Culturales (ProDESC) que acompa\u00f1a jur\u00eddicamente a la comunidad de Uni\u00f3n Hidalgo contra la construcci\u00f3n y operaci\u00f3n del parque e\u00f3lico impulsado por la empresa EDF.<\/p>\n<p>Considera que este primer proceso de consulta ind\u00edgena impulsado por la nueva administraci\u00f3n, significa, una oportunidad del gobierno de Andr\u00e9s Manuel L\u00f3pez Obrador para poner en pr\u00e1ctica, lo que en forma discursiva ha dicho sobre garantizar los derechos de los Pueblos Ind\u00edgenas y de demostrar que hay una voluntad pol\u00edtica de cambiar las condiciones de desigualdad a las que han sometido a los pueblos originarios\u201d.<\/p>\n<p>ProDESC resalt\u00f3 que ante la reactivaci\u00f3n del Proceso de Consulta Ind\u00edgena en Uni\u00f3n Hidalgo, por parte de Direcci\u00f3n de Impacto Social y Ocupaci\u00f3n Superficial de la Secretar\u00eda de Energ\u00eda (SENER), es necesario que se conozcan agresiones por parte de actores con intereses econ\u00f3micos en megaproyectos de energ\u00eda e\u00f3lica, en contra de defensores comunitarios de Uni\u00f3n Hidalgo, ya que lo anterior vulnera el car\u00e1cter libre de la consulta.<\/p>\n<p>Record\u00f3 que debido a la posible instalaci\u00f3n del parque e\u00f3lico impulsado por la empresa EDF y por la sentencia de amparo dictada a favor de la comunidad de Uni\u00f3n Hidalgo, por el juzgado primero de distrito del estado de Oaxaca, en octubre de 2018; la Direcci\u00f3n General de Impacto Social y Ocupaci\u00f3n Superficial de la Secretar\u00eda de Energ\u00eda, convoca a una asamblea comunitaria sobre la construcci\u00f3n y operaci\u00f3n del proyecto Central E\u00f3lica Gunaa Sicar\u00fa.<\/p>\n<p>De acuerdo a la sentencia de amparo, SENER est\u00e1 obligada a garantizar las condiciones m\u00ednimas de seguridad para la poblaci\u00f3n que participe en el proceso de consulta. Es decir, SENER no solamente tiene la obligaci\u00f3n de llevar a cabo una consulta, sino que tiene la responsabilidad de cumplir con los est\u00e1ndares mandatados por la propia sentencia.<\/p>\n<p>ProDesc destac\u00f3 que ha sido un proceso donde se han detectado de forma oportuna, la falta de condiciones adecuadas para llevar a cabo la consulta ind\u00edgena de acuerdo con los altos est\u00e1ndares internacionales por lo que esperan la presencia de organismos internacionales y aut\u00f3nomos de derechos humanos.<\/p>\n<p>Consideran que este proceso de consulta debe tener una participaci\u00f3n efectiva de todos los sectores de la comunidad, en una forma culturalmente adecuada.<\/p>\n<p>Y es que a partir de los intentos de inicio del proceso de consulta ind\u00edgena, se ha registrado un aumento significativo en la situaci\u00f3n de riesgo de integrantes de la comunidad de Uni\u00f3n Hidalgo.<\/p>\n<p>Cabe se\u00f1alar que desde 2013 la comunidad de Uni\u00f3n Hidalgo es beneficiaria de medidas cautelares comunitarias, otorgadas por la Defensor\u00eda de los Derechos Humanos del Pueblo de Oaxaca porque exige una rendici\u00f3n de cuentas por parte de las autoridades y de las empresas.<\/p>\n<p>As\u00ed como hacer valer su derecho al acceso a la informaci\u00f3n y a la participaci\u00f3n en asuntos p\u00fablicos, sin embargo, ambos se les han negado, no solamente por parte del estado, sino tambi\u00e9n, por parte de la empresa.<\/p>\n<p>Al contrario, se\u00f1alan que las empresas y sus representantes han impulsado un patr\u00f3n de violaciones frente al pueblo ind\u00edgena y la comunidad agraria, omitiendo el car\u00e1cter de propiedad social de las tierras y la caracter\u00edstica de generar acuerdos mediante un consenso comunitario para la toma de decisiones trascendentales.<\/p>\n<p>Muestra de ello es que representantes de empresas y comit\u00e9s de propietarios de la comunidad se acercan de manera particular a la poblaci\u00f3n para hablar de los beneficios econ\u00f3micos y las bondades particulares si acceden al arrendamiento de sus parcelas que tienen en posesi\u00f3n.<\/p>\n<p>Esto ha sucedido desde 2004 cuando comienzan a llegar los megaproyectos de<\/p>\n<p>energ\u00eda e\u00f3lica en la regi\u00f3n, las empresas buscan enganchar a familias completas mediante un \u201cpago de apartado de tierras\u201d, es decir, entrega de dinero para garantizar que las personas se comprometan a impulsar los proyectos antes de darlo a conocer en la poblaci\u00f3n en general.<\/p>\n<p>Este patr\u00f3n genera una fragmentaci\u00f3n de las relaciones al interior de la comunidad y tensi\u00f3n entre los diferentes actores de la comunidad.<\/p>\n<p>Y cit\u00f3 como ejemplo el proceso de consulta ind\u00edgena que se ha impulsado desde 20017 y 2018 para el proyecto de la empresa EDF y su filial E\u00f3lica de Oaxaca S.A de C.V. Hasta el momento se han realizado dos sesiones de la etapa de \u201cacuerdos previos\u201d, reuniones que se han llevado a cabo mediante gritos, acusaciones y tensiones entre los asistentes.<\/p>\n<p><a href=\"https:\/\/pagina3.mx\/2019\/03\/sener-reinicia-consulta-indigena-en-union-hidalgo-por-eolica-gunaa-sicaru-pese-a-criminalizacion-de-defensores\/\" rel=\"noopener noreferrer\" target=\"_blank\">https:\/\/pagina3.mx\/2019\/03\/sener-reinicia-consulta-indigena-en-union-hidalgo-por-eolica-gunaa-sicaru-pese-a-criminalizacion-de-defensores\/<\/a><\/p>\n","protected":false},"excerpt":{"rendered":"<p>P\u00e1gina 3. Pedro Mat\u00edas, Oaxaca, Oax.- A pesar del hostigamiento, criminalizaci\u00f3n, amenazas, intimidaciones y agresiones en contra de defensores comunitarios de Uni\u00f3n Hidalgo que se oponen al proyecto Central E\u00f3lica &hellip; <a href=\"https:\/\/www.grieta.org.mx\/index.php\/2019\/03\/22\/sener-reinicia-consulta-indigena-en-union-hidalgo-por-eolica-gunaa-sicaru-pese-a-criminalizacion-de-defensores-oaxaca\/\" class=\"more-link\">Leer m\u00e1s<\/a><\/p>\n","protected":false},"author":2,"featured_media":31212,"comment_status":"closed","ping_status":"closed","sticky":false,"template":"","format":"standard","meta":{"ngg_post_thumbnail":0,"_jetpack_newsletter_access":"","_jetpack_dont_email_post_to_subs":false,"_jetpack_newsletter_tier_id":0,"_jetpack_memberships_contains_paywalled_content":false,"_jetpack_memberships_contains_paid_content":false,"footnotes":""},"categories":[80,1358,1708,2,25],"tags":[],"class_list":["post-31211","post","type-post","status-publish","format-standard","has-post-thumbnail","hentry","category-cintillo","category-conflictos-por-megaproyectos-en-oaxaca","category-corredor-del-istmo-de-tehuantepec","category-noticias-nacionales","category-oaxaca","entry"],"jetpack_featured_media_url":"https:\/\/www.grieta.org.mx\/wp-content\/uploads\/2019\/03\/eolicas-1.jpg","jetpack_sharing_enabled":true,"jetpack_shortlink":"https:\/\/wp.me\/p7ZJR4-87p","jetpack_likes_enabled":false,"jetpack-related-posts":[{"id":63350,"url":"https:\/\/www.grieta.org.mx\/index.php\/2022\/02\/11\/istmo-de-tehuantepec-intentan-asesinar-a-defensor-del-territorio-en-union-hidalgo-oaxaca\/","url_meta":{"origin":31211,"position":0},"title":"Istmo de Tehuantepec: Intentan asesinar a defensor del territorio en Uni\u00f3n Hidalgo (Oaxaca)","author":"grieta","date":"11 febrero, 2022","format":false,"excerpt":"Avispa Midia \/ Redacci\u00f3n. El jueves (10), Edgar Mart\u00edn Regalado, integrante del Colectivo en Defensa de los Derechos Humanos y de los Bienes Comunales de Uni\u00f3n Hidalgo, en el Istmo de Tehuantepec, fue v\u00edctima de un atentado con arma de fuego desde un veh\u00edculo en movimiento cuando se trasladaba en\u2026","rel":"","context":"En &quot;CINTILLO&quot;","block_context":{"text":"CINTILLO","link":"https:\/\/www.grieta.org.mx\/index.php\/category\/cintillo\/"},"img":{"alt_text":"","src":"https:\/\/i0.wp.com\/www.grieta.org.mx\/wp-content\/uploads\/2022\/02\/Avispa-1.jpg?resize=350%2C200&ssl=1","width":350,"height":200,"srcset":"https:\/\/i0.wp.com\/www.grieta.org.mx\/wp-content\/uploads\/2022\/02\/Avispa-1.jpg?resize=350%2C200&ssl=1 1x, https:\/\/i0.wp.com\/www.grieta.org.mx\/wp-content\/uploads\/2022\/02\/Avispa-1.jpg?resize=525%2C300&ssl=1 1.5x, https:\/\/i0.wp.com\/www.grieta.org.mx\/wp-content\/uploads\/2022\/02\/Avispa-1.jpg?resize=700%2C400&ssl=1 2x"},"classes":[]},{"id":24672,"url":"https:\/\/www.grieta.org.mx\/index.php\/2018\/06\/20\/la-defensoria-de-oaxaca-emite-alerta-temprana-para-proteger-a-opositores-de-megaproyectos-de-energia-eolica\/","url_meta":{"origin":31211,"position":1},"title":"La Defensor\u00eda de Oaxaca emite \u201calerta temprana\u201d para proteger a opositores de megaproyectos de energ\u00eda e\u00f3lica","author":"grieta","date":"20 junio, 2018","format":false,"excerpt":"Proceso. Pedro Mat\u00edas, Oaxaca (apro.).-La Defensor\u00eda de los Derechos Humanos del Pueblo de Oaxaca emiti\u00f3 una \u201calerta temprana\u201d por la situaci\u00f3n de \u201calto riesgo\u201d que enfrentan ind\u00edgenas zapotecas de Uni\u00f3n Hidalgo por su oposici\u00f3n a megaproyectos de energ\u00eda e\u00f3lica en la regi\u00f3n del Istmo de Tehuantepec. Uno de los parques\u2026","rel":"","context":"En &quot;CINTILLO&quot;","block_context":{"text":"CINTILLO","link":"https:\/\/www.grieta.org.mx\/index.php\/category\/cintillo\/"},"img":{"alt_text":"","src":"https:\/\/i0.wp.com\/www.grieta.org.mx\/wp-content\/uploads\/2018\/07\/antie%C3%B3licos.png?resize=350%2C200&ssl=1","width":350,"height":200,"srcset":"https:\/\/i0.wp.com\/www.grieta.org.mx\/wp-content\/uploads\/2018\/07\/antie%C3%B3licos.png?resize=350%2C200&ssl=1 1x, https:\/\/i0.wp.com\/www.grieta.org.mx\/wp-content\/uploads\/2018\/07\/antie%C3%B3licos.png?resize=525%2C300&ssl=1 1.5x"},"classes":[]},{"id":54274,"url":"https:\/\/www.grieta.org.mx\/index.php\/2020\/10\/14\/presenta-demanda-civil-pueblo-zapoteca-vs-eolica-en-corte-de-paris-oaxaca\/","url_meta":{"origin":31211,"position":2},"title":"Presenta demanda civil pueblo zapoteca vs e\u00f3lica en Corte de Par\u00eds (Oaxaca)","author":"grieta","date":"14 octubre, 2020","format":false,"excerpt":"P\u00e1gina 3 \/ Pedro Mat\u00edas. -Piden la suspensi\u00f3n del parque Gunaa Sicar\u00fa. -Es la una acci\u00f3n legal in\u00e9dita presentada por una comunidad ind\u00edgena contra empresa francesa EDF. -Pueblo zapoteca vs e\u00f3lica OAXACA.- La comunidad ind\u00edgena de Uni\u00f3n Hidalgo present\u00f3 hoy una demanda civil ante la Corte de Par\u00cds, Francia, en\u2026","rel":"","context":"En &quot;CINTILLO&quot;","block_context":{"text":"CINTILLO","link":"https:\/\/www.grieta.org.mx\/index.php\/category\/cintillo\/"},"img":{"alt_text":"","src":"https:\/\/i0.wp.com\/www.grieta.org.mx\/wp-content\/uploads\/2020\/10\/1-4.jpg?resize=350%2C200&ssl=1","width":350,"height":200,"srcset":"https:\/\/i0.wp.com\/www.grieta.org.mx\/wp-content\/uploads\/2020\/10\/1-4.jpg?resize=350%2C200&ssl=1 1x, https:\/\/i0.wp.com\/www.grieta.org.mx\/wp-content\/uploads\/2020\/10\/1-4.jpg?resize=525%2C300&ssl=1 1.5x, https:\/\/i0.wp.com\/www.grieta.org.mx\/wp-content\/uploads\/2020\/10\/1-4.jpg?resize=700%2C400&ssl=1 2x"},"classes":[]},{"id":45623,"url":"https:\/\/www.grieta.org.mx\/index.php\/2020\/02\/26\/murat-desacata-sentencia-e-impulsa-consultas-simuladas-para-parque-eolico-oaxaca\/","url_meta":{"origin":31211,"position":3},"title":"Murat desacata sentencia e impulsa \u201cconsultas simuladas\u201d para parque e\u00f3lico (Oaxaca)","author":"grieta","date":"26 febrero, 2020","format":false,"excerpt":"Proceso \/ Pedro Mat\u00edas. Oaxaca, Oax.- El gobierno de Alejandro Murat Hinojosa desacat\u00f3 la sentencia de amparo dictada por la titular del Juzgado Primero de Distrito en el estado de Oaxaca, Elizabeth Franco Cervantes, al suplantar a las autoridades federales para impulsar \u201cconsultas simuladas\u201d en Uni\u00f3n Hidalgo y aprobar la\u2026","rel":"","context":"En &quot;CINTILLO&quot;","block_context":{"text":"CINTILLO","link":"https:\/\/www.grieta.org.mx\/index.php\/category\/cintillo\/"},"img":{"alt_text":"","src":"https:\/\/i0.wp.com\/www.grieta.org.mx\/wp-content\/uploads\/2020\/03\/a.jpg?resize=350%2C200&ssl=1","width":350,"height":200,"srcset":"https:\/\/i0.wp.com\/www.grieta.org.mx\/wp-content\/uploads\/2020\/03\/a.jpg?resize=350%2C200&ssl=1 1x, https:\/\/i0.wp.com\/www.grieta.org.mx\/wp-content\/uploads\/2020\/03\/a.jpg?resize=525%2C300&ssl=1 1.5x, https:\/\/i0.wp.com\/www.grieta.org.mx\/wp-content\/uploads\/2020\/03\/a.jpg?resize=700%2C400&ssl=1 2x"},"classes":[]},{"id":63109,"url":"https:\/\/www.grieta.org.mx\/index.php\/2022\/01\/17\/zapotecas-clasifican-como-acto-coercitivo-reinicio-de-consulta-de-la-eolica-edf-oaxaca\/","url_meta":{"origin":31211,"position":4},"title":"Zapotecas clasifican como \u201cacto coercitivo\u201d reinicio de consulta de la e\u00f3lica EDF (Oaxaca)","author":"grieta","date":"17 enero, 2022","format":false,"excerpt":"Avispa Midia \/ Sara Frabes. Este domingo (16), el ayuntamiento municipal de Uni\u00f3n Hidalgo, en el Istmo de Tehuantepec, ha difundido la convocatoria para el reinicio de la Consulta Ind\u00edgena para la instalaci\u00f3n del parque e\u00f3lico de la empresa \u00c9lectricit\u00e9 de France (EDF). El proceso de consulta, iniciado en abril\u2026","rel":"","context":"En &quot;CINTILLO&quot;","block_context":{"text":"CINTILLO","link":"https:\/\/www.grieta.org.mx\/index.php\/category\/cintillo\/"},"img":{"alt_text":"","src":"https:\/\/i0.wp.com\/www.grieta.org.mx\/wp-content\/uploads\/2022\/01\/Union-Hidalgo-Istmo.jpg?resize=350%2C200&ssl=1","width":350,"height":200,"srcset":"https:\/\/i0.wp.com\/www.grieta.org.mx\/wp-content\/uploads\/2022\/01\/Union-Hidalgo-Istmo.jpg?resize=350%2C200&ssl=1 1x, https:\/\/i0.wp.com\/www.grieta.org.mx\/wp-content\/uploads\/2022\/01\/Union-Hidalgo-Istmo.jpg?resize=525%2C300&ssl=1 1.5x, https:\/\/i0.wp.com\/www.grieta.org.mx\/wp-content\/uploads\/2022\/01\/Union-Hidalgo-Istmo.jpg?resize=700%2C400&ssl=1 2x"},"classes":[]},{"id":54278,"url":"https:\/\/www.grieta.org.mx\/index.php\/2020\/10\/15\/comunidad-indigena-de-oaxaca-demanda-al-gigante-energetico-electricite-de-france-oaxaca\/","url_meta":{"origin":31211,"position":5},"title":"Comunidad ind\u00edgena de Oaxaca demanda al gigante energ\u00e9tico Electricit\u00e9 de France (Oaxaca)","author":"grieta","date":"15 octubre, 2020","format":false,"excerpt":"Proceso \/ Pedro Mat\u00edas. La inconformidad de la comunidad zapoteca, por un proyecto e\u00f3lico de Electricit\u00e9 De France. Foto: Especial. OAXACA, Oax. (apro).- La comunidad ind\u00edgena de Uni\u00f3n Hidalgo present\u00f3 una demanda civil ante la Corte de Paris, Francia, en contra del gigante energ\u00e9tico Electricit\u00e9 de France (EDF), el cual\u2026","rel":"","context":"En &quot;CINTILLO&quot;","block_context":{"text":"CINTILLO","link":"https:\/\/www.grieta.org.mx\/index.php\/category\/cintillo\/"},"img":{"alt_text":"","src":"https:\/\/i0.wp.com\/www.grieta.org.mx\/wp-content\/uploads\/2020\/10\/a-1.jpg?resize=350%2C200&ssl=1","width":350,"height":200,"srcset":"https:\/\/i0.wp.com\/www.grieta.org.mx\/wp-content\/uploads\/2020\/10\/a-1.jpg?resize=350%2C200&ssl=1 1x, https:\/\/i0.wp.com\/www.grieta.org.mx\/wp-content\/uploads\/2020\/10\/a-1.jpg?resize=525%2C300&ssl=1 1.5x, https:\/\/i0.wp.com\/www.grieta.org.mx\/wp-content\/uploads\/2020\/10\/a-1.jpg?resize=700%2C400&ssl=1 2x, https:\/\/i0.wp.com\/www.grieta.org.mx\/wp-content\/uploads\/2020\/10\/a-1.jpg?resize=1050%2C600&ssl=1 3x"},"classes":[]}],"_links":{"self":[{"href":"https:\/\/www.grieta.org.mx\/index.php\/wp-json\/wp\/v2\/posts\/31211","targetHints":{"allow":["GET"]}}],"collection":[{"href":"https:\/\/www.grieta.org.mx\/index.php\/wp-json\/wp\/v2\/posts"}],"about":[{"href":"https:\/\/www.grieta.org.mx\/index.php\/wp-json\/wp\/v2\/types\/post"}],"author":[{"embeddable":true,"href":"https:\/\/www.grieta.org.mx\/index.php\/wp-json\/wp\/v2\/users\/2"}],"replies":[{"embeddable":true,"href":"https:\/\/www.grieta.org.mx\/index.php\/wp-json\/wp\/v2\/comments?post=31211"}],"version-history":[{"count":1,"href":"https:\/\/www.grieta.org.mx\/index.php\/wp-json\/wp\/v2\/posts\/31211\/revisions"}],"predecessor-version":[{"id":31213,"href":"https:\/\/www.grieta.org.mx\/index.php\/wp-json\/wp\/v2\/posts\/31211\/revisions\/31213"}],"wp:featuredmedia":[{"embeddable":true,"href":"https:\/\/www.grieta.org.mx\/index.php\/wp-json\/wp\/v2\/media\/31212"}],"wp:attachment":[{"href":"https:\/\/www.grieta.org.mx\/index.php\/wp-json\/wp\/v2\/media?parent=31211"}],"wp:term":[{"taxonomy":"category","embeddable":true,"href":"https:\/\/www.grieta.org.mx\/index.php\/wp-json\/wp\/v2\/categories?post=31211"},{"taxonomy":"post_tag","embeddable":true,"href":"https:\/\/www.grieta.org.mx\/index.php\/wp-json\/wp\/v2\/tags?post=31211"}],"curies":[{"name":"wp","href":"https:\/\/api.w.org\/{rel}","templated":true}]}}