{"id":31174,"date":"2019-03-22T12:35:31","date_gmt":"2019-03-22T18:35:31","guid":{"rendered":"http:\/\/www.grieta.org.mx\/?p=31174"},"modified":"2019-03-25T12:48:35","modified_gmt":"2019-03-25T18:48:35","slug":"50-estancias-en-guanajuato-cerraron-por-recorte-otras-30-estan-en-riesgo","status":"publish","type":"post","link":"https:\/\/www.grieta.org.mx\/index.php\/2019\/03\/22\/50-estancias-en-guanajuato-cerraron-por-recorte-otras-30-estan-en-riesgo\/","title":{"rendered":"50 estancias en Guanajuato cerraron por recorte; otras 30 est\u00e1n en riesgo"},"content":{"rendered":"<figure id=\"attachment_31175\" aria-describedby=\"caption-attachment-31175\" style=\"width: 1024px\" class=\"wp-caption aligncenter\"><img loading=\"lazy\" decoding=\"async\" data-attachment-id=\"31175\" data-permalink=\"https:\/\/www.grieta.org.mx\/index.php\/2019\/03\/22\/50-estancias-en-guanajuato-cerraron-por-recorte-otras-30-estan-en-riesgo\/estancias_jacm_-_estancia_suexos_y_sonrisas_-_nuevo_lexn_-_erika_x5x-jpg_1133771450\/\" data-orig-file=\"https:\/\/www.grieta.org.mx\/wp-content\/uploads\/2019\/03\/estancias_jacm_-_estancia_suexos_y_sonrisas_-_nuevo_lexn_-_erika_x5x.jpg_1133771450.jpg\" data-orig-size=\"1440,650\" data-comments-opened=\"0\" data-image-meta=\"{&quot;aperture&quot;:&quot;0&quot;,&quot;credit&quot;:&quot;&quot;,&quot;camera&quot;:&quot;&quot;,&quot;caption&quot;:&quot;&quot;,&quot;created_timestamp&quot;:&quot;0&quot;,&quot;copyright&quot;:&quot;&quot;,&quot;focal_length&quot;:&quot;0&quot;,&quot;iso&quot;:&quot;0&quot;,&quot;shutter_speed&quot;:&quot;0&quot;,&quot;title&quot;:&quot;&quot;,&quot;orientation&quot;:&quot;0&quot;}\" data-image-title=\"estancias_jacm_-_estancia_suexos_y_sonrisas_-_nuevo_lexn_-_erika_x5x.jpg_1133771450\" data-image-description=\"\" data-image-caption=\"&lt;p&gt;En Guanajuato ya cerraron 50 estancias infantiles, derivado del recorte presupuestal del Gobierno Federal. Foto: Jos\u00e9 Antonio Castro Murillo.&lt;\/p&gt;\n\" data-medium-file=\"https:\/\/www.grieta.org.mx\/wp-content\/uploads\/2019\/03\/estancias_jacm_-_estancia_suexos_y_sonrisas_-_nuevo_lexn_-_erika_x5x.jpg_1133771450-300x135.jpg\" data-large-file=\"https:\/\/www.grieta.org.mx\/wp-content\/uploads\/2019\/03\/estancias_jacm_-_estancia_suexos_y_sonrisas_-_nuevo_lexn_-_erika_x5x.jpg_1133771450-1024x462.jpg\" class=\"wp-image-31175 size-large\" src=\"http:\/\/www.grieta.org.mx\/wp-content\/uploads\/2019\/03\/estancias_jacm_-_estancia_suexos_y_sonrisas_-_nuevo_lexn_-_erika_x5x.jpg_1133771450-1024x462.jpg\" alt=\"\" width=\"1024\" height=\"462\" srcset=\"https:\/\/www.grieta.org.mx\/wp-content\/uploads\/2019\/03\/estancias_jacm_-_estancia_suexos_y_sonrisas_-_nuevo_lexn_-_erika_x5x.jpg_1133771450-1024x462.jpg 1024w, https:\/\/www.grieta.org.mx\/wp-content\/uploads\/2019\/03\/estancias_jacm_-_estancia_suexos_y_sonrisas_-_nuevo_lexn_-_erika_x5x.jpg_1133771450-300x135.jpg 300w, https:\/\/www.grieta.org.mx\/wp-content\/uploads\/2019\/03\/estancias_jacm_-_estancia_suexos_y_sonrisas_-_nuevo_lexn_-_erika_x5x.jpg_1133771450-768x347.jpg 768w, https:\/\/www.grieta.org.mx\/wp-content\/uploads\/2019\/03\/estancias_jacm_-_estancia_suexos_y_sonrisas_-_nuevo_lexn_-_erika_x5x.jpg_1133771450-1108x500.jpg 1108w, https:\/\/www.grieta.org.mx\/wp-content\/uploads\/2019\/03\/estancias_jacm_-_estancia_suexos_y_sonrisas_-_nuevo_lexn_-_erika_x5x.jpg_1133771450.jpg 1440w\" sizes=\"auto, (max-width: 1024px) 100vw, 1024px\" \/><figcaption id=\"caption-attachment-31175\" class=\"wp-caption-text\"><br \/>En Guanajuato ya cerraron 50 estancias infantiles, derivado del recorte presupuestal del Gobierno Federal. Foto: Jos\u00e9 Antonio Castro Murillo.<\/figcaption><\/figure>\n<blockquote><p>Derivado del recorte presupuestal del Gobierno Federal, 50 estancias infantiles ya cerraron y al final de mes podr\u00edan cerrar otras 30 que est\u00e1n en riesgo.<\/p><\/blockquote>\n<p>Jos\u00e9 Antonio Castro Murillo, AM Le\u00f3n Guanajuato, 22 de Marzo<\/p>\n<p>Guanajuato.- Al finales de este mes podr\u00edan cerrar hasta 30 estancias infantiles en todo el estado, sumando con esto 50 cierres en total, 15 de ellas en el municipio de Le\u00f3n, detall\u00f3 Georgina Ramos, representante de estancias en esta ciudad.<\/p>\n<p>Un grupo de propietarias de estancias se reunieron con diputados federales y locales en el Congreso de Guanajuato, donde se plante\u00f3 la posibilidad de que a nivel municipal se les puedan dar facilidades administrativas.<\/p>\n<figure id=\"attachment_31176\" aria-describedby=\"caption-attachment-31176\" style=\"width: 800px\" class=\"wp-caption aligncenter\"><img loading=\"lazy\" decoding=\"async\" data-attachment-id=\"31176\" data-permalink=\"https:\/\/www.grieta.org.mx\/index.php\/2019\/03\/22\/50-estancias-en-guanajuato-cerraron-por-recorte-otras-30-estan-en-riesgo\/antonia-jpg_589106975\/\" data-orig-file=\"https:\/\/www.grieta.org.mx\/wp-content\/uploads\/2019\/03\/antonia.jpg_589106975.jpg\" data-orig-size=\"800,480\" data-comments-opened=\"0\" data-image-meta=\"{&quot;aperture&quot;:&quot;0&quot;,&quot;credit&quot;:&quot;&quot;,&quot;camera&quot;:&quot;&quot;,&quot;caption&quot;:&quot;&quot;,&quot;created_timestamp&quot;:&quot;0&quot;,&quot;copyright&quot;:&quot;&quot;,&quot;focal_length&quot;:&quot;0&quot;,&quot;iso&quot;:&quot;0&quot;,&quot;shutter_speed&quot;:&quot;0&quot;,&quot;title&quot;:&quot;&quot;,&quot;orientation&quot;:&quot;0&quot;}\" data-image-title=\"antonia.jpg_589106975\" data-image-description=\"\" data-image-caption=\"&lt;p&gt; Estancias infantiles que ya cerraron aun tienen esperanzas de reiniciar actividades. Foto: Jos\u00e9 Antonio Castro Murillo. &lt;\/p&gt;\n\" data-medium-file=\"https:\/\/www.grieta.org.mx\/wp-content\/uploads\/2019\/03\/antonia.jpg_589106975-300x180.jpg\" data-large-file=\"https:\/\/www.grieta.org.mx\/wp-content\/uploads\/2019\/03\/antonia.jpg_589106975.jpg\" class=\"wp-image-31176 size-full\" src=\"http:\/\/www.grieta.org.mx\/wp-content\/uploads\/2019\/03\/antonia.jpg_589106975.jpg\" alt=\"\" width=\"800\" height=\"480\" srcset=\"https:\/\/www.grieta.org.mx\/wp-content\/uploads\/2019\/03\/antonia.jpg_589106975.jpg 800w, https:\/\/www.grieta.org.mx\/wp-content\/uploads\/2019\/03\/antonia.jpg_589106975-300x180.jpg 300w, https:\/\/www.grieta.org.mx\/wp-content\/uploads\/2019\/03\/antonia.jpg_589106975-768x461.jpg 768w\" sizes=\"auto, (max-width: 800px) 100vw, 800px\" \/><figcaption id=\"caption-attachment-31176\" class=\"wp-caption-text\">Estancias infantiles que ya cerraron aun tienen esperanzas de reiniciar actividades. Foto: Jos\u00e9 Antonio Castro Murillo.<\/figcaption><\/figure>\n<p>La propuesta, presentada por la diputada Alejandra Guti\u00e9rrez Campos,consiste en que los municipio podr\u00edan otorgar est\u00edmulos fiscales a las guarder\u00edas para generar que estos espacios logren tener un ahorro en su gasto operativo, a efecto de que este se vea reflejado en el costo del servicio que se le brinda a los ni\u00f1os.<\/p>\n<p>En concreto propuesta es una disminuci\u00f3n al servicios de agua, de recolecci\u00f3n de basura y de permisos de Protecci\u00f3n Civil. La reducci\u00f3n de los permisos ser\u00edan en un 75% y en el caso del servicio de agua se ofrecer\u00eda una pago exento de 25 metros c\u00fabicos agua diarios, lo que significar\u00eda un ahorro de 25 mil pesos. Municipios ya analizan las propuestas.<br \/>\n<strong><br \/>\nCierran por falta de recursos<\/strong><\/p>\n<p>La propuesta fue presentada por la diputada Alejandra Guti\u00e9rrez Campos, quien explic\u00f3 que los municipio podr\u00edan otorgar est\u00edmulos fiscales a las guarder\u00edas para generar que estos espacios logren tener un ahorro en su gasto operativo, a efecto de que este se vea reflejado en el costo del servicio que se le brinda a los ni\u00f1os.<\/p>\n<p>La representante de guarder\u00edas de Le\u00f3n, Georgina Ramos, record\u00f3 que hasta febrero en Le\u00f3n se hab\u00eda cerrado 15 estancias y se habl\u00f3 de un n\u00famero similar en Celaya. Pero a nivel estatal son en promedio m\u00e1s de 50 centros de este tipo cerrados.<\/p>\n<blockquote><p><em>&#8220;Esto es un promedio de m\u00e1s de dos mil ni\u00f1os de los que ya dejaron de percibir este apoyo y claro que para finales de marzo se van a tener que cerrar\u201d, dijo.<\/em><\/p><\/blockquote>\n<p>De hecho, se\u00f1al\u00f3 que hay municipios en los que desaparecieron de forma total las estancias infantiles San Diego de la Uni\u00f3n y Tarimoro, en donde hab\u00eda en total cuatro escuelas.<\/p>\n<p><strong>Mantienen esperanza<\/strong><\/p>\n<figure id=\"attachment_31177\" aria-describedby=\"caption-attachment-31177\" style=\"width: 800px\" class=\"wp-caption aligncenter\"><img loading=\"lazy\" decoding=\"async\" data-attachment-id=\"31177\" data-permalink=\"https:\/\/www.grieta.org.mx\/index.php\/2019\/03\/22\/50-estancias-en-guanajuato-cerraron-por-recorte-otras-30-estan-en-riesgo\/estancias_jacm_-_estancia_suexos_y_sonrisas_-_nuevo_lexn_-_erika_x3x-jpg_158021514\/\" data-orig-file=\"https:\/\/www.grieta.org.mx\/wp-content\/uploads\/2019\/03\/estancias_jacm_-_estancia_suexos_y_sonrisas_-_nuevo_lexn_-_erika_x3x.jpg_158021514.jpg\" data-orig-size=\"800,533\" data-comments-opened=\"0\" data-image-meta=\"{&quot;aperture&quot;:&quot;0&quot;,&quot;credit&quot;:&quot;&quot;,&quot;camera&quot;:&quot;&quot;,&quot;caption&quot;:&quot;&quot;,&quot;created_timestamp&quot;:&quot;0&quot;,&quot;copyright&quot;:&quot;&quot;,&quot;focal_length&quot;:&quot;0&quot;,&quot;iso&quot;:&quot;0&quot;,&quot;shutter_speed&quot;:&quot;0&quot;,&quot;title&quot;:&quot;&quot;,&quot;orientation&quot;:&quot;0&quot;}\" data-image-title=\"estancias_jacm_-_estancia_suexos_y_sonrisas_-_nuevo_lexn_-_erika_x3x.jpg_158021514\" data-image-description=\"\" data-image-caption=\"&lt;p&gt;En Le\u00f3n, 20 estancias se vieron obligadas a cerrar debido al recorte presupuestal. Foto: Jos\u00e9 Antonio Castro Murillo. &lt;\/p&gt;\n\" data-medium-file=\"https:\/\/www.grieta.org.mx\/wp-content\/uploads\/2019\/03\/estancias_jacm_-_estancia_suexos_y_sonrisas_-_nuevo_lexn_-_erika_x3x.jpg_158021514-300x200.jpg\" data-large-file=\"https:\/\/www.grieta.org.mx\/wp-content\/uploads\/2019\/03\/estancias_jacm_-_estancia_suexos_y_sonrisas_-_nuevo_lexn_-_erika_x3x.jpg_158021514.jpg\" class=\"wp-image-31177 size-full\" src=\"http:\/\/www.grieta.org.mx\/wp-content\/uploads\/2019\/03\/estancias_jacm_-_estancia_suexos_y_sonrisas_-_nuevo_lexn_-_erika_x3x.jpg_158021514.jpg\" alt=\"\" width=\"800\" height=\"533\" srcset=\"https:\/\/www.grieta.org.mx\/wp-content\/uploads\/2019\/03\/estancias_jacm_-_estancia_suexos_y_sonrisas_-_nuevo_lexn_-_erika_x3x.jpg_158021514.jpg 800w, https:\/\/www.grieta.org.mx\/wp-content\/uploads\/2019\/03\/estancias_jacm_-_estancia_suexos_y_sonrisas_-_nuevo_lexn_-_erika_x3x.jpg_158021514-300x200.jpg 300w, https:\/\/www.grieta.org.mx\/wp-content\/uploads\/2019\/03\/estancias_jacm_-_estancia_suexos_y_sonrisas_-_nuevo_lexn_-_erika_x3x.jpg_158021514-768x512.jpg 768w, https:\/\/www.grieta.org.mx\/wp-content\/uploads\/2019\/03\/estancias_jacm_-_estancia_suexos_y_sonrisas_-_nuevo_lexn_-_erika_x3x.jpg_158021514-750x500.jpg 750w\" sizes=\"auto, (max-width: 800px) 100vw, 800px\" \/><figcaption id=\"caption-attachment-31177\" class=\"wp-caption-text\">En Le\u00f3n, 20 estancias se vieron obligadas a cerrar debido al recorte presupuestal. Foto: Jos\u00e9 Antonio Castro Murillo.<\/figcaption><\/figure>\n<p>am entr\u00f3 a algunas de las 20 estancias que ya cerraron en Le\u00f3n para ver las condiciones que guardan tras varias semanas de haber cerrado sus puertas. Libros, juguetes, mandiles, periqueras y hasta cepillos de dientes permanecen en estos sitios, simbolizando la esperanza de sus propietarias por brindar de nuevo servicio.<\/p>\n<p><strong>Entre la esperanza y la presi\u00f3n<\/strong><\/p>\n<p>Antonia hab\u00eda emprendido su estancia desde 12 a\u00f1os atr\u00e1s en el Centro Hist\u00f3rico, y lleg\u00f3 atender hasta a 100 peque\u00f1os.<\/p>\n<p>Desde 2018 se le redujo en apoyo federal y tuvo que empezar a portar de lo que obtiene en un taller de calzado que tambi\u00e9n es de su propiedad, pero para 2019, ese gasto fue mucho mayor y tras dos meses de cubrir m\u00e1s de la mitad de gastos operativos, decidi\u00f3 cerrar el lugar.<\/p>\n<blockquote><p><em>&#8220;A m\u00ed me gusta mucho estar con mis ni\u00f1os, atenderlos y estar con ellos. Todav\u00eda me ven en la calle y van y me abrazan\u201d, narr\u00f3 &#8216;To\u00f1a&#8217;, como le conocen incluso los peque\u00f1os que atend\u00eda.<\/em><\/p><\/blockquote>\n<p><strong><br \/>\nLista para reiniciar<\/strong><\/p>\n<figure id=\"attachment_31178\" aria-describedby=\"caption-attachment-31178\" style=\"width: 800px\" class=\"wp-caption aligncenter\"><img loading=\"lazy\" decoding=\"async\" data-attachment-id=\"31178\" data-permalink=\"https:\/\/www.grieta.org.mx\/index.php\/2019\/03\/22\/50-estancias-en-guanajuato-cerraron-por-recorte-otras-30-estan-en-riesgo\/estancias_jacm_-_estancia_suexos_y_sonrisas_-_nuevo_lexn_-_erika_x2x-jpg_158021514\/\" data-orig-file=\"https:\/\/www.grieta.org.mx\/wp-content\/uploads\/2019\/03\/estancias_jacm_-_estancia_suexos_y_sonrisas_-_nuevo_lexn_-_erika_x2x.jpg_158021514.jpg\" data-orig-size=\"800,533\" data-comments-opened=\"0\" data-image-meta=\"{&quot;aperture&quot;:&quot;0&quot;,&quot;credit&quot;:&quot;&quot;,&quot;camera&quot;:&quot;&quot;,&quot;caption&quot;:&quot;&quot;,&quot;created_timestamp&quot;:&quot;0&quot;,&quot;copyright&quot;:&quot;&quot;,&quot;focal_length&quot;:&quot;0&quot;,&quot;iso&quot;:&quot;0&quot;,&quot;shutter_speed&quot;:&quot;0&quot;,&quot;title&quot;:&quot;&quot;,&quot;orientation&quot;:&quot;0&quot;}\" data-image-title=\"estancias_jacm_-_estancia_suexos_y_sonrisas_-_nuevo_lexn_-_erika_x2x.jpg_158021514\" data-image-description=\"\" data-image-caption=\"&lt;p&gt; \u00c9rika tiene esperanzas de volver a abrir su negocio y mantiene intactas las \u00e1reas. Foto: Jos\u00e9 Antonio Castro Murillo. &lt;\/p&gt;\n\" data-medium-file=\"https:\/\/www.grieta.org.mx\/wp-content\/uploads\/2019\/03\/estancias_jacm_-_estancia_suexos_y_sonrisas_-_nuevo_lexn_-_erika_x2x.jpg_158021514-300x200.jpg\" data-large-file=\"https:\/\/www.grieta.org.mx\/wp-content\/uploads\/2019\/03\/estancias_jacm_-_estancia_suexos_y_sonrisas_-_nuevo_lexn_-_erika_x2x.jpg_158021514.jpg\" class=\"wp-image-31178 size-full\" src=\"http:\/\/www.grieta.org.mx\/wp-content\/uploads\/2019\/03\/estancias_jacm_-_estancia_suexos_y_sonrisas_-_nuevo_lexn_-_erika_x2x.jpg_158021514.jpg\" alt=\"\" width=\"800\" height=\"533\" srcset=\"https:\/\/www.grieta.org.mx\/wp-content\/uploads\/2019\/03\/estancias_jacm_-_estancia_suexos_y_sonrisas_-_nuevo_lexn_-_erika_x2x.jpg_158021514.jpg 800w, https:\/\/www.grieta.org.mx\/wp-content\/uploads\/2019\/03\/estancias_jacm_-_estancia_suexos_y_sonrisas_-_nuevo_lexn_-_erika_x2x.jpg_158021514-300x200.jpg 300w, https:\/\/www.grieta.org.mx\/wp-content\/uploads\/2019\/03\/estancias_jacm_-_estancia_suexos_y_sonrisas_-_nuevo_lexn_-_erika_x2x.jpg_158021514-768x512.jpg 768w, https:\/\/www.grieta.org.mx\/wp-content\/uploads\/2019\/03\/estancias_jacm_-_estancia_suexos_y_sonrisas_-_nuevo_lexn_-_erika_x2x.jpg_158021514-750x500.jpg 750w\" sizes=\"auto, (max-width: 800px) 100vw, 800px\" \/><figcaption id=\"caption-attachment-31178\" class=\"wp-caption-text\">\u00c9rika tiene esperanzas de volver a abrir su negocio y mantiene intactas las \u00e1reas. Foto: Jos\u00e9 Antonio Castro Murillo.<\/figcaption><\/figure>\n<p>Desde el exterior y al recorrer los interiores de la guarder\u00eda \u201cSue\u00f1os y Sonrisas\u201d, propiedad de \u00c9ricka Lira, se ven libros de registro de ingreso, mesas, colchonetas que est\u00e1n en su mismo sitio, pero no hay fecha para reiniciar actividad.<\/p>\n<p>Erika decidi\u00f3 cerrar las puertas de su estancia ubicada en la colonia Nuevo Le\u00f3n el pasado 6 de febrero, \u201cno vi respuesta de los pap\u00e1s, en la \u00faltima semana de enero les avis\u00e9 que necesitaba que me apoyaran, yo cobraba una cuota de 150 y les dije que iban a ser 250, y a partir de ah\u00ed baj\u00f3\u201d.<\/p>\n<p><strong>Vive en su propia estancia<\/strong><\/p>\n<figure id=\"attachment_31179\" aria-describedby=\"caption-attachment-31179\" style=\"width: 800px\" class=\"wp-caption aligncenter\"><img loading=\"lazy\" decoding=\"async\" data-attachment-id=\"31179\" data-permalink=\"https:\/\/www.grieta.org.mx\/index.php\/2019\/03\/22\/50-estancias-en-guanajuato-cerraron-por-recorte-otras-30-estan-en-riesgo\/estancias_jacm_-_estancia_suexos_y_sonrisas_-_nuevo_lexn_-_erika_x7x-jpg_612195000\/\" data-orig-file=\"https:\/\/www.grieta.org.mx\/wp-content\/uploads\/2019\/03\/estancias_jacm_-_estancia_suexos_y_sonrisas_-_nuevo_lexn_-_erika_x7x.jpg_612195000.jpg\" data-orig-size=\"800,476\" data-comments-opened=\"0\" data-image-meta=\"{&quot;aperture&quot;:&quot;0&quot;,&quot;credit&quot;:&quot;&quot;,&quot;camera&quot;:&quot;&quot;,&quot;caption&quot;:&quot;&quot;,&quot;created_timestamp&quot;:&quot;0&quot;,&quot;copyright&quot;:&quot;&quot;,&quot;focal_length&quot;:&quot;0&quot;,&quot;iso&quot;:&quot;0&quot;,&quot;shutter_speed&quot;:&quot;0&quot;,&quot;title&quot;:&quot;&quot;,&quot;orientation&quot;:&quot;0&quot;}\" data-image-title=\"estancias_jacm_-_estancia_suexos_y_sonrisas_-_nuevo_lexn_-_erika_x7x.jpg_612195000\" data-image-description=\"\" data-image-caption=\"&lt;p&gt;Juguetes a\u00fan permanecen como el \u00faltimo d\u00eda en que operaron las estancias. Foto: Jos\u00e9 Antonio Castro Murillo. &lt;\/p&gt;\n\" data-medium-file=\"https:\/\/www.grieta.org.mx\/wp-content\/uploads\/2019\/03\/estancias_jacm_-_estancia_suexos_y_sonrisas_-_nuevo_lexn_-_erika_x7x.jpg_612195000-300x179.jpg\" data-large-file=\"https:\/\/www.grieta.org.mx\/wp-content\/uploads\/2019\/03\/estancias_jacm_-_estancia_suexos_y_sonrisas_-_nuevo_lexn_-_erika_x7x.jpg_612195000.jpg\" class=\"wp-image-31179 size-full\" src=\"http:\/\/www.grieta.org.mx\/wp-content\/uploads\/2019\/03\/estancias_jacm_-_estancia_suexos_y_sonrisas_-_nuevo_lexn_-_erika_x7x.jpg_612195000.jpg\" alt=\"\" width=\"800\" height=\"476\" srcset=\"https:\/\/www.grieta.org.mx\/wp-content\/uploads\/2019\/03\/estancias_jacm_-_estancia_suexos_y_sonrisas_-_nuevo_lexn_-_erika_x7x.jpg_612195000.jpg 800w, https:\/\/www.grieta.org.mx\/wp-content\/uploads\/2019\/03\/estancias_jacm_-_estancia_suexos_y_sonrisas_-_nuevo_lexn_-_erika_x7x.jpg_612195000-300x179.jpg 300w, https:\/\/www.grieta.org.mx\/wp-content\/uploads\/2019\/03\/estancias_jacm_-_estancia_suexos_y_sonrisas_-_nuevo_lexn_-_erika_x7x.jpg_612195000-768x457.jpg 768w\" sizes=\"auto, (max-width: 800px) 100vw, 800px\" \/><figcaption id=\"caption-attachment-31179\" class=\"wp-caption-text\">Juguetes a\u00fan permanecen como el \u00faltimo d\u00eda en que operaron las estancias. Foto: Jos\u00e9 Antonio Castro Murillo.<\/figcaption><\/figure>\n<p>ras 10 a\u00f1os de trabajar en su estancia \u201cAlondra\u201d, cerca de la colonia \u201cLas Tiritas\u201d, el pasado 4 de marzo Blanca Padilla tuvo que cerrar las puertas del lugar.<\/p>\n<blockquote><p><em> &#8220;Yo s\u00e9 que los pap\u00e1s hac\u00edan un esfuerzo por dar su aportaci\u00f3n y aun as\u00ed me tocaba cubrir muchos gastos, entonces termin\u00e9 por decidir que no pod\u00eda estar yo aportando de lo m\u00edo\u201d. <\/em><\/p><\/blockquote>\n<p>Para ahorrar de sus gastos, ella dej\u00f3 la vivienda que rentaba y literalmente se fue a vivir a su estancia, y mientras tanto apoya a su esposo en el negocio que tiene \u00e9l y tiene la expectativa de poder retomar su negocio.<\/p>\n<p><a href=\"https:\/\/www.am.com.mx\/guanajuato\/50-estancias-en-Guanajuato-cerraron-por-recorte-otras-30-estan-en-riesgo-l201903220001.html\">https:\/\/www.am.com.mx\/guanajuato\/50-estancias-en-Guanajuato-cerraron-por-recorte-otras-30-estan-en-riesgo-l201903220001.html<\/a><\/p>\n","protected":false},"excerpt":{"rendered":"<p>Derivado del recorte presupuestal del Gobierno Federal, 50 estancias infantiles ya cerraron y al final de mes podr\u00edan cerrar otras 30 que est\u00e1n en riesgo. Jos\u00e9 Antonio Castro Murillo, AM &hellip; <a href=\"https:\/\/www.grieta.org.mx\/index.php\/2019\/03\/22\/50-estancias-en-guanajuato-cerraron-por-recorte-otras-30-estan-en-riesgo\/\" class=\"more-link\">Leer m\u00e1s<\/a><\/p>\n","protected":false},"author":2,"featured_media":31175,"comment_status":"closed","ping_status":"closed","sticky":false,"template":"","format":"standard","meta":{"ngg_post_thumbnail":0,"_jetpack_newsletter_access":"","_jetpack_dont_email_post_to_subs":false,"_jetpack_newsletter_tier_id":0,"_jetpack_memberships_contains_paywalled_content":false,"_jetpack_memberships_contains_paid_content":false,"footnotes":""},"categories":[80,2142,471,17,1827,2089,2358],"tags":[2361,2362],"class_list":{"0":"post-31174","1":"post","2":"type-post","3":"status-publish","4":"format-standard","5":"has-post-thumbnail","6":"hentry","7":"category-cintillo","8":"category-crisis-en-el-sistema-educativo-en-guanajuato","9":"category-guanajuato","11":"category-la-ninez-en-la-tormenta-capitalista","12":"category-pobreza-en-guanajuato","13":"category-violencia-contra-la-ninez-en-guanajuato","14":"tag-crisis-en-el-sistema-educativo-de-guanajuato","15":"tag-la-ninez-en-la-tormenta","16":"entry"},"jetpack_featured_media_url":"https:\/\/www.grieta.org.mx\/wp-content\/uploads\/2019\/03\/estancias_jacm_-_estancia_suexos_y_sonrisas_-_nuevo_lexn_-_erika_x5x.jpg_1133771450.jpg","jetpack_sharing_enabled":true,"jetpack_shortlink":"https:\/\/wp.me\/p7ZJR4-86O","jetpack_likes_enabled":false,"jetpack-related-posts":[{"id":29335,"url":"https:\/\/www.grieta.org.mx\/index.php\/2019\/02\/19\/cierran-17-estancias-infantiles-en-guanajuato-por-recorte-de-gobierno-federal\/","url_meta":{"origin":31174,"position":0},"title":"Cierran 17 estancias infantiles en Guanajuato por recorte de Gobierno Federal","author":"grieta","date":"19 febrero, 2019","format":false,"excerpt":"En el estado hay 505 guarder\u00edas, las cuales est\u00e1n en riesgo de quiebra, 17 de ellas ya cerraron y decenas de personas se quedaron sin empleo JOS\u00c9 TRINIDAD M\u00c9NDEZ | AM LE\u00d3N, GUANAJUATO, 19 de Febrero El recorte del presupuesto federal para el Programa de Estancias Infantiles para este 2019\u2026","rel":"","context":"En &quot;CINTILLO&quot;","block_context":{"text":"CINTILLO","link":"https:\/\/www.grieta.org.mx\/index.php\/category\/cintillo\/"},"img":{"alt_text":"","src":"https:\/\/i0.wp.com\/www.grieta.org.mx\/wp-content\/uploads\/2019\/02\/cierran-17-estancias-infantiles-en-guanajuato-por-recorte-de-gobierno-federal-e63bcaba22099c6fbf1b7722f9187b4f.jpg?resize=350%2C200&ssl=1","width":350,"height":200,"srcset":"https:\/\/i0.wp.com\/www.grieta.org.mx\/wp-content\/uploads\/2019\/02\/cierran-17-estancias-infantiles-en-guanajuato-por-recorte-de-gobierno-federal-e63bcaba22099c6fbf1b7722f9187b4f.jpg?resize=350%2C200&ssl=1 1x, https:\/\/i0.wp.com\/www.grieta.org.mx\/wp-content\/uploads\/2019\/02\/cierran-17-estancias-infantiles-en-guanajuato-por-recorte-de-gobierno-federal-e63bcaba22099c6fbf1b7722f9187b4f.jpg?resize=525%2C300&ssl=1 1.5x, https:\/\/i0.wp.com\/www.grieta.org.mx\/wp-content\/uploads\/2019\/02\/cierran-17-estancias-infantiles-en-guanajuato-por-recorte-de-gobierno-federal-e63bcaba22099c6fbf1b7722f9187b4f.jpg?resize=700%2C400&ssl=1 2x"},"classes":[]},{"id":29475,"url":"https:\/\/www.grieta.org.mx\/index.php\/2019\/02\/22\/protestan-frente-a-palacio-nacional-por-estancias-infantiles-guanajuato-guerrero-ciudad-de-mexico\/","url_meta":{"origin":31174,"position":1},"title":"Protestan frente a Palacio Nacional por estancias infantiles (Guanajuato, Guerrero, Ciudad de M\u00e9xico)","author":"grieta","date":"22 febrero, 2019","format":false,"excerpt":"Dijeron proceder de estados como Guerrero, Guanajuato y la Ciudad de M\u00e9xico. Redacci\u00f3n SDPnoticias vie 22 feb 2019 08:22 M\u00e9xico.- La ma\u00f1ana de este viernes, un grupo de empleadas de estancias infantiles se manifestaron frente a Palacio Nacional en demanda de reasignaciones presupuestales. Agitando globos de colores y banderines con\u2026","rel":"","context":"En &quot;CINTILLO&quot;","block_context":{"text":"CINTILLO","link":"https:\/\/www.grieta.org.mx\/index.php\/category\/cintillo\/"},"img":{"alt_text":"","src":"https:\/\/i0.wp.com\/www.grieta.org.mx\/wp-content\/uploads\/2019\/02\/0821_protestas-por-estancias-infantiles_620x350.jpg?resize=350%2C200&ssl=1","width":350,"height":200,"srcset":"https:\/\/i0.wp.com\/www.grieta.org.mx\/wp-content\/uploads\/2019\/02\/0821_protestas-por-estancias-infantiles_620x350.jpg?resize=350%2C200&ssl=1 1x, https:\/\/i0.wp.com\/www.grieta.org.mx\/wp-content\/uploads\/2019\/02\/0821_protestas-por-estancias-infantiles_620x350.jpg?resize=525%2C300&ssl=1 1.5x"},"classes":[]},{"id":40406,"url":"https:\/\/www.grieta.org.mx\/index.php\/2019\/10\/09\/universidad-de-guanajuato-se-une-a-paro-nacional-universitario\/","url_meta":{"origin":31174,"position":2},"title":"Universidad de Guanajuato se une a paro nacional universitario","author":"grieta","date":"9 octubre, 2019","format":false,"excerpt":"El paro se realizar\u00e1 este 9 de octubre como muestra de apoyo a las instituciones de educaci\u00f3n superior que se ver\u00e1n afectadas por el recorte presupuestal de 2020 J. Manuel \u00c1lvarez | El Sol de Le\u00f3n, 09 de octubre de 2019 Con la finalidad de exigir al gobierno federal que\u2026","rel":"","context":"En &quot;CINTILLO&quot;","block_context":{"text":"CINTILLO","link":"https:\/\/www.grieta.org.mx\/index.php\/category\/cintillo\/"},"img":{"alt_text":"","src":"https:\/\/i0.wp.com\/www.grieta.org.mx\/wp-content\/uploads\/2019\/10\/WhatsApp-Image-2019-10-08-at-8.47.24-AM.jpeg?resize=350%2C200&ssl=1","width":350,"height":200,"srcset":"https:\/\/i0.wp.com\/www.grieta.org.mx\/wp-content\/uploads\/2019\/10\/WhatsApp-Image-2019-10-08-at-8.47.24-AM.jpeg?resize=350%2C200&ssl=1 1x, https:\/\/i0.wp.com\/www.grieta.org.mx\/wp-content\/uploads\/2019\/10\/WhatsApp-Image-2019-10-08-at-8.47.24-AM.jpeg?resize=525%2C300&ssl=1 1.5x, https:\/\/i0.wp.com\/www.grieta.org.mx\/wp-content\/uploads\/2019\/10\/WhatsApp-Image-2019-10-08-at-8.47.24-AM.jpeg?resize=700%2C400&ssl=1 2x"},"classes":[]},{"id":29386,"url":"https:\/\/www.grieta.org.mx\/index.php\/2019\/02\/19\/estancias-infantiles-en-guanajuato-sin-recursos-y-a-la-deriva\/","url_meta":{"origin":31174,"position":3},"title":"Estancias infantiles en Guanajuato: sin recursos y a la deriva","author":"grieta","date":"19 febrero, 2019","format":false,"excerpt":"Karla D\u00edaz \/ Newsweek, Guanajuato, 19 de Febrero El recorte al presupuesto federal de las estancias infantiles para este 2019 ha desatado gran incertidumbre sobre el futuro de estos centros y el de las miles de familias beneficiadas por las estancias y guarder\u00edas que reciben el apoyo. En el Presupuesto\u2026","rel":"","context":"En &quot;CINTILLO&quot;","block_context":{"text":"CINTILLO","link":"https:\/\/www.grieta.org.mx\/index.php\/category\/cintillo\/"},"img":{"alt_text":"","src":"https:\/\/i0.wp.com\/www.grieta.org.mx\/wp-content\/uploads\/2019\/02\/blocks-503109_960_720-750x530.jpg?resize=350%2C200&ssl=1","width":350,"height":200,"srcset":"https:\/\/i0.wp.com\/www.grieta.org.mx\/wp-content\/uploads\/2019\/02\/blocks-503109_960_720-750x530.jpg?resize=350%2C200&ssl=1 1x, https:\/\/i0.wp.com\/www.grieta.org.mx\/wp-content\/uploads\/2019\/02\/blocks-503109_960_720-750x530.jpg?resize=525%2C300&ssl=1 1.5x, https:\/\/i0.wp.com\/www.grieta.org.mx\/wp-content\/uploads\/2019\/02\/blocks-503109_960_720-750x530.jpg?resize=700%2C400&ssl=1 2x"},"classes":[]},{"id":42119,"url":"https:\/\/www.grieta.org.mx\/index.php\/2019\/12\/07\/alumnos-en-paro-denuncian-hostigamiento-guanajuato\/","url_meta":{"origin":31174,"position":4},"title":"Alumnos en paro denuncian hostigamiento (Guanajuato)","author":"grieta","date":"7 diciembre, 2019","format":false,"excerpt":"Jos\u00e9 Antonio Castro Murillo \/ AM Le\u00f3n Guanajuato, 07 de diciembre de 2019 Guanajuato.- Llamadas telef\u00f3nicas desde n\u00fameros desconocidos han sido recibidos por alumnos que participan en el paro de la Universidad de Guanajuato. Mediante la p\u00e1gina de Facebook de la comunidad estudiantil que participa en el paro, denunciaron que\u2026","rel":"","context":"En &quot;CINTILLO&quot;","block_context":{"text":"CINTILLO","link":"https:\/\/www.grieta.org.mx\/index.php\/category\/cintillo\/"},"img":{"alt_text":"","src":"https:\/\/i0.wp.com\/www.grieta.org.mx\/wp-content\/uploads\/2018\/03\/14524434_1106112876131411_958039263622046936_o.jpg?resize=350%2C200&ssl=1","width":350,"height":200,"srcset":"https:\/\/i0.wp.com\/www.grieta.org.mx\/wp-content\/uploads\/2018\/03\/14524434_1106112876131411_958039263622046936_o.jpg?resize=350%2C200&ssl=1 1x, https:\/\/i0.wp.com\/www.grieta.org.mx\/wp-content\/uploads\/2018\/03\/14524434_1106112876131411_958039263622046936_o.jpg?resize=525%2C300&ssl=1 1.5x, https:\/\/i0.wp.com\/www.grieta.org.mx\/wp-content\/uploads\/2018\/03\/14524434_1106112876131411_958039263622046936_o.jpg?resize=700%2C400&ssl=1 2x"},"classes":[]},{"id":31306,"url":"https:\/\/www.grieta.org.mx\/index.php\/2019\/03\/26\/sin-guarderia-10-mil-ninos-en-slp-por-culpa-de-federacion-san-luis-potosi\/","url_meta":{"origin":31174,"position":5},"title":"Sin guarder\u00eda 10 mil ni\u00f1os en SLP por culpa de federaci\u00f3n (San Luis Potos\u00ed)","author":"grieta","date":"26 marzo, 2019","format":false,"excerpt":"Jonathan Flores \/ Global Media Vocera de Estancias Infantiles asegura que en estancias de SLP no hab\u00eda \u201cni\u00f1os fantasma\u201d En entrevista para el espacio de \u201cAs\u00ed las cosas\u201d, Olga Segura, vocera del Frente Estatal de Estancias Infantiles, dio a conocer que pr\u00e1cticamente por cada estancia infantil, 10 ni\u00f1os han dejado\u2026","rel":"","context":"En &quot;CINTILLO&quot;","block_context":{"text":"CINTILLO","link":"https:\/\/www.grieta.org.mx\/index.php\/category\/cintillo\/"},"img":{"alt_text":"","src":"https:\/\/i0.wp.com\/www.grieta.org.mx\/wp-content\/uploads\/2019\/03\/Sin-guarder%C3%ADa-10-mil-ni%C3%B1os-en-SLP-por-culpa-de-federaci%C3%B3n-slp-mzo.png?resize=350%2C200&ssl=1","width":350,"height":200,"srcset":"https:\/\/i0.wp.com\/www.grieta.org.mx\/wp-content\/uploads\/2019\/03\/Sin-guarder%C3%ADa-10-mil-ni%C3%B1os-en-SLP-por-culpa-de-federaci%C3%B3n-slp-mzo.png?resize=350%2C200&ssl=1 1x, https:\/\/i0.wp.com\/www.grieta.org.mx\/wp-content\/uploads\/2019\/03\/Sin-guarder%C3%ADa-10-mil-ni%C3%B1os-en-SLP-por-culpa-de-federaci%C3%B3n-slp-mzo.png?resize=525%2C300&ssl=1 1.5x"},"classes":[]}],"_links":{"self":[{"href":"https:\/\/www.grieta.org.mx\/index.php\/wp-json\/wp\/v2\/posts\/31174","targetHints":{"allow":["GET"]}}],"collection":[{"href":"https:\/\/www.grieta.org.mx\/index.php\/wp-json\/wp\/v2\/posts"}],"about":[{"href":"https:\/\/www.grieta.org.mx\/index.php\/wp-json\/wp\/v2\/types\/post"}],"author":[{"embeddable":true,"href":"https:\/\/www.grieta.org.mx\/index.php\/wp-json\/wp\/v2\/users\/2"}],"replies":[{"embeddable":true,"href":"https:\/\/www.grieta.org.mx\/index.php\/wp-json\/wp\/v2\/comments?post=31174"}],"version-history":[{"count":1,"href":"https:\/\/www.grieta.org.mx\/index.php\/wp-json\/wp\/v2\/posts\/31174\/revisions"}],"predecessor-version":[{"id":31180,"href":"https:\/\/www.grieta.org.mx\/index.php\/wp-json\/wp\/v2\/posts\/31174\/revisions\/31180"}],"wp:featuredmedia":[{"embeddable":true,"href":"https:\/\/www.grieta.org.mx\/index.php\/wp-json\/wp\/v2\/media\/31175"}],"wp:attachment":[{"href":"https:\/\/www.grieta.org.mx\/index.php\/wp-json\/wp\/v2\/media?parent=31174"}],"wp:term":[{"taxonomy":"category","embeddable":true,"href":"https:\/\/www.grieta.org.mx\/index.php\/wp-json\/wp\/v2\/categories?post=31174"},{"taxonomy":"post_tag","embeddable":true,"href":"https:\/\/www.grieta.org.mx\/index.php\/wp-json\/wp\/v2\/tags?post=31174"}],"curies":[{"name":"wp","href":"https:\/\/api.w.org\/{rel}","templated":true}]}}