{"id":31163,"date":"2019-03-20T22:07:07","date_gmt":"2019-03-21T04:07:07","guid":{"rendered":"http:\/\/www.grieta.org.mx\/?p=31163"},"modified":"2019-03-24T22:15:30","modified_gmt":"2019-03-25T04:15:30","slug":"los-ninos-no-pisan-escuela-viven-frente-a-palacio-nacional-solo-piden-paz-para-volver-a-su-casa-ciudad-de-mexico","status":"publish","type":"post","link":"https:\/\/www.grieta.org.mx\/index.php\/2019\/03\/20\/los-ninos-no-pisan-escuela-viven-frente-a-palacio-nacional-solo-piden-paz-para-volver-a-su-casa-ciudad-de-mexico\/","title":{"rendered":"Los ni\u00f1os no pisan escuela. Viven frente a Palacio Nacional. S\u00f3lo piden paz, para volver a su casa (Ciudad de M\u00e9xico)"},"content":{"rendered":"<p><img loading=\"lazy\" decoding=\"async\" data-attachment-id=\"31164\" data-permalink=\"https:\/\/www.grieta.org.mx\/index.php\/2019\/03\/20\/los-ninos-no-pisan-escuela-viven-frente-a-palacio-nacional-solo-piden-paz-para-volver-a-su-casa-ciudad-de-mexico\/frases-1100-templates-8\/\" data-orig-file=\"https:\/\/www.grieta.org.mx\/wp-content\/uploads\/2019\/03\/frases-1100-templates-8.jpg\" data-orig-size=\"1100,580\" data-comments-opened=\"0\" data-image-meta=\"{&quot;aperture&quot;:&quot;0&quot;,&quot;credit&quot;:&quot;&quot;,&quot;camera&quot;:&quot;&quot;,&quot;caption&quot;:&quot;&quot;,&quot;created_timestamp&quot;:&quot;0&quot;,&quot;copyright&quot;:&quot;&quot;,&quot;focal_length&quot;:&quot;0&quot;,&quot;iso&quot;:&quot;0&quot;,&quot;shutter_speed&quot;:&quot;0&quot;,&quot;title&quot;:&quot;&quot;,&quot;orientation&quot;:&quot;0&quot;}\" data-image-title=\"frases-1100-templates-8\" data-image-description=\"\" data-image-caption=\"\" data-medium-file=\"https:\/\/www.grieta.org.mx\/wp-content\/uploads\/2019\/03\/frases-1100-templates-8-300x158.jpg\" data-large-file=\"https:\/\/www.grieta.org.mx\/wp-content\/uploads\/2019\/03\/frases-1100-templates-8-1024x540.jpg\" src=\"http:\/\/www.grieta.org.mx\/wp-content\/uploads\/2019\/03\/frases-1100-templates-8-300x158.jpg\" alt=\"\" width=\"700\" height=\"658\" class=\"aligncenter size-medium wp-image-31164\" \/><\/p>\n<p>Carlos Acu\u00f1a y Zacar\u00edas Cervantes\/SinEmbargo<\/p>\n<blockquote><p>El Gobierno federal \u201cno est\u00e1 tomando en serio\u201d el problema de las familias que abandonan sus comunidades por la violencia del crimen organizado: \u201ces lo m\u00e1s grave que ocurre en nuestro pa\u00eds, despu\u00e9s de los desaparecidos\u201d, dice Manuel Olivares, representante legal de m\u00e1s de 350 guerrerenses que duermen frente a Palacio Nacional desde hace m\u00e1s de un mes.<br \/>\nLos pobladores de Zitlala y Leonardo Bravo en plant\u00f3n esperan una soluci\u00f3n pronta a su situaci\u00f3n, incluso si ello significa la reubicaci\u00f3n en otro estado.<br \/>\nTodos los ni\u00f1os del campamento dejaron sus casas desde noviembre. Son ya cuatro meses sin pisar un aula pero incluso antes, en sus comunidades, los maestros hab\u00edan comenzado a faltar por la situaci\u00f3n de violencia.<\/p><\/blockquote>\n<p>Ciudad de M\u00e9xico, 20 de marzo (El Sur\/SinEmbargo).\u2013Frida Guadalupe duerme desde hace poco m\u00e1s de un mes en una casa de campa\u00f1a a unos metros del Z\u00f3calo y a unos cent\u00edmetros de las alcantarillas. Tiene siete a\u00f1os y, como ella, otros 80 ni\u00f1os y ni\u00f1as viven en el campamento de desplazados guerrerenses, quienes \u2013luego de huir de la violencia de la delincuencia organizada que ha azotado los municipios de Zitlala, Leonardo Bravo y Heliodoro Castillo\u2013 se instalaron frente a Palacio Nacional para exigir que los grupos criminales sean replegados y puedan volver a sus comunidades.<\/p>\n<p>La madre de Frida Guadalupe, Marisela Castro Garc\u00eda, una mujer que sonr\u00ede para ocultar la angustia, dice que la situaci\u00f3n ya es desesperada: \u201clos ni\u00f1os se est\u00e1n enfermando. Mi hija, por ejemplo, tiene hipertiroidismo cong\u00e9nito, tiene que tomar 125 gramos diarios de livoteroxina s\u00f3dica y, aunque los m\u00e9dicos del hospital Gregorio Salas vienen \u2018disque\u2019 a revisarlos, nunca tienen medicinas. Hemos tenido emergencias m\u00e9dicas y las ambulancias tardan hasta una hora en llegar, peor que en la sierra\u201d.<\/p>\n<p>Marisela Castro es de Los Morros, una comunidad de Leonardo Bravo, al oeste de Chichihualco, que no albergaba m\u00e1s de 500 habitantes. Hasta hace poco era un pueblo tranquilo donde se sembraba frijol, aguacate, durazno. Tambi\u00e9n es tierra f\u00e9rtil en amapola, aunque \u00e9sta hab\u00eda dejado de sembrarse debido al descenso del precio de la goma, provocado por los opioides sint\u00e9ticos que tomaron el mercado de Estados Unidos.<\/p>\n<p>Hoy, en Los Morros hay marcas de balas en la iglesia y la comisar\u00eda. Como Filo de Caballos, Carrizal de la V\u00eda, Balsamar y Tepozonalco, es un pueblo tomado por un grupo armado.<\/p>\n<p>Como los otros 80 ni\u00f1os que duermen aqu\u00ed en el campamento, Frida Guadalupe est\u00e1 cada vez m\u00e1s flaca. Casi todos los d\u00edas desayuna, come y cena quesadillas de papa fritas y agua saboreada con Tang. No hay dinero para otra cosa. En Los Morros, su familia cultivaba dos hect\u00e1reas de tierra, ten\u00edan 500 \u00e1rboles de aguacate y un restaurante de comida corrida. Hoy no tienen nada salvo algunos cambios de ropa y un poco de dinero que pudieron salvar en su huida, en noviembre pasado.<\/p>\n<p>\u201cHace ya cuatro meses que mis hijos no comen en una mesa \u2013llora Marisela Castro\u2013. Yo creo que esto no s\u00f3lo es injusto: es indigno. Mi esposo trabaj\u00f3 11 a\u00f1os en Estados Unidos para crear un patrimonio. Todo ese trabajo nos lo quitaron de un d\u00eda para otro\u201d.<\/p>\n<p>CLASES PARA LOS NI\u00d1OS<\/p>\n<p>En el campamento hay por lo menos 10 ni\u00f1os menores de un a\u00f1o de edad, algunos de no m\u00e1s de tres meses. Apenas un d\u00eda despu\u00e9s de que el campamento fue instalado, una mujer con nueve meses de embarazo tuvo que ser hospitalizada pues comenz\u00f3 a tener contracciones en la calle: hubiera sido el primer ni\u00f1o nacido frente a Palacio Nacional.<\/p>\n<p>Ajenos a las miles de personas que transitan por el Z\u00f3calo de Ciudad de M\u00e9xico y sus alrededores, siempre vigilados por las cuatro o cinco personas de la comunidad designadas para hacer guardias durante el d\u00eda y la noche, a toda hora es posible ver enjambres de ni\u00f1as y ni\u00f1os jugando al trompo o a la pelota entre las colchonetas.<\/p>\n<p>Hu\u00e9spedes de la Casa del Estudiante Jos\u00e9 Ives Limantour suelen acudir los s\u00e1bados y domingos a brindar apoyo educativo a los ni\u00f1os mayores de cinco a\u00f1os presentes en el campamento. Ubicada en el barrio de Tepito, a unas cinco calles del Z\u00f3calo, esta instituci\u00f3n tambi\u00e9n ha permitido que las comunidades desplazadas usen sus instalaciones sanitarias.<\/p>\n<p>Desde hace unos d\u00edas, los ni\u00f1os desplazados tambi\u00e9n reciben atenci\u00f3n diaria por parte de los estudiantes de la Escuela Normal Rural Mactumatz\u00e1, de Chiapas, quienes llegaron de avent\u00f3n desde Tuxtla Guti\u00e9rrez, apenas tres d\u00edas despu\u00e9s que ellos, para exigir que su plantel sea reconstruido y se respete el total de matr\u00edculas. En pizarrones improvisados con cartoncillo forrado de pl\u00e1stico intentan ense\u00f1arles a escribir su nombre, a sumar, a contar.<\/p>\n<p>\u201cEs parte de nuestra vocaci\u00f3n social como educadores y nuestro compromiso de brindar conocimiento a la poblaci\u00f3n ind\u00edgena, nosotros no recibimos ning\u00fan pago por esto \u2013dice Carlos Villatoro\u2013. El problema es que hay ni\u00f1os en el campamento que deber\u00edan ir en cuarto de primaria y tienen serios problemas para leer, para escribir. Tienen un rezago grave\u201d.<\/p>\n<p>No es raro. Todos los ni\u00f1os del campamento dejaron sus casas desde noviembre. Son ya cuatro meses sin pisar un aula pero incluso antes, en sus comunidades, los maestros hab\u00edan comenzado a faltar por la situaci\u00f3n de violencia.<\/p>\n<p>\u201cVen\u00edan s\u00f3lo una vez a la semana, a veces unos cuatro d\u00edas al mes\u201d, cuenta Jocelyn, de 32 a\u00f1os y madre de dos ni\u00f1as, de 12 y 10 a\u00f1os, y un ni\u00f1o de apenas cuatro. A ellas las envi\u00f3 hace cuatro a\u00f1os a estudiar a Tijuana, con una hermana. \u201cLes tocaron varias balaceras en la escuela. Los ni\u00f1os que hoy est\u00e1n aqu\u00ed tienen por lo menos dos a\u00f1os de atraso, por lo menos, eso lo sabemos todos\u201d.<\/p>\n<p>SIN VOLUNTAD POL\u00cdTICA<\/p>\n<p>Para Manuel Olivares, director del Centro Regional de Derechos Humanos Jos\u00e9 Mar\u00eda Morelos y Pav\u00f3n, acompa\u00f1ante y representante legal de los m\u00e1s de 350 desplazados que hoy duermen frente a Palacio Nacional, existe \u201cpoca experiencia y poca voluntad pol\u00edtica para resolver la crisis de los desplazados por el crimen organizado\u201d.<\/p>\n<p>\u201cExisten est\u00e1ndares internacionales a los que M\u00e9xico tendr\u00eda que responder \u2013explica Olivares\u2013. En Guerrero existe la Ley 487 para prevenir y atender el desplazamiento interno; a nivel federal est\u00e1 la Ley General de V\u00edctimas. Ninguna se est\u00e1 aplicando. No es una situaci\u00f3n no prevista, pero la actual administraci\u00f3n parece que no est\u00e1 tomando en serio el tema del desplazamiento: es lo m\u00e1s grave que ocurre en nuestro pa\u00eds, despu\u00e9s de los desaparecidos.<\/p>\n<p>\u201cNo existe todav\u00eda una ley nacional de desplazados, es algo que tiene que trabajarse, y que los c\u00f3digos penales consideren el desplazamiento forzado como un delito\u201d, plantea.<\/p>\n<p>El campamento instalado en Ciudad de M\u00e9xico es s\u00f3lo una representaci\u00f3n de un total de mil 600 personas, muchas de las cuales contin\u00faan durmiendo en el auditorio de Chichihualco. Y ya hay otros poblados que est\u00e1n considerando tambi\u00e9n abandonar sus casas, como es el caso de Jicay\u00e1n de Tovar, en el municipio de Tlacoachistlahuaca, en la Costa Chica de Guerrero.<\/p>\n<p>A la fecha no han vuelto a reunirse con Alejandro Encinas, Subsecretario de Derechos Humanos, Migraci\u00f3n y Poblaci\u00f3n de la Secretar\u00eda de Gobernaci\u00f3n (Segob). Y aunque han sostenido ya \u201ctres o cuatro reuniones\u201d con Neftal\u00ed Granados y F\u00e9lix Santana, director general de Estrategias para la Atenci\u00f3n a los Derechos Humanos de la Segob, no hay ning\u00fan avance pese a la crisis humanitaria que viven estas familias y otras miles de personas que han perdido todo su patrimonio y a\u00fan permanecen en Guerrero.<\/p>\n<p>\u201cLo \u00fanico que nos dicen es que el problema tiene que resolverse a fondo, con una estrategia nacional implementada por el doctor Alfonso Durazo, por parte de la Secretar\u00eda de Seguridad y Protecci\u00f3n Ciudadana. Pero nosotros no sabemos cu\u00e1nto tiempo tienen que esperar las familias para poder retornar a sus comunidades.<\/p>\n<p><img loading=\"lazy\" decoding=\"async\" data-attachment-id=\"31165\" data-permalink=\"https:\/\/www.grieta.org.mx\/index.php\/2019\/03\/20\/los-ninos-no-pisan-escuela-viven-frente-a-palacio-nacional-solo-piden-paz-para-volver-a-su-casa-ciudad-de-mexico\/mes_palacio_nacional_desplazados-6-1\/\" data-orig-file=\"https:\/\/www.grieta.org.mx\/wp-content\/uploads\/2019\/03\/mes_palacio_nacional_desplazados-6-1.jpg\" data-orig-size=\"700,369\" data-comments-opened=\"0\" data-image-meta=\"{&quot;aperture&quot;:&quot;0&quot;,&quot;credit&quot;:&quot;&quot;,&quot;camera&quot;:&quot;&quot;,&quot;caption&quot;:&quot;&quot;,&quot;created_timestamp&quot;:&quot;0&quot;,&quot;copyright&quot;:&quot;&quot;,&quot;focal_length&quot;:&quot;0&quot;,&quot;iso&quot;:&quot;0&quot;,&quot;shutter_speed&quot;:&quot;0&quot;,&quot;title&quot;:&quot;&quot;,&quot;orientation&quot;:&quot;0&quot;}\" data-image-title=\"mes_palacio_nacional_desplazados-6-1\" data-image-description=\"\" data-image-caption=\"\" data-medium-file=\"https:\/\/www.grieta.org.mx\/wp-content\/uploads\/2019\/03\/mes_palacio_nacional_desplazados-6-1-300x158.jpg\" data-large-file=\"https:\/\/www.grieta.org.mx\/wp-content\/uploads\/2019\/03\/mes_palacio_nacional_desplazados-6-1.jpg\" src=\"http:\/\/www.grieta.org.mx\/wp-content\/uploads\/2019\/03\/mes_palacio_nacional_desplazados-6-1-300x158.jpg\" alt=\"\" width=\"700\" height=\"658\" class=\"aligncenter size-medium wp-image-31165\" \/><\/p>\n<p>\u201cEstamos solicitando una reuni\u00f3n con Durazo, para que nos explique esto. No podemos esperar a que se concluya el dise\u00f1o de una estrategia que no sabemos si funcionar\u00e1\u201d.<\/p>\n<p>Al problema de la estrategia nacional se suman las particularidades propias de Guerrero, donde grupos criminales hoy parecen cobijados bajo la figura de las polic\u00edas comunitarias y la ley 701 que las ampara, adem\u00e1s de los propios conflictos entre las polic\u00edas comunitarias y otros grupos armados que confluyen en el territorio. Pacificar una zona as\u00ed no ser\u00e1 f\u00e1cil, comenta Olivares.<\/p>\n<p>\u201cPor eso nosotros pedimos algo muy b\u00e1sico \u2013contin\u00faa\u2013. Hemos presentado una propuesta de atenci\u00f3n humanitaria que incluye varios ejes: Lo primero es el derecho a una vivienda digna, un lugar amueblado que los desplazados puedan habitar. Luego, alimentaci\u00f3n: 10 mil pesos por familia para que pueda comprar sus alimentos y sustentar sus gastos, mientras se pacifican sus localidades. Y seguridad: velar porque est\u00e9n seguros, algunos de ellos han sido amenazados\u201d.<\/p>\n<p>\u201cNECESITAMOS SEMBRAR\u201d<\/p>\n<p>Joaquina Cantor Gasparillo lleg\u00f3 aqu\u00ed con sus tres hijas de 20, 11 y siete a\u00f1os, adem\u00e1s de su nieta de apenas un a\u00f1o. Es madre soltera. Dice que la desesperaci\u00f3n la llev\u00f3 a plantarse en persona con el Presidente municipal de Zitlala, Rogelio Ramos, para pedirle apoyo y exigirle que mandara al Ej\u00e9rcito, a la polic\u00eda preventiva, que mandara a alguien, ahora s\u00ed, porque ya hab\u00eda muchas balaceras, varios desaparecidos y nadie sab\u00eda qu\u00e9 estaba pasando bien a bien.<\/p>\n<p>El Alcalde contest\u00f3 que no pod\u00eda hacer nada, que \u201cla ma\u00f1a ten\u00eda m\u00e1s gente que el municipio entero\u201d, le respondi\u00f3. Fue la ma\u00f1ana del 3 de noviembre. Lo recuerda porque esa misma noche sali\u00f3 de su casa y camin\u00f3, toda la noche, junto a otras 70 personas hacia Copalillo.<\/p>\n<p>Mart\u00edn Maldonado, el Subsecretario de Asuntos Pol\u00edticos de la Secretar\u00eda General de Gobierno, les asegur\u00f3 que pod\u00edan regresar a Zitlala sin problema. Que ya todo estaba arreglado.<\/p>\n<p>\u2013Si regres\u00e1bamos, nos desaparecen como a muchos \u2013dice Joaquina\u2013. Ahora, lo que m\u00e1s nos preocupa a quienes venimos de Zitlala es una vivienda digna, eso es lo primero. En alg\u00fan lugar donde podamos sembrar, porque no sabemos hacer otra cosa. Somos campesinos. La otra es la educaci\u00f3n: nosotros hablamos n\u00e1huatl y muchos de nuestros ni\u00f1os no hablan espa\u00f1ol. Hace tiempo que ya no daban clases en la comunidad, porque pues hab\u00eda balaceras, asaltos.<\/p>\n<p>\u2013\u00bfSi los reubicaran en otro estado que no fuera Guerrero, ustedes aceptar\u00edan?<\/p>\n<p>\u2013S\u00ed. Pero mire, somos campesinos, yo cultivaba cuatro hect\u00e1reas. Y nosotras somos cinco mujeres. Com\u00edamos de la tierra. Aceptamos irnos a otro lado pero necesitamos sembrar. Y aqu\u00ed en la ciudad pasamos fr\u00edos, imag\u00ednese usted: venimos de un lugar caliente y aqu\u00ed en las noches dormimos sobre el cemento, porque no nos trajimos nada. A los ni\u00f1os por eso les est\u00e1 dando fiebre.<\/p>\n<p>GOBIERNO PROMETE PLAN DE ACCI\u00d3N<\/p>\n<p>El Gobierno federal, mediante la Subsecretar\u00eda de Derechos Humanos, Poblaci\u00f3n y Migraci\u00f3n de la Secretar\u00eda de Gobernaci\u00f3n, dise\u00f1a la operaci\u00f3n \u201cRegreso a Casa\u201d, para los desplazados de las comunidades de Leonardo Bravo (Chichihualco) y de Tlaltempanapa, municipio de Zitlala, que se encuentran en plant\u00f3n desde hace un mes afuera del Palacio Nacional.<\/p>\n<p>La operaci\u00f3n fue anunciada ayer en una reuni\u00f3n con los representantes de los desplazados encabezada por el director general de Estrategias para la Atenci\u00f3n a los Derechos Humanos, F\u00e9lix Santana \u00c1ngeles, inform\u00f3 v\u00eda telef\u00f3nica el representante de los desplazados de Chichihualco, Crescencio Pacheco Gonz\u00e1lez.<\/p>\n<p>El anuncio tambi\u00e9n fue subido a Facebook por el funcionario federal, quien escribi\u00f3: \u201ccontinuamos dise\u00f1ando la operaci\u00f3n Regreso a casa\u201d con las personas desplazadas de Tlaltempanapa, municipio de Zitlala, y con ocho comunidades de Leonardo Bravo, Guerrero\u201d.<\/p>\n<p>Sin embargo a\u00fan no se han dado a conocer los detalles de dicha operaci\u00f3n que implicar\u00eda el regreso de las familias de las comunidades de Leonardo Bravo que fueron desplazadas el 11 de noviembre de Filo de Caballos y otras localidades vecinas tras la irrupci\u00f3n de la Polic\u00eda Comunitaria de Heliodoro Castillo.<\/p>\n<p>Tambi\u00e9n ser\u00edan regresadas las familias que en enero salieron de Tlaltempanapa presionados por civiles armados, presuntamente vinculados con el grupo delictivo Los Ardillos.<\/p>\n<p>Pacheco Gonz\u00e1lez inform\u00f3 que siguen las reuniones con funcionarios del gobierno federal y que las familias desplazadas ser\u00e1n pacientes \u201cpara que todo se haga conforme a derecho\u201d.<\/p>\n<p>Los desplazados cumplieron el domingo un mes en plant\u00f3n afuera del Palacio Nacional con la demanda de una audiencia con el presidente Andr\u00e9s Manuel L\u00f3pez Obrador, sin que la haya concedido.<\/p>\n<p>El representante Pacheco Gonz\u00e1lez declar\u00f3 que lo que les importa no es que los reciba L\u00f3pez Obrador sino que los atiendan y les den respuesta cuando menos los funcionarios a su petici\u00f3n principal que es regresar a sus pueblos en un ambiente de paz y tranquilidad y que replieguen a los polic\u00edas comunitarios que entraron a Filo de Caballos desde el 11 de noviembre pasado.<\/p>\n<p>Pacheco Gonz\u00e1lez inform\u00f3 que anoche tendr\u00edan otra reuni\u00f3n con F\u00e9lix Santana y con el enlace de la Subsecretar\u00eda de Gobernaci\u00f3n con los desplazados Neftal\u00ed Granados para avanzar en los acuerdos.<\/p>\n<p>Inform\u00f3 que tratar\u00edan con el funcionario el pliego petitorio que le entregaron hace dos semanas que contiene sus necesidades en cuanto a la ayuda humanitaria que piden en tanto no sean regresados a sus pueblos.<\/p>\n<p><a href=\"https:\/\/www.sinembargo.mx\/20-03-2019\/3553178\">https:\/\/www.sinembargo.mx\/20-03-2019\/3553178<\/a><\/p>\n","protected":false},"excerpt":{"rendered":"<p>Carlos Acu\u00f1a y Zacar\u00edas Cervantes\/SinEmbargo El Gobierno federal \u201cno est\u00e1 tomando en serio\u201d el problema de las familias que abandonan sus comunidades por la violencia del crimen organizado: \u201ces lo &hellip; <a href=\"https:\/\/www.grieta.org.mx\/index.php\/2019\/03\/20\/los-ninos-no-pisan-escuela-viven-frente-a-palacio-nacional-solo-piden-paz-para-volver-a-su-casa-ciudad-de-mexico\/\" class=\"more-link\">Leer m\u00e1s<\/a><\/p>\n","protected":false},"author":2,"featured_media":31164,"comment_status":"closed","ping_status":"closed","sticky":false,"template":"","format":"standard","meta":{"ngg_post_thumbnail":0,"_jetpack_newsletter_access":"","_jetpack_dont_email_post_to_subs":false,"_jetpack_newsletter_tier_id":0,"_jetpack_memberships_contains_paywalled_content":false,"_jetpack_memberships_contains_paid_content":false,"footnotes":""},"categories":[80,14,2143,2],"tags":[2238],"class_list":["post-31163","post","type-post","status-publish","format-standard","has-post-thumbnail","hentry","category-cintillo","category-ciudad-de-mexico","category-desplazados-en-la-ciudad-de-mexico","category-noticias-nacionales","tag-desplazados-de-guerrero","entry"],"jetpack_featured_media_url":"https:\/\/www.grieta.org.mx\/wp-content\/uploads\/2019\/03\/frases-1100-templates-8.jpg","jetpack_sharing_enabled":true,"jetpack_shortlink":"https:\/\/wp.me\/p7ZJR4-86D","jetpack_likes_enabled":false,"jetpack-related-posts":[{"id":30132,"url":"https:\/\/www.grieta.org.mx\/index.php\/2019\/03\/03\/crisis-humanitaria-en-el-estado-de-guerrero-obliga-a-desplazados-a-acampar-en-la-puerta-del-palacio-nacional-ciudad-de-mexico\/","url_meta":{"origin":31163,"position":0},"title":"Crisis humanitaria en el estado de Guerrero obliga a desplazados a acampar en la puerta del Palacio Nacional (Ciudad de M\u00e9xico)","author":"grieta","date":"3 marzo, 2019","format":false,"excerpt":"Radio Zapatista Durante la noche del pasado 17 de febrero arribaron a las puertas del Palacio Nacional en la CDMX aproximadamente 400 personas desplazadas del estado de Guerrero, entre estas, se calculan unos 40 ni\u00f1os menores de 8 a\u00f1os. Las familias desplazadas montaron un campamento con la intenci\u00f3n de solicitar\u2026","rel":"","context":"En &quot;CINTILLO&quot;","block_context":{"text":"CINTILLO","link":"https:\/\/www.grieta.org.mx\/index.php\/category\/cintillo\/"},"img":{"alt_text":"","src":"https:\/\/i0.wp.com\/www.grieta.org.mx\/wp-content\/uploads\/2019\/03\/DSC07783-700x466.jpg?resize=350%2C200&ssl=1","width":350,"height":200,"srcset":"https:\/\/i0.wp.com\/www.grieta.org.mx\/wp-content\/uploads\/2019\/03\/DSC07783-700x466.jpg?resize=350%2C200&ssl=1 1x, https:\/\/i0.wp.com\/www.grieta.org.mx\/wp-content\/uploads\/2019\/03\/DSC07783-700x466.jpg?resize=525%2C300&ssl=1 1.5x, https:\/\/i0.wp.com\/www.grieta.org.mx\/wp-content\/uploads\/2019\/03\/DSC07783-700x466.jpg?resize=700%2C400&ssl=1 2x"},"classes":[]},{"id":29444,"url":"https:\/\/www.grieta.org.mx\/index.php\/2019\/02\/21\/desplazados-de-guerrero-piden-ayuda-y-mantienen-planton-en-el-zocalo-ciudad-de-mexico\/","url_meta":{"origin":31163,"position":1},"title":"Desplazados de Guerrero piden ayuda y mantienen plant\u00f3n en el Z\u00f3calo (Ciudad de M\u00e9xico)","author":"grieta","date":"21 febrero, 2019","format":false,"excerpt":"20minutos El grupo de personas que sali\u00f3 del estado de Guerrero, debido a la violencia sufrida en sus comunidades mantiene su plat\u00f3n frente al Palacio Nacional en el Centro Hist\u00f3rico de la Ciudad de M\u00e9xico... El grupo de personas que sali\u00f3 del estado de Guerrero, debido a la violencia sufrida\u2026","rel":"","context":"En &quot;CINTILLO&quot;","block_context":{"text":"CINTILLO","link":"https:\/\/www.grieta.org.mx\/index.php\/category\/cintillo\/"},"img":{"alt_text":"","src":"https:\/\/i0.wp.com\/www.grieta.org.mx\/wp-content\/uploads\/2018\/03\/14524434_1106112876131411_958039263622046936_o.jpg?resize=350%2C200&ssl=1","width":350,"height":200,"srcset":"https:\/\/i0.wp.com\/www.grieta.org.mx\/wp-content\/uploads\/2018\/03\/14524434_1106112876131411_958039263622046936_o.jpg?resize=350%2C200&ssl=1 1x, https:\/\/i0.wp.com\/www.grieta.org.mx\/wp-content\/uploads\/2018\/03\/14524434_1106112876131411_958039263622046936_o.jpg?resize=525%2C300&ssl=1 1.5x, https:\/\/i0.wp.com\/www.grieta.org.mx\/wp-content\/uploads\/2018\/03\/14524434_1106112876131411_958039263622046936_o.jpg?resize=700%2C400&ssl=1 2x"},"classes":[]},{"id":38516,"url":"https:\/\/www.grieta.org.mx\/index.php\/2019\/08\/30\/protestan-por-sus-desparecidos-frente-al-palacio-nacional-fotogaleria\/","url_meta":{"origin":31163,"position":2},"title":"Protestan por sus desparecidos frente al Palacio Nacional (fotogaler\u00eda)","author":"grieta","date":"30 agosto, 2019","format":false,"excerpt":"EFE\/Vanguardia Los familiares de desaparecidos adem\u00e1s planean entregar 80.000 firmas para exigir al Estado mejoras en los protocolos de investigaci\u00f3n. https:\/\/vanguardia.com.mx\/articulo\/protestan-por-sus-desparecidos-frente-al-palacio-nacional-fotogaleria","rel":"","context":"En &quot;CINTILLO&quot;","block_context":{"text":"CINTILLO","link":"https:\/\/www.grieta.org.mx\/index.php\/category\/cintillo\/"},"img":{"alt_text":"","src":"https:\/\/i0.wp.com\/www.grieta.org.mx\/wp-content\/uploads\/2019\/08\/1-4.jpg?resize=350%2C200&ssl=1","width":350,"height":200,"srcset":"https:\/\/i0.wp.com\/www.grieta.org.mx\/wp-content\/uploads\/2019\/08\/1-4.jpg?resize=350%2C200&ssl=1 1x, https:\/\/i0.wp.com\/www.grieta.org.mx\/wp-content\/uploads\/2019\/08\/1-4.jpg?resize=525%2C300&ssl=1 1.5x, https:\/\/i0.wp.com\/www.grieta.org.mx\/wp-content\/uploads\/2019\/08\/1-4.jpg?resize=700%2C400&ssl=1 2x"},"classes":[]},{"id":28526,"url":"https:\/\/www.grieta.org.mx\/index.php\/2019\/01\/09\/bomberos-protesta-en-palacio-nacional-por-falta-de-pago\/","url_meta":{"origin":31163,"position":3},"title":"Bomberos protesta en Palacio Nacional por falta de pago","author":"grieta","date":"9 enero, 2019","format":false,"excerpt":"Redacci\u00f3n \/ El Universal CDMX.- Al menos mil bomberos de la Ciudad de M\u00e9xico mantienen una manifestaci\u00f3n frente a Palacio Nacional para exigir que les descongelen los salarios de 330 de sus integrantes y el alza en sueldos que les correspond\u00eda en 2018. El segundo inspector Carlos Isa\u00edas Hern\u00e1ndez Mendoza\u2026","rel":"","context":"En &quot;CINTILLO&quot;","block_context":{"text":"CINTILLO","link":"https:\/\/www.grieta.org.mx\/index.php\/category\/cintillo\/"},"img":{"alt_text":"","src":"https:\/\/i0.wp.com\/www.grieta.org.mx\/wp-content\/uploads\/2019\/01\/bomberospalacionaciona%C3%B1.jpg?resize=350%2C200&ssl=1","width":350,"height":200,"srcset":"https:\/\/i0.wp.com\/www.grieta.org.mx\/wp-content\/uploads\/2019\/01\/bomberospalacionaciona%C3%B1.jpg?resize=350%2C200&ssl=1 1x, https:\/\/i0.wp.com\/www.grieta.org.mx\/wp-content\/uploads\/2019\/01\/bomberospalacionaciona%C3%B1.jpg?resize=525%2C300&ssl=1 1.5x, https:\/\/i0.wp.com\/www.grieta.org.mx\/wp-content\/uploads\/2019\/01\/bomberospalacionaciona%C3%B1.jpg?resize=700%2C400&ssl=1 2x"},"classes":[]},{"id":43407,"url":"https:\/\/www.grieta.org.mx\/index.php\/2020\/01\/24\/dispuestos-a-soportar-golpes-padres-de-ninos-con-cancer-acuden-a-palacio-nacional\/","url_meta":{"origin":31163,"position":4},"title":"&#8220;Dispuestos a soportar golpes&#8221;, padres de ni\u00f1os con c\u00e1ncer acuden a Palacio Nacional","author":"grieta","date":"24 enero, 2020","format":false,"excerpt":"Luego de protestar por m\u00e1s de 11 horas en la Terminal 1 del AICM, los padres se dirigieron a Palacio Nacional. (Efe) La Silla Rota \"Aunque la puerta est\u00e9 cerrada vamos intentar entrar. Es un portazo para el pueblo\", expuso uno de los padres ante el cierre y vigilancia militar\u2026","rel":"","context":"En &quot;CINTILLO&quot;","block_context":{"text":"CINTILLO","link":"https:\/\/www.grieta.org.mx\/index.php\/category\/cintillo\/"},"img":{"alt_text":"","src":"https:\/\/i0.wp.com\/www.grieta.org.mx\/wp-content\/uploads\/2020\/01\/Dispuestos-a-soportar-golpes-padres-acuden-a-palacio-nacional-por-desabasto-de-medicinas-cdmx-edomex-ene.jpg?resize=350%2C200","width":350,"height":200},"classes":[]},{"id":42525,"url":"https:\/\/www.grieta.org.mx\/index.php\/2019\/12\/23\/bloquean-artistas-accesos-a-palacio-nacional-ante-adeudos-ciudad-de-mexico\/","url_meta":{"origin":31163,"position":5},"title":"Bloquean artistas accesos a Palacio Nacional ante adeudos (Ciudad de M\u00e9xico)","author":"grieta","date":"23 diciembre, 2019","format":false,"excerpt":"La Silla Rota Los inconformes dicen que con la falta de pagos se vulneran los derechos culturales\u00a0de todos los mexicanos Un grupo de artistas y trabajadores en dependencias culturales bloquean la\u00a0ma\u00f1ana de este lunes los accesos a Palacio Nacional para exigir pagos\u00a0pendientes. Los manifestantes llegaron desde las 6:00 de la\u2026","rel":"","context":"En &quot;CINTILLO&quot;","block_context":{"text":"CINTILLO","link":"https:\/\/www.grieta.org.mx\/index.php\/category\/cintillo\/"},"img":{"alt_text":"","src":"https:\/\/i0.wp.com\/www.grieta.org.mx\/wp-content\/uploads\/2019\/12\/VIDEOS-Bloquean-artistas-cdmx-dic.jpg?resize=350%2C200","width":350,"height":200},"classes":[]}],"_links":{"self":[{"href":"https:\/\/www.grieta.org.mx\/index.php\/wp-json\/wp\/v2\/posts\/31163","targetHints":{"allow":["GET"]}}],"collection":[{"href":"https:\/\/www.grieta.org.mx\/index.php\/wp-json\/wp\/v2\/posts"}],"about":[{"href":"https:\/\/www.grieta.org.mx\/index.php\/wp-json\/wp\/v2\/types\/post"}],"author":[{"embeddable":true,"href":"https:\/\/www.grieta.org.mx\/index.php\/wp-json\/wp\/v2\/users\/2"}],"replies":[{"embeddable":true,"href":"https:\/\/www.grieta.org.mx\/index.php\/wp-json\/wp\/v2\/comments?post=31163"}],"version-history":[{"count":1,"href":"https:\/\/www.grieta.org.mx\/index.php\/wp-json\/wp\/v2\/posts\/31163\/revisions"}],"predecessor-version":[{"id":31167,"href":"https:\/\/www.grieta.org.mx\/index.php\/wp-json\/wp\/v2\/posts\/31163\/revisions\/31167"}],"wp:featuredmedia":[{"embeddable":true,"href":"https:\/\/www.grieta.org.mx\/index.php\/wp-json\/wp\/v2\/media\/31164"}],"wp:attachment":[{"href":"https:\/\/www.grieta.org.mx\/index.php\/wp-json\/wp\/v2\/media?parent=31163"}],"wp:term":[{"taxonomy":"category","embeddable":true,"href":"https:\/\/www.grieta.org.mx\/index.php\/wp-json\/wp\/v2\/categories?post=31163"},{"taxonomy":"post_tag","embeddable":true,"href":"https:\/\/www.grieta.org.mx\/index.php\/wp-json\/wp\/v2\/tags?post=31163"}],"curies":[{"name":"wp","href":"https:\/\/api.w.org\/{rel}","templated":true}]}}