{"id":31149,"date":"2019-03-23T21:22:24","date_gmt":"2019-03-24T03:22:24","guid":{"rendered":"http:\/\/www.grieta.org.mx\/?p=31149"},"modified":"2019-03-24T21:42:43","modified_gmt":"2019-03-25T03:42:43","slug":"presidente-municipal-de-piedras-negras-criminaliza-y-amenaza-a-reportero-coahuila","status":"publish","type":"post","link":"https:\/\/www.grieta.org.mx\/index.php\/2019\/03\/23\/presidente-municipal-de-piedras-negras-criminaliza-y-amenaza-a-reportero-coahuila\/","title":{"rendered":"Presidente municipal de Piedras Negras criminaliza y amenaza a reportero (Coahuila)"},"content":{"rendered":"<p><img loading=\"lazy\" decoding=\"async\" data-attachment-id=\"31150\" data-permalink=\"https:\/\/www.grieta.org.mx\/index.php\/2019\/03\/23\/presidente-municipal-de-piedras-negras-criminaliza-y-amenaza-a-reportero-coahuila\/funcionario\/\" data-orig-file=\"https:\/\/www.grieta.org.mx\/wp-content\/uploads\/2019\/03\/funcionario.jpg\" data-orig-size=\"696,389\" data-comments-opened=\"0\" data-image-meta=\"{&quot;aperture&quot;:&quot;0&quot;,&quot;credit&quot;:&quot;&quot;,&quot;camera&quot;:&quot;&quot;,&quot;caption&quot;:&quot;&quot;,&quot;created_timestamp&quot;:&quot;0&quot;,&quot;copyright&quot;:&quot;&quot;,&quot;focal_length&quot;:&quot;0&quot;,&quot;iso&quot;:&quot;0&quot;,&quot;shutter_speed&quot;:&quot;0&quot;,&quot;title&quot;:&quot;&quot;,&quot;orientation&quot;:&quot;1&quot;}\" data-image-title=\"funcionario\" data-image-description=\"\" data-image-caption=\"\" data-medium-file=\"https:\/\/www.grieta.org.mx\/wp-content\/uploads\/2019\/03\/funcionario-300x168.jpg\" data-large-file=\"https:\/\/www.grieta.org.mx\/wp-content\/uploads\/2019\/03\/funcionario.jpg\" class=\"aligncenter size-medium wp-image-31150\" src=\"http:\/\/www.grieta.org.mx\/wp-content\/uploads\/2019\/03\/funcionario-300x168.jpg\" alt=\"\" width=\"600\" height=\"336\" srcset=\"https:\/\/www.grieta.org.mx\/wp-content\/uploads\/2019\/03\/funcionario-300x168.jpg 300w, https:\/\/www.grieta.org.mx\/wp-content\/uploads\/2019\/03\/funcionario.jpg 696w\" sizes=\"auto, (max-width: 600px) 100vw, 600px\" \/><\/p>\n<p>&nbsp;<\/p>\n<p>Brian Mart\u00ednez\/SOMOSELMEDIO<\/p>\n<p>Ciudad de M\u00e9xico, 23 de marzo, 2019.- En una alerta emitida este jueves 22 de marzo, la organizaci\u00f3n Articulo 19 denunci\u00f3 la criminalizaci\u00f3n y amenazas dirigidas al reportero independiente Efra\u00edn Gonz\u00e1lez por parte del Presidente Municipal de Piedras Negras, Coahuila, Claudio Bres Garza.<\/p>\n<p>En la alerta se expuso que la amenaza de denuncia tiene lugar luego de que el periodista publicara el 11 de marzo del mismo a\u00f1o, en su cuenta de Facebook, un reportaje sobre el supuesto conflicto de intereses por el contrato de publicidad oficial con una radiodifusora, en que aparece el Presidente Municipal como accionista.<\/p>\n<p>Al respecto, Articulo 19 se\u00f1al\u00f3 que preocupa que el Derecho Penal siga siendo una herramienta para limitar y amedrentar a periodistas que han se\u00f1alado posibles hechos de corrupci\u00f3n, conflicto de intereses o conductas similares cometidos por parte de servidores p\u00fablicos.<\/p>\n<p>Aclar\u00f3 que \u201cvarios organismos internacionales se han pronunciado ya sobre el peligroso efecto inhibidor de los procesos penales contra periodistas\u201d.<\/p>\n<p>La organizaci\u00f3n argument\u00f3 que \u201ctodas las expresiones est\u00e1n protegidas por la libertad de expresi\u00f3n, con especial \u00e9nfasis en las expresiones que repercuten en la esfera p\u00fablica y que son considerados como temas de inter\u00e9s p\u00fablico\u201d.<\/p>\n<p>Por lo tanto, Articulo 19 conmin\u00f3 al Presidente Municipal \u201ca evitar el uso del Derecho Penal como medio restrictivo desproporcionado de la libertad de expresi\u00f3n\u201d y tambi\u00e9n le invit\u00f3 a \u201cconocer los est\u00e1ndares en la materia para llevar a cabo la gesti\u00f3n p\u00fablica que le fue encomendada\u201d.<\/p>\n<p>Por \u00faltimo exigi\u00f3 a la Comisi\u00f3n Estatal de Derechos Humanos a que atendiera el caso y brindara atenci\u00f3n, adem\u00e1s de \u201clas medidas necesarias a Efra\u00edn Gonzales (periodista criminalizado y amenazado) para el ejercicio y protecci\u00f3n de sus derechos humanos a la libertad de expresi\u00f3n, de informaci\u00f3n, a la integridad, entre otros\u201d.<\/p>\n<p><a href=\"https:\/\/www.somoselmedio.com\/2019\/03\/23\/presidente-municipal-de-piedras-negras-criminaliza-y-amenaza-a-reportero\/\" target=\"_blank\" rel=\"noopener noreferrer\">https:\/\/www.somoselmedio.com\/2019\/03\/23\/presidente-municipal-de-piedras-negras-criminaliza-y-amenaza-a-reportero\/<\/a><\/p>\n","protected":false},"excerpt":{"rendered":"<p>&nbsp; Brian Mart\u00ednez\/SOMOSELMEDIO Ciudad de M\u00e9xico, 23 de marzo, 2019.- En una alerta emitida este jueves 22 de marzo, la organizaci\u00f3n Articulo 19 denunci\u00f3 la criminalizaci\u00f3n y amenazas dirigidas al &hellip; <a href=\"https:\/\/www.grieta.org.mx\/index.php\/2019\/03\/23\/presidente-municipal-de-piedras-negras-criminaliza-y-amenaza-a-reportero-coahuila\/\" class=\"more-link\">Leer m\u00e1s<\/a><\/p>\n","protected":false},"author":2,"featured_media":21928,"comment_status":"closed","ping_status":"closed","sticky":false,"template":"","format":"standard","meta":{"ngg_post_thumbnail":0,"_jetpack_newsletter_access":"","_jetpack_dont_email_post_to_subs":false,"_jetpack_newsletter_tier_id":0,"_jetpack_memberships_contains_paywalled_content":false,"_jetpack_memberships_contains_paid_content":false,"footnotes":""},"categories":[80,419,2,83,88,1216],"tags":[],"class_list":["post-31149","post","type-post","status-publish","format-standard","has-post-thumbnail","hentry","category-cintillo","category-coahuila","category-noticias-nacionales","category-temas-nacionales","category-violencia-contra-periodistas","category-violencia-contra-periodistas-en-coahuila","entry"],"jetpack_featured_media_url":"https:\/\/www.grieta.org.mx\/wp-content\/uploads\/2018\/03\/14524434_1106112876131411_958039263622046936_o.jpg","jetpack_sharing_enabled":true,"jetpack_shortlink":"https:\/\/wp.me\/p7ZJR4-86p","jetpack_likes_enabled":false,"jetpack-related-posts":[{"id":60104,"url":"https:\/\/www.grieta.org.mx\/index.php\/2021\/06\/23\/asesinan-en-coahuila-al-periodista-saul-tijerina-es-el-tercer-comunicador-asesinado-en-lo-que-va-de-junio\/","url_meta":{"origin":31149,"position":0},"title":"Asesinan en Coahuila al periodista Sa\u00fal Tijerina; es el tercer comunicador asesinado en lo que va de junio","author":"grieta","date":"23 junio, 2021","format":false,"excerpt":"En lo que va del mes, han asesinado a tres periodistas en diferentes estados. La muerte m\u00e1s reciente es la de Sa\u00fal Tijerina, reportero de Coahuila, de 25 a\u00f1os. El pasado 22 de junio fue asesinado el reportero Sa\u00fal Tijerina Renter\u00eda, en Ciudad Acu\u00f1a, Coahuila, marcando el tercer asesinato contra\u2026","rel":"","context":"En &quot;CINTILLO&quot;","block_context":{"text":"CINTILLO","link":"https:\/\/www.grieta.org.mx\/index.php\/category\/cintillo\/"},"img":{"alt_text":"","src":"https:\/\/i0.wp.com\/www.grieta.org.mx\/wp-content\/uploads\/2021\/06\/cuartoscuro_783363_digital.jpeg?resize=350%2C200&ssl=1","width":350,"height":200,"srcset":"https:\/\/i0.wp.com\/www.grieta.org.mx\/wp-content\/uploads\/2021\/06\/cuartoscuro_783363_digital.jpeg?resize=350%2C200&ssl=1 1x, https:\/\/i0.wp.com\/www.grieta.org.mx\/wp-content\/uploads\/2021\/06\/cuartoscuro_783363_digital.jpeg?resize=525%2C300&ssl=1 1.5x, https:\/\/i0.wp.com\/www.grieta.org.mx\/wp-content\/uploads\/2021\/06\/cuartoscuro_783363_digital.jpeg?resize=700%2C400&ssl=1 2x, https:\/\/i0.wp.com\/www.grieta.org.mx\/wp-content\/uploads\/2021\/06\/cuartoscuro_783363_digital.jpeg?resize=1050%2C600&ssl=1 3x, https:\/\/i0.wp.com\/www.grieta.org.mx\/wp-content\/uploads\/2021\/06\/cuartoscuro_783363_digital.jpeg?resize=1400%2C800&ssl=1 4x"},"classes":[]},{"id":52997,"url":"https:\/\/www.grieta.org.mx\/index.php\/2020\/09\/03\/exhuman-restos-del-periodista-juan-espinoza-menera-por-indicios-de-ejecucion-extrajudicial-coahuila\/","url_meta":{"origin":31149,"position":1},"title":"Exhuman restos del periodista Juan Espinoza Menera por indicios de ejecuci\u00f3n extrajudicial (Coahuila)","author":"grieta","date":"3 septiembre, 2020","format":false,"excerpt":"Juan Alberto Cedillo\/ PROCESO SALTILLO, Coah. (apro). \u2013 La Fiscal\u00eda General de la Rep\u00fablica (FGR) exhum\u00f3 el cuerpo del periodista Juan Espinoza Menera para practicarle el \u201cProtocolo de Minnesota\u201d debido a que hay evidencias de que su muerte se pudo deber a una \u201cejecuci\u00f3n extrajudicial\u201d perpetrada por los polic\u00edas que\u2026","rel":"","context":"En &quot;CINTILLO&quot;","block_context":{"text":"CINTILLO","link":"https:\/\/www.grieta.org.mx\/index.php\/category\/cintillo\/"},"img":{"alt_text":"","src":"https:\/\/i0.wp.com\/www.grieta.org.mx\/wp-content\/uploads\/2020\/09\/periodista-juan-espinoza-menera-870x522-1.jpg?resize=350%2C200&ssl=1","width":350,"height":200,"srcset":"https:\/\/i0.wp.com\/www.grieta.org.mx\/wp-content\/uploads\/2020\/09\/periodista-juan-espinoza-menera-870x522-1.jpg?resize=350%2C200&ssl=1 1x, https:\/\/i0.wp.com\/www.grieta.org.mx\/wp-content\/uploads\/2020\/09\/periodista-juan-espinoza-menera-870x522-1.jpg?resize=525%2C300&ssl=1 1.5x, https:\/\/i0.wp.com\/www.grieta.org.mx\/wp-content\/uploads\/2020\/09\/periodista-juan-espinoza-menera-870x522-1.jpg?resize=700%2C400&ssl=1 2x"},"classes":[]},{"id":32155,"url":"https:\/\/www.grieta.org.mx\/index.php\/2019\/04\/08\/coahuila-es-el-estado-mas-agresivo-contra-periodistas-segun-articulo-19\/","url_meta":{"origin":31149,"position":2},"title":"Coahuila es el Estado m\u00e1s agresivo contra periodistas, seg\u00fan Art\u00edculo 19","author":"grieta","date":"8 abril, 2019","format":false,"excerpt":"Pasa del tercer lugar en 2017 a ser el l\u00edder en 2018 Armando R\u00edos\/VANGUARDIA MX Dentro del informe publicado el pasado mi\u00e9rcoles por la organizaci\u00f3n Art\u00edculo 19, Coahuila se coloc\u00f3 como el primer lugar en agresiones contra el gremio period\u00edstico a nivel nacional. Del tercer lugar que ocup\u00f3 en el\u2026","rel":"","context":"En &quot;CINTILLO&quot;","block_context":{"text":"CINTILLO","link":"https:\/\/www.grieta.org.mx\/index.php\/category\/cintillo\/"},"img":{"alt_text":"","src":"https:\/\/i0.wp.com\/www.grieta.org.mx\/wp-content\/uploads\/2019\/04\/violencia-periodistas.jpg?resize=350%2C200&ssl=1","width":350,"height":200,"srcset":"https:\/\/i0.wp.com\/www.grieta.org.mx\/wp-content\/uploads\/2019\/04\/violencia-periodistas.jpg?resize=350%2C200&ssl=1 1x, https:\/\/i0.wp.com\/www.grieta.org.mx\/wp-content\/uploads\/2019\/04\/violencia-periodistas.jpg?resize=525%2C300&ssl=1 1.5x, https:\/\/i0.wp.com\/www.grieta.org.mx\/wp-content\/uploads\/2019\/04\/violencia-periodistas.jpg?resize=700%2C400&ssl=1 2x"},"classes":[]},{"id":64843,"url":"https:\/\/www.grieta.org.mx\/index.php\/2022\/08\/19\/migrantes-denuncian-que-personal-de-enlace-municipal-de-piedras-negras-los-detuvieron-con-lujo-de-violencia-coahuila\/","url_meta":{"origin":31149,"position":3},"title":"Migrantes denuncian que personal de \u2018Enlace Municipal\u2019 de Piedras Negras los detuvieron con lujo de violencia (Coahuila)","author":"grieta","date":"19 agosto, 2022","format":false,"excerpt":"EL\u00a0 SIGLO DE TORRE\u00d3N\/ Miguel Sagnelli Esta situaci\u00f3n ha sido expuesta varias veces, incluso despu\u00e9s de que estas actividades parecen rebasar su jurisdicci\u00f3n El d\u00eda de ayer en Piedras Negras fue evidenciada en video, la detenci\u00f3n de un migrante por parte del personal de \u2018Enlace Municipal\u2019 con lujo de violencia.\u2026","rel":"","context":"En &quot;CINTILLO&quot;","block_context":{"text":"CINTILLO","link":"https:\/\/www.grieta.org.mx\/index.php\/category\/cintillo\/"},"img":{"alt_text":"","src":"https:\/\/i0.wp.com\/www.grieta.org.mx\/wp-content\/uploads\/2022\/08\/isabel-mateos-cuartoscuro-1568x882_1-2839533_20220819133938.jpg?resize=350%2C200&ssl=1","width":350,"height":200,"srcset":"https:\/\/i0.wp.com\/www.grieta.org.mx\/wp-content\/uploads\/2022\/08\/isabel-mateos-cuartoscuro-1568x882_1-2839533_20220819133938.jpg?resize=350%2C200&ssl=1 1x, https:\/\/i0.wp.com\/www.grieta.org.mx\/wp-content\/uploads\/2022\/08\/isabel-mateos-cuartoscuro-1568x882_1-2839533_20220819133938.jpg?resize=525%2C300&ssl=1 1.5x, https:\/\/i0.wp.com\/www.grieta.org.mx\/wp-content\/uploads\/2022\/08\/isabel-mateos-cuartoscuro-1568x882_1-2839533_20220819133938.jpg?resize=700%2C400&ssl=1 2x, https:\/\/i0.wp.com\/www.grieta.org.mx\/wp-content\/uploads\/2022\/08\/isabel-mateos-cuartoscuro-1568x882_1-2839533_20220819133938.jpg?resize=1050%2C600&ssl=1 3x"},"classes":[]},{"id":51214,"url":"https:\/\/www.grieta.org.mx\/index.php\/2020\/06\/25\/denuncian-trabajadores-del-issste-piedras-negras-a-funcionarios-por-abuso-de-autoridad-y-amenazas-coahuila\/","url_meta":{"origin":31149,"position":4},"title":"Denuncian trabajadores del ISSSTE Piedras Negras a funcionarios por abuso de autoridad y amenazas (Coahuila)","author":"grieta","date":"25 junio, 2020","format":false,"excerpt":"Josu\u00e9 Rodr\u00edguez\/ VANGUARDIA MX Los denunciantes a\u00f1adieron que todas estas situaciones han sido carentes de fundamento legal y se ha perjudicado a trabajadores en cuesti\u00f3n econ\u00f3mica Piedras Negras.- Un grupo de trabajadores de la cl\u00ednica del Instituto de Seguridad y Servicios Sociales de los Trabajadores del Estado (ISSSTE) de Piedras\u2026","rel":"","context":"En &quot;CINTILLO&quot;","block_context":{"text":"CINTILLO","link":"https:\/\/www.grieta.org.mx\/index.php\/category\/cintillo\/"},"img":{"alt_text":"","src":"https:\/\/i0.wp.com\/www.grieta.org.mx\/wp-content\/uploads\/2020\/06\/manifesacion_en_el_isssse.jpg?resize=350%2C200&ssl=1","width":350,"height":200,"srcset":"https:\/\/i0.wp.com\/www.grieta.org.mx\/wp-content\/uploads\/2020\/06\/manifesacion_en_el_isssse.jpg?resize=350%2C200&ssl=1 1x, https:\/\/i0.wp.com\/www.grieta.org.mx\/wp-content\/uploads\/2020\/06\/manifesacion_en_el_isssse.jpg?resize=525%2C300&ssl=1 1.5x, https:\/\/i0.wp.com\/www.grieta.org.mx\/wp-content\/uploads\/2020\/06\/manifesacion_en_el_isssse.jpg?resize=700%2C400&ssl=1 2x"},"classes":[]},{"id":61816,"url":"https:\/\/www.grieta.org.mx\/index.php\/2021\/09\/19\/bloquean-llegada-de-mas-migrantes-a-piedras-negras-coahuila\/","url_meta":{"origin":31149,"position":5},"title":"Bloquean llegada de m\u00e1s migrantes a Piedras Negras (Coahuila)","author":"grieta","date":"19 septiembre, 2021","format":false,"excerpt":"Josu\u00e9 Rodr\u00edguez\/ VANGUARDIA MX Indocumentados arribaron a PN e intentaron burlar a polic\u00edas y agentes de migraci\u00f3n para buscar quedarse en la ciudad PIEDRAS NEGRAS.- El alcalde de Piedras Negras, Claudio Bres Garza, relat\u00f3 que, migrantes que buscaban ingresar a Piedras Negras, se bajaron de un transporte for\u00e1neo y se\u2026","rel":"","context":"En &quot;CINTILLO&quot;","block_context":{"text":"CINTILLO","link":"https:\/\/www.grieta.org.mx\/index.php\/category\/cintillo\/"},"img":{"alt_text":"","src":"https:\/\/i0.wp.com\/www.grieta.org.mx\/wp-content\/uploads\/2021\/09\/Mig16_1-268158_20210919085434.jpg?resize=350%2C200&ssl=1","width":350,"height":200,"srcset":"https:\/\/i0.wp.com\/www.grieta.org.mx\/wp-content\/uploads\/2021\/09\/Mig16_1-268158_20210919085434.jpg?resize=350%2C200&ssl=1 1x, https:\/\/i0.wp.com\/www.grieta.org.mx\/wp-content\/uploads\/2021\/09\/Mig16_1-268158_20210919085434.jpg?resize=525%2C300&ssl=1 1.5x, https:\/\/i0.wp.com\/www.grieta.org.mx\/wp-content\/uploads\/2021\/09\/Mig16_1-268158_20210919085434.jpg?resize=700%2C400&ssl=1 2x"},"classes":[]}],"_links":{"self":[{"href":"https:\/\/www.grieta.org.mx\/index.php\/wp-json\/wp\/v2\/posts\/31149","targetHints":{"allow":["GET"]}}],"collection":[{"href":"https:\/\/www.grieta.org.mx\/index.php\/wp-json\/wp\/v2\/posts"}],"about":[{"href":"https:\/\/www.grieta.org.mx\/index.php\/wp-json\/wp\/v2\/types\/post"}],"author":[{"embeddable":true,"href":"https:\/\/www.grieta.org.mx\/index.php\/wp-json\/wp\/v2\/users\/2"}],"replies":[{"embeddable":true,"href":"https:\/\/www.grieta.org.mx\/index.php\/wp-json\/wp\/v2\/comments?post=31149"}],"version-history":[{"count":1,"href":"https:\/\/www.grieta.org.mx\/index.php\/wp-json\/wp\/v2\/posts\/31149\/revisions"}],"predecessor-version":[{"id":31151,"href":"https:\/\/www.grieta.org.mx\/index.php\/wp-json\/wp\/v2\/posts\/31149\/revisions\/31151"}],"wp:featuredmedia":[{"embeddable":true,"href":"https:\/\/www.grieta.org.mx\/index.php\/wp-json\/wp\/v2\/media\/21928"}],"wp:attachment":[{"href":"https:\/\/www.grieta.org.mx\/index.php\/wp-json\/wp\/v2\/media?parent=31149"}],"wp:term":[{"taxonomy":"category","embeddable":true,"href":"https:\/\/www.grieta.org.mx\/index.php\/wp-json\/wp\/v2\/categories?post=31149"},{"taxonomy":"post_tag","embeddable":true,"href":"https:\/\/www.grieta.org.mx\/index.php\/wp-json\/wp\/v2\/tags?post=31149"}],"curies":[{"name":"wp","href":"https:\/\/api.w.org\/{rel}","templated":true}]}}