{"id":31146,"date":"2019-01-11T17:54:29","date_gmt":"2019-01-11T23:54:29","guid":{"rendered":"http:\/\/www.grieta.org.mx\/?p=31146"},"modified":"2019-03-24T17:58:02","modified_gmt":"2019-03-24T23:58:02","slug":"lucha-de-16-pueblos-zapotecas-lograr-modificar-decreto-de-veda-para-administrar-controlar-y-recuperar-el-agua-de-sus-territorios-oaxaca","status":"publish","type":"post","link":"https:\/\/www.grieta.org.mx\/index.php\/2019\/01\/11\/lucha-de-16-pueblos-zapotecas-lograr-modificar-decreto-de-veda-para-administrar-controlar-y-recuperar-el-agua-de-sus-territorios-oaxaca\/","title":{"rendered":"Lucha de 16 pueblos zapotecas lograr modificar decreto de veda para administrar, controlar y recuperar el agua de sus territorios (Oaxaca)"},"content":{"rendered":"<p>P\u00e1gina 3.<\/p>\n<p>Pedro Mat\u00edas,<\/p>\n<p><img loading=\"lazy\" decoding=\"async\" data-attachment-id=\"31147\" data-permalink=\"https:\/\/www.grieta.org.mx\/index.php\/2019\/01\/11\/lucha-de-16-pueblos-zapotecas-lograr-modificar-decreto-de-veda-para-administrar-controlar-y-recuperar-el-agua-de-sus-territorios-oaxaca\/veda-agua\/\" data-orig-file=\"https:\/\/www.grieta.org.mx\/wp-content\/uploads\/2019\/03\/veda-agua.jpg\" data-orig-size=\"851,480\" data-comments-opened=\"0\" data-image-meta=\"{&quot;aperture&quot;:&quot;0&quot;,&quot;credit&quot;:&quot;&quot;,&quot;camera&quot;:&quot;&quot;,&quot;caption&quot;:&quot;&quot;,&quot;created_timestamp&quot;:&quot;0&quot;,&quot;copyright&quot;:&quot;&quot;,&quot;focal_length&quot;:&quot;0&quot;,&quot;iso&quot;:&quot;0&quot;,&quot;shutter_speed&quot;:&quot;0&quot;,&quot;title&quot;:&quot;&quot;,&quot;orientation&quot;:&quot;0&quot;}\" data-image-title=\"veda-agua\" data-image-description=\"\" data-image-caption=\"\" data-medium-file=\"https:\/\/www.grieta.org.mx\/wp-content\/uploads\/2019\/03\/veda-agua-300x169.jpg\" data-large-file=\"https:\/\/www.grieta.org.mx\/wp-content\/uploads\/2019\/03\/veda-agua.jpg\" src=\"http:\/\/www.grieta.org.mx\/wp-content\/uploads\/2019\/03\/veda-agua-300x169.jpg\" alt=\"\" width=\"300\" height=\"169\" class=\"aligncenter size-medium wp-image-31147\" srcset=\"https:\/\/www.grieta.org.mx\/wp-content\/uploads\/2019\/03\/veda-agua-300x169.jpg 300w, https:\/\/www.grieta.org.mx\/wp-content\/uploads\/2019\/03\/veda-agua-768x433.jpg 768w, https:\/\/www.grieta.org.mx\/wp-content\/uploads\/2019\/03\/veda-agua.jpg 851w\" sizes=\"auto, (max-width: 300px) 100vw, 300px\" \/><\/p>\n<p>Oaxaca, Oax.- A tres a\u00f1os de iniciados los proceso de consulta ind\u00edgena, 16 comunidades zapotecas lograron que el gobierno de Andr\u00e9s Manuel L\u00f3pez Obrador reconociera p\u00fablicamente la autonom\u00eda de las comunidades de los Valles Centrales de Oaxaca para administrar, controlar y recuperar el agua de sus territorios.<\/p>\n<p>Oxfam M\u00e9xico celebr\u00f3 la modificaci\u00f3n del decreto de veda de agua en Valles Centrales porque con ello se da un paso importante para destrabar el proceso de consulta que hab\u00eda sido obstaculizada por el gobierno de Enrique Pe\u00f1a Nieto.<\/p>\n<p>Resalt\u00f3 que el pasado domingo 6 de enero, la Secretar\u00eda de Medio Ambiente y Recursos Naturales (SEMARNAT), la Comisi\u00f3n Nacional del Agua (CONAGUA) y el Instituto Nacional de Pueblos Ind\u00edgenas (INPI) presentaron una hoja de ruta para la modificaci\u00f3n del decreto de veda de agua subterr\u00e1nea en los Valles Centrales de Oaxaca.<\/p>\n<p>De esta forma, el gobierno federal reconoce el trabajo y la lucha que 16 comunidades zapotecas agrupadas en la Coordinadora de Pueblos Unidos por el Cuidado y Defensa del Agua (COPUDA), han mantenido durante m\u00e1s de una d\u00e9cada.<\/p>\n<p>\u201cCelebramos este gesto de reconocimiento del gobierno federal hacia las comunidades ind\u00edgenas campesinas, quienes han dise\u00f1ado y construido obras de captaci\u00f3n de lluvia para promover el uso y aprovechamiento sustentable del agua en su territorio, que les permita seguir realizando sus actividades agr\u00edcolas\u201d, puntualiz\u00f3.<\/p>\n<p>La COPUDA con el acompa\u00f1amiento del Centro de Derechos Ind\u00edgenas \u201cFlor y Canto\u201d particip\u00f3 en el proceso de consulta ind\u00edgena, brindando asesor\u00eda jur\u00eddica, generando espacios de di\u00e1logo con actores de gobierno y personas tomadoras de decisiones, apoyando el an\u00e1lisis de las propuestas presentadas por la CONAGUA e impulsando proyectos piloto para mejorar los sistemas comunitarios de agua y energ\u00eda.<\/p>\n<p>La aceptaci\u00f3n de la hoja de ruta para la modificaci\u00f3n del decreto de veda es una muestra m\u00e1s de la voluntad de las comunidades hacia el gobierno entrante, y una expresi\u00f3n de la corresponsabilidad que asumen para concretar la construcci\u00f3n e implementaci\u00f3n de un sistema comunitario de agua.<\/p>\n<p>A su vez, la Defensor\u00eda de los Derechos Humanos del Pueblo de Oaxaca inform\u00f3 que, como consecuencia del proceso de consulta que se ha seguido con pueblos zapotecos de los Valles de Ocotl\u00e1n y Zimatl\u00e1n, las autoridades federales presentaron un anteproyecto de Decreto en el que determina las bases jur\u00eddicas, acuerdos y disposiciones generales y espec\u00edficas para declarar \u201cde utilidad p\u00fablica la protecci\u00f3n, mejoramiento y conservaci\u00f3n del acu\u00edfero Valles Centrales, clave 2025, por lo que se establece zona reglamentaria para el control de la extracci\u00f3n, explotaci\u00f3n, uso o aprovechamiento de las aguas del subsuelo del Acu\u00edfero\u201d.<\/p>\n<p>En San Antonino Castillo Velasco, Ocotl\u00e1n se realiz\u00f3 una reuni\u00f3n para intercambiar informaci\u00f3n sobre el avance del proceso de consulta ind\u00edgena en torno al Decreto de Veda del acu\u00edfero emitido por la presidencia de la Rep\u00fablica en 1967.<\/p>\n<p>La Defensor\u00eda indici\u00f3 que en esa reuni\u00f3n de trabajo se retomaron las tareas y actividades del proceso de consulta ind\u00edgena, con miras a realizar las acciones que corresponden a la cuarta y quinta de la consulta y con ello dar por concluido ese esfuerzo que desarrollan desde hace tres a\u00f1os las 16 comunidades zapotecas y las instituciones participantes.<\/p>\n<p>En esa reuni\u00f3n se presentaron tres documentos que servir\u00e1n para modificar el decreto de veda, la instancia defensora especific\u00f3 que el segundo documento presentado en la reuni\u00f3n plantea los lineamientos para elaborar los Reglamentos Comunitarios para la Extracci\u00f3n y Uso de las aguas subterr\u00e1neas en la micro-regi\u00f3n Xnizaa, que deber\u00e1n ser integrados en cada una de las 16 comunidades zapotecas sujetas a consulta.<\/p>\n<p>Y el tercer documento presentado en la reuni\u00f3n de trabajo es un anteproyecto de Decreto en el que el actual Presidente de la Rep\u00fablica determina las bases jur\u00eddicas, acuerdos y disposiciones generales y espec\u00edficas para declarar \u201c\u2026de utilidad p\u00fablica la protecci\u00f3n, mejoramiento y conservaci\u00f3n del acu\u00edfero Valles Centrales, clave 2025, por lo que se establece zona reglamentaria para el control de la extracci\u00f3n, explotaci\u00f3n, uso o aprovechamiento de las aguas del subsuelo del acu\u00edfero\u201d.<\/p>\n<p>El organismo defensor detall\u00f3 que dichos proyectos fueron presentados por el responsable de la Conagua, as\u00ed como por los representantes de la Semarnat y del INPI, borradores que con posterioridad ser\u00e1n analizados en mesas de trabajo con la representatividad de los sujetos de consulta. En dichos an\u00e1lisis \u2013a\u00f1adi\u00f3 la instancia aut\u00f3noma\u2013 ser\u00e1n determinados de manera clara y precisa los pasos espec\u00edficos que deben ser dados para finiquitar de manera total y definitiva el proceso de consulta que se extendi\u00f3 a lo largo de tres a\u00f1os de actividades constantes vigiladas por la Defensor\u00eda.<\/p>\n<p>El organismo defensor aclar\u00f3 que el primero de los documentos se refiere a un borrador de los elementos t\u00e9cnico justificativo de la Directora General de la Conagua, Blanca Elena Jim\u00e9nez Cisneros, en la que plantea el Acuerdo por el que se dan a conocer los estudios t\u00e9cnicos de las aguas nacionales del Acu\u00edfero \u201cValles Centrales\u201d clave 2025, en el Estado de Oaxaca, Regi\u00f3n Hidrol\u00f3gico-Administrativa Pac\u00edfico-Sur, en el que se decreta el ordenamiento procedente para controlar y reglamentar la extracci\u00f3n, explotaci\u00f3n, uso o aprovechamiento de las aguas subterr\u00e1neas en toda la superficie del referido acu\u00edfero, documento que se traducir\u00e1 en una reglamentaci\u00f3n de aguas que suplir\u00e1 el Decreto de Veda de 1967.<\/p>\n<p><a href=\"https:\/\/pagina3.mx\/2019\/01\/lucha-de-16-pueblos-zapotecas-lograr-modificar-decreto-de-veda-para-administrar-controlar-y-recuperar-el-agua-de-sus-territorios\/\" rel=\"noopener noreferrer\" target=\"_blank\">https:\/\/pagina3.mx\/2019\/01\/lucha-de-16-pueblos-zapotecas-lograr-modificar-decreto-de-veda-para-administrar-controlar-y-recuperar-el-agua-de-sus-territorios\/<\/a><\/p>\n","protected":false},"excerpt":{"rendered":"<p>P\u00e1gina 3. Pedro Mat\u00edas, Oaxaca, Oax.- A tres a\u00f1os de iniciados los proceso de consulta ind\u00edgena, 16 comunidades zapotecas lograron que el gobierno de Andr\u00e9s Manuel L\u00f3pez Obrador reconociera p\u00fablicamente &hellip; <a href=\"https:\/\/www.grieta.org.mx\/index.php\/2019\/01\/11\/lucha-de-16-pueblos-zapotecas-lograr-modificar-decreto-de-veda-para-administrar-controlar-y-recuperar-el-agua-de-sus-territorios-oaxaca\/\" class=\"more-link\">Leer m\u00e1s<\/a><\/p>\n","protected":false},"author":2,"featured_media":31147,"comment_status":"closed","ping_status":"closed","sticky":false,"template":"","format":"standard","meta":{"ngg_post_thumbnail":0,"_jetpack_newsletter_access":"","_jetpack_dont_email_post_to_subs":false,"_jetpack_newsletter_tier_id":0,"_jetpack_memberships_contains_paywalled_content":false,"_jetpack_memberships_contains_paid_content":false,"footnotes":""},"categories":[80,2355,2,25],"tags":[],"class_list":["post-31146","post","type-post","status-publish","format-standard","has-post-thumbnail","hentry","category-cintillo","category-conflictos-por-agua-en-oaxaca","category-noticias-nacionales","category-oaxaca","entry"],"jetpack_featured_media_url":"https:\/\/www.grieta.org.mx\/wp-content\/uploads\/2019\/03\/veda-agua.jpg","jetpack_sharing_enabled":true,"jetpack_shortlink":"https:\/\/wp.me\/p7ZJR4-86m","jetpack_likes_enabled":false,"jetpack-related-posts":[{"id":70622,"url":"https:\/\/www.grieta.org.mx\/index.php\/2024\/11\/15\/comunidades-zapotecas-de-valles-centrales-de-oaxaca-rechazan-la-mineria-y-exigen-la-cancelacion-de-proyectos-extractivistas\/","url_meta":{"origin":31146,"position":0},"title":"Comunidades zapotecas de Valles Centrales de Oaxaca rechazan la miner\u00eda y exigen la cancelaci\u00f3n de proyectos extractivistas","author":"grieta","date":"15 noviembre, 2024","format":false,"excerpt":"Imagen: Somos el Medio 29 comunidades zapotecas de los Valles Centrales de Oaxaca firmaron una declaratoria regional para prohibir la miner\u00eda en sus territorios, exigiendo la cancelaci\u00f3n del proyecto minero San Jos\u00e9 y las concesiones otorgadas sin su consentimiento, en defensa de sus derechos, el medio ambiente y su tejido\u2026","rel":"","context":"En &quot;CINTILLO&quot;","block_context":{"text":"CINTILLO","link":"https:\/\/www.grieta.org.mx\/index.php\/category\/cintillo\/"},"img":{"alt_text":"","src":"https:\/\/i0.wp.com\/www.grieta.org.mx\/wp-content\/uploads\/2024\/12\/466868332_588359390253850_6499656997780845187_n.jpg?resize=350%2C200&ssl=1","width":350,"height":200,"srcset":"https:\/\/i0.wp.com\/www.grieta.org.mx\/wp-content\/uploads\/2024\/12\/466868332_588359390253850_6499656997780845187_n.jpg?resize=350%2C200&ssl=1 1x, https:\/\/i0.wp.com\/www.grieta.org.mx\/wp-content\/uploads\/2024\/12\/466868332_588359390253850_6499656997780845187_n.jpg?resize=525%2C300&ssl=1 1.5x, https:\/\/i0.wp.com\/www.grieta.org.mx\/wp-content\/uploads\/2024\/12\/466868332_588359390253850_6499656997780845187_n.jpg?resize=700%2C400&ssl=1 2x, https:\/\/i0.wp.com\/www.grieta.org.mx\/wp-content\/uploads\/2024\/12\/466868332_588359390253850_6499656997780845187_n.jpg?resize=1050%2C600&ssl=1 3x, https:\/\/i0.wp.com\/www.grieta.org.mx\/wp-content\/uploads\/2024\/12\/466868332_588359390253850_6499656997780845187_n.jpg?resize=1400%2C800&ssl=1 4x"},"classes":[]},{"id":62858,"url":"https:\/\/www.grieta.org.mx\/index.php\/2021\/12\/14\/pueblos-de-oaxaca-rechazan-consulta-de-semanart-sobre-permanencia-de-cuzcatlan\/","url_meta":{"origin":31146,"position":1},"title":"Pueblos de Oaxaca rechazan consulta de Semanart sobre permanencia de Cuzcatl\u00e1n","author":"grieta","date":"14 diciembre, 2021","format":false,"excerpt":"Avispa Midia \/ Redacci\u00f3n. Diez pueblos zapotecas de los Valles Centrales de Oaxaca se reunieron, en los d\u00edas 10 y 11 de diciembre, en asamblea comunitaria regional y reafirmaron su rechazo al proyecto minero de la empresa Cuzcatl\u00e1n, filial de la canadiense Fortuna Silver Mines. Todas las diez comunidades presentaron\u2026","rel":"","context":"En &quot;CINTILLO&quot;","block_context":{"text":"CINTILLO","link":"https:\/\/www.grieta.org.mx\/index.php\/category\/cintillo\/"},"img":{"alt_text":"","src":"https:\/\/i0.wp.com\/www.grieta.org.mx\/wp-content\/uploads\/2021\/12\/AM141221.jpg?resize=350%2C200&ssl=1","width":350,"height":200,"srcset":"https:\/\/i0.wp.com\/www.grieta.org.mx\/wp-content\/uploads\/2021\/12\/AM141221.jpg?resize=350%2C200&ssl=1 1x, https:\/\/i0.wp.com\/www.grieta.org.mx\/wp-content\/uploads\/2021\/12\/AM141221.jpg?resize=525%2C300&ssl=1 1.5x, https:\/\/i0.wp.com\/www.grieta.org.mx\/wp-content\/uploads\/2021\/12\/AM141221.jpg?resize=700%2C400&ssl=1 2x, https:\/\/i0.wp.com\/www.grieta.org.mx\/wp-content\/uploads\/2021\/12\/AM141221.jpg?resize=1050%2C600&ssl=1 3x"},"classes":[]},{"id":62835,"url":"https:\/\/www.grieta.org.mx\/index.php\/2021\/12\/13\/frente-no-a-la-mineria-acusa-a-la-semarnat-por-consulta-amanada-y-favorecer-a-empresa-cuzcatlan-oaxaca\/","url_meta":{"origin":31146,"position":2},"title":"Frente No a la Miner\u00eda acusa a la Semarnat por consulta ama\u00f1ada y favorecer a empresa Cuzcatl\u00e1n (Oaxaca)","author":"grieta","date":"13 diciembre, 2021","format":false,"excerpt":"Proceso \/ Pedro Mat\u00edas. Comunidades zapotecas hicieron valer su derecho de libre determinaci\u00f3n como pueblos ind\u00edgenas por lo que realizaron su propia consulta en una Asamblea Regional en Santa Catarina Minas, Ocotl\u00e1n, donde ratificaron su acuerdo para frenar la explotaci\u00f3n en la regi\u00f3n. Di\u00e1logo.La sesi\u00f3n donde se rechaz\u00f3 la miner\u00eda\u2026","rel":"","context":"En &quot;CINTILLO&quot;","block_context":{"text":"CINTILLO","link":"https:\/\/www.grieta.org.mx\/index.php\/category\/cintillo\/"},"img":{"alt_text":"","src":"https:\/\/i0.wp.com\/www.grieta.org.mx\/wp-content\/uploads\/2021\/12\/1-1.jpg?resize=350%2C200&ssl=1","width":350,"height":200,"srcset":"https:\/\/i0.wp.com\/www.grieta.org.mx\/wp-content\/uploads\/2021\/12\/1-1.jpg?resize=350%2C200&ssl=1 1x, https:\/\/i0.wp.com\/www.grieta.org.mx\/wp-content\/uploads\/2021\/12\/1-1.jpg?resize=525%2C300&ssl=1 1.5x, https:\/\/i0.wp.com\/www.grieta.org.mx\/wp-content\/uploads\/2021\/12\/1-1.jpg?resize=700%2C400&ssl=1 2x"},"classes":[]},{"id":62871,"url":"https:\/\/www.grieta.org.mx\/index.php\/2021\/11\/30\/pueblos-de-los-valles-de-oaxaca-se-oponen-a-consulta-de-la-minera-cuzcatlan\/","url_meta":{"origin":31146,"position":3},"title":"Pueblos de los Valles de Oaxaca se oponen a consulta de la minera Cuzcatl\u00e1n","author":"grieta","date":"30 noviembre, 2021","format":false,"excerpt":"Avispa Midia \/ Redacci\u00f3n. Foto: Santiago Navarro F. Comunidades zapotecas de San Pedro Mart\u00edn y San Pedro Ap\u00f3stol, en el Valle de Ocotl\u00e1n, Oaxaca, se posicionaron en contra de la realizaci\u00f3n de una consulta ind\u00edgena que pretende realizar la Secretar\u00eda del Medio Ambiente y Recursos Naturales (Semanart), como parte del\u2026","rel":"","context":"En &quot;CINTILLO&quot;","block_context":{"text":"CINTILLO","link":"https:\/\/www.grieta.org.mx\/index.php\/category\/cintillo\/"},"img":{"alt_text":"","src":"https:\/\/i0.wp.com\/www.grieta.org.mx\/wp-content\/uploads\/2021\/12\/AM301121_2.jpg?resize=350%2C200&ssl=1","width":350,"height":200,"srcset":"https:\/\/i0.wp.com\/www.grieta.org.mx\/wp-content\/uploads\/2021\/12\/AM301121_2.jpg?resize=350%2C200&ssl=1 1x, https:\/\/i0.wp.com\/www.grieta.org.mx\/wp-content\/uploads\/2021\/12\/AM301121_2.jpg?resize=525%2C300&ssl=1 1.5x, https:\/\/i0.wp.com\/www.grieta.org.mx\/wp-content\/uploads\/2021\/12\/AM301121_2.jpg?resize=700%2C400&ssl=1 2x"},"classes":[]},{"id":31137,"url":"https:\/\/www.grieta.org.mx\/index.php\/2019\/03\/23\/ningunea-iniciativa-de-ley-del-agua-a-indigenas-inso-oaxaca\/","url_meta":{"origin":31146,"position":4},"title":"Ningunea iniciativa de Ley del Agua a ind\u00edgenas: INSO (Oaxaca)","author":"grieta","date":"23 marzo, 2019","format":false,"excerpt":"Noticias. Nadia Altamirano, Juan Jos\u00e9 Consejo Due\u00f1as, director del Instituto de la Naturaleza y la Sociedad Oaxaque\u00f1a. Oaxaca llega a otra conmemoraci\u00f3n del D\u00eda Mundial del Agua con una grave contaminaci\u00f3n en sus principales afluentes, sin instrumentos legales que sancionen la violaci\u00f3n al derecho humano al agua y con la\u2026","rel":"","context":"En &quot;Baja California&quot;","block_context":{"text":"Baja California","link":"https:\/\/www.grieta.org.mx\/index.php\/category\/noticias-nacionales\/baja-california\/"},"img":{"alt_text":"","src":"https:\/\/i0.wp.com\/www.grieta.org.mx\/wp-content\/uploads\/2019\/03\/Ley-Aguaxaca.jpg?resize=350%2C200&ssl=1","width":350,"height":200,"srcset":"https:\/\/i0.wp.com\/www.grieta.org.mx\/wp-content\/uploads\/2019\/03\/Ley-Aguaxaca.jpg?resize=350%2C200&ssl=1 1x, https:\/\/i0.wp.com\/www.grieta.org.mx\/wp-content\/uploads\/2019\/03\/Ley-Aguaxaca.jpg?resize=525%2C300&ssl=1 1.5x, https:\/\/i0.wp.com\/www.grieta.org.mx\/wp-content\/uploads\/2019\/03\/Ley-Aguaxaca.jpg?resize=700%2C400&ssl=1 2x, https:\/\/i0.wp.com\/www.grieta.org.mx\/wp-content\/uploads\/2019\/03\/Ley-Aguaxaca.jpg?resize=1050%2C600&ssl=1 3x"},"classes":[]},{"id":55948,"url":"https:\/\/www.grieta.org.mx\/index.php\/2020\/12\/14\/tras-bloqueo-zapotecas-logran-apertura-de-dialogo-con-semanart-sobre-mina-de-cuzcatlan-oaxaca\/","url_meta":{"origin":31146,"position":5},"title":"Tras bloqueo, zapotecas logran apertura de di\u00e1logo con Semanart sobre mina de Cuzcatl\u00e1n (Oaxaca)","author":"grieta","date":"14 diciembre, 2020","format":false,"excerpt":"Avisoa Midia \/ Sare Frabes. Tras el bloqueo de la carretera federal 175, que liga los Valles Centrales de Oaxaca con las zonas tur\u00edsticas de la costa, en la ma\u00f1ana de este lunes (14), 16 comunidades que hacen parte de un frente contra la miner\u00eda en el estado lograron una\u2026","rel":"","context":"En &quot;CINTILLO&quot;","block_context":{"text":"CINTILLO","link":"https:\/\/www.grieta.org.mx\/index.php\/category\/cintillo\/"},"img":{"alt_text":"","src":"https:\/\/i0.wp.com\/www.grieta.org.mx\/wp-content\/uploads\/2020\/12\/X.jpg?resize=350%2C200&ssl=1","width":350,"height":200,"srcset":"https:\/\/i0.wp.com\/www.grieta.org.mx\/wp-content\/uploads\/2020\/12\/X.jpg?resize=350%2C200&ssl=1 1x, https:\/\/i0.wp.com\/www.grieta.org.mx\/wp-content\/uploads\/2020\/12\/X.jpg?resize=525%2C300&ssl=1 1.5x, https:\/\/i0.wp.com\/www.grieta.org.mx\/wp-content\/uploads\/2020\/12\/X.jpg?resize=700%2C400&ssl=1 2x"},"classes":[]}],"_links":{"self":[{"href":"https:\/\/www.grieta.org.mx\/index.php\/wp-json\/wp\/v2\/posts\/31146","targetHints":{"allow":["GET"]}}],"collection":[{"href":"https:\/\/www.grieta.org.mx\/index.php\/wp-json\/wp\/v2\/posts"}],"about":[{"href":"https:\/\/www.grieta.org.mx\/index.php\/wp-json\/wp\/v2\/types\/post"}],"author":[{"embeddable":true,"href":"https:\/\/www.grieta.org.mx\/index.php\/wp-json\/wp\/v2\/users\/2"}],"replies":[{"embeddable":true,"href":"https:\/\/www.grieta.org.mx\/index.php\/wp-json\/wp\/v2\/comments?post=31146"}],"version-history":[{"count":1,"href":"https:\/\/www.grieta.org.mx\/index.php\/wp-json\/wp\/v2\/posts\/31146\/revisions"}],"predecessor-version":[{"id":31148,"href":"https:\/\/www.grieta.org.mx\/index.php\/wp-json\/wp\/v2\/posts\/31146\/revisions\/31148"}],"wp:featuredmedia":[{"embeddable":true,"href":"https:\/\/www.grieta.org.mx\/index.php\/wp-json\/wp\/v2\/media\/31147"}],"wp:attachment":[{"href":"https:\/\/www.grieta.org.mx\/index.php\/wp-json\/wp\/v2\/media?parent=31146"}],"wp:term":[{"taxonomy":"category","embeddable":true,"href":"https:\/\/www.grieta.org.mx\/index.php\/wp-json\/wp\/v2\/categories?post=31146"},{"taxonomy":"post_tag","embeddable":true,"href":"https:\/\/www.grieta.org.mx\/index.php\/wp-json\/wp\/v2\/tags?post=31146"}],"curies":[{"name":"wp","href":"https:\/\/api.w.org\/{rel}","templated":true}]}}