{"id":31137,"date":"2019-03-23T17:34:56","date_gmt":"2019-03-23T23:34:56","guid":{"rendered":"http:\/\/www.grieta.org.mx\/?p=31137"},"modified":"2019-03-24T17:39:13","modified_gmt":"2019-03-24T23:39:13","slug":"ningunea-iniciativa-de-ley-del-agua-a-indigenas-inso-oaxaca","status":"publish","type":"post","link":"https:\/\/www.grieta.org.mx\/index.php\/2019\/03\/23\/ningunea-iniciativa-de-ley-del-agua-a-indigenas-inso-oaxaca\/","title":{"rendered":"Ningunea iniciativa de Ley del Agua a ind\u00edgenas: INSO (Oaxaca)"},"content":{"rendered":"<p>Noticias.<\/p>\n<p>Nadia Altamirano,<\/p>\n<p><img loading=\"lazy\" decoding=\"async\" data-attachment-id=\"31138\" data-permalink=\"https:\/\/www.grieta.org.mx\/index.php\/2019\/03\/23\/ningunea-iniciativa-de-ley-del-agua-a-indigenas-inso-oaxaca\/ley-aguaxaca\/\" data-orig-file=\"https:\/\/www.grieta.org.mx\/wp-content\/uploads\/2019\/03\/Ley-Aguaxaca.jpg\" data-orig-size=\"1144,645\" data-comments-opened=\"0\" data-image-meta=\"{&quot;aperture&quot;:&quot;0&quot;,&quot;credit&quot;:&quot;&quot;,&quot;camera&quot;:&quot;&quot;,&quot;caption&quot;:&quot;&quot;,&quot;created_timestamp&quot;:&quot;0&quot;,&quot;copyright&quot;:&quot;&quot;,&quot;focal_length&quot;:&quot;0&quot;,&quot;iso&quot;:&quot;0&quot;,&quot;shutter_speed&quot;:&quot;0&quot;,&quot;title&quot;:&quot;&quot;,&quot;orientation&quot;:&quot;0&quot;}\" data-image-title=\"Ley Aguaxaca\" data-image-description=\"\" data-image-caption=\"\" data-medium-file=\"https:\/\/www.grieta.org.mx\/wp-content\/uploads\/2019\/03\/Ley-Aguaxaca-300x169.jpg\" data-large-file=\"https:\/\/www.grieta.org.mx\/wp-content\/uploads\/2019\/03\/Ley-Aguaxaca-1024x577.jpg\" src=\"http:\/\/www.grieta.org.mx\/wp-content\/uploads\/2019\/03\/Ley-Aguaxaca-1024x577.jpg\" alt=\"\" width=\"1024\" height=\"577\" class=\"aligncenter size-large wp-image-31138\" srcset=\"https:\/\/www.grieta.org.mx\/wp-content\/uploads\/2019\/03\/Ley-Aguaxaca-1024x577.jpg 1024w, https:\/\/www.grieta.org.mx\/wp-content\/uploads\/2019\/03\/Ley-Aguaxaca-300x169.jpg 300w, https:\/\/www.grieta.org.mx\/wp-content\/uploads\/2019\/03\/Ley-Aguaxaca-768x433.jpg 768w, https:\/\/www.grieta.org.mx\/wp-content\/uploads\/2019\/03\/Ley-Aguaxaca-887x500.jpg 887w, https:\/\/www.grieta.org.mx\/wp-content\/uploads\/2019\/03\/Ley-Aguaxaca.jpg 1144w\" sizes=\"auto, (max-width: 1024px) 100vw, 1024px\" \/><br \/>\nJuan Jos\u00e9 Consejo Due\u00f1as, director del Instituto de la Naturaleza y la Sociedad Oaxaque\u00f1a.<\/p>\n<p>Oaxaca llega a otra conmemoraci\u00f3n del D\u00eda Mundial del Agua con una grave contaminaci\u00f3n en sus principales afluentes, sin instrumentos legales que sancionen la violaci\u00f3n al derecho humano al agua y con la intenci\u00f3n de aprobar una Ley que abrir\u00eda la puerta a la privatizaci\u00f3n, es como<\/p>\n<p>El director del Instituto de la Naturaleza y la Sociedad Oaxaque\u00f1a, Juan Jos\u00e9 Consejo Due\u00f1as, denunci\u00f3 la insistencia de aprobar &#8220;al vapor&#8221; una iniciativa que la Comisi\u00f3n Estatal del Agua entreg\u00f3 al Congreso local bajo el argumento de que es un asunto urgente, sin que se aclare la raz\u00f3n y pasando por alto que tendr\u00eda que modificarse una vez que el Congreso de la Uni\u00f3n apruebe la Ley Nacional de Aguas Federales que est\u00e1 en discusi\u00f3n.<\/p>\n<p>Recientemente la Comisi\u00f3n de Agua y Saneamiento del Congreso del Estado anunci\u00f3 la intenci\u00f3n de elaborar a la brevedad la Ley Estatal de Agua de Oaxaca, por lo que convoc\u00f3 para este viernes a un foro estatal de consulta el pr\u00f3ximo 22 de marzo.<\/p>\n<p>Los tiempos, los procedimientos y el mismo contenido del proyecto gubernamental que no se ha hecho p\u00fablico, pero sobre todo que no de pue a una consulta previa e informada, es la preocupaci\u00f3n.<\/p>\n<p>&#8220;Los pueblos originarios no existen, no hay ninguna referencia de ellos en la propuesta, no se reconoce el papel de las autoridades comunales y ejidales en el cuidado del agua&#8221;, pero sobre todo ningunea los derechos de pueblos originarios si no se toma en cuenta luchas como la de 16 comunidades zapotecas de los Valles Centrales, la regi\u00f3n Xnizaa que lograr\u00e1n que se levante la veda impuesta desde 1967, denunci\u00f3 Consejo Due\u00f1as.<\/p>\n<p>Como si obedeciera a una pr\u00e1ctica autoritaria y de simulaci\u00f3n, el proyecto de ley de la Comisi\u00f3n Estatal del Agua revive la propuesta que en 2017 intent\u00f3 promulgar el anterior Congreso local.<\/p>\n<p>Otro elemento preocupante es que permitir\u00e1 a entidades privadas participen en la administraci\u00f3n de los servicios municipales de agua potable y saneamiento, sin asegurar la participaci\u00f3n democr\u00e1tica en la gesti\u00f3n del agua ni establece mecanismos efectivos de contralor\u00eda social, como una Defensor\u00eda Social del Agua.<\/p>\n<p><a href=\"https:\/\/www.nvinoticias.com\/nota\/112966\/ningunea-iniciativa-de-ley-del-agua-indigenas-inso\" rel=\"noopener noreferrer\" target=\"_blank\">https:\/\/www.nvinoticias.com\/nota\/112966\/ningunea-iniciativa-de-ley-del-agua-indigenas-inso<\/a><\/p>\n","protected":false},"excerpt":{"rendered":"<p>Noticias. Nadia Altamirano, Juan Jos\u00e9 Consejo Due\u00f1as, director del Instituto de la Naturaleza y la Sociedad Oaxaque\u00f1a. Oaxaca llega a otra conmemoraci\u00f3n del D\u00eda Mundial del Agua con una grave &hellip; <a href=\"https:\/\/www.grieta.org.mx\/index.php\/2019\/03\/23\/ningunea-iniciativa-de-ley-del-agua-a-indigenas-inso-oaxaca\/\" class=\"more-link\">Leer m\u00e1s<\/a><\/p>\n","protected":false},"author":2,"featured_media":31138,"comment_status":"closed","ping_status":"closed","sticky":false,"template":"","format":"standard","meta":{"ngg_post_thumbnail":0,"_jetpack_newsletter_access":"","_jetpack_dont_email_post_to_subs":false,"_jetpack_newsletter_tier_id":0,"_jetpack_memberships_contains_paywalled_content":false,"_jetpack_memberships_contains_paid_content":false,"footnotes":""},"categories":[5,80,2355,25],"tags":[],"class_list":["post-31137","post","type-post","status-publish","format-standard","has-post-thumbnail","hentry","category-baja-california","category-cintillo","category-conflictos-por-agua-en-oaxaca","category-oaxaca","entry"],"jetpack_featured_media_url":"https:\/\/www.grieta.org.mx\/wp-content\/uploads\/2019\/03\/Ley-Aguaxaca.jpg","jetpack_sharing_enabled":true,"jetpack_shortlink":"https:\/\/wp.me\/p7ZJR4-86d","jetpack_likes_enabled":false,"jetpack-related-posts":[{"id":27369,"url":"https:\/\/www.grieta.org.mx\/index.php\/2018\/10\/26\/derrame-de-minera-enciende-alertas-en-ocotlan-oaxaca\/","url_meta":{"origin":31137,"position":0},"title":"Derrame de minera enciende alertas en Ocotl\u00e1n, Oaxaca","author":"grieta","date":"26 octubre, 2018","format":false,"excerpt":"Noticias. Octavio V\u00e9lez, El derrame sobre el R\u00edo Coyote, en Ocotl\u00e1n. El derrame de la mina La Trinidad de la empresa canadiense Fortuna Silver Mines, en el r\u00edo El Coyote de Magdalena, Ocotl\u00e1n, constituye una primera llamada de atenci\u00f3n por un eventual desastre ecol\u00f3gico por contaminaci\u00f3n de metales pesados, afirm\u00f3\u2026","rel":"","context":"En &quot;CINTILLO&quot;","block_context":{"text":"CINTILLO","link":"https:\/\/www.grieta.org.mx\/index.php\/category\/cintillo\/"},"img":{"alt_text":"","src":"https:\/\/i0.wp.com\/www.grieta.org.mx\/wp-content\/uploads\/2018\/10\/image_25_226.jpg?resize=350%2C200&ssl=1","width":350,"height":200,"srcset":"https:\/\/i0.wp.com\/www.grieta.org.mx\/wp-content\/uploads\/2018\/10\/image_25_226.jpg?resize=350%2C200&ssl=1 1x, https:\/\/i0.wp.com\/www.grieta.org.mx\/wp-content\/uploads\/2018\/10\/image_25_226.jpg?resize=525%2C300&ssl=1 1.5x, https:\/\/i0.wp.com\/www.grieta.org.mx\/wp-content\/uploads\/2018\/10\/image_25_226.jpg?resize=700%2C400&ssl=1 2x, https:\/\/i0.wp.com\/www.grieta.org.mx\/wp-content\/uploads\/2018\/10\/image_25_226.jpg?resize=1050%2C600&ssl=1 3x"},"classes":[]},{"id":4668,"url":"https:\/\/www.grieta.org.mx\/index.php\/2015\/07\/16\/habra-proceso-de-consulta-publica-sobre-el-centro-de-convenciones-en-el-cerro-del-fortin\/","url_meta":{"origin":31137,"position":1},"title":"Habr\u00e1 proceso de consulta p\u00fablica sobre el Centro de Convenciones en el Cerro del Fort\u00edn","author":"grieta","date":"16 julio, 2015","format":false,"excerpt":"Desinform\u00e9monos Por presiones de las organizaciones agrupadas en el Frente de Defensa del Cerro del Fort\u00edn, el gobernador de Oaxaca, Gabino Cu\u00e9 Monteagudo acept\u00f3 someter a consulta p\u00fablica el Centro Cultural y de Convenciones que ser\u00e1 construido en la capital oaxaque\u00f1a y sobre un \u00e1rea protegida pretenden, adem\u00e1s de redise\u00f1ar\u2026","rel":"","context":"En &quot;CINTILLO&quot;","block_context":{"text":"CINTILLO","link":"https:\/\/www.grieta.org.mx\/index.php\/category\/cintillo\/"},"img":{"alt_text":"","src":"https:\/\/i0.wp.com\/www.grieta.org.mx\/wp-content\/uploads\/2018\/03\/14524434_1106112876131411_958039263622046936_o.jpg?resize=350%2C200&ssl=1","width":350,"height":200,"srcset":"https:\/\/i0.wp.com\/www.grieta.org.mx\/wp-content\/uploads\/2018\/03\/14524434_1106112876131411_958039263622046936_o.jpg?resize=350%2C200&ssl=1 1x, https:\/\/i0.wp.com\/www.grieta.org.mx\/wp-content\/uploads\/2018\/03\/14524434_1106112876131411_958039263622046936_o.jpg?resize=525%2C300&ssl=1 1.5x, https:\/\/i0.wp.com\/www.grieta.org.mx\/wp-content\/uploads\/2018\/03\/14524434_1106112876131411_958039263622046936_o.jpg?resize=700%2C400&ssl=1 2x"},"classes":[]},{"id":31168,"url":"https:\/\/www.grieta.org.mx\/index.php\/2019\/03\/08\/anarquia-en-oaxaca-y-el-gobierno-sin-plan-de-rescate\/","url_meta":{"origin":31137,"position":2},"title":"Anarqu\u00eda en Oaxaca y el gobierno sin plan de rescate","author":"grieta","date":"8 marzo, 2019","format":false,"excerpt":"Noticias. Nadia Altamirano, La contaminaci\u00f3n y deterioro del R\u00edo Atoyac s\u00f3lo se explica en el \u201ccompleto desorden\u201d que el director del Instituto de la Naturaleza y la Sociedad Oaxaque\u00f1a (INSO), Juan Jos\u00e9 Consejo Due\u00f1as ha observado en el manejo de r\u00edos en la zona urbana. \u201cEn general en este y\u2026","rel":"","context":"En &quot;CINTILLO&quot;","block_context":{"text":"CINTILLO","link":"https:\/\/www.grieta.org.mx\/index.php\/category\/cintillo\/"},"img":{"alt_text":"","src":"https:\/\/i0.wp.com\/www.grieta.org.mx\/wp-content\/uploads\/2019\/03\/image_123_0.jpg?resize=350%2C200&ssl=1","width":350,"height":200,"srcset":"https:\/\/i0.wp.com\/www.grieta.org.mx\/wp-content\/uploads\/2019\/03\/image_123_0.jpg?resize=350%2C200&ssl=1 1x, https:\/\/i0.wp.com\/www.grieta.org.mx\/wp-content\/uploads\/2019\/03\/image_123_0.jpg?resize=525%2C300&ssl=1 1.5x, https:\/\/i0.wp.com\/www.grieta.org.mx\/wp-content\/uploads\/2019\/03\/image_123_0.jpg?resize=700%2C400&ssl=1 2x, https:\/\/i0.wp.com\/www.grieta.org.mx\/wp-content\/uploads\/2019\/03\/image_123_0.jpg?resize=1050%2C600&ssl=1 3x"},"classes":[]},{"id":4612,"url":"https:\/\/www.grieta.org.mx\/index.php\/2015\/07\/07\/empresa-maniobra-para-continuar-destruccion-del-cerro-el-fortin-oaxaca\/","url_meta":{"origin":31137,"position":3},"title":"Empresa maniobra para continuar destrucci\u00f3n del cerro El Fort\u00edn, Oaxaca","author":"grieta","date":"7 julio, 2015","format":false,"excerpt":"Desinform\u00e9monos Las obras en el cerro El Fort\u00edn, en Oaxaca, para la construcci\u00f3n del Centro Cultural y de Convenciones, fueron suspendidas temporalmente por el presidente municipal de Oaxaca, Javier Villaca\u00f1a, no obstante el Fideicomiso para el Desarrollo Log\u00edstico del Estado de Oaxaca (Fidelo) hizo p\u00fablico el expediente completo de los\u2026","rel":"","context":"En &quot;CINTILLO&quot;","block_context":{"text":"CINTILLO","link":"https:\/\/www.grieta.org.mx\/index.php\/category\/cintillo\/"},"img":{"alt_text":"","src":"https:\/\/i0.wp.com\/www.grieta.org.mx\/wp-content\/uploads\/2018\/03\/14524434_1106112876131411_958039263622046936_o.jpg?resize=350%2C200&ssl=1","width":350,"height":200,"srcset":"https:\/\/i0.wp.com\/www.grieta.org.mx\/wp-content\/uploads\/2018\/03\/14524434_1106112876131411_958039263622046936_o.jpg?resize=350%2C200&ssl=1 1x, https:\/\/i0.wp.com\/www.grieta.org.mx\/wp-content\/uploads\/2018\/03\/14524434_1106112876131411_958039263622046936_o.jpg?resize=525%2C300&ssl=1 1.5x, https:\/\/i0.wp.com\/www.grieta.org.mx\/wp-content\/uploads\/2018\/03\/14524434_1106112876131411_958039263622046936_o.jpg?resize=700%2C400&ssl=1 2x"},"classes":[]},{"id":67923,"url":"https:\/\/www.grieta.org.mx\/index.php\/2023\/10\/14\/califican-de-neocolonialista-al-gobierno-de-salomon-jara-por-vender-el-istmo-a-estados-unidos\/","url_meta":{"origin":31137,"position":4},"title":"Califican de \u00abneocolonialista\u00bb al gobierno de Salom\u00f3n Jara por vender el Istmo a Estados Unidos","author":"grieta","date":"14 octubre, 2023","format":false,"excerpt":"Imagen: Pedro Mat\u00edas \/ Pagina3 OAXACA, Oax. (pagina3.mx).- \u201cFuera Estados Unidos de Oaxaca\u201d y \u201cEl Sur Resiste\u201d, fueron las frases que resonaron en el pronunciamiento del Frente de Organizaciones Oaxaque\u00f1as (FORO) al cuestionar al gobierno de la \u201cPrimavera Oaxaque\u00f1a\u201d que encabeza Salom\u00f3n Jara Cruz. Se\u00f1alaron que mantiene una constante campa\u00f1a\u2026","rel":"","context":"En &quot;CINTILLO&quot;","block_context":{"text":"CINTILLO","link":"https:\/\/www.grieta.org.mx\/index.php\/category\/cintillo\/"},"img":{"alt_text":"","src":"https:\/\/i0.wp.com\/www.grieta.org.mx\/wp-content\/uploads\/2023\/10\/IMG_6492.webp?resize=350%2C200&ssl=1","width":350,"height":200,"srcset":"https:\/\/i0.wp.com\/www.grieta.org.mx\/wp-content\/uploads\/2023\/10\/IMG_6492.webp?resize=350%2C200&ssl=1 1x, https:\/\/i0.wp.com\/www.grieta.org.mx\/wp-content\/uploads\/2023\/10\/IMG_6492.webp?resize=525%2C300&ssl=1 1.5x"},"classes":[]},{"id":60843,"url":"https:\/\/www.grieta.org.mx\/index.php\/2021\/07\/29\/deuda-millonaria-para-abastecimiento-de-agua-resultados-turbios-oaxaca\/","url_meta":{"origin":31137,"position":5},"title":"Deuda millonaria para abastecimiento de agua, resultados turbios (Oaxaca)","author":"grieta","date":"29 julio, 2021","format":false,"excerpt":"Avispa Midia \/ Renata Bessi y Santiago Navarro F. El gobierno de Oaxaca, al sur de M\u00e9xico, firm\u00f3 un contrato de deuda con el Banco Mundial, para modernizar el sector de agua y saneamiento en 18 zonas prioritarias para ser concluidas en 2019. Los logros no son satisfactorios. Tan solo\u2026","rel":"","context":"En &quot;CINTILLO&quot;","block_context":{"text":"CINTILLO","link":"https:\/\/www.grieta.org.mx\/index.php\/category\/cintillo\/"},"img":{"alt_text":"","src":"https:\/\/i0.wp.com\/www.grieta.org.mx\/wp-content\/uploads\/2021\/08\/3.jpg?resize=350%2C200&ssl=1","width":350,"height":200,"srcset":"https:\/\/i0.wp.com\/www.grieta.org.mx\/wp-content\/uploads\/2021\/08\/3.jpg?resize=350%2C200&ssl=1 1x, https:\/\/i0.wp.com\/www.grieta.org.mx\/wp-content\/uploads\/2021\/08\/3.jpg?resize=525%2C300&ssl=1 1.5x, https:\/\/i0.wp.com\/www.grieta.org.mx\/wp-content\/uploads\/2021\/08\/3.jpg?resize=700%2C400&ssl=1 2x, https:\/\/i0.wp.com\/www.grieta.org.mx\/wp-content\/uploads\/2021\/08\/3.jpg?resize=1050%2C600&ssl=1 3x"},"classes":[]}],"_links":{"self":[{"href":"https:\/\/www.grieta.org.mx\/index.php\/wp-json\/wp\/v2\/posts\/31137","targetHints":{"allow":["GET"]}}],"collection":[{"href":"https:\/\/www.grieta.org.mx\/index.php\/wp-json\/wp\/v2\/posts"}],"about":[{"href":"https:\/\/www.grieta.org.mx\/index.php\/wp-json\/wp\/v2\/types\/post"}],"author":[{"embeddable":true,"href":"https:\/\/www.grieta.org.mx\/index.php\/wp-json\/wp\/v2\/users\/2"}],"replies":[{"embeddable":true,"href":"https:\/\/www.grieta.org.mx\/index.php\/wp-json\/wp\/v2\/comments?post=31137"}],"version-history":[{"count":1,"href":"https:\/\/www.grieta.org.mx\/index.php\/wp-json\/wp\/v2\/posts\/31137\/revisions"}],"predecessor-version":[{"id":31139,"href":"https:\/\/www.grieta.org.mx\/index.php\/wp-json\/wp\/v2\/posts\/31137\/revisions\/31139"}],"wp:featuredmedia":[{"embeddable":true,"href":"https:\/\/www.grieta.org.mx\/index.php\/wp-json\/wp\/v2\/media\/31138"}],"wp:attachment":[{"href":"https:\/\/www.grieta.org.mx\/index.php\/wp-json\/wp\/v2\/media?parent=31137"}],"wp:term":[{"taxonomy":"category","embeddable":true,"href":"https:\/\/www.grieta.org.mx\/index.php\/wp-json\/wp\/v2\/categories?post=31137"},{"taxonomy":"post_tag","embeddable":true,"href":"https:\/\/www.grieta.org.mx\/index.php\/wp-json\/wp\/v2\/tags?post=31137"}],"curies":[{"name":"wp","href":"https:\/\/api.w.org\/{rel}","templated":true}]}}