{"id":31064,"date":"2019-03-18T12:26:49","date_gmt":"2019-03-18T18:26:49","guid":{"rendered":"http:\/\/www.grieta.org.mx\/?p=31064"},"modified":"2019-03-23T13:42:24","modified_gmt":"2019-03-23T19:42:24","slug":"jalisco-mexico-yucatan-puebla-y-chihuahua-donde-mas-desaparecen-mujeres-conapro","status":"publish","type":"post","link":"https:\/\/www.grieta.org.mx\/index.php\/2019\/03\/18\/jalisco-mexico-yucatan-puebla-y-chihuahua-donde-mas-desaparecen-mujeres-conapro\/","title":{"rendered":"Jalisco, M\u00e9xico, Yucat\u00e1n, Puebla y Chihuahua, donde m\u00e1s desaparecen mujeres: Conapro"},"content":{"rendered":"<p><img loading=\"lazy\" decoding=\"async\" data-attachment-id=\"31066\" data-permalink=\"https:\/\/www.grieta.org.mx\/index.php\/2019\/03\/18\/jalisco-mexico-yucatan-puebla-y-chihuahua-donde-mas-desaparecen-mujeres-conapro\/protesta_mujeres_desaparecidas\/\" data-orig-file=\"https:\/\/www.grieta.org.mx\/wp-content\/uploads\/2019\/03\/Protesta_Mujeres_Desaparecidas.jpg\" data-orig-size=\"768,481\" data-comments-opened=\"0\" data-image-meta=\"{&quot;aperture&quot;:&quot;0&quot;,&quot;credit&quot;:&quot;&quot;,&quot;camera&quot;:&quot;&quot;,&quot;caption&quot;:&quot;&quot;,&quot;created_timestamp&quot;:&quot;0&quot;,&quot;copyright&quot;:&quot;&quot;,&quot;focal_length&quot;:&quot;0&quot;,&quot;iso&quot;:&quot;0&quot;,&quot;shutter_speed&quot;:&quot;0&quot;,&quot;title&quot;:&quot;&quot;,&quot;orientation&quot;:&quot;0&quot;}\" data-image-title=\"Protesta_Mujeres_Desaparecidas\" data-image-description=\"\" data-image-caption=\"\" data-medium-file=\"https:\/\/www.grieta.org.mx\/wp-content\/uploads\/2019\/03\/Protesta_Mujeres_Desaparecidas-300x188.jpg\" data-large-file=\"https:\/\/www.grieta.org.mx\/wp-content\/uploads\/2019\/03\/Protesta_Mujeres_Desaparecidas.jpg\" class=\"aligncenter size-full wp-image-31066\" src=\"http:\/\/www.grieta.org.mx\/wp-content\/uploads\/2019\/03\/Protesta_Mujeres_Desaparecidas.jpg\" alt=\"\" width=\"768\" height=\"481\" srcset=\"https:\/\/www.grieta.org.mx\/wp-content\/uploads\/2019\/03\/Protesta_Mujeres_Desaparecidas.jpg 768w, https:\/\/www.grieta.org.mx\/wp-content\/uploads\/2019\/03\/Protesta_Mujeres_Desaparecidas-300x188.jpg 300w\" sizes=\"auto, (max-width: 768px) 100vw, 768px\" \/><br \/>\nFoto: Cuartoscuro.<\/p>\n<p>Redacci\u00f3n\/R\u00cdODOCE<\/p>\n<p>Entre 2017 y 2018 desaparecieron 4 mil 527 mujeres en M\u00e9xico inform\u00f3 la Confederaci\u00f3n Nacional de Profesionistas y J\u00f3venes de M\u00e9xico (Conapro) por lo que pidi\u00f3 a los tres niveles de gobierno atender, de manera inmediata, el reporte de desaparici\u00f3n de ni\u00f1as y adultas para localizarlas lo m\u00e1s pronto posible.<\/p>\n<p>Silvio Octavio Garc\u00eda Rodr\u00edguez, presidente del organismo, consider\u00f3 la petici\u00f3n como necesaria en un contexto que resulta preocupante para las mujeres, particularmente en los estados de Jalisco, M\u00e9xico, Yucat\u00e1n, Puebla y Chihuahua, donde se presentan los mayores \u00edndices de desaparici\u00f3n, de acuerdo a Apro.<\/p>\n<p>Se\u00f1al\u00f3 que, de acuerdo con un sondeo, cada d\u00eda mujeres de todas las edades viven en riesgo constante de sufrir alg\u00fan tipo de violencia, y pr\u00e1cticamente todas, en alg\u00fan momento de su vida, han sido v\u00edctimas de violencia o de amenazas.<\/p>\n<p>Garc\u00eda Rodr\u00edguez agreg\u00f3 que el estudio referido revel\u00f3 que s\u00f3lo 13 instancias de procuraci\u00f3n de justicia en el pa\u00eds dieron informaci\u00f3n sobre la capacitaci\u00f3n otorgada al personal encargado de investigar las desapariciones de mujeres.<\/p>\n<p>Sin embargo, un n\u00famero m\u00e1s reducido (ocho) manifest\u00f3 haber tomado cursos de capacitaci\u00f3n, espec\u00edficamente sobre b\u00fasqueda de personas desaparecidas, su registro, el delito de desaparici\u00f3n forzada o alg\u00fan otro sobre dicho tema.<\/p>\n<p>Garc\u00eda Rodr\u00edguez tambi\u00e9n destac\u00f3 que 59.3 por ciento (18) de las instancias de procuraci\u00f3n de justicia cuentan con un mecanismo para buscar de manera inmediata a las mujeres y ni\u00f1as desaparecidas, pero \u00fanicamente 25 por ciento (siete) de las procuradur\u00edas y fiscal\u00edas que reportaron informaci\u00f3n sobre mujeres desaparecidas cuentan con una p\u00e1gina web y el registro de las v\u00edctimas.<\/p>\n<p>Ante tal situaci\u00f3n, abund\u00f3, se vislumbran retos en dos sentidos: en lo relacionado con la calidad de la informaci\u00f3n y la consistencia entre los datos que se reportan, debido a la amplia heterogeneidad en el total de las mujeres y ni\u00f1as v\u00edctimas de violencia feminicida que existe.<\/p>\n<p>El presidente de Conapro tambi\u00e9n resalt\u00f3 que la violencia en contra de la mujer puede presentarse de manera simult\u00e1nea y entrecruzada de diversas formas \u2013familiar, sexual, psicol\u00f3gica, laboral, pol\u00edtica o por preferencia sexual, \u00e9tnica, religiosa, institucional, etc\u00e9tera\u2013, lo que responde a la multiplicidad de opresiones sociales que a\u00fan se ejercen sobre la mujer y cuya manifestaci\u00f3n brutal es el feminicidio.<\/p>\n<p>El director de la organizaci\u00f3n consider\u00f3 oportuno se\u00f1alar que la violencia contra las mujeres es una ofensa a la dignidad humana y una manifestaci\u00f3n de las relaciones de poder hist\u00f3ricamente desiguales entre mujeres y hombres, por lo que cada d\u00eda miles de ellas son objeto de esta violencia.<\/p>\n<p>\u201cLa discriminaci\u00f3n y la violencia contra las mujeres es una de las formas m\u00e1s dram\u00e1ticas de la desigualdad, que traspasa las fronteras de los pa\u00edses y afecta a miles de mujeres en el mundo\u201d, asever\u00f3.<\/p>\n<p>En este sentido, Garc\u00eda Rodr\u00edguez recalc\u00f3 que la Declaraci\u00f3n sobre la eliminaci\u00f3n de la violencia contra la mujer, emitida por la Asamblea General de la ONU en 1993, define como acto de violencia todo aquel \u201cque tenga o pueda tener como resultado un da\u00f1o o sufrimiento f\u00edsico, sexual o psicol\u00f3gico para la mujer, as\u00ed como las amenazas de tales actos, la coacci\u00f3n o la privaci\u00f3n arbitraria de la libertad, tanto si se producen en la vida p\u00fablica como en la vida privada\u201d.<\/p>\n<p>En ese sentido, urgi\u00f3 a los integrantes del Congreso de la Uni\u00f3n y al gobierno federal activar un mecanismo que logr\u00e9 un formato \u00fanico para atender este tipo de pr\u00e1cticas delictivas de manera inmediata y coordinada.<\/p>\n<p><a href=\"https:\/\/riodoce.mx\/noticias\/jalisco-mexico-yucatan-puebla-y-chihuahua-donde-mas-desaparecen-mujeres-conapro\" target=\"_blank\" rel=\"noopener noreferrer\">https:\/\/riodoce.mx\/noticias\/jalisco-mexico-yucatan-puebla-y-chihuahua-donde-mas-desaparecen-mujeres-conapro<\/a><\/p>\n","protected":false},"excerpt":{"rendered":"<p>Foto: Cuartoscuro. Redacci\u00f3n\/R\u00cdODOCE Entre 2017 y 2018 desaparecieron 4 mil 527 mujeres en M\u00e9xico inform\u00f3 la Confederaci\u00f3n Nacional de Profesionistas y J\u00f3venes de M\u00e9xico (Conapro) por lo que pidi\u00f3 a &hellip; <a href=\"https:\/\/www.grieta.org.mx\/index.php\/2019\/03\/18\/jalisco-mexico-yucatan-puebla-y-chihuahua-donde-mas-desaparecen-mujeres-conapro\/\" class=\"more-link\">Leer m\u00e1s<\/a><\/p>\n","protected":false},"author":2,"featured_media":31066,"comment_status":"closed","ping_status":"closed","sticky":false,"template":"","format":"standard","meta":{"ngg_post_thumbnail":0,"_jetpack_newsletter_access":"","_jetpack_dont_email_post_to_subs":false,"_jetpack_newsletter_tier_id":0,"_jetpack_memberships_contains_paywalled_content":false,"_jetpack_memberships_contains_paid_content":false,"footnotes":""},"categories":[12,80,87,1204,1032,1045,2348,16,20,2,26,83,36],"tags":[2351],"class_list":["post-31064","post","type-post","status-publish","format-standard","has-post-thumbnail","hentry","category-chihuahua","category-cintillo","category-desaparecidos","category-desaparecidos-en-el-estado-de-mexico","category-desaparecidos-en-jalisco","category-desaparecidos-en-puebla","category-desaparecidos-en-yuctan","category-estado-de-mexico","category-jalisco","category-noticias-nacionales","category-puebla","category-temas-nacionales","category-yucatan","tag-desaparicion-de-mujeres","entry"],"jetpack_featured_media_url":"https:\/\/www.grieta.org.mx\/wp-content\/uploads\/2019\/03\/Protesta_Mujeres_Desaparecidas.jpg","jetpack_sharing_enabled":true,"jetpack_shortlink":"https:\/\/wp.me\/p7ZJR4-852","jetpack_likes_enabled":false,"jetpack-related-posts":[{"id":23004,"url":"https:\/\/www.grieta.org.mx\/index.php\/2018\/04\/15\/cada-dia-desaparecen-11\/","url_meta":{"origin":31064,"position":0},"title":"Cada d\u00eda desaparecen 11","author":"grieta","date":"15 abril, 2018","format":false,"excerpt":"Agencia Reforma En enero pasado, 11 personas desaparecieron cada d\u00eda en el pa\u00eds, en promedio, de acuerdo con los datos oficiales. La m\u00e1s reciente actualizaci\u00f3n el Registro Nacional de Datos de Personas Extraviadas o Desaparecidas (Rnped), que se nutre con datos de la Procuradur\u00eda General de la Rep\u00fablica (PGR) y\u2026","rel":"","context":"En &quot;CINTILLO&quot;","block_context":{"text":"CINTILLO","link":"https:\/\/www.grieta.org.mx\/index.php\/category\/cintillo\/"},"img":{"alt_text":"","src":"https:\/\/i0.wp.com\/www.grieta.org.mx\/wp-content\/uploads\/2018\/05\/d7-1.jpg?resize=350%2C200&ssl=1","width":350,"height":200,"srcset":"https:\/\/i0.wp.com\/www.grieta.org.mx\/wp-content\/uploads\/2018\/05\/d7-1.jpg?resize=350%2C200&ssl=1 1x, https:\/\/i0.wp.com\/www.grieta.org.mx\/wp-content\/uploads\/2018\/05\/d7-1.jpg?resize=525%2C300&ssl=1 1.5x"},"classes":[]},{"id":22987,"url":"https:\/\/www.grieta.org.mx\/index.php\/2017\/11\/14\/desapariciones-tendencia-constante-en-sexenios-de-calderon-y-epn\/","url_meta":{"origin":31064,"position":1},"title":"Desapariciones, tendencia constante en sexenios de Calder\u00f3n y EPN","author":"grieta","date":"14 noviembre, 2017","format":false,"excerpt":"Ernesto Aroche Aguilar\/Animal Pol\u00edtico Si la tendencia no cambia, el sexenio de Enrique Pe\u00f1a Nieto cerrar\u00e1 con una cifra parecida a los 24 mil 943 casos de desaparici\u00f3n registrados durante el gobierno de Felipe Calder\u00f3n. En lo que va del gobierno del presidente Enrique Pe\u00f1a Nieto, en promedio, cada dos\u2026","rel":"","context":"En &quot;CINTILLO&quot;","block_context":{"text":"CINTILLO","link":"https:\/\/www.grieta.org.mx\/index.php\/category\/cintillo\/"},"img":{"alt_text":"","src":"https:\/\/i0.wp.com\/www.grieta.org.mx\/wp-content\/uploads\/2018\/05\/d5.png?resize=350%2C200&ssl=1","width":350,"height":200,"srcset":"https:\/\/i0.wp.com\/www.grieta.org.mx\/wp-content\/uploads\/2018\/05\/d5.png?resize=350%2C200&ssl=1 1x, https:\/\/i0.wp.com\/www.grieta.org.mx\/wp-content\/uploads\/2018\/05\/d5.png?resize=525%2C300&ssl=1 1.5x, https:\/\/i0.wp.com\/www.grieta.org.mx\/wp-content\/uploads\/2018\/05\/d5.png?resize=700%2C400&ssl=1 2x"},"classes":[]},{"id":24418,"url":"https:\/\/www.grieta.org.mx\/index.php\/2017\/02\/24\/desaparicion-de-mujeres-adolescentes-crecio-974-en-cuatro-anos-alerta-redim\/","url_meta":{"origin":31064,"position":2},"title":"Desaparici\u00f3n de mujeres adolescentes creci\u00f3 974% en cuatro a\u00f1os, alerta Redim","author":"grieta","date":"24 febrero, 2017","format":false,"excerpt":"Hazel Zamora Vendieta\/Proceso CIUDAD DE M\u00c9XICO (apro-cimac).- La desaparici\u00f3n de mujeres adolescentes en el pa\u00eds est\u00e1 relacionada con grupos criminales vinculados a la trata de personas con fines de explotaci\u00f3n sexual comercial, y el fen\u00f3meno va en aumento, report\u00f3 la Red por los Derechos de la Infancia en M\u00e9xico (Redim).\u2026","rel":"","context":"En &quot;Baja California&quot;","block_context":{"text":"Baja California","link":"https:\/\/www.grieta.org.mx\/index.php\/category\/noticias-nacionales\/baja-california\/"},"img":{"alt_text":"","src":"https:\/\/i0.wp.com\/www.grieta.org.mx\/wp-content\/uploads\/2018\/07\/IMG_1652-1-c-702x468.jpg?resize=350%2C200&ssl=1","width":350,"height":200,"srcset":"https:\/\/i0.wp.com\/www.grieta.org.mx\/wp-content\/uploads\/2018\/07\/IMG_1652-1-c-702x468.jpg?resize=350%2C200&ssl=1 1x, https:\/\/i0.wp.com\/www.grieta.org.mx\/wp-content\/uploads\/2018\/07\/IMG_1652-1-c-702x468.jpg?resize=525%2C300&ssl=1 1.5x, https:\/\/i0.wp.com\/www.grieta.org.mx\/wp-content\/uploads\/2018\/07\/IMG_1652-1-c-702x468.jpg?resize=700%2C400&ssl=1 2x"},"classes":[]},{"id":2483,"url":"https:\/\/www.grieta.org.mx\/index.php\/2015\/02\/16\/tamaulipas-primer-lugar-en-desapariciones\/","url_meta":{"origin":31064,"position":3},"title":"Tamaulipas, primer lugar en desapariciones","author":"grieta","date":"16 febrero, 2015","format":false,"excerpt":"El Economista JORGE MONROY Con un total de 5,293 personas desaparecidas, Tamaulipas es la entidad con el mayor registro de desapariciones, seguida de Jalisco y el Estado de M\u00e9xico. En conjunto, las tres entidades registran 9,162 desapariciones desde el 2007, y a\u00f1os anteriores. De acuerdo con el Registro Nacional de\u2026","rel":"","context":"En &quot;CINTILLO&quot;","block_context":{"text":"CINTILLO","link":"https:\/\/www.grieta.org.mx\/index.php\/category\/cintillo\/"},"img":{"alt_text":"","src":"https:\/\/i0.wp.com\/www.grieta.org.mx\/wp-content\/uploads\/2018\/03\/14524434_1106112876131411_958039263622046936_o.jpg?resize=350%2C200&ssl=1","width":350,"height":200,"srcset":"https:\/\/i0.wp.com\/www.grieta.org.mx\/wp-content\/uploads\/2018\/03\/14524434_1106112876131411_958039263622046936_o.jpg?resize=350%2C200&ssl=1 1x, https:\/\/i0.wp.com\/www.grieta.org.mx\/wp-content\/uploads\/2018\/03\/14524434_1106112876131411_958039263622046936_o.jpg?resize=525%2C300&ssl=1 1.5x, https:\/\/i0.wp.com\/www.grieta.org.mx\/wp-content\/uploads\/2018\/03\/14524434_1106112876131411_958039263622046936_o.jpg?resize=700%2C400&ssl=1 2x"},"classes":[]},{"id":23007,"url":"https:\/\/www.grieta.org.mx\/index.php\/2018\/04\/26\/lidera-tamaulipas-en-la-desaparicion-de-jovenes\/","url_meta":{"origin":31064,"position":4},"title":"Lidera Tamaulipas en la desaparici\u00f3n de j\u00f3venes","author":"grieta","date":"26 abril, 2018","format":false,"excerpt":"El Ma\u00f1ana entre enero del 2007 y el mismo mes del 2018, se report\u00f3 la desaparici\u00f3n en el pa\u00eds de 9 mil 404 son j\u00f3venes de entre 15 y 24 a\u00f1os, de los cuales, mil 327 casos son en la entidad CIUDAD DE M\u00c9XICO.- Entre el 2007 y 2018, una\u2026","rel":"","context":"En &quot;CINTILLO&quot;","block_context":{"text":"CINTILLO","link":"https:\/\/www.grieta.org.mx\/index.php\/category\/cintillo\/"},"img":{"alt_text":"","src":"https:\/\/i0.wp.com\/www.grieta.org.mx\/wp-content\/uploads\/2018\/05\/t2.jpg?resize=350%2C200&ssl=1","width":350,"height":200,"srcset":"https:\/\/i0.wp.com\/www.grieta.org.mx\/wp-content\/uploads\/2018\/05\/t2.jpg?resize=350%2C200&ssl=1 1x, https:\/\/i0.wp.com\/www.grieta.org.mx\/wp-content\/uploads\/2018\/05\/t2.jpg?resize=525%2C300&ssl=1 1.5x, https:\/\/i0.wp.com\/www.grieta.org.mx\/wp-content\/uploads\/2018\/05\/t2.jpg?resize=700%2C400&ssl=1 2x"},"classes":[]},{"id":22129,"url":"https:\/\/www.grieta.org.mx\/index.php\/2018\/03\/15\/acumula-puebla-la-septima-mayor-cifra-de-personas-desaparecidas-en-el-pais\/","url_meta":{"origin":31064,"position":5},"title":"Acumula Puebla la s\u00e9ptima mayor cifra de personas desaparecidas en el pa\u00eds","author":"grieta","date":"15 marzo, 2018","format":false,"excerpt":"Al corte del 31 de enero de 2018, el\u00a0estado de Puebla\u00a0tuvo un total de\u00a0mil 852 registros\u00a0de personas relacionadas con averiguaciones previas del fuero com\u00fan que\u00a0permanecen sin localizar, la s\u00e9ptima cifra m\u00e1s alta de las 32 entidades federativas. En el fuero federal las\u00a0averiguaciones previas\u00a0por personas no localizadas en la entidad poblana\u2026","rel":"","context":"En &quot;CINTILLO&quot;","block_context":{"text":"CINTILLO","link":"https:\/\/www.grieta.org.mx\/index.php\/category\/cintillo\/"},"img":{"alt_text":"","src":"https:\/\/i0.wp.com\/www.grieta.org.mx\/wp-content\/uploads\/2018\/03\/desaparecidos-puebla-cifras-nac.jpg?resize=350%2C200&ssl=1","width":350,"height":200,"srcset":"https:\/\/i0.wp.com\/www.grieta.org.mx\/wp-content\/uploads\/2018\/03\/desaparecidos-puebla-cifras-nac.jpg?resize=350%2C200&ssl=1 1x, https:\/\/i0.wp.com\/www.grieta.org.mx\/wp-content\/uploads\/2018\/03\/desaparecidos-puebla-cifras-nac.jpg?resize=525%2C300&ssl=1 1.5x"},"classes":[]}],"_links":{"self":[{"href":"https:\/\/www.grieta.org.mx\/index.php\/wp-json\/wp\/v2\/posts\/31064","targetHints":{"allow":["GET"]}}],"collection":[{"href":"https:\/\/www.grieta.org.mx\/index.php\/wp-json\/wp\/v2\/posts"}],"about":[{"href":"https:\/\/www.grieta.org.mx\/index.php\/wp-json\/wp\/v2\/types\/post"}],"author":[{"embeddable":true,"href":"https:\/\/www.grieta.org.mx\/index.php\/wp-json\/wp\/v2\/users\/2"}],"replies":[{"embeddable":true,"href":"https:\/\/www.grieta.org.mx\/index.php\/wp-json\/wp\/v2\/comments?post=31064"}],"version-history":[{"count":1,"href":"https:\/\/www.grieta.org.mx\/index.php\/wp-json\/wp\/v2\/posts\/31064\/revisions"}],"predecessor-version":[{"id":31103,"href":"https:\/\/www.grieta.org.mx\/index.php\/wp-json\/wp\/v2\/posts\/31064\/revisions\/31103"}],"wp:featuredmedia":[{"embeddable":true,"href":"https:\/\/www.grieta.org.mx\/index.php\/wp-json\/wp\/v2\/media\/31066"}],"wp:attachment":[{"href":"https:\/\/www.grieta.org.mx\/index.php\/wp-json\/wp\/v2\/media?parent=31064"}],"wp:term":[{"taxonomy":"category","embeddable":true,"href":"https:\/\/www.grieta.org.mx\/index.php\/wp-json\/wp\/v2\/categories?post=31064"},{"taxonomy":"post_tag","embeddable":true,"href":"https:\/\/www.grieta.org.mx\/index.php\/wp-json\/wp\/v2\/tags?post=31064"}],"curies":[{"name":"wp","href":"https:\/\/api.w.org\/{rel}","templated":true}]}}