{"id":31049,"date":"2019-03-18T11:08:29","date_gmt":"2019-03-18T17:08:29","guid":{"rendered":"http:\/\/www.grieta.org.mx\/?p=31049"},"modified":"2019-03-23T11:34:17","modified_gmt":"2019-03-23T17:34:17","slug":"en-coahuila-frenan-concesiones-en-zona-protegida-de-cuatro-cienegas-pronatura-coahuila","status":"publish","type":"post","link":"https:\/\/www.grieta.org.mx\/index.php\/2019\/03\/18\/en-coahuila-frenan-concesiones-en-zona-protegida-de-cuatro-cienegas-pronatura-coahuila\/","title":{"rendered":"En Coahuila, &#8216;frenan concesiones en zona protegida de Cuatro Ci\u00e9negas&#8217;: Pronatura (Coahuila)"},"content":{"rendered":"<p><img loading=\"lazy\" decoding=\"async\" data-attachment-id=\"31050\" data-permalink=\"https:\/\/www.grieta.org.mx\/index.php\/2019\/03\/18\/en-coahuila-frenan-concesiones-en-zona-protegida-de-cuatro-cienegas-pronatura-coahuila\/cuatro-cienegas\/\" data-orig-file=\"https:\/\/www.grieta.org.mx\/wp-content\/uploads\/2019\/03\/cuatro-ci\u00e9negas.jpg\" data-orig-size=\"980,653\" data-comments-opened=\"0\" data-image-meta=\"{&quot;aperture&quot;:&quot;0&quot;,&quot;credit&quot;:&quot;&quot;,&quot;camera&quot;:&quot;&quot;,&quot;caption&quot;:&quot;&quot;,&quot;created_timestamp&quot;:&quot;0&quot;,&quot;copyright&quot;:&quot;&quot;,&quot;focal_length&quot;:&quot;0&quot;,&quot;iso&quot;:&quot;0&quot;,&quot;shutter_speed&quot;:&quot;0&quot;,&quot;title&quot;:&quot;&quot;,&quot;orientation&quot;:&quot;0&quot;}\" data-image-title=\"cuatro ci\u00e9negas\" data-image-description=\"\" data-image-caption=\"\" data-medium-file=\"https:\/\/www.grieta.org.mx\/wp-content\/uploads\/2019\/03\/cuatro-ci\u00e9negas-300x200.jpg\" data-large-file=\"https:\/\/www.grieta.org.mx\/wp-content\/uploads\/2019\/03\/cuatro-ci\u00e9negas.jpg\" class=\"aligncenter size-full wp-image-31050\" src=\"http:\/\/www.grieta.org.mx\/wp-content\/uploads\/2019\/03\/cuatro-ci\u00e9negas.jpg\" alt=\"\" width=\"980\" height=\"653\" srcset=\"https:\/\/www.grieta.org.mx\/wp-content\/uploads\/2019\/03\/cuatro-ci\u00e9negas.jpg 980w, https:\/\/www.grieta.org.mx\/wp-content\/uploads\/2019\/03\/cuatro-ci\u00e9negas-300x200.jpg 300w, https:\/\/www.grieta.org.mx\/wp-content\/uploads\/2019\/03\/cuatro-ci\u00e9negas-768x512.jpg 768w, https:\/\/www.grieta.org.mx\/wp-content\/uploads\/2019\/03\/cuatro-ci\u00e9negas-750x500.jpg 750w\" sizes=\"auto, (max-width: 980px) 100vw, 980px\" \/><\/p>\n<blockquote><p>Ante la demanda, un juez otorg\u00f3 una suspensi\u00f3n definitiva<\/p><\/blockquote>\n<p>Jos\u00e9 Reyes\/LA VANGUARDIA MX<\/p>\n<p>Tras meses de alegatos judiciales, la organizaci\u00f3n civil<strong>\u00a0Pronatura Noreste <\/strong> asegur\u00f3 haber ganado una suspensi\u00f3n definitiva en juicio de amparo contra acciones de la\u00a0Comisi\u00f3n Nacional del Agua\u00a0para que \u00e9sta frene la expedici\u00f3n de concesiones para el aprovechamiento, uso o explotaci\u00f3n de las aguas nacionales en la zona protegida del\u00a0Valle de Cuatro Ci\u00e9negas.<\/p>\n<p>La misma asociaci\u00f3n civil public\u00f3 en su p\u00e1gina oficial, un comunicado en el que inform\u00f3 que un juez federal radicado en Monterrey otorg\u00f3 la suspensi\u00f3n definitiva por la omisi\u00f3n, por parte del ejecutivo federal, de emitir los lineamientos y disposiciones para sujetar el aprovechamiento, uso o explotaci\u00f3n de las aguas nacionales a que se refiere el art\u00edculo cuarto del decreto por el que se establece como zona reglamentada el Valle de\u00a0Cuatro Ci\u00e9negas.<\/p>\n<p>\u201cSe obliga al director general, subdirector General de administraci\u00f3n del Agua, gerente de Regulaci\u00f3n y Bancos de Agua; y, gerente de Servicios a Usuarios, todos de la Comisi\u00f3n Nacional del Agua, con sede en la Ciudad de M\u00e9xico, a no expedir concesiones y\/o asignaciones, para el aprovechamiento, uso o explotaci\u00f3n de las aguas nacionales en la zona protegida del Valle de Cuatro Ci\u00e9negas\u201d, sostuvo la asociaci\u00f3n.<\/p>\n<p>Esta resoluci\u00f3n tambi\u00e9n alcanza a funcionarios del Organismo de Cuenca R\u00edo Bravo, con sede en Nuevo Le\u00f3n.<\/p>\n<p>\u201cEste acto judicial establece un precedente jur\u00eddico trascendental en materia de omisi\u00f3n, por parte del ejecutivo, en el manejo de los recursos naturales del pa\u00eds\u201d, se\u00f1al\u00f3.<\/p>\n<p><a href=\"https:\/\/vanguardia.com.mx\/articulo\/en-coahuila-frenan-concesiones-en-zona-protegida-de-cuatro-cienegas-pronatura\" target=\"_blank\" rel=\"noopener noreferrer\">https:\/\/vanguardia.com.mx\/articulo\/en-coahuila-frenan-concesiones-en-zona-protegida-de-cuatro-cienegas-pronatura<\/a><\/p>\n","protected":false},"excerpt":{"rendered":"<p>Ante la demanda, un juez otorg\u00f3 una suspensi\u00f3n definitiva Jos\u00e9 Reyes\/LA VANGUARDIA MX Tras meses de alegatos judiciales, la organizaci\u00f3n civil\u00a0Pronatura Noreste asegur\u00f3 haber ganado una suspensi\u00f3n definitiva en juicio &hellip; <a href=\"https:\/\/www.grieta.org.mx\/index.php\/2019\/03\/18\/en-coahuila-frenan-concesiones-en-zona-protegida-de-cuatro-cienegas-pronatura-coahuila\/\" class=\"more-link\">Leer m\u00e1s<\/a><\/p>\n","protected":false},"author":2,"featured_media":31050,"comment_status":"closed","ping_status":"closed","sticky":false,"template":"","format":"standard","meta":{"ngg_post_thumbnail":0,"_jetpack_newsletter_access":"","_jetpack_dont_email_post_to_subs":false,"_jetpack_newsletter_tier_id":0,"_jetpack_memberships_contains_paywalled_content":false,"_jetpack_memberships_contains_paid_content":false,"footnotes":""},"categories":[80,419,1960,914,2,1483,1751,83],"tags":[888,2345,264,2346],"class_list":["post-31049","post","type-post","status-publish","format-standard","has-post-thumbnail","hentry","category-cintillo","category-coahuila","category-contaminacion-ambiental-en-coahuila","category-privatizacion-del-agua","category-noticias-nacionales","category-privatizacion-del-agua-2","category-privatizacion-del-agua-en-coahuila","category-temas-nacionales","tag-conagua","tag-concesiones-hidricas","tag-cuatro-cienegas","tag-defensa-del-medio-ambiente","entry"],"jetpack_featured_media_url":"https:\/\/www.grieta.org.mx\/wp-content\/uploads\/2019\/03\/cuatro-ci\u00e9negas.jpg","jetpack_sharing_enabled":true,"jetpack_shortlink":"https:\/\/wp.me\/p7ZJR4-84N","jetpack_likes_enabled":false,"jetpack-related-posts":[{"id":58681,"url":"https:\/\/www.grieta.org.mx\/index.php\/2021\/04\/07\/despojo-privatizacion-y-crimen-ecologico-en-cuatro-cienegas-coahuila\/","url_meta":{"origin":31049,"position":0},"title":"Despojo, privatizaci\u00f3n y crimen ecol\u00f3gico en Cuatro Ci\u00e9negas (Coahuila)","author":"grieta","date":"7 abril, 2021","format":false,"excerpt":"\ufeff Un plan de desarrollo tur\u00edstico, que incluye un campo de golf, pone en riesgo la biodiversidad en este desierto que los cient\u00edficos consideran uno de los centros end\u00e9micos m\u00e1s importantes del mundo que alberga especies \u00fanicas desde hace millones de a\u00f1os Alejandro Sald\u00edvar\/ PROCESO Lejos de una postal id\u00edlica,\u2026","rel":"","context":"En &quot;CINTILLO&quot;","block_context":{"text":"CINTILLO","link":"https:\/\/www.grieta.org.mx\/index.php\/category\/cintillo\/"},"img":{"alt_text":"","src":"https:\/\/i0.wp.com\/www.grieta.org.mx\/wp-content\/uploads\/2021\/04\/f800x450-133123_184569_5050.jpg?resize=350%2C200&ssl=1","width":350,"height":200,"srcset":"https:\/\/i0.wp.com\/www.grieta.org.mx\/wp-content\/uploads\/2021\/04\/f800x450-133123_184569_5050.jpg?resize=350%2C200&ssl=1 1x, https:\/\/i0.wp.com\/www.grieta.org.mx\/wp-content\/uploads\/2021\/04\/f800x450-133123_184569_5050.jpg?resize=525%2C300&ssl=1 1.5x, https:\/\/i0.wp.com\/www.grieta.org.mx\/wp-content\/uploads\/2021\/04\/f800x450-133123_184569_5050.jpg?resize=700%2C400&ssl=1 2x"},"classes":[]},{"id":6645,"url":"https:\/\/www.grieta.org.mx\/index.php\/2015\/11\/24\/ejidatarios-son-esclavizados-aterrorizados-y-secuestrados-con-complicidad-del-gobierno-del-estado-de-coahuila-en-cuatro-cienegas\/","url_meta":{"origin":31049,"position":1},"title":"Ejidatarios son esclavizados, aterrorizados y secuestrados con complicidad del gobierno del estado de Coahuila en Cuatro Ci\u00e9negas","author":"grieta","date":"24 noviembre, 2015","format":false,"excerpt":"24\/11\/15. Dictan primer auto de vinculaci\u00f3n a proceso por destrucci\u00f3n de ejido en Cuatroci\u00e9negas Vanguardia 14\/11\/15. Gobierno de Moreira, detr\u00e1s del ataque a campesinos de Cuatroci\u00e9negas El Dem\u00f3crata 08\/11\/15. Calla \u00abmisteriosamente\u00bb Rub\u00e9n Moreira ante el ataque a campesinos de Cuatroci\u00e9negas El Dem\u00f3crata 07\/11\/15. \u00a1Noche infernal, sicarios queman un pueblo en\u2026","rel":"","context":"En &quot;Coahuila&quot;","block_context":{"text":"Coahuila","link":"https:\/\/www.grieta.org.mx\/index.php\/category\/noticias-nacionales\/coahuila\/"},"img":{"alt_text":"","src":"https:\/\/i0.wp.com\/www.grieta.org.mx\/wp-content\/uploads\/2018\/03\/14524434_1106112876131411_958039263622046936_o.jpg?resize=350%2C200&ssl=1","width":350,"height":200,"srcset":"https:\/\/i0.wp.com\/www.grieta.org.mx\/wp-content\/uploads\/2018\/03\/14524434_1106112876131411_958039263622046936_o.jpg?resize=350%2C200&ssl=1 1x, https:\/\/i0.wp.com\/www.grieta.org.mx\/wp-content\/uploads\/2018\/03\/14524434_1106112876131411_958039263622046936_o.jpg?resize=525%2C300&ssl=1 1.5x, https:\/\/i0.wp.com\/www.grieta.org.mx\/wp-content\/uploads\/2018\/03\/14524434_1106112876131411_958039263622046936_o.jpg?resize=700%2C400&ssl=1 2x"},"classes":[]},{"id":6582,"url":"https:\/\/www.grieta.org.mx\/index.php\/2016\/07\/23\/privatizacion-del-agua-en-coahuila\/","url_meta":{"origin":31049,"position":2},"title":"Privatizaci\u00f3n del agua en Coahuila","author":"grieta","date":"23 julio, 2016","format":false,"excerpt":"21\/07\/16. Pozo de agua en Mieleras beneficiar\u00e1 a 4 parques industriales El Siglo 12\/03\/16. Proyectan privatizar el servicio del agua El Siglo de Torre\u00f3n 16\/10\/12. Coahuila opera privatizaci\u00f3n silenciosa del agua; gobierno de Moreira la cede a extranjeros, acusan Sin Embargo","rel":"","context":"En &quot;Coahuila&quot;","block_context":{"text":"Coahuila","link":"https:\/\/www.grieta.org.mx\/index.php\/category\/noticias-nacionales\/coahuila\/"},"img":{"alt_text":"","src":"https:\/\/i0.wp.com\/www.grieta.org.mx\/wp-content\/uploads\/2018\/03\/14524434_1106112876131411_958039263622046936_o.jpg?resize=350%2C200&ssl=1","width":350,"height":200,"srcset":"https:\/\/i0.wp.com\/www.grieta.org.mx\/wp-content\/uploads\/2018\/03\/14524434_1106112876131411_958039263622046936_o.jpg?resize=350%2C200&ssl=1 1x, https:\/\/i0.wp.com\/www.grieta.org.mx\/wp-content\/uploads\/2018\/03\/14524434_1106112876131411_958039263622046936_o.jpg?resize=525%2C300&ssl=1 1.5x, https:\/\/i0.wp.com\/www.grieta.org.mx\/wp-content\/uploads\/2018\/03\/14524434_1106112876131411_958039263622046936_o.jpg?resize=700%2C400&ssl=1 2x"},"classes":[]},{"id":3053,"url":"https:\/\/www.grieta.org.mx\/index.php\/2015\/06\/09\/sin-seguridad-social-33-de-los-mineros-de-coahuila\/","url_meta":{"origin":31049,"position":3},"title":"Sin seguridad social 33% de los mineros de Coahuila","author":"grieta","date":"9 junio, 2015","format":false,"excerpt":"Luc\u00eda P\u00e9rez. El Siglo Coahuila. 9 de junio de 2015 Tras el derrumbe de una mina en Cuatro Ci\u00e9negas, el pasado viernes, donde dos mineros fallecieron, el mandatario estatal indic\u00f3 que ha recorrido el lugar. Se prev\u00e9 que existan 20 minas irregulares. Ante esta situaci\u00f3n se pedir\u00e1 que se refuerza\u2026","rel":"","context":"En &quot;CINTILLO&quot;","block_context":{"text":"CINTILLO","link":"https:\/\/www.grieta.org.mx\/index.php\/category\/cintillo\/"},"img":{"alt_text":"","src":"https:\/\/i0.wp.com\/www.grieta.org.mx\/wp-content\/uploads\/2018\/03\/14524434_1106112876131411_958039263622046936_o.jpg?resize=350%2C200&ssl=1","width":350,"height":200,"srcset":"https:\/\/i0.wp.com\/www.grieta.org.mx\/wp-content\/uploads\/2018\/03\/14524434_1106112876131411_958039263622046936_o.jpg?resize=350%2C200&ssl=1 1x, https:\/\/i0.wp.com\/www.grieta.org.mx\/wp-content\/uploads\/2018\/03\/14524434_1106112876131411_958039263622046936_o.jpg?resize=525%2C300&ssl=1 1.5x, https:\/\/i0.wp.com\/www.grieta.org.mx\/wp-content\/uploads\/2018\/03\/14524434_1106112876131411_958039263622046936_o.jpg?resize=700%2C400&ssl=1 2x"},"classes":[]},{"id":30316,"url":"https:\/\/www.grieta.org.mx\/index.php\/2019\/03\/09\/solapa-simas-la-contaminacion-coahuila\/","url_meta":{"origin":31049,"position":4},"title":"Solapa Simas la contaminaci\u00f3n (Coahuila)","author":"grieta","date":"9 marzo, 2019","format":false,"excerpt":"Redacci\u00f3n\/Z\u00d3CALO Monclova, Coah.- Vecinos que residen en \u00e1reas aleda\u00f1as al R\u00edo Monclova afirmaron que durante la instalaci\u00f3n de tuber\u00eda para desviar la ampliaci\u00f3n de descarga de aguas negras a los cauces de esa corriente, observaron camionetas del Simas cuyas cuadrillas trabajaban d\u00eda y noche para favorecer a particulares que ordenaron\u2026","rel":"","context":"En &quot;Coahuila&quot;","block_context":{"text":"Coahuila","link":"https:\/\/www.grieta.org.mx\/index.php\/category\/noticias-nacionales\/coahuila\/"},"img":{"alt_text":"","src":"https:\/\/i0.wp.com\/www.grieta.org.mx\/wp-content\/uploads\/2019\/03\/simas.jpg?resize=350%2C200&ssl=1","width":350,"height":200,"srcset":"https:\/\/i0.wp.com\/www.grieta.org.mx\/wp-content\/uploads\/2019\/03\/simas.jpg?resize=350%2C200&ssl=1 1x, https:\/\/i0.wp.com\/www.grieta.org.mx\/wp-content\/uploads\/2019\/03\/simas.jpg?resize=525%2C300&ssl=1 1.5x"},"classes":[]},{"id":2439,"url":"https:\/\/www.grieta.org.mx\/index.php\/2015\/11\/24\/dictan-primer-auto-de-vinculacion-a-proceso-por-destruccion-de-ejido-en-cuatrocienegas\/","url_meta":{"origin":31049,"position":5},"title":"Dictan primer auto de vinculaci\u00f3n a proceso por destrucci\u00f3n de ejido en Cuatroci\u00e9negas","author":"grieta","date":"24 noviembre, 2015","format":false,"excerpt":"Fue dictado contra Jes\u00fas Armando Hern\u00e1ndez por el delito de robo especialmente agravado en perjuicio de campesinos Monclova, Coahuila.- El Juez de Primera Instancia Penal dict\u00f3 auto de vinculaci\u00f3n a proceso a Jes\u00fas Armando Hern\u00e1ndez por el delito de robo especialmente agravado en perjuicio de campesinos y da\u00f1os calificados por\u2026","rel":"","context":"En &quot;CINTILLO&quot;","block_context":{"text":"CINTILLO","link":"https:\/\/www.grieta.org.mx\/index.php\/category\/cintillo\/"},"img":{"alt_text":"","src":"https:\/\/i0.wp.com\/www.grieta.org.mx\/wp-content\/uploads\/2018\/03\/14524434_1106112876131411_958039263622046936_o.jpg?resize=350%2C200&ssl=1","width":350,"height":200,"srcset":"https:\/\/i0.wp.com\/www.grieta.org.mx\/wp-content\/uploads\/2018\/03\/14524434_1106112876131411_958039263622046936_o.jpg?resize=350%2C200&ssl=1 1x, https:\/\/i0.wp.com\/www.grieta.org.mx\/wp-content\/uploads\/2018\/03\/14524434_1106112876131411_958039263622046936_o.jpg?resize=525%2C300&ssl=1 1.5x, https:\/\/i0.wp.com\/www.grieta.org.mx\/wp-content\/uploads\/2018\/03\/14524434_1106112876131411_958039263622046936_o.jpg?resize=700%2C400&ssl=1 2x"},"classes":[]}],"_links":{"self":[{"href":"https:\/\/www.grieta.org.mx\/index.php\/wp-json\/wp\/v2\/posts\/31049","targetHints":{"allow":["GET"]}}],"collection":[{"href":"https:\/\/www.grieta.org.mx\/index.php\/wp-json\/wp\/v2\/posts"}],"about":[{"href":"https:\/\/www.grieta.org.mx\/index.php\/wp-json\/wp\/v2\/types\/post"}],"author":[{"embeddable":true,"href":"https:\/\/www.grieta.org.mx\/index.php\/wp-json\/wp\/v2\/users\/2"}],"replies":[{"embeddable":true,"href":"https:\/\/www.grieta.org.mx\/index.php\/wp-json\/wp\/v2\/comments?post=31049"}],"version-history":[{"count":1,"href":"https:\/\/www.grieta.org.mx\/index.php\/wp-json\/wp\/v2\/posts\/31049\/revisions"}],"predecessor-version":[{"id":31053,"href":"https:\/\/www.grieta.org.mx\/index.php\/wp-json\/wp\/v2\/posts\/31049\/revisions\/31053"}],"wp:featuredmedia":[{"embeddable":true,"href":"https:\/\/www.grieta.org.mx\/index.php\/wp-json\/wp\/v2\/media\/31050"}],"wp:attachment":[{"href":"https:\/\/www.grieta.org.mx\/index.php\/wp-json\/wp\/v2\/media?parent=31049"}],"wp:term":[{"taxonomy":"category","embeddable":true,"href":"https:\/\/www.grieta.org.mx\/index.php\/wp-json\/wp\/v2\/categories?post=31049"},{"taxonomy":"post_tag","embeddable":true,"href":"https:\/\/www.grieta.org.mx\/index.php\/wp-json\/wp\/v2\/tags?post=31049"}],"curies":[{"name":"wp","href":"https:\/\/api.w.org\/{rel}","templated":true}]}}