{"id":31044,"date":"2019-03-22T10:53:52","date_gmt":"2019-03-22T16:53:52","guid":{"rendered":"http:\/\/www.grieta.org.mx\/?p=31044"},"modified":"2019-03-23T11:07:41","modified_gmt":"2019-03-23T17:07:41","slug":"a-2-anos-del-asesinato-de-miroslava-breach-no-hay-sentenciados-ni-justicia-chihuahua","status":"publish","type":"post","link":"https:\/\/www.grieta.org.mx\/index.php\/2019\/03\/22\/a-2-anos-del-asesinato-de-miroslava-breach-no-hay-sentenciados-ni-justicia-chihuahua\/","title":{"rendered":"A 2 a\u00f1os del asesinato de Miroslava Breach, no hay sentenciados ni justicia (Chihuahua)"},"content":{"rendered":"<p><img loading=\"lazy\" decoding=\"async\" data-attachment-id=\"31045\" data-permalink=\"https:\/\/www.grieta.org.mx\/index.php\/2019\/03\/22\/a-2-anos-del-asesinato-de-miroslava-breach-no-hay-sentenciados-ni-justicia-chihuahua\/miroslava-2-anos\/\" data-orig-file=\"https:\/\/www.grieta.org.mx\/wp-content\/uploads\/2019\/03\/Miroslava-2-a\u00f1os.jpg\" data-orig-size=\"275,183\" data-comments-opened=\"0\" data-image-meta=\"{&quot;aperture&quot;:&quot;0&quot;,&quot;credit&quot;:&quot;&quot;,&quot;camera&quot;:&quot;&quot;,&quot;caption&quot;:&quot;&quot;,&quot;created_timestamp&quot;:&quot;0&quot;,&quot;copyright&quot;:&quot;&quot;,&quot;focal_length&quot;:&quot;0&quot;,&quot;iso&quot;:&quot;0&quot;,&quot;shutter_speed&quot;:&quot;0&quot;,&quot;title&quot;:&quot;&quot;,&quot;orientation&quot;:&quot;0&quot;}\" data-image-title=\"Miroslava 2 a\u00f1os\" data-image-description=\"\" data-image-caption=\"\" data-medium-file=\"https:\/\/www.grieta.org.mx\/wp-content\/uploads\/2019\/03\/Miroslava-2-a\u00f1os.jpg\" data-large-file=\"https:\/\/www.grieta.org.mx\/wp-content\/uploads\/2019\/03\/Miroslava-2-a\u00f1os.jpg\" class=\"aligncenter size-full wp-image-31045\" src=\"http:\/\/www.grieta.org.mx\/wp-content\/uploads\/2019\/03\/Miroslava-2-a\u00f1os.jpg\" alt=\"\" width=\"550\" height=\"466\" \/><\/p>\n<blockquote><p>Activistas, comunicadores y familiares de la periodista exigieron justicia y demandaron a las autoridades la captura de todos los involucrados en el crimen, y en especial de los autores intelectuales.<\/p><\/blockquote>\n<p>Redacci\u00f3n ANIMAL POL\u00cdTICO<\/p>\n<p>A dos a\u00f1os del asesinato de la periodista Miroslava Breach, no existe sentencia condenatoria contra ninguno de los responsables, hay solamente\u00a0<a href=\"https:\/\/www.animalpolitico.com\/2017\/12\/presunto-autor-asesinato-miroslava\/\" target=\"_blank\" rel=\"noopener noreferrer\">un acusado en prisi\u00f3n preventiva<\/a>, una orden de aprehensi\u00f3n contra otro implicado pendiente de ejecutar, y un tercer participante asesinado, se\u00f1al\u00f3 Balbina Flores, representante de la organizaci\u00f3n Reporteros Sin Fronteras.<\/p>\n<p>Activistas, comunicadores y familiares de la periodista exigieron justicia y demandaron a las autoridades la captura de todos los involucrados en el crimen, y en especial de los autores intelectuales.<\/p>\n<p>Pidieron establecer y agotar todas las l\u00edneas de investigaci\u00f3n relacionadas con la narcopol\u00edtica, pues las investigaciones period\u00edsticas de Miroslava dejaron en evidencia v\u00ednculos entre pol\u00edticos y carteles que operan en la regi\u00f3n, dijo Balbina Flores.<\/p>\n<p>Cencos, Propuesta C\u00edvica y Reporteros Sin Frontera acusaron que han constatado acciones por parte de las autoridades locales de procuraci\u00f3n de justicia dirigidas a obstaculizar el curso de la investigaci\u00f3n, as\u00ed como la garant\u00eda de los derechos de las v\u00edctimas.<\/p>\n<p>Se\u00f1alaron que a\u00fan est\u00e1 pendiente la audiencia de juicio oral en la que la Fiscal\u00eda Especial para la Atenci\u00f3n de Delitos Cometidos contra la Libertad de Expresi\u00f3n deber\u00e1 sustentar ante un tribunal de juzgamiento su acusaci\u00f3n contra Juan Carlos \u201cN\u201d y lograr una sentencia condenatoria.<\/p>\n<p>\u201cLa fecha se\u00f1alada por la autoridad judicial para celebrar la audiencia de juicio oral es 04 noviembre de 2019, actuando sin respeto a lo se\u00f1alado en la ley penal que establece un plazo no mayor de 60 d\u00edas, motivo por el cual se present\u00f3 un amparo por ser un tiempo excesivo y violatorio del debido proceso y de los derechos de las partes, estamos a la espera que el Juzgado Tercero de Distrito en Chihuahua resuelva el amparo 312\/2019\u201d, dijo.<\/p>\n<p>Propuesta C\u00edvica acus\u00f3 que la fiscal\u00eda de Chihuahua monopoliz\u00f3 la investigaci\u00f3n, neg\u00f3 acceso a la carpeta de investigaci\u00f3n y la familia de Miroslava no sab\u00eda qu\u00e9 se estaba investigando. Fue hasta abril de 2018 cuando tuvieron acceso a la carpeta de investigaci\u00f3n.<\/p>\n<p>La Fiscal\u00eda General del Estado, que inici\u00f3 con la indagatoria, indic\u00f3 en su momento que la investigaci\u00f3n obtenida y corroborada del homicidio de Breach arroj\u00f3 que se debi\u00f3 a su trabajo period\u00edstico al denunciar la influencia que ejerc\u00edan los grupos criminales en Ch\u00ednipas.<\/p>\n<p>Desde el 27 de abril de 2018, la entonces Procuradur\u00eda General de la Rep\u00fablica (hoy Fiscal\u00eda), se hizo cargo de la investigaci\u00f3n y del proceso iniciado.<\/p>\n<p>Por el crimen de la periodista, fue detenido el 24 de diciembre de 2017 y vinculado a proceso Juan Carlos \u201cN\u201d, apodado \u201cEl Larry\u201d, por la probable comisi\u00f3n del delito de homicidio calificado.<\/p>\n<p>La Fiscal\u00eda Especial para la Atenci\u00f3n de Delitos Cometidos contra la Libertad de Expresi\u00f3n inform\u00f3 que solicit\u00f3 una pena de 70 a\u00f1os de prisi\u00f3n.<\/p>\n<p>Otro implicado, Ram\u00f3n Andr\u00e9s, quien de acuerdo con la Fiscal\u00eda General de Chihuahua dispar\u00f3 contra Breach, fue localizado muerto el 19 de diciembre de 2017 en \u00c1lamos, Sonora.<\/p>\n<p>Este viernes, comunicadores del estado de Chihuahua demandaron a las autoridades la captura de todos los implicados en el homicidio a trav\u00e9s de un video en redes sociales bajo los hashtag #Silencioescomplicidad, #JusticiaparaMiroslava, #Altoalanarcopol\u00edtica, #Noalencubrimiento\u201d.<\/p>\n<p>El 23 de marzo de 2017, Miroslava Breach fue asesinada en la ciudad de Chihuahua. Hombres armados le dispararon cuando sal\u00eda de su domicilio por la ma\u00f1ana.<\/p>\n<p>Miroslava era corresponsal de La Jornada y columnista de Norte Digital de Ciudad Ju\u00e1rez fue atacada con arma de fuego, la ma\u00f1ana del 23 de marzo, cuando sal\u00eda de su domicilio.<\/p>\n<p>&nbsp;<\/p>\n<p><a href=\"https:\/\/www.animalpolitico.com\/2019\/03\/a-dos-anos-del-asesinato-de-miroslava-breach-no-hay-sentenciados-ni-justicia\/\" target=\"_blank\" rel=\"noopener noreferrer\">https:\/\/www.animalpolitico.com\/2019\/03\/a-dos-anos-del-asesinato-de-miroslava-breach-no-hay-sentenciados-ni-justicia\/<\/a><\/p>\n","protected":false},"excerpt":{"rendered":"<p>Activistas, comunicadores y familiares de la periodista exigieron justicia y demandaron a las autoridades la captura de todos los involucrados en el crimen, y en especial de los autores intelectuales. &hellip; <a href=\"https:\/\/www.grieta.org.mx\/index.php\/2019\/03\/22\/a-2-anos-del-asesinato-de-miroslava-breach-no-hay-sentenciados-ni-justicia-chihuahua\/\" class=\"more-link\">Leer m\u00e1s<\/a><\/p>\n","protected":false},"author":2,"featured_media":31045,"comment_status":"closed","ping_status":"closed","sticky":false,"template":"","format":"standard","meta":{"ngg_post_thumbnail":0,"_jetpack_newsletter_access":"","_jetpack_dont_email_post_to_subs":false,"_jetpack_newsletter_tier_id":0,"_jetpack_memberships_contains_paywalled_content":false,"_jetpack_memberships_contains_paid_content":false,"footnotes":""},"categories":[12,80,2,83,88,1059],"tags":[1180,574,2264,1310],"class_list":["post-31044","post","type-post","status-publish","format-standard","has-post-thumbnail","hentry","category-chihuahua","category-cintillo","category-noticias-nacionales","category-temas-nacionales","category-violencia-contra-periodistas","category-violencia-contra-periodistas-en-chihuahua","tag-asesinato-de-periodistas","tag-libertad-de-expresion","tag-mujeres-periodistas","tag-protestas-contra-el-asesinato-de-periodistas","entry"],"jetpack_featured_media_url":"https:\/\/www.grieta.org.mx\/wp-content\/uploads\/2019\/03\/Miroslava-2-a\u00f1os.jpg","jetpack_sharing_enabled":true,"jetpack_shortlink":"https:\/\/wp.me\/p7ZJR4-84I","jetpack_likes_enabled":false,"jetpack-related-posts":[{"id":58044,"url":"https:\/\/www.grieta.org.mx\/index.php\/2021\/03\/26\/a-4-anos-del-crimen-de-miroslava-breach-el-camino-hacia-la-justicia-aun-no-termina\/","url_meta":{"origin":31044,"position":0},"title":"A 4 a\u00f1os del crimen de Miroslava Breach, el camino hacia la justicia a\u00fan no termina","author":"grieta","date":"26 marzo, 2021","format":false,"excerpt":"Proceso\/Patricia Mayorga \"El Larry\", autor intelectual del homicidio, fue condenado a 50 a\u00f1os de prisi\u00f3n en agosto pasado. \u00a0Protesta en la FGR por el asesinato de la periodista Miroslava Breach. Foto: J. Ra\u00fal P\u00e9rez CHIHUAHUA, Chih. (apro).-\u00a0 A cuatro a\u00f1os del homicidio de la periodista Miroslava Breach Velducea, su hermana\u2026","rel":"","context":"En &quot;Chihuahua&quot;","block_context":{"text":"Chihuahua","link":"https:\/\/www.grieta.org.mx\/index.php\/category\/noticias-nacionales\/chihuahua\/"},"img":{"alt_text":"","src":"https:\/\/i0.wp.com\/www.grieta.org.mx\/wp-content\/uploads\/2018\/03\/14524434_1106112876131411_958039263622046936_o.jpg?resize=350%2C200&ssl=1","width":350,"height":200,"srcset":"https:\/\/i0.wp.com\/www.grieta.org.mx\/wp-content\/uploads\/2018\/03\/14524434_1106112876131411_958039263622046936_o.jpg?resize=350%2C200&ssl=1 1x, https:\/\/i0.wp.com\/www.grieta.org.mx\/wp-content\/uploads\/2018\/03\/14524434_1106112876131411_958039263622046936_o.jpg?resize=525%2C300&ssl=1 1.5x, https:\/\/i0.wp.com\/www.grieta.org.mx\/wp-content\/uploads\/2018\/03\/14524434_1106112876131411_958039263622046936_o.jpg?resize=700%2C400&ssl=1 2x"},"classes":[]},{"id":22858,"url":"https:\/\/www.grieta.org.mx\/index.php\/2017\/08\/23\/periodistas-de-chihuahua-exigen-se-capture-a-los-asesinos-de-miroslava-breach\/","url_meta":{"origin":31044,"position":1},"title":"Periodistas de Chihuahua exigen se capture a los asesinos de Miroslava Breach","author":"grieta","date":"23 agosto, 2017","format":false,"excerpt":"CHIHUAHUA, Chih. (apro).- Tras cinco meses de impunidad del asesinato de la corresponsal de\u00a0La Jornada, Miroslava Breach, un grupo de periodistas chihuahuenses se congreg\u00f3 en la \u201ccruz de clavos\u201d de la plaza Hidalgo, frente a Palacio de Gobierno. Acompa\u00f1ados por derechohumanistas, los comunicadores exigieron una vez m\u00e1s a los gobiernos\u2026","rel":"","context":"En &quot;Chihuahua&quot;","block_context":{"text":"Chihuahua","link":"https:\/\/www.grieta.org.mx\/index.php\/category\/noticias-nacionales\/chihuahua\/"},"img":{"alt_text":"","src":"https:\/\/i0.wp.com\/www.grieta.org.mx\/wp-content\/uploads\/2018\/05\/Periodistas.jpg?resize=350%2C200&ssl=1","width":350,"height":200,"srcset":"https:\/\/i0.wp.com\/www.grieta.org.mx\/wp-content\/uploads\/2018\/05\/Periodistas.jpg?resize=350%2C200&ssl=1 1x, https:\/\/i0.wp.com\/www.grieta.org.mx\/wp-content\/uploads\/2018\/05\/Periodistas.jpg?resize=525%2C300&ssl=1 1.5x, https:\/\/i0.wp.com\/www.grieta.org.mx\/wp-content\/uploads\/2018\/05\/Periodistas.jpg?resize=700%2C400&ssl=1 2x"},"classes":[]},{"id":22868,"url":"https:\/\/www.grieta.org.mx\/index.php\/2017\/03\/24\/miroslava-breach-periodista-asesinada-que-difundio-la-oposicion-minera-en-chihuahua\/","url_meta":{"origin":31044,"position":2},"title":"Miroslava Breach, periodista asesinada que difundi\u00f3 la oposici\u00f3n minera en Chihuahua","author":"grieta","date":"24 marzo, 2017","format":false,"excerpt":"Miroslava Breach Velducea -mujer periodista de 54 a\u00f1os de edad, corresponsal de La Jornada- fue asesinada el jueves 23 de marzo. Cuando sal\u00eda de su domicilio ubicado en la ciudad de Chihuahua, sujetos a bordo de una camioneta la ultimaron con tiros de una arma de fuego, calibre 38. Una\u2026","rel":"","context":"En &quot;Chihuahua&quot;","block_context":{"text":"Chihuahua","link":"https:\/\/www.grieta.org.mx\/index.php\/category\/noticias-nacionales\/chihuahua\/"},"img":{"alt_text":"","src":"https:\/\/i0.wp.com\/www.grieta.org.mx\/wp-content\/uploads\/2018\/03\/14524434_1106112876131411_958039263622046936_o.jpg?resize=350%2C200&ssl=1","width":350,"height":200,"srcset":"https:\/\/i0.wp.com\/www.grieta.org.mx\/wp-content\/uploads\/2018\/03\/14524434_1106112876131411_958039263622046936_o.jpg?resize=350%2C200&ssl=1 1x, https:\/\/i0.wp.com\/www.grieta.org.mx\/wp-content\/uploads\/2018\/03\/14524434_1106112876131411_958039263622046936_o.jpg?resize=525%2C300&ssl=1 1.5x, https:\/\/i0.wp.com\/www.grieta.org.mx\/wp-content\/uploads\/2018\/03\/14524434_1106112876131411_958039263622046936_o.jpg?resize=700%2C400&ssl=1 2x"},"classes":[]},{"id":36206,"url":"https:\/\/www.grieta.org.mx\/index.php\/2018\/03\/21\/ambiente-adverso-para-periodistas-en-gobierno-de-corral-article-19-chihuahua\/","url_meta":{"origin":31044,"position":3},"title":"Ambiente adverso para periodistas en gobierno de Corral: Article 19 (Chihuahua)","author":"grieta","date":"21 marzo, 2018","format":false,"excerpt":"Red de Periodistas de Ju\u00e1rez En Chihuahua, el ambiente para los periodistas y defensores de la libertad de expresi\u00f3n es adverso debido a la violencia institucional que impera contra la prensa durante el gobierno de Javier Corral Jurado, de acuerdo con la organizaci\u00f3n ARTICLE 19. En su informe \u2018Democracia Simulada,\u2026","rel":"","context":"En &quot;Chihuahua&quot;","block_context":{"text":"Chihuahua","link":"https:\/\/www.grieta.org.mx\/index.php\/category\/noticias-nacionales\/chihuahua\/"},"img":{"alt_text":"","src":"https:\/\/i0.wp.com\/www.grieta.org.mx\/wp-content\/uploads\/2019\/07\/amordazada-libertad.jpg?resize=350%2C200&ssl=1","width":350,"height":200,"srcset":"https:\/\/i0.wp.com\/www.grieta.org.mx\/wp-content\/uploads\/2019\/07\/amordazada-libertad.jpg?resize=350%2C200&ssl=1 1x, https:\/\/i0.wp.com\/www.grieta.org.mx\/wp-content\/uploads\/2019\/07\/amordazada-libertad.jpg?resize=525%2C300&ssl=1 1.5x, https:\/\/i0.wp.com\/www.grieta.org.mx\/wp-content\/uploads\/2019\/07\/amordazada-libertad.jpg?resize=700%2C400&ssl=1 2x"},"classes":[]},{"id":22871,"url":"https:\/\/www.grieta.org.mx\/index.php\/2017\/04\/02\/cierra-el-periodico-norte-de-ciudad-juarez-tras-asesinato-de-miroslava-breach\/","url_meta":{"origin":31044,"position":4},"title":"Cierra el peri\u00f3dico Norte de Ciudad Ju\u00e1rez, tras asesinato de Miroslava Breach","author":"grieta","date":"2 abril, 2017","format":false,"excerpt":"CHIHUAHUA, Chih. (proceso.com.mx).- El asesinato de Miroslava Breach Velducea el pasado 23 de marzo, gener\u00f3 el cierre de la versi\u00f3n impresa del peri\u00f3dico Norte de Ciudad Ju\u00e1rez, donde la periodista labor\u00f3 como directora editorial y posteriormente como colaboradora de la columna Don Mirone, en ese mismo rotativo. El director de\u2026","rel":"","context":"En &quot;Chihuahua&quot;","block_context":{"text":"Chihuahua","link":"https:\/\/www.grieta.org.mx\/index.php\/category\/noticias-nacionales\/chihuahua\/"},"img":{"alt_text":"","src":"https:\/\/i0.wp.com\/www.grieta.org.mx\/wp-content\/uploads\/2018\/03\/14524434_1106112876131411_958039263622046936_o.jpg?resize=350%2C200&ssl=1","width":350,"height":200,"srcset":"https:\/\/i0.wp.com\/www.grieta.org.mx\/wp-content\/uploads\/2018\/03\/14524434_1106112876131411_958039263622046936_o.jpg?resize=350%2C200&ssl=1 1x, https:\/\/i0.wp.com\/www.grieta.org.mx\/wp-content\/uploads\/2018\/03\/14524434_1106112876131411_958039263622046936_o.jpg?resize=525%2C300&ssl=1 1.5x, https:\/\/i0.wp.com\/www.grieta.org.mx\/wp-content\/uploads\/2018\/03\/14524434_1106112876131411_958039263622046936_o.jpg?resize=700%2C400&ssl=1 2x"},"classes":[]},{"id":22209,"url":"https:\/\/www.grieta.org.mx\/index.php\/2018\/03\/23\/hermanos-de-miroslava-repudian-a-javier-corral-por-decir-que-ella-se-busco-su-muerte-chihuahua\/","url_meta":{"origin":31044,"position":5},"title":"Hermanos de Miroslava repudian a Javier Corral por decir que ella \u201cse busc\u00f3\u201d su muerte (Chihuahua)","author":"grieta","date":"23 marzo, 2018","format":false,"excerpt":"Patricia Mayorga CHIHUAHUA, Chih. (apro).- Los hermanos de la periodista Miroslava Breach repudiaron los dichos del gobernador panista Javier Corral, quien culp\u00f3 a la corresponsal de La Jornada de buscarse su propia muerte. A un a\u00f1o del homicidio de Miroslava Breach en la ciudad de Chihuahua, sus hermanos, el gremio\u2026","rel":"","context":"En &quot;Chihuahua&quot;","block_context":{"text":"Chihuahua","link":"https:\/\/www.grieta.org.mx\/index.php\/category\/noticias-nacionales\/chihuahua\/"},"img":{"alt_text":"","src":"https:\/\/i0.wp.com\/www.grieta.org.mx\/wp-content\/uploads\/2018\/03\/Miroslava-protestas.jpg?resize=350%2C200&ssl=1","width":350,"height":200,"srcset":"https:\/\/i0.wp.com\/www.grieta.org.mx\/wp-content\/uploads\/2018\/03\/Miroslava-protestas.jpg?resize=350%2C200&ssl=1 1x, https:\/\/i0.wp.com\/www.grieta.org.mx\/wp-content\/uploads\/2018\/03\/Miroslava-protestas.jpg?resize=525%2C300&ssl=1 1.5x, https:\/\/i0.wp.com\/www.grieta.org.mx\/wp-content\/uploads\/2018\/03\/Miroslava-protestas.jpg?resize=700%2C400&ssl=1 2x"},"classes":[]}],"_links":{"self":[{"href":"https:\/\/www.grieta.org.mx\/index.php\/wp-json\/wp\/v2\/posts\/31044","targetHints":{"allow":["GET"]}}],"collection":[{"href":"https:\/\/www.grieta.org.mx\/index.php\/wp-json\/wp\/v2\/posts"}],"about":[{"href":"https:\/\/www.grieta.org.mx\/index.php\/wp-json\/wp\/v2\/types\/post"}],"author":[{"embeddable":true,"href":"https:\/\/www.grieta.org.mx\/index.php\/wp-json\/wp\/v2\/users\/2"}],"replies":[{"embeddable":true,"href":"https:\/\/www.grieta.org.mx\/index.php\/wp-json\/wp\/v2\/comments?post=31044"}],"version-history":[{"count":1,"href":"https:\/\/www.grieta.org.mx\/index.php\/wp-json\/wp\/v2\/posts\/31044\/revisions"}],"predecessor-version":[{"id":31048,"href":"https:\/\/www.grieta.org.mx\/index.php\/wp-json\/wp\/v2\/posts\/31044\/revisions\/31048"}],"wp:featuredmedia":[{"embeddable":true,"href":"https:\/\/www.grieta.org.mx\/index.php\/wp-json\/wp\/v2\/media\/31045"}],"wp:attachment":[{"href":"https:\/\/www.grieta.org.mx\/index.php\/wp-json\/wp\/v2\/media?parent=31044"}],"wp:term":[{"taxonomy":"category","embeddable":true,"href":"https:\/\/www.grieta.org.mx\/index.php\/wp-json\/wp\/v2\/categories?post=31044"},{"taxonomy":"post_tag","embeddable":true,"href":"https:\/\/www.grieta.org.mx\/index.php\/wp-json\/wp\/v2\/tags?post=31044"}],"curies":[{"name":"wp","href":"https:\/\/api.w.org\/{rel}","templated":true}]}}