{"id":31030,"date":"2019-03-22T18:56:17","date_gmt":"2019-03-23T00:56:17","guid":{"rendered":"http:\/\/www.grieta.org.mx\/?p=31030"},"modified":"2019-03-22T18:57:08","modified_gmt":"2019-03-23T00:57:08","slug":"inmobiliarios-e-industria-los-duenos-del-agua-jalisco","status":"publish","type":"post","link":"https:\/\/www.grieta.org.mx\/index.php\/2019\/03\/22\/inmobiliarios-e-industria-los-duenos-del-agua-jalisco\/","title":{"rendered":"Inmobiliarios e industria, los due\u00f1os del agua (Jalisco)"},"content":{"rendered":"<p><img loading=\"lazy\" decoding=\"async\" data-attachment-id=\"31031\" data-permalink=\"https:\/\/www.grieta.org.mx\/index.php\/2019\/03\/22\/inmobiliarios-e-industria-los-duenos-del-agua-jalisco\/2019-03-22_02-03-58___8584\/\" data-orig-file=\"https:\/\/www.grieta.org.mx\/wp-content\/uploads\/2019\/03\/2019-03-22_02-03-58___8584.jpg\" data-orig-size=\"753,501\" data-comments-opened=\"0\" data-image-meta=\"{&quot;aperture&quot;:&quot;0&quot;,&quot;credit&quot;:&quot;&quot;,&quot;camera&quot;:&quot;&quot;,&quot;caption&quot;:&quot;&quot;,&quot;created_timestamp&quot;:&quot;0&quot;,&quot;copyright&quot;:&quot;&quot;,&quot;focal_length&quot;:&quot;0&quot;,&quot;iso&quot;:&quot;0&quot;,&quot;shutter_speed&quot;:&quot;0&quot;,&quot;title&quot;:&quot;&quot;,&quot;orientation&quot;:&quot;1&quot;}\" data-image-title=\"2019-03-22_02-03-58___8584\" data-image-description=\"\" data-image-caption=\"\" data-medium-file=\"https:\/\/www.grieta.org.mx\/wp-content\/uploads\/2019\/03\/2019-03-22_02-03-58___8584-300x200.jpg\" data-large-file=\"https:\/\/www.grieta.org.mx\/wp-content\/uploads\/2019\/03\/2019-03-22_02-03-58___8584.jpg\" class=\"aligncenter wp-image-31031\" src=\"http:\/\/www.grieta.org.mx\/wp-content\/uploads\/2019\/03\/2019-03-22_02-03-58___8584.jpg\" alt=\"\" width=\"762\" height=\"507\" srcset=\"https:\/\/www.grieta.org.mx\/wp-content\/uploads\/2019\/03\/2019-03-22_02-03-58___8584.jpg 753w, https:\/\/www.grieta.org.mx\/wp-content\/uploads\/2019\/03\/2019-03-22_02-03-58___8584-300x200.jpg 300w, https:\/\/www.grieta.org.mx\/wp-content\/uploads\/2019\/03\/2019-03-22_02-03-58___8584-751x500.jpg 751w\" sizes=\"auto, (max-width: 762px) 100vw, 762px\" \/><\/p>\n<p><strong>Sonia Serrano \u00cd\u00f1iguez \/ NTR Noticias<\/strong><\/p>\n<p>Los desarrolladores de vivienda, algunas industrias y la Comisi\u00f3n Federal de electricidad aparecen en la lista de los grandes due\u00f1os del agua en Jalisco. As\u00ed lo dieron a conocer en conferencia de prensa l\u00edderes de diferentes organizaciones y acad\u00e9micos con motivo del d\u00eda internacional del agua.<\/p>\n<p>Mar\u00eda Gonz\u00e1lez, investigadora del Instituto Mexicano para el Desarrollo Comunitario (Imdec), quien encabez\u00f3 la revisi\u00f3n de la base de datos de concesiones de agua, destac\u00f3 adem\u00e1s que algunos de los due\u00f1os de las mismas est\u00e1n, adem\u00e1s, en la lista de los que m\u00e1s contaminan.<\/p>\n<p>En las concesiones, el mayor volumen de agua en Jalisco est\u00e1 asignado a la empresa Urbi, desarrolladora de vivienda popular. En segundo lugar aparece la Cervecer\u00eda Modelo de Guadalajara y luego la Asociaci\u00f3n de Colonos de Ciudad Bugambilias.<\/p>\n<p>Mar\u00eda Gonz\u00e1lez afirm\u00f3 que respaldados en la Ley de Aguas Nacionales se acapara el agua, a trav\u00e9s de las concesiones y, peor a\u00fan, de la transferencia de derechos.<\/p>\n<p>Gabriel Espinoza, de la organizaci\u00f3n Salvemos Temacapul\u00edn, Acasico y Palmarejo dijo que esta lista deja en claro que no son los ciudadanos con su consumo los que provocan el problema de desabasto.<\/p>\n<p><a href=\"http:\/\/www.ntrguadalajara.com\/post.php?id_nota=122078\">http:\/\/www.ntrguadalajara.com\/post.php?id_nota=122078<\/a><\/p>\n","protected":false},"excerpt":{"rendered":"<p>Sonia Serrano \u00cd\u00f1iguez \/ NTR Noticias Los desarrolladores de vivienda, algunas industrias y la Comisi\u00f3n Federal de electricidad aparecen en la lista de los grandes due\u00f1os del agua en Jalisco. &hellip; <a href=\"https:\/\/www.grieta.org.mx\/index.php\/2019\/03\/22\/inmobiliarios-e-industria-los-duenos-del-agua-jalisco\/\" class=\"more-link\">Leer m\u00e1s<\/a><\/p>\n","protected":false},"author":2,"featured_media":31031,"comment_status":"closed","ping_status":"closed","sticky":false,"template":"","format":"standard","meta":{"ngg_post_thumbnail":0,"_jetpack_newsletter_access":"","_jetpack_dont_email_post_to_subs":false,"_jetpack_newsletter_tier_id":0,"_jetpack_memberships_contains_paywalled_content":false,"_jetpack_memberships_contains_paid_content":false,"footnotes":""},"categories":[80,914,20,2,2342,83],"tags":[],"class_list":["post-31030","post","type-post","status-publish","format-standard","has-post-thumbnail","hentry","category-cintillo","category-privatizacion-del-agua","category-jalisco","category-noticias-nacionales","category-privatizacion-del-agua-en-jalisco","category-temas-nacionales","entry"],"jetpack_featured_media_url":"https:\/\/www.grieta.org.mx\/wp-content\/uploads\/2019\/03\/2019-03-22_02-03-58___8584.jpg","jetpack_sharing_enabled":true,"jetpack_shortlink":"https:\/\/wp.me\/p7ZJR4-84u","jetpack_likes_enabled":false,"jetpack-related-posts":[{"id":43543,"url":"https:\/\/www.grieta.org.mx\/index.php\/2020\/01\/22\/duenos-de-la-tierra-pero-no-del-agua-jalisco\/","url_meta":{"origin":31030,"position":0},"title":"Due\u00f1os de la tierra, pero no del agua (Jalisco)","author":"grieta","date":"22 enero, 2020","format":false,"excerpt":"Foto: Especial Sonia Serrano \u00cd\u00f1iguez \/ El Diario NTR \u201cEllos no ten\u00edan agua, pero les autorizaron los pozos. Ahora los que no tenemos agua somos nosotros\u201d, asegura Trinidad Novoa. Su comunidad, El Platanal, en Tala, Jalisco, se abastec\u00eda de un venero que les permit\u00eda incluso almacenar agua para todo el\u2026","rel":"","context":"En &quot;CINTILLO&quot;","block_context":{"text":"CINTILLO","link":"https:\/\/www.grieta.org.mx\/index.php\/category\/cintillo\/"},"img":{"alt_text":"","src":"https:\/\/i0.wp.com\/www.grieta.org.mx\/wp-content\/uploads\/2020\/01\/2020-01-22_12-01-09___3392.jpg?resize=350%2C200&ssl=1","width":350,"height":200,"srcset":"https:\/\/i0.wp.com\/www.grieta.org.mx\/wp-content\/uploads\/2020\/01\/2020-01-22_12-01-09___3392.jpg?resize=350%2C200&ssl=1 1x, https:\/\/i0.wp.com\/www.grieta.org.mx\/wp-content\/uploads\/2020\/01\/2020-01-22_12-01-09___3392.jpg?resize=525%2C300&ssl=1 1.5x, https:\/\/i0.wp.com\/www.grieta.org.mx\/wp-content\/uploads\/2020\/01\/2020-01-22_12-01-09___3392.jpg?resize=700%2C400&ssl=1 2x"},"classes":[]},{"id":50797,"url":"https:\/\/www.grieta.org.mx\/index.php\/2020\/06\/09\/denuncian-falta-de-agua-en-colonia-de-juanacatlan-jalisco\/","url_meta":{"origin":31030,"position":1},"title":"Denuncian falta de agua en colonia de Juanacatl\u00e1n (Jalisco)","author":"grieta","date":"9 junio, 2020","format":false,"excerpt":"Foto: Pablo Toledo Habitantes del fraccionamiento Villas Andaluc\u00eda denuncian que tienen m\u00e1s de cuatro meses con tandeos en el surtido de agua potable, de 7 a 8 de ma\u00f1ana y de 7 a 8 de la noche Pablo Toledo \/ UDGTV Guadalajara, Jalisco.\u00a0Habitantes del fraccionamiento Villas Andaluc\u00eda del municipio de\u2026","rel":"","context":"En &quot;CINTILLO&quot;","block_context":{"text":"CINTILLO","link":"https:\/\/www.grieta.org.mx\/index.php\/category\/cintillo\/"},"img":{"alt_text":"","src":"https:\/\/i0.wp.com\/www.grieta.org.mx\/wp-content\/uploads\/2020\/06\/Agua-Juanacatl%C3%A1n-Pablo-Toledo-696x379.jpeg?resize=350%2C200&ssl=1","width":350,"height":200,"srcset":"https:\/\/i0.wp.com\/www.grieta.org.mx\/wp-content\/uploads\/2020\/06\/Agua-Juanacatl%C3%A1n-Pablo-Toledo-696x379.jpeg?resize=350%2C200&ssl=1 1x, https:\/\/i0.wp.com\/www.grieta.org.mx\/wp-content\/uploads\/2020\/06\/Agua-Juanacatl%C3%A1n-Pablo-Toledo-696x379.jpeg?resize=525%2C300&ssl=1 1.5x"},"classes":[]},{"id":62414,"url":"https:\/\/www.grieta.org.mx\/index.php\/2021\/10\/11\/padecen-falta-de-agua-en-la-colonia-las-aguilas-jalisco\/","url_meta":{"origin":31030,"position":2},"title":"Padecen falta de agua en la colonia Las \u00c1guilas (Jalisco)","author":"grieta","date":"11 octubre, 2021","format":false,"excerpt":"Foto: Jorge Alberto Mendoza Edgar Flores \/ El Diario NTR Vecinos de la colonia Las \u00c1guilas, en Zapopan, denunciaron que desde hace\u00a015 d\u00edas no cuentan con\u00a0el servicio de\u00a0agua potable. Aunque la escasez\u00a0no es generalizada, s\u00ed afecta a decenas de colonos, quienes acusaron que\u00a0el servicio se les suspendi\u00f3\u00a0sin previo aviso. \u201cNo\u2026","rel":"","context":"En &quot;CINTILLO&quot;","block_context":{"text":"CINTILLO","link":"https:\/\/www.grieta.org.mx\/index.php\/category\/cintillo\/"},"img":{"alt_text":"","src":"https:\/\/i0.wp.com\/www.grieta.org.mx\/wp-content\/uploads\/2021\/10\/2021-10-10_09-10-28___5376.jpg?resize=350%2C200&ssl=1","width":350,"height":200,"srcset":"https:\/\/i0.wp.com\/www.grieta.org.mx\/wp-content\/uploads\/2021\/10\/2021-10-10_09-10-28___5376.jpg?resize=350%2C200&ssl=1 1x, https:\/\/i0.wp.com\/www.grieta.org.mx\/wp-content\/uploads\/2021\/10\/2021-10-10_09-10-28___5376.jpg?resize=525%2C300&ssl=1 1.5x, https:\/\/i0.wp.com\/www.grieta.org.mx\/wp-content\/uploads\/2021\/10\/2021-10-10_09-10-28___5376.jpg?resize=700%2C400&ssl=1 2x"},"classes":[]},{"id":50800,"url":"https:\/\/www.grieta.org.mx\/index.php\/2020\/06\/08\/vecinos-de-lomas-del-centinela-cierran-periferico-por-falta-de-agua-jalisco\/","url_meta":{"origin":31030,"position":3},"title":"Vecinos de Lomas del Centinela cierran perif\u00e9rico por falta de agua (Jalisco)","author":"grieta","date":"8 junio, 2020","format":false,"excerpt":"Foto: Julio R\u00edos Julio R\u00edos \/ UDGTV Guadalajara, Jalisco.\u00a0En pleno tiempo de calor y confinamiento,\u00a0en Lomas del Centinela ya no soportan m\u00e1s la falta de agua.\u00a0Por eso cerraron el Perif\u00e9rico en su cruce de Tabachines para exigir que les restablezcan el servicio. Juan Manuel Contreras, consejero del COPLADEMUN en esta\u2026","rel":"","context":"En &quot;CINTILLO&quot;","block_context":{"text":"CINTILLO","link":"https:\/\/www.grieta.org.mx\/index.php\/category\/cintillo\/"},"img":{"alt_text":"","src":"https:\/\/i0.wp.com\/www.grieta.org.mx\/wp-content\/uploads\/2020\/06\/Lomas-del-Centinela-Julio-R%C3%ADos-696x392.jpeg?resize=350%2C200&ssl=1","width":350,"height":200,"srcset":"https:\/\/i0.wp.com\/www.grieta.org.mx\/wp-content\/uploads\/2020\/06\/Lomas-del-Centinela-Julio-R%C3%ADos-696x392.jpeg?resize=350%2C200&ssl=1 1x, https:\/\/i0.wp.com\/www.grieta.org.mx\/wp-content\/uploads\/2020\/06\/Lomas-del-Centinela-Julio-R%C3%ADos-696x392.jpeg?resize=525%2C300&ssl=1 1.5x"},"classes":[]},{"id":15907,"url":"https:\/\/www.grieta.org.mx\/index.php\/2016\/05\/18\/para-las-mineras-las-llaves-abiertas\/","url_meta":{"origin":31030,"position":4},"title":"Para las mineras, las llaves abiertas","author":"grieta","date":"18 mayo, 2016","format":false,"excerpt":"Alejandra Guillen En Jalisco, las empresas mineras tienen permiso para extraer dos millones 775 mil 879 metros c\u00fabicos de agua anuales, lo que representa un consumo aproximado de 58 mil 500 personas durante el mismo periodo, utilizando 130 litros por d\u00eda. A nivel nacional, la extracci\u00f3n en el a\u00f1o 2014\u2026","rel":"","context":"En &quot;CINTILLO&quot;","block_context":{"text":"CINTILLO","link":"https:\/\/www.grieta.org.mx\/index.php\/category\/cintillo\/"},"img":{"alt_text":"","src":"https:\/\/i0.wp.com\/www.grieta.org.mx\/wp-content\/uploads\/2018\/03\/14524434_1106112876131411_958039263622046936_o.jpg?resize=350%2C200&ssl=1","width":350,"height":200,"srcset":"https:\/\/i0.wp.com\/www.grieta.org.mx\/wp-content\/uploads\/2018\/03\/14524434_1106112876131411_958039263622046936_o.jpg?resize=350%2C200&ssl=1 1x, https:\/\/i0.wp.com\/www.grieta.org.mx\/wp-content\/uploads\/2018\/03\/14524434_1106112876131411_958039263622046936_o.jpg?resize=525%2C300&ssl=1 1.5x, https:\/\/i0.wp.com\/www.grieta.org.mx\/wp-content\/uploads\/2018\/03\/14524434_1106112876131411_958039263622046936_o.jpg?resize=700%2C400&ssl=1 2x"},"classes":[]},{"id":57825,"url":"https:\/\/www.grieta.org.mx\/index.php\/2021\/03\/17\/afectados-demandaran-a-autoridades-por-cortes-injustificados-de-agua-en-la-amg-de-guadalajara-jalisco\/","url_meta":{"origin":31030,"position":5},"title":"Afectados demandaran a autoridades por cortes injustificados de agua en la AMG de Guadalajara (Jalisco)","author":"grieta","date":"17 marzo, 2021","format":false,"excerpt":"Foto: Mario Marlo Mario Marlo \/ Somos el Medio Afectados de la \u00c1rea Metropolitana de Guadalajara (AMG),\u00a0preparan una demanda administrativa contra autoridades por los cortes de agua injustificados realizados en las \u00faltimas semanas. En una inspecci\u00f3n realizada a la presa Calder\u00f3n este 16 de marzo, afectados informaron que realizar\u00e1n una\u2026","rel":"","context":"En &quot;CINTILLO&quot;","block_context":{"text":"CINTILLO","link":"https:\/\/www.grieta.org.mx\/index.php\/category\/cintillo\/"},"img":{"alt_text":"","src":"https:\/\/i0.wp.com\/www.grieta.org.mx\/wp-content\/uploads\/2021\/03\/photo5661431353794734003-696x464-1.jpg?resize=350%2C200&ssl=1","width":350,"height":200,"srcset":"https:\/\/i0.wp.com\/www.grieta.org.mx\/wp-content\/uploads\/2021\/03\/photo5661431353794734003-696x464-1.jpg?resize=350%2C200&ssl=1 1x, https:\/\/i0.wp.com\/www.grieta.org.mx\/wp-content\/uploads\/2021\/03\/photo5661431353794734003-696x464-1.jpg?resize=525%2C300&ssl=1 1.5x"},"classes":[]}],"_links":{"self":[{"href":"https:\/\/www.grieta.org.mx\/index.php\/wp-json\/wp\/v2\/posts\/31030","targetHints":{"allow":["GET"]}}],"collection":[{"href":"https:\/\/www.grieta.org.mx\/index.php\/wp-json\/wp\/v2\/posts"}],"about":[{"href":"https:\/\/www.grieta.org.mx\/index.php\/wp-json\/wp\/v2\/types\/post"}],"author":[{"embeddable":true,"href":"https:\/\/www.grieta.org.mx\/index.php\/wp-json\/wp\/v2\/users\/2"}],"replies":[{"embeddable":true,"href":"https:\/\/www.grieta.org.mx\/index.php\/wp-json\/wp\/v2\/comments?post=31030"}],"version-history":[{"count":1,"href":"https:\/\/www.grieta.org.mx\/index.php\/wp-json\/wp\/v2\/posts\/31030\/revisions"}],"predecessor-version":[{"id":31032,"href":"https:\/\/www.grieta.org.mx\/index.php\/wp-json\/wp\/v2\/posts\/31030\/revisions\/31032"}],"wp:featuredmedia":[{"embeddable":true,"href":"https:\/\/www.grieta.org.mx\/index.php\/wp-json\/wp\/v2\/media\/31031"}],"wp:attachment":[{"href":"https:\/\/www.grieta.org.mx\/index.php\/wp-json\/wp\/v2\/media?parent=31030"}],"wp:term":[{"taxonomy":"category","embeddable":true,"href":"https:\/\/www.grieta.org.mx\/index.php\/wp-json\/wp\/v2\/categories?post=31030"},{"taxonomy":"post_tag","embeddable":true,"href":"https:\/\/www.grieta.org.mx\/index.php\/wp-json\/wp\/v2\/tags?post=31030"}],"curies":[{"name":"wp","href":"https:\/\/api.w.org\/{rel}","templated":true}]}}