{"id":31023,"date":"2019-03-20T20:54:58","date_gmt":"2019-03-21T02:54:58","guid":{"rendered":"http:\/\/www.grieta.org.mx\/?p=31023"},"modified":"2019-03-21T21:05:59","modified_gmt":"2019-03-22T03:05:59","slug":"interponen-denuncia-popular-en-yucatan-contra-empresa-porcicola-por-estragos-ecologicos-video","status":"publish","type":"post","link":"https:\/\/www.grieta.org.mx\/index.php\/2019\/03\/20\/interponen-denuncia-popular-en-yucatan-contra-empresa-porcicola-por-estragos-ecologicos-video\/","title":{"rendered":"Interponen \u201cdenuncia popular\u201d en Yucat\u00e1n contra empresa porc\u00edcola por estragos ecol\u00f3gicos (Video)"},"content":{"rendered":"<p><img loading=\"lazy\" decoding=\"async\" data-attachment-id=\"31024\" data-permalink=\"https:\/\/www.grieta.org.mx\/index.php\/2019\/03\/20\/interponen-denuncia-popular-en-yucatan-contra-empresa-porcicola-por-estragos-ecologicos-video\/kinchil\/\" data-orig-file=\"https:\/\/www.grieta.org.mx\/wp-content\/uploads\/2019\/03\/Kinchil.jpg\" data-orig-size=\"708,388\" data-comments-opened=\"0\" data-image-meta=\"{&quot;aperture&quot;:&quot;0&quot;,&quot;credit&quot;:&quot;&quot;,&quot;camera&quot;:&quot;&quot;,&quot;caption&quot;:&quot;&quot;,&quot;created_timestamp&quot;:&quot;0&quot;,&quot;copyright&quot;:&quot;&quot;,&quot;focal_length&quot;:&quot;0&quot;,&quot;iso&quot;:&quot;0&quot;,&quot;shutter_speed&quot;:&quot;0&quot;,&quot;title&quot;:&quot;&quot;,&quot;orientation&quot;:&quot;0&quot;}\" data-image-title=\"Kinchil\" data-image-description=\"\" data-image-caption=\"\" data-medium-file=\"https:\/\/www.grieta.org.mx\/wp-content\/uploads\/2019\/03\/Kinchil-300x164.jpg\" data-large-file=\"https:\/\/www.grieta.org.mx\/wp-content\/uploads\/2019\/03\/Kinchil.jpg\" src=\"http:\/\/www.grieta.org.mx\/wp-content\/uploads\/2019\/03\/Kinchil.jpg\" alt=\"\" width=\"708\" height=\"388\" class=\"aligncenter size-full wp-image-31024\" srcset=\"https:\/\/www.grieta.org.mx\/wp-content\/uploads\/2019\/03\/Kinchil.jpg 708w, https:\/\/www.grieta.org.mx\/wp-content\/uploads\/2019\/03\/Kinchil-300x164.jpg 300w\" sizes=\"auto, (max-width: 708px) 100vw, 708px\" \/><\/p>\n<p> Rosa Santana\/Proceso<br \/>\nM\u00c9RIDA (apro).- Moradores del municipio de Kinchil interpusieron ante autoridades federales y estatales una \u201cdenuncia popular\u201d, es decir, en nombre de todo el pueblo, en materia ambiental en contra de la empresa porc\u00edcola Kek\u00e9n, por los estragos ecol\u00f3gicos que sus operaciones han causado en la demarcaci\u00f3n.<\/p>\n<p>En conferencia de prensa, dirigentes del Consejo Maya del Poniente de Yucat\u00e1n Chik\u2019in Ja\u2019 y activistas del Equipo Indignaci\u00f3n, asociaci\u00f3n civil dedicada a la defensa de los derechos humanos, explicaron que se organizaron para emprender acciones en defensa del medio ambiente, de su territorio y de sus derechos como pueblo maya.<\/p>\n<p><a href=\"https:\/\/vimeo.com\/325511340\" rel=\"noopener noreferrer\" target=\"_blank\">https:\/\/vimeo.com\/325511340<\/a><\/p>\n<p>Dijeron que con tal prop\u00f3sito, hoy presentaron una denuncia popular en contra de quien resulte responsable \u201cpor hechos, acciones y omisiones que han producido deforestaci\u00f3n, desequilibrio ecol\u00f3gico, da\u00f1os al ambiente y a los recursos naturales, adem\u00e1s de contravenir las disposiciones legales que regulan la protecci\u00f3n al ambiente, la preservaci\u00f3n y restauraci\u00f3n del equilibrio ecol\u00f3gico\u201d.<\/p>\n<p>Expusieron que la denuncia popular fue presentada ante la Procuradur\u00eda Federal de Protecci\u00f3n al Ambiente (Profepa) y la Secretar\u00eda del Medio Ambiente y Recursos Naturales (Semarnat), as\u00ed como ante la Secretar\u00eda de Desarrollo Sustentable (Sedesu) del gobierno de Yucat\u00e1n.<\/p>\n<p>En su denuncia de hechos, los pobladores de Kinchil argumentan que desde el inicio de operaciones de Kek\u00e9n notaron reducci\u00f3n de la poblaci\u00f3n de abejas y de las cosechas de miel y que, recientemente, ante extrav\u00edo de ganado, recorrieron el \u00e1rea y encontraron pantanos de aguas negras que atribuyen a la empresa porc\u00edcola.<\/p>\n<p>Refieren que Kek\u00e9n, junto con grupo K\u00fao, iniciaron sus operaciones en la demarcaci\u00f3n en 2010. Denunciaron que la primera ofrec\u00eda en ese entonces a la poblaci\u00f3n empleo y \u201csuperaci\u00f3n econ\u00f3mica\u201d, pero al mismo tiempo inici\u00f3 un proceso de despojo de tierras por los que incluso hay litigios agrarios abiertos.<\/p>\n<p>\u201cAhora la empresa porc\u00edcola pretende crecer en nuestro territorio y aumentar sus naves de producci\u00f3n de cerdos\u201d, acusaron.<\/p>\n<p>Destacaron que \u201cni al inicio de sus operaciones ni ahora obtuvieron el consentimiento del pueblo maya de esta regi\u00f3n para realizar actividades de tan fuerte impacto en una zona con un ecosistema tan fr\u00e1gil y sensible, cercano a la costa, con cenotes, humedales y diversidad en riesgo\u201d.<\/p>\n<p>Dijeron que los pueblos mayas deben estar facultados para cuidar sus territorios o autorizar cualquier actividad que se pretenda desarrollar en ellos.<\/p>\n<p>\u201cLamentablemente hemos constatado que a inversionistas de fuera y a muchas autoridades nacionales poco les importa el agua, la vida, la tierra y el medioambiente. Mucho menos nuestros derechos como pueblo\u201d, reprocharon.<\/p>\n<p>Y en ese sentido cuestionaron:<\/p>\n<p>\u201c\u00bfQu\u00e9 agua van a tomar nuestras familias? \u00bfQu\u00e9 agua van a tomar nuestros hijos? \u00bfQu\u00e9 agua va a tomar el venado, qu\u00e9 agua van a tomar los p\u00e1jaros? A los inversionistas no les importa. Pretenden extraer, sacar, enriquecerse y no les importa si en el proceso se generan da\u00f1os y contaminaci\u00f3n\u201d.<\/p>\n<p>Advirtieron que adem\u00e1s de la denuncia popular, recurrir\u00e1n a todas las acciones necesarias para hacer valer sus derechos como pueblo maya, para defender su territorio y para cuidar el agua y el medio ambiente \u201cante la ambici\u00f3n y el despojo\u201d.<\/p>\n<p>\u201cNos hemos propuesto obtener toda la informaci\u00f3n disponible acerca de c\u00f3mo se obtuvieron los permisos y cu\u00e1l es la situaci\u00f3n actual de contaminaci\u00f3n. Vamos a tomar la defensa y el cuidado de la vida y de nuestro territorio en nuestras manos como pueblo maya\u201d, sostuvieron.<\/p>\n<p>Tambi\u00e9n anunciaron el inicio de la organizaci\u00f3n entre pueblos mayas del poniente para este prop\u00f3sito e invitaron a sumarse a la causa a cualquier otra poblaci\u00f3n interesada en hacerlo a fin de que sean tomados en cuenta en la elaboraci\u00f3n del Plan Nacional de Desarrollo.<\/p>\n<p>\u201cEn los territorios de la zona poniente se est\u00e1n promoviendo actividades humanas y productivas que no corresponden al contexto local de las comunidades mayas, porque la entrada de megaproyectos ha promovido la vulnerabilidad y la creaci\u00f3n de nuevos riesgos y de verdaderos desastres en materia ambiental\u201d, alertaron.<\/p>\n<p><a href=\"https:\/\/www.proceso.com.mx\/576167\/interponen-denuncia-popular-en-yucatan-contra-empresa-porcicola-por-estragos-ecologicos-video#\" rel=\"noopener noreferrer\" target=\"_blank\">https:\/\/www.proceso.com.mx\/576167\/interponen-denuncia-popular-en-yucatan-contra-empresa-porcicola-por-estragos-ecologicos-video#<\/a><\/p>\n","protected":false},"excerpt":{"rendered":"<p>Rosa Santana\/Proceso M\u00c9RIDA (apro).- Moradores del municipio de Kinchil interpusieron ante autoridades federales y estatales una \u201cdenuncia popular\u201d, es decir, en nombre de todo el pueblo, en materia ambiental en &hellip; <a href=\"https:\/\/www.grieta.org.mx\/index.php\/2019\/03\/20\/interponen-denuncia-popular-en-yucatan-contra-empresa-porcicola-por-estragos-ecologicos-video\/\" class=\"more-link\">Leer m\u00e1s<\/a><\/p>\n","protected":false},"author":2,"featured_media":31024,"comment_status":"closed","ping_status":"closed","sticky":false,"template":"","format":"standard","meta":{"ngg_post_thumbnail":0,"_jetpack_newsletter_access":"","_jetpack_dont_email_post_to_subs":false,"_jetpack_newsletter_tier_id":0,"_jetpack_memberships_contains_paywalled_content":false,"_jetpack_memberships_contains_paid_content":false,"footnotes":""},"categories":[80,1020,1023,922,952,2,36],"tags":[1022],"class_list":["post-31023","post","type-post","status-publish","format-standard","has-post-thumbnail","hentry","category-cintillo","category-granja-porcicola","category-lucha-contra-granja-porcicola","category-megaproyectos-estados","category-mp-yucatan","category-noticias-nacionales","category-yucatan","tag-granja-porcicola","entry"],"jetpack_featured_media_url":"https:\/\/www.grieta.org.mx\/wp-content\/uploads\/2019\/03\/Kinchil.jpg","jetpack_sharing_enabled":true,"jetpack_shortlink":"https:\/\/wp.me\/p7ZJR4-84n","jetpack_likes_enabled":false,"jetpack-related-posts":[{"id":51240,"url":"https:\/\/www.grieta.org.mx\/index.php\/2020\/06\/24\/la-scjn-atrae-juicio-promovido-por-ninos-de-homun-contra-empresa-porcicola-yucatan\/","url_meta":{"origin":31023,"position":0},"title":"La SCJN atrae juicio promovido por ni\u00f1os de Hom\u00fan contra empresa porc\u00edcola (Yucat\u00e1n)","author":"grieta","date":"24 junio, 2020","format":false,"excerpt":"Rosa Santana \/ Proceso M\u00c9RIDA, Yuc. (apro).- Por la trascendencia que tendr\u00e1 el fallo para futuras sentencias en asuntos similares, la Suprema Corte de Justicia de la Naci\u00f3n (SCJN) determin\u00f3 atraer el juicio promovido por ni\u00f1os de la comunidad maya de Hom\u00fan contra la empresa Producci\u00f3n Alimentaria Porc\u00edcola (Papo), por\u2026","rel":"","context":"En &quot;16. Pueblo Maya&quot;","block_context":{"text":"16. Pueblo Maya","link":"https:\/\/www.grieta.org.mx\/index.php\/category\/espejos-de-la-resistencia\/16-pueblo-maya\/"},"img":{"alt_text":"","src":"https:\/\/i0.wp.com\/www.grieta.org.mx\/wp-content\/uploads\/2020\/06\/granjas-870x521-e1593209117400.png?resize=350%2C200&ssl=1","width":350,"height":200,"srcset":"https:\/\/i0.wp.com\/www.grieta.org.mx\/wp-content\/uploads\/2020\/06\/granjas-870x521-e1593209117400.png?resize=350%2C200&ssl=1 1x, https:\/\/i0.wp.com\/www.grieta.org.mx\/wp-content\/uploads\/2020\/06\/granjas-870x521-e1593209117400.png?resize=525%2C300&ssl=1 1.5x, https:\/\/i0.wp.com\/www.grieta.org.mx\/wp-content\/uploads\/2020\/06\/granjas-870x521-e1593209117400.png?resize=700%2C400&ssl=1 2x"},"classes":[]},{"id":66379,"url":"https:\/\/www.grieta.org.mx\/index.php\/2023\/03\/03\/yucatan-antimotines-para-custodiar-alimento-para-cerdos-de-keken-pueblo-maya-de-sitilpech-denuncia-nuevamente-represion-policiaca-por-protesta-contra-mega-granjas-porcicolas\/","url_meta":{"origin":31023,"position":1},"title":"Yucat\u00e1n | Antimotines para custodiar alimento para cerdos de Kek\u00e9n: Pueblo maya de Sitilpech denuncia nuevamente represi\u00f3n policiaca por protesta contra mega granjas porc\u00edcolas","author":"grieta","date":"3 marzo, 2023","format":false,"excerpt":"Noticaribe M\u00c9RIDA, MX.- Una vez m\u00e1s, las y los habitantes de Sitilpech denuncian y exhiben represi\u00f3n policiaca ante el bloqueo que mantienen en una de las granjas porc\u00edcolas en sus tierras. Las personas que mantienen un bloqueo a las afueras de la granja denunciaron que elementos de la Secretar\u00eda de\u2026","rel":"","context":"En &quot;Agroindustria&quot;","block_context":{"text":"Agroindustria","link":"https:\/\/www.grieta.org.mx\/index.php\/category\/megaproyectos\/agroindustria\/"},"img":{"alt_text":"","src":"https:\/\/i0.wp.com\/www.grieta.org.mx\/wp-content\/uploads\/2023\/03\/Antimotines-e1677881381914.jpg?resize=350%2C200&ssl=1","width":350,"height":200,"srcset":"https:\/\/i0.wp.com\/www.grieta.org.mx\/wp-content\/uploads\/2023\/03\/Antimotines-e1677881381914.jpg?resize=350%2C200&ssl=1 1x, https:\/\/i0.wp.com\/www.grieta.org.mx\/wp-content\/uploads\/2023\/03\/Antimotines-e1677881381914.jpg?resize=525%2C300&ssl=1 1.5x, https:\/\/i0.wp.com\/www.grieta.org.mx\/wp-content\/uploads\/2023\/03\/Antimotines-e1677881381914.jpg?resize=700%2C400&ssl=1 2x"},"classes":[]},{"id":63923,"url":"https:\/\/www.grieta.org.mx\/index.php\/2022\/04\/07\/amenazan-a-infancia-que-defiende-los-cenotes-en-homun-yucatan\/","url_meta":{"origin":31023,"position":2},"title":"Amenazan a infancia que defiende los cenotes en Hom\u00fan (Yucat\u00e1n)","author":"grieta","date":"7 abril, 2022","format":false,"excerpt":"Sare Frabes \/ Avispa Midia Este mi\u00e9rcoles (6) fue amenazada una de las representantes de las ni\u00f1as y ni\u00f1os de Hom\u00fan, quienes presentaron un amparo contra la mega granja porc\u00edcola de la empresa Producci\u00f3n Alimentaria y Porc\u00edcola (PAPO), aparcera de Kek\u00e9n. As\u00ed lo denuncio el Equipo Indignaci\u00f3n, quien destac\u00f3 que\u2026","rel":"","context":"En &quot;16. Pueblo Maya&quot;","block_context":{"text":"16. Pueblo Maya","link":"https:\/\/www.grieta.org.mx\/index.php\/category\/espejos-de-la-resistencia\/16-pueblo-maya\/"},"img":{"alt_text":"","src":"https:\/\/i0.wp.com\/www.grieta.org.mx\/wp-content\/uploads\/2022\/04\/AmenazanInfanciaHomun-e1649351378993.png?resize=350%2C200&ssl=1","width":350,"height":200,"srcset":"https:\/\/i0.wp.com\/www.grieta.org.mx\/wp-content\/uploads\/2022\/04\/AmenazanInfanciaHomun-e1649351378993.png?resize=350%2C200&ssl=1 1x, https:\/\/i0.wp.com\/www.grieta.org.mx\/wp-content\/uploads\/2022\/04\/AmenazanInfanciaHomun-e1649351378993.png?resize=525%2C300&ssl=1 1.5x, https:\/\/i0.wp.com\/www.grieta.org.mx\/wp-content\/uploads\/2022\/04\/AmenazanInfanciaHomun-e1649351378993.png?resize=700%2C400&ssl=1 2x"},"classes":[]},{"id":27529,"url":"https:\/\/www.grieta.org.mx\/index.php\/2018\/11\/07\/mega-porcicola-desacata-ley-y-es-apoyada-por-congreso-de-yucatan\/","url_meta":{"origin":31023,"position":3},"title":"Mega porc\u00edcola desacata ley y es apoyada por congreso de Yucat\u00e1n","author":"grieta","date":"7 noviembre, 2018","format":false,"excerpt":"Gabriel Ram\u00edrez Cuevas\/Regeneraci\u00f3n Mega porc\u00edcola sobre el anillo de cenotes en Yucat\u00e1n en desacato a orden de Juez de paralizar totalmente sus actividades y salida de animales Diputados realizan visita a la mega porc\u00edcola y la alaban. Nada dicen sobre el cumplimiento de la orden del juez Regeneraci\u00f3n, 7 de\u2026","rel":"","context":"En &quot;16. Pueblo Maya&quot;","block_context":{"text":"16. Pueblo Maya","link":"https:\/\/www.grieta.org.mx\/index.php\/category\/espejos-de-la-resistencia\/16-pueblo-maya\/"},"img":{"alt_text":"","src":"https:\/\/i0.wp.com\/www.grieta.org.mx\/wp-content\/uploads\/2018\/11\/desacato.jpg?resize=350%2C200&ssl=1","width":350,"height":200,"srcset":"https:\/\/i0.wp.com\/www.grieta.org.mx\/wp-content\/uploads\/2018\/11\/desacato.jpg?resize=350%2C200&ssl=1 1x, https:\/\/i0.wp.com\/www.grieta.org.mx\/wp-content\/uploads\/2018\/11\/desacato.jpg?resize=525%2C300&ssl=1 1.5x, https:\/\/i0.wp.com\/www.grieta.org.mx\/wp-content\/uploads\/2018\/11\/desacato.jpg?resize=700%2C400&ssl=1 2x"},"classes":[]},{"id":30673,"url":"https:\/\/www.grieta.org.mx\/index.php\/2019\/03\/08\/pierde-un-fallo-la-empresa-que-opera-granja-porcina-de-homun-yucatan\/","url_meta":{"origin":31023,"position":4},"title":"Pierde un fallo la empresa que opera granja porcina de Hom\u00fan (Yucat\u00e1n)","author":"grieta","date":"8 marzo, 2019","format":false,"excerpt":"Reporteros Hoy M\u00e9rida, Yucat\u00e1n, (ACOM).- La recusaci\u00f3n promovida por la empresa Producci\u00f3n Alimentaria Porc\u00edcola (PAPO), que opera una granja porc\u00edcola que se instal\u00f3 en Hom\u00fan, fue declarada infundada por el Tribunal Colegiado que conoci\u00f3 el recurso que se present\u00f3 en contra de la juez Cuarta de Distrito, Miriam de Jes\u00fas\u2026","rel":"","context":"En &quot;16. Pueblo Maya&quot;","block_context":{"text":"16. Pueblo Maya","link":"https:\/\/www.grieta.org.mx\/index.php\/category\/espejos-de-la-resistencia\/16-pueblo-maya\/"},"img":{"alt_text":"","src":"https:\/\/i0.wp.com\/www.grieta.org.mx\/wp-content\/uploads\/2019\/03\/GranjaHomun.jpeg?resize=350%2C200&ssl=1","width":350,"height":200,"srcset":"https:\/\/i0.wp.com\/www.grieta.org.mx\/wp-content\/uploads\/2019\/03\/GranjaHomun.jpeg?resize=350%2C200&ssl=1 1x, https:\/\/i0.wp.com\/www.grieta.org.mx\/wp-content\/uploads\/2019\/03\/GranjaHomun.jpeg?resize=525%2C300&ssl=1 1.5x, https:\/\/i0.wp.com\/www.grieta.org.mx\/wp-content\/uploads\/2019\/03\/GranjaHomun.jpeg?resize=700%2C400&ssl=1 2x"},"classes":[]},{"id":65889,"url":"https:\/\/www.grieta.org.mx\/index.php\/2022\/12\/07\/megagranja-de-cerdos-pretende-que-se-revierta-amparo-de-sitilpech-yucatan\/","url_meta":{"origin":31023,"position":5},"title":"Megagranja de cerdos pretende que se revierta amparo de Sitilpech (Yucat\u00e1n)","author":"grieta","date":"7 diciembre, 2022","format":false,"excerpt":"Paloma Reyes \/ Haz Ruido Colectivos aseguran que el riesgo radica en los antecedentes del juez que lleva el caso, qui\u00e9n ha desechado otros amparos similares. M\u00e9rida, Yucat\u00e1n, 7 de diciembre de 2022.-El colectivo \u201cLa Esperanza de Sitilpech\u201d advirti\u00f3 que est\u00e1 en riesgo de ser desechado el amparo en contra\u2026","rel":"","context":"En &quot;Agroindustria&quot;","block_context":{"text":"Agroindustria","link":"https:\/\/www.grieta.org.mx\/index.php\/category\/megaproyectos\/agroindustria\/"},"img":{"alt_text":"","src":"https:\/\/i0.wp.com\/www.grieta.org.mx\/wp-content\/uploads\/2022\/12\/Sitilpech-e1670521260564.jpg?resize=350%2C200&ssl=1","width":350,"height":200,"srcset":"https:\/\/i0.wp.com\/www.grieta.org.mx\/wp-content\/uploads\/2022\/12\/Sitilpech-e1670521260564.jpg?resize=350%2C200&ssl=1 1x, https:\/\/i0.wp.com\/www.grieta.org.mx\/wp-content\/uploads\/2022\/12\/Sitilpech-e1670521260564.jpg?resize=525%2C300&ssl=1 1.5x, https:\/\/i0.wp.com\/www.grieta.org.mx\/wp-content\/uploads\/2022\/12\/Sitilpech-e1670521260564.jpg?resize=700%2C400&ssl=1 2x"},"classes":[]}],"_links":{"self":[{"href":"https:\/\/www.grieta.org.mx\/index.php\/wp-json\/wp\/v2\/posts\/31023","targetHints":{"allow":["GET"]}}],"collection":[{"href":"https:\/\/www.grieta.org.mx\/index.php\/wp-json\/wp\/v2\/posts"}],"about":[{"href":"https:\/\/www.grieta.org.mx\/index.php\/wp-json\/wp\/v2\/types\/post"}],"author":[{"embeddable":true,"href":"https:\/\/www.grieta.org.mx\/index.php\/wp-json\/wp\/v2\/users\/2"}],"replies":[{"embeddable":true,"href":"https:\/\/www.grieta.org.mx\/index.php\/wp-json\/wp\/v2\/comments?post=31023"}],"version-history":[{"count":1,"href":"https:\/\/www.grieta.org.mx\/index.php\/wp-json\/wp\/v2\/posts\/31023\/revisions"}],"predecessor-version":[{"id":31025,"href":"https:\/\/www.grieta.org.mx\/index.php\/wp-json\/wp\/v2\/posts\/31023\/revisions\/31025"}],"wp:featuredmedia":[{"embeddable":true,"href":"https:\/\/www.grieta.org.mx\/index.php\/wp-json\/wp\/v2\/media\/31024"}],"wp:attachment":[{"href":"https:\/\/www.grieta.org.mx\/index.php\/wp-json\/wp\/v2\/media?parent=31023"}],"wp:term":[{"taxonomy":"category","embeddable":true,"href":"https:\/\/www.grieta.org.mx\/index.php\/wp-json\/wp\/v2\/categories?post=31023"},{"taxonomy":"post_tag","embeddable":true,"href":"https:\/\/www.grieta.org.mx\/index.php\/wp-json\/wp\/v2\/tags?post=31023"}],"curies":[{"name":"wp","href":"https:\/\/api.w.org\/{rel}","templated":true}]}}