{"id":30883,"date":"2019-03-18T00:15:40","date_gmt":"2019-03-18T06:15:40","guid":{"rendered":"http:\/\/www.grieta.org.mx\/?p=30883"},"modified":"2019-03-19T00:36:03","modified_gmt":"2019-03-19T06:36:03","slug":"en-coahuila-afirman-que-es-imposible-identificar-restos-oseos-de-masacre-de-allende-a-8-anos-de-la-matanza-coahuila","status":"publish","type":"post","link":"https:\/\/www.grieta.org.mx\/index.php\/2019\/03\/18\/en-coahuila-afirman-que-es-imposible-identificar-restos-oseos-de-masacre-de-allende-a-8-anos-de-la-matanza-coahuila\/","title":{"rendered":"En Coahuila afirman que es imposible identificar restos \u00f3seos de Masacre de Allende, a 8 a\u00f1os de la matanza (Coahuila)"},"content":{"rendered":"<blockquote><p>En este reportaje especial de VANGUARDIA testimonios narran un episodio de impunidad, corrupci\u00f3n, terror y autogobierno por parte del crimen organizado en colusi\u00f3n con las autoridades<\/p><\/blockquote>\n<p>Armando R\u00edos\/LA VANGUARDIA.COM<\/p>\n<p><iframe loading=\"lazy\" src=\"https:\/\/www.youtube.com\/embed\/Vylbcc_6jSc\" width=\"570\" height=\"275\" frameborder=\"0\" allowfullscreen=\"allowfullscreen\"><\/iframe><\/p>\n<figure id=\"attachment_30884\" aria-describedby=\"caption-attachment-30884\" style=\"width: 600px\" class=\"wp-caption aligncenter\"><img loading=\"lazy\" decoding=\"async\" data-attachment-id=\"30884\" data-permalink=\"https:\/\/www.grieta.org.mx\/index.php\/2019\/03\/18\/en-coahuila-afirman-que-es-imposible-identificar-restos-oseos-de-masacre-de-allende-a-8-anos-de-la-matanza-coahuila\/allende-coahuila\/\" data-orig-file=\"https:\/\/www.grieta.org.mx\/wp-content\/uploads\/2019\/03\/Allende-Coahuila.jpg\" data-orig-size=\"980,543\" data-comments-opened=\"0\" data-image-meta=\"{&quot;aperture&quot;:&quot;0&quot;,&quot;credit&quot;:&quot;&quot;,&quot;camera&quot;:&quot;&quot;,&quot;caption&quot;:&quot;&quot;,&quot;created_timestamp&quot;:&quot;0&quot;,&quot;copyright&quot;:&quot;&quot;,&quot;focal_length&quot;:&quot;0&quot;,&quot;iso&quot;:&quot;0&quot;,&quot;shutter_speed&quot;:&quot;0&quot;,&quot;title&quot;:&quot;&quot;,&quot;orientation&quot;:&quot;0&quot;}\" data-image-title=\"\" data-image-description=\"\" data-image-caption=\"&lt;p&gt;CRIMEN ORGANIZADO. Declaraciones apuntan a que miembros de Los Zetas quemaron y demolieron hogares de las personas que secuestraban. Fotos: Archivo&lt;\/p&gt;\n\" data-medium-file=\"https:\/\/www.grieta.org.mx\/wp-content\/uploads\/2019\/03\/Allende-Coahuila-300x166.jpg\" data-large-file=\"https:\/\/www.grieta.org.mx\/wp-content\/uploads\/2019\/03\/Allende-Coahuila.jpg\" class=\"size-medium wp-image-30884\" src=\"http:\/\/www.grieta.org.mx\/wp-content\/uploads\/2019\/03\/Allende-Coahuila-300x166.jpg\" alt=\"\" width=\"600\" height=\"332\" srcset=\"https:\/\/www.grieta.org.mx\/wp-content\/uploads\/2019\/03\/Allende-Coahuila-300x166.jpg 300w, https:\/\/www.grieta.org.mx\/wp-content\/uploads\/2019\/03\/Allende-Coahuila-768x426.jpg 768w, https:\/\/www.grieta.org.mx\/wp-content\/uploads\/2019\/03\/Allende-Coahuila-902x500.jpg 902w, https:\/\/www.grieta.org.mx\/wp-content\/uploads\/2019\/03\/Allende-Coahuila.jpg 980w\" sizes=\"auto, (max-width: 600px) 100vw, 600px\" \/><figcaption id=\"caption-attachment-30884\" class=\"wp-caption-text\">CRIMEN ORGANIZADO. Declaraciones apuntan a que miembros de Los Zetas quemaron y demolieron hogares de las personas que secuestraban. Fotos: Archivo<\/figcaption><\/figure>\n<p>Centenares de art\u00edculos han recorrido los portales del mundo contando lo sucedido en Allende. \u00bfC\u00f3mo en un pueblo tan peque\u00f1o pudieron ocurrir tales atrocidades?&#8230; Parecido a la \u00e9poca Holocausto, las p\u00e9rdidas que dej\u00f3 la masacre en este poblado de Coahuila entre el 18 y el 20 de marzo del 2011 a\u00fan no tiene cifras exactas.<\/p>\n<p>La historia empez\u00f3 a contarse hasta el 2013. La noticia aparec\u00eda en los medios nacionales y como un efecto domin\u00f3 en los internacionales. As\u00ed, tal cual: tanto Piedras Negras como Allende, pasaron m\u00e1s de dos a\u00f1os conviviendo con el rostro de las 40 casas derrumbadas y quemadas por el crimen organizado, hasta que alguien se atreviera a contar la historia. El secreto a voces se desbord\u00f3 como una presa de agua despu\u00e9s de un diluvio.<\/p>\n<p>Todo empez\u00f3 durante la tarde del viernes 18 de marzo de hace ocho a\u00f1os. Aunque la zona ya hab\u00eda registrado una serie de homicidios violentos y balaceras, el temor fue distinto. \u201cEl pueblo estaba completamente solo. Se sent\u00eda un ambiente tenso\u201d, dicen los testimonios.<\/p>\n<p>El arribo de 50 camionetas tipo pickup con m\u00faltiples elementos del Cartel de los Zetas a bordo hab\u00edan puesto sobre aviso a los 23 mil habitantes del poblado que se encuentra a escasos 40 kil\u00f3metros de la frontera con Texas. A\u00fan con el resguardo, las primeras versiones de los pobladores dijeron que hab\u00eda por lo menos 300 personas desaparecidas o masacradas a lo largo de ese fin de semana.<\/p>\n<p>Fue desde el 2008, cuando H\u00e9ctor Moreno Villanueva, Mario Alfonso Cuellar y Jos\u00e9 Luis Garza Gayt\u00e1n empezaron a trabajar con el c\u00e1rtel de los Zetas en la zona. El rancho \u201cLos Garza\u201d, era su punto; una propiedad m\u00e1s de tierra que se ubicaba entre la conexi\u00f3n de Allende y el poblado de Villa Uni\u00f3n.<\/p>\n<p>La ruptura de los tres sujetos con el c\u00e1rtel que dirig\u00edan en la plaza fronteriza Miguel \u00c1ngel y Omar Alejandro Trevi\u00f1o Morales el \u201cZ-40\u201d y el \u201cZ-42\u201d en 2011, se debi\u00f3 a una supuesta traici\u00f3n seg\u00fan lo que se ha declarado en los juicios de la corte norteamericana que lleva parte del caso.<\/p>\n<p>Moreno Villanueva, Mario Alfonso Cuellar y Garza Gayt\u00e1n, hab\u00edan huido a Estados Unidos con una cantidad de entre 5 y 10 millones de d\u00f3lares provenientes del tr\u00e1fico de drogas, as\u00ed como con los n\u00fameros contables del cartel, como lo menciona el expediente 168\/2014 en poder de la Fiscal\u00eda. A excepci\u00f3n de Garza Gayt\u00e1n, H\u00e9ctor y Mario \u201cPoncho\u201d, Garza Gayt\u00e1n fue el \u00fanico que no se convirti\u00f3 en testigo protegido por la DEA para dar la informaci\u00f3n sobre las operaciones de los hermanos Trevi\u00f1o.<\/p>\n<p>\u201cCuando \u2018Poncho\u2019 y yo nos venimos para ac\u00e1, a los Estados Unidos, ellos empezaron a matar a toda esta gente inocente, y sus familiares intentaron poner denuncias, pero les dijeron que no les tomar\u00edan ni una y que ten\u00edan 24 horas para irse de la ciudad\u201d, dijo H\u00e9ctor Moreno, en su testimonio seg\u00fan el Informe \u201cControl\u2026Sobre Todo el Estado de Coahuila\u201d de la Cl\u00ednica de Derechos Humanos de la Universidad de Texas.<\/p>\n<p>Los testimonios que recogi\u00f3 el Poder Judicial del Estado de Coahuila, por las causas penales presentadas por la Fiscal\u00eda General del Estado tres a\u00f1os despu\u00e9s de la masacre, narran una historia de impunidad, corrupci\u00f3n, terror y autogobierno por parte del crimen organizado en colusi\u00f3n con las autoridades.<\/p>\n<p>Jos\u00e9 \u00c1ngel Herrera, Fiscal Especializado en B\u00fasqueda y Localizaci\u00f3n de Personas Desaparecidas en Coahuila, dice que aunque los indicios biol\u00f3gicos que han encontrado en el rancho Los Garza registran el hallazgo de al menos tres personas que fueron v\u00edctimas de los sucesos, los testimonios que han recabado entre los pobladores, bomberos, v\u00edctimas y perpetuadores del crimen, e incluso el propio exalcalde de Allende hablan de \u201cmuchas m\u00e1s personas\u201d.<\/p>\n<p>Los hechos relatan que desde el 18 y hasta el 22 de marzo, el Servicio Estatal de Llamadas de Emergencia del 911 recibi\u00f3 64 reportes de incendios entre Piedras Negras, Villa Uni\u00f3n y Allende, mismos que, seg\u00fan las declaraciones ministeriales de los bomberos no pod\u00edan ser atendidas debido a las amenazas.<\/p>\n<p>La t\u00e9cnica que utilizaron los Zetas en presencia de los polic\u00edas para efectuar su venganza a trav\u00e9s de la desaparici\u00f3n, el homicidio y el terror, empezaba con el allanamiento de los hogares, ya al interior con la captura de las personas (o en su caso el asesinato en el mismo domicilio), y antes de retirarse quemaban el domicilio o derrumbarlo con maquinaria industrial.<\/p>\n<p>\u201cA las siete u ocho de la noche pude ver cuando la gente armada se meti\u00f3 al domicilio de la calle Cuahutemoc y Morelos a una persona del sexo masculino a empujones y despu\u00e9s escuch\u00e9 disparos, y de rato s\u00f3lo vi salir de la casa dos bultos cubiertos en bosas grandes de color negro. La gente empez\u00f3 a saquear la casa llev\u00e1ndose las cosas, hasta que llegaron una patrulla de la polic\u00eda de Allende con una polic\u00eda mujer, y despu\u00e9s llegaron dos patrullas m\u00e1s que cuidaban la casa\u201d, dice la declaraci\u00f3n de un vecino.<\/p>\n<p>\u201cEl d\u00eda 20 de marzo recib\u00ed una llamada por parte del vecino, el cual me informa que un grupo de 12 personas hab\u00edan irrumpido en el domicilio de mi hermana, los cuales se encontraban con armas largas, y que sacaron de la casa a (menciona cuatro nombres: el de su hermana y tres personas m\u00e1s); los suben a la camioneta y se retiran del lugar no sin antes quemar la casa\u201d, detalla otra declaraci\u00f3n.<\/p>\n<p>Alguien m\u00e1s report\u00f3 un incendio, en el lugar prohibido. El 23 de noviembre del 2014, comparecieron ante las oficinas del Ministerio P\u00fablico cuatro bomberos de Allende que atendieron los reportes de incendio que los guiaban hasta el rancho Los Garza:<\/p>\n<p>\u201cNos dimos cuenta que en la entrada del rancho, hab\u00eda unidades de Polic\u00eda Municipal con elementos de dicha corporaci\u00f3n y entre los cuales se encontraban (menciona cuatro nombres resguardados por derechos de datos personales), tambi\u00e9n (\u2026), quien era el director de Polic\u00eda Municipal (\u2026) entre otros polic\u00edas los cuales no vi bien de quien se trataba, se\u00f1alando que yo conoc\u00eda muy bien a todos estos polic\u00edas debido a que ten\u00eda mucho contacto con ellos\u201d, dice el bombero.<\/p>\n<p>\u201cAsimismo me pude dar cuenta que ah\u00ed en el rancho se encontraban los due\u00f1os del mismo, ya que pude ver a (menciona a un hombre), a la se\u00f1ora, y a la hija de \u00e9ste (\u2026) y a estas personas la gente de los Zetas como que les gritaba y los estaban golpeando. Asimismo me di cuenta que estaban estacionando un cami\u00f3n cerca de la bodega, y se ve\u00eda que estaban bajando tambos grandes y se percib\u00eda olor a di\u00e9sel o gasolina. Cuando la gente de los Zetas se dan cuenta de nuestra presencia y de que intent\u00e1bamos sofocar el fuego, nos dicen: \u00bfUstedes qu\u00e9?, r\u00fambenle a la verga, a chingar su madre \u00bfo quieren que les pase a ustedes o a su familia lo mismo? Y tambi\u00e9n nos dijeron que ten\u00edamos prohibido salir a atender cualquier reporte, que no nos quer\u00edan ver apagando las casas. Tomamos la decisi\u00f3n de retirarnos a la base de bomberos, y ah\u00ed nos estuvimos por lo que s\u00ed recibimos reportes de incendio pero no atendimos los llamados porque est\u00e1bamos amenazados y permanecimos acuartelados varios d\u00edas\u201d, detallan.<\/p>\n<p>Los testimonios de polic\u00edas coludidos y miembros del cartel, detallan que a las instalaciones de Los Garza llevaron a beb\u00e9s, mujeres desnudas y hombres de entre 18 y 55 a\u00f1os, as\u00ed como a ni\u00f1os de meses, ni\u00f1as y j\u00f3venes desde 13 a 18 a\u00f1os.<\/p>\n<p>En una declaraci\u00f3n ministerial con fecha del 25 de febrero del 2015, de donde se revela la desaparici\u00f3n de siete familias completas durante ese fin de semana, uno de los expolic\u00edas de Allende narra la amenaza que recibi\u00f3 por parte de la Direcci\u00f3n de Seguridad Municipal para trabajar en dicha corporaci\u00f3n, los pagos que recibi\u00f3 y las detenciones que realiz\u00f3 bajo amenaza de muerte.<\/p>\n<p>\u201cLa gente de los Zetas nos mandaba dinero, y la que nos lo entregaba era (\u2026) en ocasiones nos mandaba de mil o dos mil pesos, y si me negaba a recibirlos nos dec\u00eda que lo ten\u00edamos que agarrar porque sino \u00edbamos a valer madre con los zetas\u201d, dice, mientras que las declaraciones de otro sujeto se\u00f1ala que los halcones recib\u00edan una cantidad de 500 pesos por reportar las entradas y salidas de polic\u00edas, y pon\u00edan sobre aviso de posibles entradas del ej\u00e9rcito; sin embargo, no se detalla a ciencia cierta cu\u00e1ntos de estos cargos exist\u00edan.<\/p>\n<p>\u201cMe dijo (por tel\u00e9fono), que lo trajera, yo le dije que esos trabajos yo no los hac\u00eda, y ella me dijo que me pod\u00eda ir muy mal con los jefes. La esposa de este se fue en su mueble a otro lugar (\u2026), la (nombre oculto), me dijo que la sigui\u00e9ramos (\u2026) yo le dije que no quer\u00eda hacer eso (\u2026) me dijo que si no lo hac\u00eda me iban a matar a m\u00ed por no hacer caso y que iban a desaparecer a mi familia. Al bajarme de la patrulla le dije a la se\u00f1ora que se moviera porque yo iba a manejar su camioneta porque me ten\u00eda que acompa\u00f1ar. Ella se fue en el asiento del copiloto, pero al estar en la camioneta me di cuenta que tambi\u00e9n iban dos ni\u00f1os menores de edad; uno que ya hab\u00eda visto y un beb\u00e9 en un portabeb\u00e9. Ella me dijo que por qu\u00e9 hac\u00eda eso, yo le dije que me estaban mandando o me iban a matar a m\u00ed\u201d, narra.<\/p>\n<p>En la declaraci\u00f3n adquirida v\u00eda transparencia con el resguardo de datos personales, el expolic\u00eda afirma que esta familia fue entregada a los miembros del cartel; sin embargo, desconoce los puntos a donde pudieron ser trasladados, aunque otras declaraciones hablan de que a ese lugar fueron enviadas todas las personas que fueron capturadas por la fuerza.<\/p>\n<p>\u201c(el miembro de los Zetas) Baj\u00f3 a los ni\u00f1os y ya no supe que pas\u00f3 con ellos, tampoco supe que pas\u00f3 con la esposa, supongo que los mataron pero desconozco d\u00f3nde hayan dejado los cuerpos. Quiero se\u00f1alar que desde que pas\u00f3 lo que antes relat\u00e9 no he podido dormir muy bien ya que se me quedaron muy presentes los ni\u00f1os\u201d, dice.<\/p>\n<p>En una declaraci\u00f3n vertida el 13 de junio del 2014 ante la Agencia del Ministerio P\u00fablico, un miembro del crimen organizado que particip\u00f3 en los hechos detall\u00f3 haber visto a una pareja y menores:<\/p>\n<p>\u201cEn relaci\u00f3n a la desaparici\u00f3n de la familia\u2026 sin recordar la fecha exacta pero fue en marzo del 2011. (detalla antecedentes de su llegada al Rancho Los Garza) Me di cuenta que hab\u00eda llegado una camioneta, tambi\u00e9n me di cuenta que ya hab\u00edan llevado a m\u00e1s personas, entre las que pude reconocer a (\u2026) y se ve\u00eda tirado en el piso y a su esposa la cual ya estaba toda encuerada adem\u00e1s de un trabajador de ellos. Tambi\u00e9n observ\u00e9 en ese lugar amarradas a cuatro mujeres, las cuales eran se\u00f1oras grandes, pero no podr\u00eda decir sus edades; a dos ni\u00f1os de 13 a 18 a\u00f1os, y tambi\u00e9n a varios hombres de entre 30 y 55 a\u00f1os, a algunos se los hab\u00edan tra\u00eddo de Piedras Negras\u201d, dice.<\/p>\n<p>Agrega, que al d\u00eda siguiente permanecieron las capturas con otra de las familias que les ped\u00edan, entrando al hogar de las mismas a punta de pistola.<\/p>\n<p>\u201cNos metimos a la fuerza, de ah\u00ed sacamos a su esposa, a su hijo m\u00e1s chico, siendo ayudados por polic\u00edas, subi\u00e9ndolos a la misma patrulla; luego nos los llevamos a la casa del rancho donde ten\u00edamos a los otros, luego fue sacarlos y llevarlos a la bodega para matarlos a todos dispar\u00e1ndoles en la cabeza. Una vez que los matamos a todos lo que hice fue rosear el di\u00e9sel por toda la bodega con los cuerpos adentro (menciona que durante esta acci\u00f3n fueron asesinadas dos personas m\u00e1s). Despu\u00e9s de esto le prendimos fuego con toda esa gente muerta al interior, y ah\u00ed estuvimos muchas horas hasta que cocinamos a todas esas personas, y por tanta lumbre hasta se derriti\u00f3 el techo de la bodega\u201d, afirma el declarante.<\/p>\n<p>La Comisi\u00f3n Nacional de Derechos Humanos reconoce a 49 v\u00edctimas, la Fiscal\u00eda a 29, pero ante la falta de denuncias o reclamaciones de cuerpos, a ocho a\u00f1os de lo ocurrido se desconoce a cierta ciencia cu\u00e1ntas personas fueron desaparecidas, debido a que desde Piedras Negras, tambi\u00e9n hab\u00eda quienes terminaban en el rancho Los Garza:<\/p>\n<p><img loading=\"lazy\" decoding=\"async\" data-attachment-id=\"30885\" data-permalink=\"https:\/\/www.grieta.org.mx\/index.php\/2019\/03\/18\/en-coahuila-afirman-que-es-imposible-identificar-restos-oseos-de-masacre-de-allende-a-8-anos-de-la-matanza-coahuila\/casa-quemada-allende\/\" data-orig-file=\"https:\/\/www.grieta.org.mx\/wp-content\/uploads\/2019\/03\/casa-quemada-allende.jpg\" data-orig-size=\"980,653\" data-comments-opened=\"0\" data-image-meta=\"{&quot;aperture&quot;:&quot;0&quot;,&quot;credit&quot;:&quot;&quot;,&quot;camera&quot;:&quot;&quot;,&quot;caption&quot;:&quot;&quot;,&quot;created_timestamp&quot;:&quot;0&quot;,&quot;copyright&quot;:&quot;&quot;,&quot;focal_length&quot;:&quot;0&quot;,&quot;iso&quot;:&quot;0&quot;,&quot;shutter_speed&quot;:&quot;0&quot;,&quot;title&quot;:&quot;&quot;,&quot;orientation&quot;:&quot;0&quot;}\" data-image-title=\"casa quemada allende\" data-image-description=\"\" data-image-caption=\"\" data-medium-file=\"https:\/\/www.grieta.org.mx\/wp-content\/uploads\/2019\/03\/casa-quemada-allende-300x200.jpg\" data-large-file=\"https:\/\/www.grieta.org.mx\/wp-content\/uploads\/2019\/03\/casa-quemada-allende.jpg\" class=\"aligncenter size-medium wp-image-30885\" src=\"http:\/\/www.grieta.org.mx\/wp-content\/uploads\/2019\/03\/casa-quemada-allende-300x200.jpg\" alt=\"\" width=\"600\" height=\"400\" srcset=\"https:\/\/www.grieta.org.mx\/wp-content\/uploads\/2019\/03\/casa-quemada-allende-300x200.jpg 300w, https:\/\/www.grieta.org.mx\/wp-content\/uploads\/2019\/03\/casa-quemada-allende-768x512.jpg 768w, https:\/\/www.grieta.org.mx\/wp-content\/uploads\/2019\/03\/casa-quemada-allende-750x500.jpg 750w, https:\/\/www.grieta.org.mx\/wp-content\/uploads\/2019\/03\/casa-quemada-allende.jpg 980w\" sizes=\"auto, (max-width: 600px) 100vw, 600px\" \/><\/p>\n<p><img loading=\"lazy\" decoding=\"async\" data-attachment-id=\"30886\" data-permalink=\"https:\/\/www.grieta.org.mx\/index.php\/2019\/03\/18\/en-coahuila-afirman-que-es-imposible-identificar-restos-oseos-de-masacre-de-allende-a-8-anos-de-la-matanza-coahuila\/allende-datos\/\" data-orig-file=\"https:\/\/www.grieta.org.mx\/wp-content\/uploads\/2019\/03\/Allende-datos.jpg\" data-orig-size=\"980,521\" data-comments-opened=\"0\" data-image-meta=\"{&quot;aperture&quot;:&quot;0&quot;,&quot;credit&quot;:&quot;&quot;,&quot;camera&quot;:&quot;&quot;,&quot;caption&quot;:&quot;&quot;,&quot;created_timestamp&quot;:&quot;0&quot;,&quot;copyright&quot;:&quot;&quot;,&quot;focal_length&quot;:&quot;0&quot;,&quot;iso&quot;:&quot;0&quot;,&quot;shutter_speed&quot;:&quot;0&quot;,&quot;title&quot;:&quot;&quot;,&quot;orientation&quot;:&quot;0&quot;}\" data-image-title=\"Allende datos\" data-image-description=\"\" data-image-caption=\"\" data-medium-file=\"https:\/\/www.grieta.org.mx\/wp-content\/uploads\/2019\/03\/Allende-datos-300x159.jpg\" data-large-file=\"https:\/\/www.grieta.org.mx\/wp-content\/uploads\/2019\/03\/Allende-datos.jpg\" class=\"aligncenter size-medium wp-image-30886\" src=\"http:\/\/www.grieta.org.mx\/wp-content\/uploads\/2019\/03\/Allende-datos-300x159.jpg\" alt=\"\" width=\"600\" height=\"318\" srcset=\"https:\/\/www.grieta.org.mx\/wp-content\/uploads\/2019\/03\/Allende-datos-300x159.jpg 300w, https:\/\/www.grieta.org.mx\/wp-content\/uploads\/2019\/03\/Allende-datos-768x408.jpg 768w, https:\/\/www.grieta.org.mx\/wp-content\/uploads\/2019\/03\/Allende-datos-940x500.jpg 940w, https:\/\/www.grieta.org.mx\/wp-content\/uploads\/2019\/03\/Allende-datos.jpg 980w\" sizes=\"auto, (max-width: 600px) 100vw, 600px\" \/><\/p>\n<p>El 24 de agosto del 2014, el exalcalde de Allende de entre 2014 a 2017, Luis Reynaldo Tapia Valadez declar\u00f3 ante la CNDH:<\/p>\n<p>\u201cNo son trescientas v\u00edctimas, son muchas m\u00e1s personas. La matanza sigui\u00f3 hasta la semana siguiente\u201d.<\/p>\n<p>La exnovia de uno de los miembros del cartel, reafirma la teor\u00eda de que no existe un conteo exacto sobre las v\u00edctimas de desaparici\u00f3n o de homicidio.<\/p>\n<p>\u201cEn virtud de que mi expareja se encontraba involucrado con el crimen organizado, conoc\u00ed a la persona que lo cuidaba cuando estaba en cautiverio y me platicaba muchas cosas relacionadas con los hechos (\u2026) se los llevaron all\u00e1 por el pante\u00f3n Los \u00c1ngeles en Piedras Negras, y que inclusive a m\u00e1s personas pues se hac\u00edan filas de gente y despu\u00e9s se los llevaron al rancho \u2018Los Garza\u2019 (\u2026) adem\u00e1s de que les quemaron y derrumbaron sus casas.<\/p>\n<p>Entre enero y abril del 2014, la Fiscal\u00eda Especializada titularidad de Jos\u00e9 \u00c1ngel Herrera, recolect\u00f3 despu\u00e9s de un operativo, la evidencia de 24 contenedores met\u00e1licos de 200 litros, de donde se obtuvo la totalidad de 794 fragmentos \u00f3seos, pero debido al grado de carbonizaci\u00f3n y calcinaci\u00f3n de los mismos, fue descartado que los mismos estuvieran susceptibles a un an\u00e1lisis de reconocimiento de ADN.<\/p>\n<p>En ese mismo lapso de tiempo, dicho \u00f3rgano report\u00f3 un nuevo hallazgo de 66 fragmentos \u00f3seos y 68 \u00f3rganos dentales con caracter\u00edsticas humanas; los cuales si lograron ser puestos a disposici\u00f3n de la divisi\u00f3n cient\u00edfica de la Polic\u00eda Federal para ser analizados.<\/p>\n<p>Dicha cuesti\u00f3n, es un as que no necesariamente revelar\u00eda una realidad m\u00e1s sobre lo ocurrido en aqu\u00e9l fin de semana, pues otro operativo de ubicaci\u00f3n y recolecci\u00f3n de restos en fosas clandestinas en el norte del Estado, donde se incluy\u00f3 el municipio de Allende, tuvo el hallazgo de dos mil 459 restos \u00f3seos, de los cuales resultaron 219 muestras biol\u00f3gicas y 15 perfiles gen\u00e9ticos que hasta hoy en d\u00eda no han sido reclamados, o no cuentan con una denuncia por desaparici\u00f3n por parte de sus familiares.<\/p>\n<p><img loading=\"lazy\" decoding=\"async\" data-attachment-id=\"30887\" data-permalink=\"https:\/\/www.grieta.org.mx\/index.php\/2019\/03\/18\/en-coahuila-afirman-que-es-imposible-identificar-restos-oseos-de-masacre-de-allende-a-8-anos-de-la-matanza-coahuila\/casa-quemada-2\/\" data-orig-file=\"https:\/\/www.grieta.org.mx\/wp-content\/uploads\/2019\/03\/casa-quemada-2.jpg\" data-orig-size=\"980,651\" data-comments-opened=\"0\" data-image-meta=\"{&quot;aperture&quot;:&quot;0&quot;,&quot;credit&quot;:&quot;&quot;,&quot;camera&quot;:&quot;&quot;,&quot;caption&quot;:&quot;&quot;,&quot;created_timestamp&quot;:&quot;0&quot;,&quot;copyright&quot;:&quot;&quot;,&quot;focal_length&quot;:&quot;0&quot;,&quot;iso&quot;:&quot;0&quot;,&quot;shutter_speed&quot;:&quot;0&quot;,&quot;title&quot;:&quot;&quot;,&quot;orientation&quot;:&quot;0&quot;}\" data-image-title=\"casa quemada 2\" data-image-description=\"\" data-image-caption=\"\" data-medium-file=\"https:\/\/www.grieta.org.mx\/wp-content\/uploads\/2019\/03\/casa-quemada-2-300x199.jpg\" data-large-file=\"https:\/\/www.grieta.org.mx\/wp-content\/uploads\/2019\/03\/casa-quemada-2.jpg\" class=\"aligncenter size-medium wp-image-30887\" src=\"http:\/\/www.grieta.org.mx\/wp-content\/uploads\/2019\/03\/casa-quemada-2-300x199.jpg\" alt=\"\" width=\"600\" height=\"398\" srcset=\"https:\/\/www.grieta.org.mx\/wp-content\/uploads\/2019\/03\/casa-quemada-2-300x199.jpg 300w, https:\/\/www.grieta.org.mx\/wp-content\/uploads\/2019\/03\/casa-quemada-2-768x510.jpg 768w, https:\/\/www.grieta.org.mx\/wp-content\/uploads\/2019\/03\/casa-quemada-2-753x500.jpg 753w, https:\/\/www.grieta.org.mx\/wp-content\/uploads\/2019\/03\/casa-quemada-2.jpg 980w\" sizes=\"auto, (max-width: 600px) 100vw, 600px\" \/><\/p>\n<p>Durante el 2015, la Fiscal\u00eda General del Estado en supervisi\u00f3n de la SEIDO sostuvo una entrevista en el penal del altiplano con Omar Trevi\u00f1o Morales, el \u201cZ-42\u201d, uno de los supuestos orquestadores de estos sucesos, mismo que les revel\u00f3 en aqu\u00e9l entonces de manera metaf\u00f3rica que \u201ca las personas se las comen los peces\u201d y que deprendi\u00f3 un operativo de b\u00fasqueda de cuerpos o restos humanos en presas del Estado, pero nada se les mencion\u00f3 respecto al caso Allende, ni tampoco de m\u00e1s personas involucradas.<\/p>\n<p>Iniciada la quinta etapa de la investigaci\u00f3n del caso, se mencionan a por lo menos seis polic\u00edas involucrados en el caso y m\u00faltiples miembros del crimen organizado; sin embargo, el activismo en pro de derechos humanos y familiares de personas desaparecidas que hace la abogada Ariana Garc\u00eda Bosque, abogada de familiares de colectivos de b\u00fasqueda dice que las responsabilidades deben ir m\u00e1s all\u00e1.<\/p>\n<p>Bajo esa tesitura, la jur\u00eddico de Familias Unidas por la B\u00fasqueda y Localizaci\u00f3n de Personas Desaparecidas en Piedras Negras, dice que incluso, el caso debe ser atra\u00eddo por la federaci\u00f3n debido a los conflictos de inter\u00e9s que pueden resultar de las investigaciones concretas y a fondo.<\/p>\n<p><img loading=\"lazy\" decoding=\"async\" data-attachment-id=\"30888\" data-permalink=\"https:\/\/www.grieta.org.mx\/index.php\/2019\/03\/18\/en-coahuila-afirman-que-es-imposible-identificar-restos-oseos-de-masacre-de-allende-a-8-anos-de-la-matanza-coahuila\/casa-tumbada\/\" data-orig-file=\"https:\/\/www.grieta.org.mx\/wp-content\/uploads\/2019\/03\/casa-tumbada.jpg\" data-orig-size=\"980,711\" data-comments-opened=\"0\" data-image-meta=\"{&quot;aperture&quot;:&quot;0&quot;,&quot;credit&quot;:&quot;&quot;,&quot;camera&quot;:&quot;&quot;,&quot;caption&quot;:&quot;&quot;,&quot;created_timestamp&quot;:&quot;0&quot;,&quot;copyright&quot;:&quot;&quot;,&quot;focal_length&quot;:&quot;0&quot;,&quot;iso&quot;:&quot;0&quot;,&quot;shutter_speed&quot;:&quot;0&quot;,&quot;title&quot;:&quot;&quot;,&quot;orientation&quot;:&quot;0&quot;}\" data-image-title=\"casa tumbada\" data-image-description=\"\" data-image-caption=\"\" data-medium-file=\"https:\/\/www.grieta.org.mx\/wp-content\/uploads\/2019\/03\/casa-tumbada-300x218.jpg\" data-large-file=\"https:\/\/www.grieta.org.mx\/wp-content\/uploads\/2019\/03\/casa-tumbada.jpg\" class=\"aligncenter size-medium wp-image-30888\" src=\"http:\/\/www.grieta.org.mx\/wp-content\/uploads\/2019\/03\/casa-tumbada-300x218.jpg\" alt=\"\" width=\"600\" height=\"436\" srcset=\"https:\/\/www.grieta.org.mx\/wp-content\/uploads\/2019\/03\/casa-tumbada-300x218.jpg 300w, https:\/\/www.grieta.org.mx\/wp-content\/uploads\/2019\/03\/casa-tumbada-768x557.jpg 768w, https:\/\/www.grieta.org.mx\/wp-content\/uploads\/2019\/03\/casa-tumbada-689x500.jpg 689w, https:\/\/www.grieta.org.mx\/wp-content\/uploads\/2019\/03\/casa-tumbada.jpg 980w\" sizes=\"auto, (max-width: 600px) 100vw, 600px\" \/><\/p>\n<p>\u201cHay conflicto de intereses en las investigaciones porque algunos, sino es que muchos de los funcionarios que pudieron tener responsabilidades en estos cr\u00edmenes est\u00e1n dentro de la funci\u00f3n p\u00fablica del Estado. Ser\u00e1 la federaci\u00f3n quien tenga que esclarecer la responsabilidad de muchos funcionarios o exfuncionarios del Estado de Coahuila como lo es el exprocurador Jes\u00fas Torres Charles, como lo es el exgobernador Jorge Torres L\u00f3pez, Humberto Moreira, el secretario de gobierno en ese entonces Armando Luna Canales, que al menos hasta los eventos del 2011 y los del 2012 con el Penal de Piedras Negras tienen responsabilidad, e incluso esto abarca parte de la gubernatura de Rub\u00e9n Moreira\u201d, expresa.<\/p>\n<p>Durante la temporalidad de funci\u00f3n p\u00fablica de alto rango de los cuatro funcionarios que menciona la activista, fueron registradas, seg\u00fan el Registro Nacional de Personas Desaparecidas del Fuero Com\u00fan, mil 342 personas desaparecidas de las mil 754 totales de Coahuila, siendo el 96 y el 2017 el primero y el \u00faltimo registro de los cuales no existen paraderos.<\/p>\n<p>En ese sentido, Jos\u00e9 \u00c1ngel Herrera, dice que en lo que concierne a delitos de Delincuencia Organizada, se\u00f1ala que la federaci\u00f3n tiene sus debidas carpetas de investigaci\u00f3n; sin embargo, por su parte se est\u00e1n desarrollando \u00fanicamente los delitos que conciernen al fuero com\u00fan, como con los que han sido condenados algunos de los involucrados, por ejemplo, en secuestro calificado.<\/p>\n<p>Al d\u00eda de hoy, en la investigaci\u00f3n de la \u2018Masacre de Allende\u2019 trabajan dos coordinadores, un MP y cuatro polic\u00edas, y con estos hay cuatro \u00f3rdenes de aprehensi\u00f3n cumplidas: dos contra polic\u00edas y dos contra miembros del crimen organizado; cuatro \u00f3rdenes parciales m\u00e1s contra personas del crimen organizado internadas en c\u00e1rceles federales; y otras cuatro \u00f3rdenes pendientes m\u00e1s contra sujetos que est\u00e1n pr\u00f3fugos de la ley.<\/p>\n<p><img loading=\"lazy\" decoding=\"async\" data-attachment-id=\"30889\" data-permalink=\"https:\/\/www.grieta.org.mx\/index.php\/2019\/03\/18\/en-coahuila-afirman-que-es-imposible-identificar-restos-oseos-de-masacre-de-allende-a-8-anos-de-la-matanza-coahuila\/casa-quemada-tumbada\/\" data-orig-file=\"https:\/\/www.grieta.org.mx\/wp-content\/uploads\/2019\/03\/Casa-quemada-tumbada.jpg\" data-orig-size=\"980,654\" data-comments-opened=\"0\" data-image-meta=\"{&quot;aperture&quot;:&quot;0&quot;,&quot;credit&quot;:&quot;&quot;,&quot;camera&quot;:&quot;&quot;,&quot;caption&quot;:&quot;&quot;,&quot;created_timestamp&quot;:&quot;0&quot;,&quot;copyright&quot;:&quot;&quot;,&quot;focal_length&quot;:&quot;0&quot;,&quot;iso&quot;:&quot;0&quot;,&quot;shutter_speed&quot;:&quot;0&quot;,&quot;title&quot;:&quot;&quot;,&quot;orientation&quot;:&quot;0&quot;}\" data-image-title=\"Casa quemada tumbada\" data-image-description=\"\" data-image-caption=\"\" data-medium-file=\"https:\/\/www.grieta.org.mx\/wp-content\/uploads\/2019\/03\/Casa-quemada-tumbada-300x200.jpg\" data-large-file=\"https:\/\/www.grieta.org.mx\/wp-content\/uploads\/2019\/03\/Casa-quemada-tumbada.jpg\" class=\"aligncenter size-medium wp-image-30889\" src=\"http:\/\/www.grieta.org.mx\/wp-content\/uploads\/2019\/03\/Casa-quemada-tumbada-300x200.jpg\" alt=\"\" width=\"600\" height=\"400\" srcset=\"https:\/\/www.grieta.org.mx\/wp-content\/uploads\/2019\/03\/Casa-quemada-tumbada-300x200.jpg 300w, https:\/\/www.grieta.org.mx\/wp-content\/uploads\/2019\/03\/Casa-quemada-tumbada-768x513.jpg 768w, https:\/\/www.grieta.org.mx\/wp-content\/uploads\/2019\/03\/Casa-quemada-tumbada-749x500.jpg 749w, https:\/\/www.grieta.org.mx\/wp-content\/uploads\/2019\/03\/Casa-quemada-tumbada.jpg 980w\" sizes=\"auto, (max-width: 600px) 100vw, 600px\" \/><\/p>\n<p><img loading=\"lazy\" decoding=\"async\" data-attachment-id=\"30890\" data-permalink=\"https:\/\/www.grieta.org.mx\/index.php\/2019\/03\/18\/en-coahuila-afirman-que-es-imposible-identificar-restos-oseos-de-masacre-de-allende-a-8-anos-de-la-matanza-coahuila\/casa-quemada-grafiti\/\" data-orig-file=\"https:\/\/www.grieta.org.mx\/wp-content\/uploads\/2019\/03\/casa-quemada-grafiti.jpg\" data-orig-size=\"980,653\" data-comments-opened=\"0\" data-image-meta=\"{&quot;aperture&quot;:&quot;0&quot;,&quot;credit&quot;:&quot;&quot;,&quot;camera&quot;:&quot;&quot;,&quot;caption&quot;:&quot;&quot;,&quot;created_timestamp&quot;:&quot;0&quot;,&quot;copyright&quot;:&quot;&quot;,&quot;focal_length&quot;:&quot;0&quot;,&quot;iso&quot;:&quot;0&quot;,&quot;shutter_speed&quot;:&quot;0&quot;,&quot;title&quot;:&quot;&quot;,&quot;orientation&quot;:&quot;0&quot;}\" data-image-title=\"casa quemada grafiti\" data-image-description=\"\" data-image-caption=\"\" data-medium-file=\"https:\/\/www.grieta.org.mx\/wp-content\/uploads\/2019\/03\/casa-quemada-grafiti-300x200.jpg\" data-large-file=\"https:\/\/www.grieta.org.mx\/wp-content\/uploads\/2019\/03\/casa-quemada-grafiti.jpg\" class=\"aligncenter size-medium wp-image-30890\" src=\"http:\/\/www.grieta.org.mx\/wp-content\/uploads\/2019\/03\/casa-quemada-grafiti-300x200.jpg\" alt=\"\" width=\"600\" height=\"400\" srcset=\"https:\/\/www.grieta.org.mx\/wp-content\/uploads\/2019\/03\/casa-quemada-grafiti-300x200.jpg 300w, https:\/\/www.grieta.org.mx\/wp-content\/uploads\/2019\/03\/casa-quemada-grafiti-768x512.jpg 768w, https:\/\/www.grieta.org.mx\/wp-content\/uploads\/2019\/03\/casa-quemada-grafiti-750x500.jpg 750w, https:\/\/www.grieta.org.mx\/wp-content\/uploads\/2019\/03\/casa-quemada-grafiti.jpg 980w\" sizes=\"auto, (max-width: 600px) 100vw, 600px\" \/><\/p>\n<figure id=\"attachment_30891\" aria-describedby=\"caption-attachment-30891\" style=\"width: 600px\" class=\"wp-caption aligncenter\"><img loading=\"lazy\" decoding=\"async\" data-attachment-id=\"30891\" data-permalink=\"https:\/\/www.grieta.org.mx\/index.php\/2019\/03\/18\/en-coahuila-afirman-que-es-imposible-identificar-restos-oseos-de-masacre-de-allende-a-8-anos-de-la-matanza-coahuila\/allende-ariana\/\" data-orig-file=\"https:\/\/www.grieta.org.mx\/wp-content\/uploads\/2019\/03\/Allende-Ariana.jpg\" data-orig-size=\"980,654\" data-comments-opened=\"0\" data-image-meta=\"{&quot;aperture&quot;:&quot;0&quot;,&quot;credit&quot;:&quot;&quot;,&quot;camera&quot;:&quot;&quot;,&quot;caption&quot;:&quot;&quot;,&quot;created_timestamp&quot;:&quot;0&quot;,&quot;copyright&quot;:&quot;&quot;,&quot;focal_length&quot;:&quot;0&quot;,&quot;iso&quot;:&quot;0&quot;,&quot;shutter_speed&quot;:&quot;0&quot;,&quot;title&quot;:&quot;&quot;,&quot;orientation&quot;:&quot;0&quot;}\" data-image-title=\"Allende Ariana\" data-image-description=\"\" data-image-caption=\"&lt;p&gt;Ariana Garc\u00eda Bosque, abogada de familiares y de colectivos de b\u00fasqueda.&lt;\/p&gt;\n\" data-medium-file=\"https:\/\/www.grieta.org.mx\/wp-content\/uploads\/2019\/03\/Allende-Ariana-300x200.jpg\" data-large-file=\"https:\/\/www.grieta.org.mx\/wp-content\/uploads\/2019\/03\/Allende-Ariana.jpg\" class=\"size-medium wp-image-30891\" src=\"http:\/\/www.grieta.org.mx\/wp-content\/uploads\/2019\/03\/Allende-Ariana-300x200.jpg\" alt=\"\" width=\"600\" height=\"400\" srcset=\"https:\/\/www.grieta.org.mx\/wp-content\/uploads\/2019\/03\/Allende-Ariana-300x200.jpg 300w, https:\/\/www.grieta.org.mx\/wp-content\/uploads\/2019\/03\/Allende-Ariana-768x513.jpg 768w, https:\/\/www.grieta.org.mx\/wp-content\/uploads\/2019\/03\/Allende-Ariana-749x500.jpg 749w, https:\/\/www.grieta.org.mx\/wp-content\/uploads\/2019\/03\/Allende-Ariana.jpg 980w\" sizes=\"auto, (max-width: 600px) 100vw, 600px\" \/><figcaption id=\"caption-attachment-30891\" class=\"wp-caption-text\">Ariana Garc\u00eda Bosque, abogada de familiares y de colectivos de b\u00fasqueda.<\/figcaption><\/figure>\n<blockquote><p>&#8220;Ser\u00e1 la Federaci\u00f3n quien tenga que esclarecer la responsabilidad de muchos funcionarios o exfuncionarios del estado de Coahuila como lo es el exprocurador Jes\u00fas Torres Charles, el exgobernador Jorge Torres L\u00f3pez, Humberto Moreira, el secretario de Gobierno en ese entonces, Armando Luna Canales, esto abarca parte de la gubernatura de Rub\u00e9n Moreira\u201d.<\/p><\/blockquote>\n<p>Adem\u00e1s, existen \u00fanicamente dos sentencias condenatorias contra polic\u00edas y el director de seguridad municipal de Allende.<\/p>\n<p>Por otro lado, la Fiscal\u00eda Especializada en B\u00fasqueda y Localizaci\u00f3n de Personas Desaparecidas, dice que en el caso del ex alcalde de Allende, Sergio Lozano, fue cumplimentada una orden de aprehensi\u00f3n que concluy\u00f3 con el no ejercicio de la acci\u00f3n penal en septiembre del 2017, y tras la b\u00fasqueda de reaprehensi\u00f3n, donde la autoridad recab\u00f3 dos testimoniales, una nueva orden fue desechada debido a que los testimonios retiraron voluntariamente sus declaraciones por presuntas amenazas.<\/p>\n<p>\u201cPor la cuesti\u00f3n de impunidad podemos decir que ah\u00ed est\u00e1n los resultados\u201d, expresa Jose \u00c1ngel Herrera.<\/p>\n<p>En marzo del 2018, la Comisi\u00f3n Nacional de Derechos Humanos emiti\u00f3 la recomendaci\u00f3n 10VG\/2018 respecto al caso, donde uno de los puntos recomendatorios a las instituciones del Gobierno del Estado fue ofrecer una disculpa p\u00fablica a las familias; sin embargo, tanto Ariana Garc\u00eda de Familias Unidas, como Silvia Ortiz del colectivo de b\u00fasqueda Grupo VIDA, dicen que las familias de desaparecidos en la entidad han solicitado que se realice esta misma disculpa en todas las regiones de la entidad, debido a que los hechos de Allende fueron graves, pero tambi\u00e9n generalizados en los diversos municipios de Coahuila.<\/p>\n<p>Aunque el delegado de la Presidencia de la Rep\u00fablica de Coahuila, Reyes Flores Hurtado declar\u00f3 en diciembre del a\u00f1o pasado que existen elementos para formar una Comisi\u00f3n de la Verdad sobre el caso, tal y como se hizo con el caso Ayotzinapa, fuentes extraoficiales de la Secretar\u00eda de Gobernaci\u00f3n en el tema de Derechos Humanos dirigido por Alejandro Encinas, dice que el tema no se ha analizado o se ha puesto sobre la mesa.<\/p>\n<p><a href=\"https:\/\/vanguardia.com.mx\/articulo\/en-coahuila-afirman-que-es-imposible-identificar-restos-oseos-de-masacre-de-allende-a-8-a%C3%B1os-de-la-matanza\" target=\"_blank\" rel=\"noopener noreferrer\">https:\/\/vanguardia.com.mx\/articulo\/en-coahuila-afirman-que-es-imposible-identificar-restos-oseos-de-masacre-de-allende-a-8-a%C3%B1os-de-la-matanza<\/a><\/p>\n","protected":false},"excerpt":{"rendered":"<p>En este reportaje especial de VANGUARDIA testimonios narran un episodio de impunidad, corrupci\u00f3n, terror y autogobierno por parte del crimen organizado en colusi\u00f3n con las autoridades Armando R\u00edos\/LA VANGUARDIA.COM Centenares &hellip; <a href=\"https:\/\/www.grieta.org.mx\/index.php\/2019\/03\/18\/en-coahuila-afirman-que-es-imposible-identificar-restos-oseos-de-masacre-de-allende-a-8-anos-de-la-matanza-coahuila\/\" class=\"more-link\">Leer m\u00e1s<\/a><\/p>\n","protected":false},"author":2,"featured_media":30884,"comment_status":"closed","ping_status":"closed","sticky":false,"template":"","format":"standard","meta":{"ngg_post_thumbnail":0,"_jetpack_newsletter_access":"","_jetpack_dont_email_post_to_subs":false,"_jetpack_newsletter_tier_id":0,"_jetpack_memberships_contains_paywalled_content":false,"_jetpack_memberships_contains_paid_content":false,"footnotes":""},"categories":[80,419,1038,2327,2,2306],"tags":[299,1738,2329,2328],"class_list":["post-30883","post","type-post","status-publish","format-standard","has-post-thumbnail","hentry","category-cintillo","category-coahuila","category-desaparecidos-en-coahuila","category-masacre-de-allende","category-noticias-nacionales","category-tortura-en-coahuila","tag-allende","tag-crimenes-de-lesa-humanidad","tag-ejecuciones","tag-masacres","entry"],"jetpack_featured_media_url":"https:\/\/www.grieta.org.mx\/wp-content\/uploads\/2019\/03\/Allende-Coahuila.jpg","jetpack_sharing_enabled":true,"jetpack_shortlink":"https:\/\/wp.me\/p7ZJR4-827","jetpack_likes_enabled":false,"jetpack-related-posts":[{"id":6849,"url":"https:\/\/www.grieta.org.mx\/index.php\/2016\/03\/21\/conmemoran-la-masacre-de-coahuila\/","url_meta":{"origin":30883,"position":0},"title":"Conmemoran la masacre de Coahuila","author":"grieta","date":"21 marzo, 2016","format":false,"excerpt":"Leopoldo Ramos Saltillo, Coah. En memoria de cientos de personas desaparecidas en Allende, Coahuila, durante la irrupci\u00f3n de Los Zetas el 18 de marzo de 2011, familiares colocaron flores frente al obelisco localizado en el principal acceso al municipio, y en Saltillo aparecieron pintas con frases alusivas a las v\u00edctimas.\u2026","rel":"","context":"En &quot;CINTILLO&quot;","block_context":{"text":"CINTILLO","link":"https:\/\/www.grieta.org.mx\/index.php\/category\/cintillo\/"},"img":{"alt_text":"","src":"https:\/\/i0.wp.com\/www.grieta.org.mx\/wp-content\/uploads\/2018\/03\/14524434_1106112876131411_958039263622046936_o.jpg?resize=350%2C200&ssl=1","width":350,"height":200,"srcset":"https:\/\/i0.wp.com\/www.grieta.org.mx\/wp-content\/uploads\/2018\/03\/14524434_1106112876131411_958039263622046936_o.jpg?resize=350%2C200&ssl=1 1x, https:\/\/i0.wp.com\/www.grieta.org.mx\/wp-content\/uploads\/2018\/03\/14524434_1106112876131411_958039263622046936_o.jpg?resize=525%2C300&ssl=1 1.5x, https:\/\/i0.wp.com\/www.grieta.org.mx\/wp-content\/uploads\/2018\/03\/14524434_1106112876131411_958039263622046936_o.jpg?resize=700%2C400&ssl=1 2x"},"classes":[]},{"id":60109,"url":"https:\/\/www.grieta.org.mx\/index.php\/2019\/06\/27\/familias-rechazan-participar-en-ceremonia-de-disculpa-publica-por-la-masacre-de-allende-coahuila\/","url_meta":{"origin":30883,"position":1},"title":"Familias rechazan participar en ceremonia de disculpa p\u00fablica por la masacre de Allende (Coahuila)","author":"grieta","date":"27 junio, 2019","format":false,"excerpt":"Juan Alberto Cedillo\/ PROCESO ALLENDE, Coah. (apro).- Familiares de v\u00edctimas de la violencia rechazaron participar en la ceremonia en la que la secretaria de Gobernaci\u00f3n, Olga S\u00e1nchez Cordero, y el gobernador Miguel Riquelme ofrecieron una disculpa p\u00fablica por la masacre de Allende, en cumplimiento de una recomendaci\u00f3n de la Comisi\u00f3n\u2026","rel":"","context":"En &quot;CINTILLO&quot;","block_context":{"text":"CINTILLO","link":"https:\/\/www.grieta.org.mx\/index.php\/category\/cintillo\/"},"img":{"alt_text":"","src":"https:\/\/i0.wp.com\/www.grieta.org.mx\/wp-content\/uploads\/2021\/06\/Allende-f800x450-100749_152195_5050.jpg?resize=350%2C200&ssl=1","width":350,"height":200,"srcset":"https:\/\/i0.wp.com\/www.grieta.org.mx\/wp-content\/uploads\/2021\/06\/Allende-f800x450-100749_152195_5050.jpg?resize=350%2C200&ssl=1 1x, https:\/\/i0.wp.com\/www.grieta.org.mx\/wp-content\/uploads\/2021\/06\/Allende-f800x450-100749_152195_5050.jpg?resize=525%2C300&ssl=1 1.5x, https:\/\/i0.wp.com\/www.grieta.org.mx\/wp-content\/uploads\/2021\/06\/Allende-f800x450-100749_152195_5050.jpg?resize=700%2C400&ssl=1 2x"},"classes":[]},{"id":3073,"url":"https:\/\/www.grieta.org.mx\/index.php\/2014\/11\/05\/coahuila-tiene-su-propia-ayotzinapa-desaparecieron-300-en-allende-academico\/","url_meta":{"origin":30883,"position":2},"title":"Coahuila tiene su propia Ayotzinapa, desaparecieron 300 en Allende: acad\u00e9mico","author":"grieta","date":"5 noviembre, 2014","format":false,"excerpt":"Redacci\u00f3n AN noviembre 5, 2014 7:43 pm Carlos Manuel Vald\u00e9s afirma que el estado de Coahuila est\u00e1 siendo ap\u00e1tico, hay poca gente que expresa lo que sucede y termina cuidando s\u00f3lo los intereses individuales. El docente en la Facultad de Ciencias Sociales de la Universidad Aut\u00f3noma de Coahuila, Carlos Manuel\u2026","rel":"","context":"En &quot;CINTILLO&quot;","block_context":{"text":"CINTILLO","link":"https:\/\/www.grieta.org.mx\/index.php\/category\/cintillo\/"},"img":{"alt_text":"","src":"https:\/\/i0.wp.com\/www.grieta.org.mx\/wp-content\/uploads\/2018\/03\/14524434_1106112876131411_958039263622046936_o.jpg?resize=350%2C200&ssl=1","width":350,"height":200,"srcset":"https:\/\/i0.wp.com\/www.grieta.org.mx\/wp-content\/uploads\/2018\/03\/14524434_1106112876131411_958039263622046936_o.jpg?resize=350%2C200&ssl=1 1x, https:\/\/i0.wp.com\/www.grieta.org.mx\/wp-content\/uploads\/2018\/03\/14524434_1106112876131411_958039263622046936_o.jpg?resize=525%2C300&ssl=1 1.5x, https:\/\/i0.wp.com\/www.grieta.org.mx\/wp-content\/uploads\/2018\/03\/14524434_1106112876131411_958039263622046936_o.jpg?resize=700%2C400&ssl=1 2x"},"classes":[]},{"id":32174,"url":"https:\/\/www.grieta.org.mx\/index.php\/2019\/03\/18\/exigen-disculpa-publica-por-el-total-de-desaparecidos-en-coahuila\/","url_meta":{"origin":30883,"position":3},"title":"Exigen disculpa p\u00fablica por el total de desaparecidos en Coahuila","author":"grieta","date":"18 marzo, 2019","format":false,"excerpt":"Adem\u00e1s de la masacre de Allende, Gobierno debe hacer lo propio donde hubo ejecuciones masivas \u00a0 Armando R\u00edos\/VANGUARDIAMX Colectivos de b\u00fasqueda de personas desaparecidas en Coahuila, afirman que despu\u00e9s de que el Gobierno de Coahuila d\u00e9 una disculpa p\u00fablica por el caso Allende, tendr\u00e1n que replicar el acto en las\u2026","rel":"","context":"En &quot;CINTILLO&quot;","block_context":{"text":"CINTILLO","link":"https:\/\/www.grieta.org.mx\/index.php\/category\/cintillo\/"},"img":{"alt_text":"","src":"https:\/\/i0.wp.com\/www.grieta.org.mx\/wp-content\/uploads\/2019\/04\/zapatos.jpg?resize=350%2C200&ssl=1","width":350,"height":200,"srcset":"https:\/\/i0.wp.com\/www.grieta.org.mx\/wp-content\/uploads\/2019\/04\/zapatos.jpg?resize=350%2C200&ssl=1 1x, https:\/\/i0.wp.com\/www.grieta.org.mx\/wp-content\/uploads\/2019\/04\/zapatos.jpg?resize=525%2C300&ssl=1 1.5x, https:\/\/i0.wp.com\/www.grieta.org.mx\/wp-content\/uploads\/2019\/04\/zapatos.jpg?resize=700%2C400&ssl=1 2x"},"classes":[]},{"id":6833,"url":"https:\/\/www.grieta.org.mx\/index.php\/2016\/09\/08\/los-desaparecidos-en-coahuila\/","url_meta":{"origin":30883,"position":4},"title":"Los desaparecidos en Coahuila","author":"grieta","date":"8 septiembre, 2016","format":false,"excerpt":"08\/09\/16. M\u00e1s de 50 desaparecidos en lo que va del a\u00f1o en Coahuila Noticieros Grem 20\/08\/16. El ni\u00f1o que desapareci\u00f3 creyendo en Santa Cl\u00f3s y otras historias de los 295 menores desaparecidos en Coahuila Vanguardia 19\/05\/16. \u00a1Buscan cad\u00e1veres de mil 600 desaparecidos! El Dem\u00f3crata 21\/03\/16. Conmemoran la masacre de Coahuila\u2026","rel":"","context":"En &quot;Coahuila&quot;","block_context":{"text":"Coahuila","link":"https:\/\/www.grieta.org.mx\/index.php\/category\/noticias-nacionales\/coahuila\/"},"img":{"alt_text":"","src":"https:\/\/i0.wp.com\/www.grieta.org.mx\/wp-content\/uploads\/2018\/03\/14524434_1106112876131411_958039263622046936_o.jpg?resize=350%2C200&ssl=1","width":350,"height":200,"srcset":"https:\/\/i0.wp.com\/www.grieta.org.mx\/wp-content\/uploads\/2018\/03\/14524434_1106112876131411_958039263622046936_o.jpg?resize=350%2C200&ssl=1 1x, https:\/\/i0.wp.com\/www.grieta.org.mx\/wp-content\/uploads\/2018\/03\/14524434_1106112876131411_958039263622046936_o.jpg?resize=525%2C300&ssl=1 1.5x, https:\/\/i0.wp.com\/www.grieta.org.mx\/wp-content\/uploads\/2018\/03\/14524434_1106112876131411_958039263622046936_o.jpg?resize=700%2C400&ssl=1 2x"},"classes":[]},{"id":3064,"url":"https:\/\/www.grieta.org.mx\/index.php\/2015\/07\/20\/sin-informacion-de-los-17-desaparecidos-de-allende\/","url_meta":{"origin":30883,"position":5},"title":"Sin informaci\u00f3n de los 17 desaparecidos de Allende","author":"grieta","date":"20 julio, 2015","format":false,"excerpt":"A\u00fan cuando la Procuradur\u00eda General de Justicia del Estado (PGJE) inform\u00f3 que 21 \u00f3rdenes de aprehensi\u00f3n han sido giradas en relaci\u00f3n al caso Allende, a\u00fan se desconoce el paradero de las 17 personas que presuntamente desaparecieron a manos del crimen organizado, las cuales pasaron a formar parte de la lista\u2026","rel":"","context":"En &quot;CINTILLO&quot;","block_context":{"text":"CINTILLO","link":"https:\/\/www.grieta.org.mx\/index.php\/category\/cintillo\/"},"img":{"alt_text":"","src":"https:\/\/i0.wp.com\/www.grieta.org.mx\/wp-content\/uploads\/2018\/03\/14524434_1106112876131411_958039263622046936_o.jpg?resize=350%2C200&ssl=1","width":350,"height":200,"srcset":"https:\/\/i0.wp.com\/www.grieta.org.mx\/wp-content\/uploads\/2018\/03\/14524434_1106112876131411_958039263622046936_o.jpg?resize=350%2C200&ssl=1 1x, https:\/\/i0.wp.com\/www.grieta.org.mx\/wp-content\/uploads\/2018\/03\/14524434_1106112876131411_958039263622046936_o.jpg?resize=525%2C300&ssl=1 1.5x, https:\/\/i0.wp.com\/www.grieta.org.mx\/wp-content\/uploads\/2018\/03\/14524434_1106112876131411_958039263622046936_o.jpg?resize=700%2C400&ssl=1 2x"},"classes":[]}],"_links":{"self":[{"href":"https:\/\/www.grieta.org.mx\/index.php\/wp-json\/wp\/v2\/posts\/30883","targetHints":{"allow":["GET"]}}],"collection":[{"href":"https:\/\/www.grieta.org.mx\/index.php\/wp-json\/wp\/v2\/posts"}],"about":[{"href":"https:\/\/www.grieta.org.mx\/index.php\/wp-json\/wp\/v2\/types\/post"}],"author":[{"embeddable":true,"href":"https:\/\/www.grieta.org.mx\/index.php\/wp-json\/wp\/v2\/users\/2"}],"replies":[{"embeddable":true,"href":"https:\/\/www.grieta.org.mx\/index.php\/wp-json\/wp\/v2\/comments?post=30883"}],"version-history":[{"count":1,"href":"https:\/\/www.grieta.org.mx\/index.php\/wp-json\/wp\/v2\/posts\/30883\/revisions"}],"predecessor-version":[{"id":30892,"href":"https:\/\/www.grieta.org.mx\/index.php\/wp-json\/wp\/v2\/posts\/30883\/revisions\/30892"}],"wp:featuredmedia":[{"embeddable":true,"href":"https:\/\/www.grieta.org.mx\/index.php\/wp-json\/wp\/v2\/media\/30884"}],"wp:attachment":[{"href":"https:\/\/www.grieta.org.mx\/index.php\/wp-json\/wp\/v2\/media?parent=30883"}],"wp:term":[{"taxonomy":"category","embeddable":true,"href":"https:\/\/www.grieta.org.mx\/index.php\/wp-json\/wp\/v2\/categories?post=30883"},{"taxonomy":"post_tag","embeddable":true,"href":"https:\/\/www.grieta.org.mx\/index.php\/wp-json\/wp\/v2\/tags?post=30883"}],"curies":[{"name":"wp","href":"https:\/\/api.w.org\/{rel}","templated":true}]}}