{"id":30844,"date":"2019-02-27T00:43:59","date_gmt":"2019-02-27T06:43:59","guid":{"rendered":"http:\/\/www.grieta.org.mx\/?p=30844"},"modified":"2019-03-18T00:55:00","modified_gmt":"2019-03-18T06:55:00","slug":"solo-7-5-de-jornaleros-agricolas-cuentan-con-seguridad-social","status":"publish","type":"post","link":"https:\/\/www.grieta.org.mx\/index.php\/2019\/02\/27\/solo-7-5-de-jornaleros-agricolas-cuentan-con-seguridad-social\/","title":{"rendered":"S\u00f3lo 7.5% de jornaleros agr\u00edcolas cuentan con seguridad social"},"content":{"rendered":"<p><img loading=\"lazy\" decoding=\"async\" data-attachment-id=\"30847\" data-permalink=\"https:\/\/www.grieta.org.mx\/index.php\/2019\/02\/27\/solo-7-5-de-jornaleros-agricolas-cuentan-con-seguridad-social\/jornaleros-sonora\/\" data-orig-file=\"https:\/\/www.grieta.org.mx\/wp-content\/uploads\/2019\/03\/jornaleros-sonora.jpg\" data-orig-size=\"704,405\" data-comments-opened=\"0\" data-image-meta=\"{&quot;aperture&quot;:&quot;0&quot;,&quot;credit&quot;:&quot;&quot;,&quot;camera&quot;:&quot;&quot;,&quot;caption&quot;:&quot;&quot;,&quot;created_timestamp&quot;:&quot;0&quot;,&quot;copyright&quot;:&quot;&quot;,&quot;focal_length&quot;:&quot;0&quot;,&quot;iso&quot;:&quot;0&quot;,&quot;shutter_speed&quot;:&quot;0&quot;,&quot;title&quot;:&quot;&quot;,&quot;orientation&quot;:&quot;0&quot;}\" data-image-title=\"jornaleros sonora\" data-image-description=\"\" data-image-caption=\"\" data-medium-file=\"https:\/\/www.grieta.org.mx\/wp-content\/uploads\/2019\/03\/jornaleros-sonora-300x173.jpg\" data-large-file=\"https:\/\/www.grieta.org.mx\/wp-content\/uploads\/2019\/03\/jornaleros-sonora.jpg\" class=\"aligncenter size-medium wp-image-30847\" src=\"http:\/\/www.grieta.org.mx\/wp-content\/uploads\/2019\/03\/jornaleros-sonora-300x173.jpg\" alt=\"\" width=\"600\" height=\"346\" srcset=\"https:\/\/www.grieta.org.mx\/wp-content\/uploads\/2019\/03\/jornaleros-sonora-300x173.jpg 300w, https:\/\/www.grieta.org.mx\/wp-content\/uploads\/2019\/03\/jornaleros-sonora.jpg 704w\" sizes=\"auto, (max-width: 600px) 100vw, 600px\" \/><\/p>\n<p>Al\u00e1n Avi\u00f1a\/UNIRADIO NOTICIAS<\/p>\n<p>Hermosillo.- S\u00f3lo el 7.5% de los jornaleros agr\u00edcolas del Pa\u00eds cuentan con seguridad social y existe una sobredemanda de trabajadores que ha intensificado la migraci\u00f3n temporal en el interior de M\u00e9xico, indic\u00f3 Mar\u00eda Antonieta Barr\u00f3n P\u00e9rez.<\/p>\n<p>La investigadora de la Facultad de Econom\u00eda de la Universidad Nacional Aut\u00f3noma de M\u00e9xico (UNAM) destac\u00f3 que en Baja California s\u00f3lo el 37% de los jornaleros logra trabajar de uno a cuatro d\u00edas a la semana en temporada alta de cosecha, mientras que en Sonora solo es el 20%.<\/p>\n<p>\u201cQu\u00e9 significa eso, que si van a trabajar tan poquito en un lugar, tienen que migrar, entonces hay un cambio importante en las corrientes migratorias. Si trabaja 30 d\u00edas en San Quint\u00edn, o 35 d\u00edas en Sinaloa, tiene que buscar a d\u00f3nde irse a trabajar para trabajar m\u00e1s\u201d, dijo.<\/p>\n<p>Adem\u00e1s, dijo que se han ampliado las horas de trabajo de los jornaleros, y la productividad tambi\u00e9n ha sido mayor.<\/p>\n<p><a href=\"https:\/\/www.uniradionoticias.com\/noticias\/sonora\/558102\/solo-75-de-jornaleros-agricolas-cuentan-con-seguridad-social.html\" target=\"_blank\" rel=\"noopener noreferrer\">https:\/\/www.uniradionoticias.com\/noticias\/sonora\/558102\/solo-75-de-jornaleros-agricolas-cuentan-con-seguridad-social.html<\/a><\/p>\n<p>&nbsp;<\/p>\n<p>&nbsp;<\/p>\n","protected":false},"excerpt":{"rendered":"<p>Al\u00e1n Avi\u00f1a\/UNIRADIO NOTICIAS Hermosillo.- S\u00f3lo el 7.5% de los jornaleros agr\u00edcolas del Pa\u00eds cuentan con seguridad social y existe una sobredemanda de trabajadores que ha intensificado la migraci\u00f3n temporal en &hellip; <a href=\"https:\/\/www.grieta.org.mx\/index.php\/2019\/02\/27\/solo-7-5-de-jornaleros-agricolas-cuentan-con-seguridad-social\/\" class=\"more-link\">Leer m\u00e1s<\/a><\/p>\n","protected":false},"author":2,"featured_media":30847,"comment_status":"closed","ping_status":"closed","sticky":false,"template":"","format":"standard","meta":{"ngg_post_thumbnail":0,"_jetpack_newsletter_access":"","_jetpack_dont_email_post_to_subs":false,"_jetpack_newsletter_tier_id":0,"_jetpack_memberships_contains_paywalled_content":false,"_jetpack_memberships_contains_paid_content":false,"footnotes":""},"categories":[5,80,910,85,369,2323,2319,2,31,83],"tags":[1796,204,2322,2321],"class_list":["post-30844","post","type-post","status-publish","format-standard","has-post-thumbnail","hentry","category-baja-california","category-cintillo","category-explotacion-y-precariedad-laboral","category-jornaleros","category-jornaleros-analisis","category-jornaleros-en-baja-california","category-jornaleros-en-sonora","category-noticias-nacionales","category-sonora","category-temas-nacionales","tag-explotacion-de-migrantes","tag-jornaleros","tag-migracion-interna","tag-trabajadores-sin-seguro-social","entry"],"jetpack_featured_media_url":"https:\/\/www.grieta.org.mx\/wp-content\/uploads\/2019\/03\/jornaleros-sonora.jpg","jetpack_sharing_enabled":true,"jetpack_shortlink":"https:\/\/wp.me\/p7ZJR4-81u","jetpack_likes_enabled":false,"jetpack-related-posts":[{"id":2770,"url":"https:\/\/www.grieta.org.mx\/index.php\/2015\/03\/31\/colima-entre-los-18-estados-donde-se-explota-a-los-jornaleros-agricolas-fiob\/","url_meta":{"origin":30844,"position":0},"title":"Colima, entre los 18 estados donde se explota a los jornaleros agr\u00edcolas: FIOB","author":"grieta","date":"31 marzo, 2015","format":false,"excerpt":"\u201cColima, M\u00e9xico. Avanzada (31 de marzo de 2015).- El Frente Ind\u00edgena de Organizaciones Binacionales (FIOB) denunci\u00f3 que en 18 estados del pa\u00eds, entre ellos Colima, Sinaloa, Sonora, Baja California, Jalisco y Nayarit, los jornaleros agr\u00edcolas viven en condiciones de vulnerabilidad y constante violaci\u00f3n a sus derechos fundamentales. \u201cSin que hasta\u2026","rel":"","context":"En &quot;CINTILLO&quot;","block_context":{"text":"CINTILLO","link":"https:\/\/www.grieta.org.mx\/index.php\/category\/cintillo\/"},"img":{"alt_text":"","src":"https:\/\/i0.wp.com\/www.grieta.org.mx\/wp-content\/uploads\/2018\/03\/14524434_1106112876131411_958039263622046936_o.jpg?resize=350%2C200&ssl=1","width":350,"height":200,"srcset":"https:\/\/i0.wp.com\/www.grieta.org.mx\/wp-content\/uploads\/2018\/03\/14524434_1106112876131411_958039263622046936_o.jpg?resize=350%2C200&ssl=1 1x, https:\/\/i0.wp.com\/www.grieta.org.mx\/wp-content\/uploads\/2018\/03\/14524434_1106112876131411_958039263622046936_o.jpg?resize=525%2C300&ssl=1 1.5x, https:\/\/i0.wp.com\/www.grieta.org.mx\/wp-content\/uploads\/2018\/03\/14524434_1106112876131411_958039263622046936_o.jpg?resize=700%2C400&ssl=1 2x"},"classes":[]},{"id":30841,"url":"https:\/\/www.grieta.org.mx\/index.php\/2019\/03\/13\/un-90-de-jornaleros-agricolas-en-la-region-no-tienen-seguro-social-sonora\/","url_meta":{"origin":30844,"position":1},"title":"Un 90% de jornaleros agr\u00edcolas en la regi\u00f3n no tienen Seguro Social (Sonora)","author":"grieta","date":"13 marzo, 2019","format":false,"excerpt":"OPINI\u00d3N SONORA Empalme, Sonora.- Solo un 10 por ciento de los jornaleros que trabajan en los campos agr\u00edcolas de Guaymas y Empalme, a lo mucho, son dados de alta en el Instituto Mexicano del Seguro Social por sus patrones, mientras que el resto carece de seguridad social, denunci\u00f3 Agust\u00edn Ur\u00edas\u2026","rel":"","context":"En &quot;CINTILLO&quot;","block_context":{"text":"CINTILLO","link":"https:\/\/www.grieta.org.mx\/index.php\/category\/cintillo\/"},"img":{"alt_text":"","src":"https:\/\/i0.wp.com\/www.grieta.org.mx\/wp-content\/uploads\/2019\/03\/directjornaleros-sonora.jpg?resize=350%2C200&ssl=1","width":350,"height":200,"srcset":"https:\/\/i0.wp.com\/www.grieta.org.mx\/wp-content\/uploads\/2019\/03\/directjornaleros-sonora.jpg?resize=350%2C200&ssl=1 1x, https:\/\/i0.wp.com\/www.grieta.org.mx\/wp-content\/uploads\/2019\/03\/directjornaleros-sonora.jpg?resize=525%2C300&ssl=1 1.5x, https:\/\/i0.wp.com\/www.grieta.org.mx\/wp-content\/uploads\/2019\/03\/directjornaleros-sonora.jpg?resize=700%2C400&ssl=1 2x"},"classes":[]},{"id":9268,"url":"https:\/\/www.grieta.org.mx\/index.php\/2015\/04\/22\/denuncian-jornaleros-agricolas-campos-de-explotacion-en-bcs\/","url_meta":{"origin":30844,"position":2},"title":"Jornaleros agr\u00edcolas en Baja California Sur","author":"grieta","date":"22 abril, 2015","format":false,"excerpt":"22\/04\/15. Para los jornaleros todo sigue igual Peninsular Digital 20\/04\/15. Son 17,000 jornaleros los que trabajan en los campos agr\u00edcolas de BCS BCS Noticias 17\/03\/15. Con tretas fueron reclutados los rar\u00e1muris rescatados de trabajo inhumano en BCS La Jornada","rel":"","context":"En &quot;Baja California Sur&quot;","block_context":{"text":"Baja California Sur","link":"https:\/\/www.grieta.org.mx\/index.php\/category\/noticias-nacionales\/baja-california-sur\/"},"img":{"alt_text":"","src":"https:\/\/i0.wp.com\/www.grieta.org.mx\/wp-content\/uploads\/2018\/03\/14524434_1106112876131411_958039263622046936_o.jpg?resize=350%2C200&ssl=1","width":350,"height":200,"srcset":"https:\/\/i0.wp.com\/www.grieta.org.mx\/wp-content\/uploads\/2018\/03\/14524434_1106112876131411_958039263622046936_o.jpg?resize=350%2C200&ssl=1 1x, https:\/\/i0.wp.com\/www.grieta.org.mx\/wp-content\/uploads\/2018\/03\/14524434_1106112876131411_958039263622046936_o.jpg?resize=525%2C300&ssl=1 1.5x, https:\/\/i0.wp.com\/www.grieta.org.mx\/wp-content\/uploads\/2018\/03\/14524434_1106112876131411_958039263622046936_o.jpg?resize=700%2C400&ssl=1 2x"},"classes":[]},{"id":47969,"url":"https:\/\/www.grieta.org.mx\/index.php\/2020\/04\/08\/coronavirus-denuncian-riesgo-de-jornaleros-agricolas-a-covid-19\/","url_meta":{"origin":30844,"position":3},"title":"Coronavirus: Denuncian riesgo de jornaleros agr\u00edcolas a COVID-19","author":"grieta","date":"8 abril, 2020","format":false,"excerpt":"En M\u00e9xico, al menos 2 millones de personas migran de su lugar de origen a los campos agr\u00edcolas para emplearse como jornaleras agr\u00edcolas Alina Escobedo, Plumas at\u00f3micas \/8 de abril de 2020 En M\u00e9xico, al menos 2 millones de personas migran de su lugar de origen a los campos agr\u00edcolas\u2026","rel":"","context":"En &quot;Baja California&quot;","block_context":{"text":"Baja California","link":"https:\/\/www.grieta.org.mx\/index.php\/category\/noticias-nacionales\/baja-california\/"},"img":{"alt_text":"","src":"https:\/\/i0.wp.com\/www.grieta.org.mx\/wp-content\/uploads\/2020\/04\/JornalerosCOVID.jpg?resize=350%2C200&ssl=1","width":350,"height":200,"srcset":"https:\/\/i0.wp.com\/www.grieta.org.mx\/wp-content\/uploads\/2020\/04\/JornalerosCOVID.jpg?resize=350%2C200&ssl=1 1x, https:\/\/i0.wp.com\/www.grieta.org.mx\/wp-content\/uploads\/2020\/04\/JornalerosCOVID.jpg?resize=525%2C300&ssl=1 1.5x, https:\/\/i0.wp.com\/www.grieta.org.mx\/wp-content\/uploads\/2020\/04\/JornalerosCOVID.jpg?resize=700%2C400&ssl=1 2x, https:\/\/i0.wp.com\/www.grieta.org.mx\/wp-content\/uploads\/2020\/04\/JornalerosCOVID.jpg?resize=1050%2C600&ssl=1 3x"},"classes":[]},{"id":6458,"url":"https:\/\/www.grieta.org.mx\/index.php\/2016\/08\/30\/lucha-de-jornaleros-agricolas-en-san-quintin\/","url_meta":{"origin":30844,"position":4},"title":"Lucha de jornaleros agr\u00edcolas en San Quint\u00edn","author":"grieta","date":"30 agosto, 2016","format":false,"excerpt":"30\/08\/16. Tras reuni\u00f3n con directivos de Berry Mex, levantan paro jornaleros de San Quint\u00edn La Jornada BC 30\/08\/16. Paro de labores en campos de frambuesas en San Quint\u00edn, BC La Cr\u00f3nica de Chihuahua 16\/06\/16. En un a\u00f1o, m\u00e1s de 100 demandas laborales de jornaleros en San Quint\u00edn La Jornada BC\u2026","rel":"","context":"En &quot;Baja California&quot;","block_context":{"text":"Baja California","link":"https:\/\/www.grieta.org.mx\/index.php\/category\/noticias-nacionales\/baja-california\/"},"img":{"alt_text":"","src":"https:\/\/i0.wp.com\/www.grieta.org.mx\/wp-content\/uploads\/2018\/03\/14524434_1106112876131411_958039263622046936_o.jpg?resize=350%2C200&ssl=1","width":350,"height":200,"srcset":"https:\/\/i0.wp.com\/www.grieta.org.mx\/wp-content\/uploads\/2018\/03\/14524434_1106112876131411_958039263622046936_o.jpg?resize=350%2C200&ssl=1 1x, https:\/\/i0.wp.com\/www.grieta.org.mx\/wp-content\/uploads\/2018\/03\/14524434_1106112876131411_958039263622046936_o.jpg?resize=525%2C300&ssl=1 1.5x, https:\/\/i0.wp.com\/www.grieta.org.mx\/wp-content\/uploads\/2018\/03\/14524434_1106112876131411_958039263622046936_o.jpg?resize=700%2C400&ssl=1 2x"},"classes":[]},{"id":37208,"url":"https:\/\/www.grieta.org.mx\/index.php\/2019\/07\/28\/explotan-en-slp-a-94-mil-jornaleros-indigenas-de-guerrero\/","url_meta":{"origin":30844,"position":5},"title":"Explotan en SLP a 94 mil jornaleros ind\u00edgenas de Guerrero","author":"grieta","date":"28 julio, 2019","format":false,"excerpt":"Cristian Morales \/ Quadrat\u00edn SLP SAN LUIS POTOS\u00cd, SLP., 28 de julio de 2019.- En condiciones de explotaci\u00f3n, sin servicios m\u00e9dicos y sumidos en la precariedad, han vivido cerca de 94 mil ind\u00edgenas de la regi\u00f3n Costa-Monta\u00f1a de Guerrero cuando llegan a laborar en cultivos de Cedral, Vanegas, Villa de\u2026","rel":"","context":"En &quot;CINTILLO&quot;","block_context":{"text":"CINTILLO","link":"https:\/\/www.grieta.org.mx\/index.php\/category\/cintillo\/"},"img":{"alt_text":"","src":"https:\/\/i0.wp.com\/www.grieta.org.mx\/wp-content\/uploads\/2019\/07\/campo-mexico-1160x700.jpg?resize=350%2C200&ssl=1","width":350,"height":200,"srcset":"https:\/\/i0.wp.com\/www.grieta.org.mx\/wp-content\/uploads\/2019\/07\/campo-mexico-1160x700.jpg?resize=350%2C200&ssl=1 1x, https:\/\/i0.wp.com\/www.grieta.org.mx\/wp-content\/uploads\/2019\/07\/campo-mexico-1160x700.jpg?resize=525%2C300&ssl=1 1.5x, https:\/\/i0.wp.com\/www.grieta.org.mx\/wp-content\/uploads\/2019\/07\/campo-mexico-1160x700.jpg?resize=700%2C400&ssl=1 2x, https:\/\/i0.wp.com\/www.grieta.org.mx\/wp-content\/uploads\/2019\/07\/campo-mexico-1160x700.jpg?resize=1050%2C600&ssl=1 3x"},"classes":[]}],"_links":{"self":[{"href":"https:\/\/www.grieta.org.mx\/index.php\/wp-json\/wp\/v2\/posts\/30844","targetHints":{"allow":["GET"]}}],"collection":[{"href":"https:\/\/www.grieta.org.mx\/index.php\/wp-json\/wp\/v2\/posts"}],"about":[{"href":"https:\/\/www.grieta.org.mx\/index.php\/wp-json\/wp\/v2\/types\/post"}],"author":[{"embeddable":true,"href":"https:\/\/www.grieta.org.mx\/index.php\/wp-json\/wp\/v2\/users\/2"}],"replies":[{"embeddable":true,"href":"https:\/\/www.grieta.org.mx\/index.php\/wp-json\/wp\/v2\/comments?post=30844"}],"version-history":[{"count":1,"href":"https:\/\/www.grieta.org.mx\/index.php\/wp-json\/wp\/v2\/posts\/30844\/revisions"}],"predecessor-version":[{"id":30848,"href":"https:\/\/www.grieta.org.mx\/index.php\/wp-json\/wp\/v2\/posts\/30844\/revisions\/30848"}],"wp:featuredmedia":[{"embeddable":true,"href":"https:\/\/www.grieta.org.mx\/index.php\/wp-json\/wp\/v2\/media\/30847"}],"wp:attachment":[{"href":"https:\/\/www.grieta.org.mx\/index.php\/wp-json\/wp\/v2\/media?parent=30844"}],"wp:term":[{"taxonomy":"category","embeddable":true,"href":"https:\/\/www.grieta.org.mx\/index.php\/wp-json\/wp\/v2\/categories?post=30844"},{"taxonomy":"post_tag","embeddable":true,"href":"https:\/\/www.grieta.org.mx\/index.php\/wp-json\/wp\/v2\/tags?post=30844"}],"curies":[{"name":"wp","href":"https:\/\/api.w.org\/{rel}","templated":true}]}}