{"id":30841,"date":"2019-03-13T00:34:39","date_gmt":"2019-03-13T06:34:39","guid":{"rendered":"http:\/\/www.grieta.org.mx\/?p=30841"},"modified":"2019-03-18T00:45:17","modified_gmt":"2019-03-18T06:45:17","slug":"un-90-de-jornaleros-agricolas-en-la-region-no-tienen-seguro-social-sonora","status":"publish","type":"post","link":"https:\/\/www.grieta.org.mx\/index.php\/2019\/03\/13\/un-90-de-jornaleros-agricolas-en-la-region-no-tienen-seguro-social-sonora\/","title":{"rendered":"Un 90% de jornaleros agr\u00edcolas en la regi\u00f3n no tienen Seguro Social (Sonora)"},"content":{"rendered":"<figure id=\"attachment_30842\" aria-describedby=\"caption-attachment-30842\" style=\"width: 300px\" class=\"wp-caption aligncenter\"><img loading=\"lazy\" decoding=\"async\" data-attachment-id=\"30842\" data-permalink=\"https:\/\/www.grieta.org.mx\/index.php\/2019\/03\/13\/un-90-de-jornaleros-agricolas-en-la-region-no-tienen-seguro-social-sonora\/directjornaleros-sonora\/\" data-orig-file=\"https:\/\/www.grieta.org.mx\/wp-content\/uploads\/2019\/03\/directjornaleros-sonora.jpg\" data-orig-size=\"704,397\" data-comments-opened=\"0\" data-image-meta=\"{&quot;aperture&quot;:&quot;0&quot;,&quot;credit&quot;:&quot;&quot;,&quot;camera&quot;:&quot;&quot;,&quot;caption&quot;:&quot;&quot;,&quot;created_timestamp&quot;:&quot;0&quot;,&quot;copyright&quot;:&quot;&quot;,&quot;focal_length&quot;:&quot;0&quot;,&quot;iso&quot;:&quot;0&quot;,&quot;shutter_speed&quot;:&quot;0&quot;,&quot;title&quot;:&quot;&quot;,&quot;orientation&quot;:&quot;0&quot;}\" data-image-title=\"directjornaleros sonora\" data-image-description=\"\" data-image-caption=\"&lt;p&gt;Un 90% de jornaleros agr\u00edcolas en la regi\u00f3n no tienen Seguro Social.&lt;\/p&gt;\n\" data-medium-file=\"https:\/\/www.grieta.org.mx\/wp-content\/uploads\/2019\/03\/directjornaleros-sonora-300x169.jpg\" data-large-file=\"https:\/\/www.grieta.org.mx\/wp-content\/uploads\/2019\/03\/directjornaleros-sonora.jpg\" class=\"size-medium wp-image-30842\" src=\"http:\/\/www.grieta.org.mx\/wp-content\/uploads\/2019\/03\/directjornaleros-sonora-300x169.jpg\" alt=\"\" width=\"600\" height=\"248\" \/><figcaption id=\"caption-attachment-30842\" class=\"wp-caption-text\">Un 90% de jornaleros agr\u00edcolas en la regi\u00f3n no tienen Seguro Social.<\/figcaption><\/figure>\n<p>OPINI\u00d3N SONORA<\/p>\n<p>Empalme, Sonora.- Solo un 10 por ciento de los jornaleros que trabajan en los campos agr\u00edcolas de Guaymas y Empalme, a lo mucho, son dados de alta en el Instituto Mexicano del Seguro Social por sus patrones, mientras que el resto carece de seguridad social, denunci\u00f3 Agust\u00edn Ur\u00edas Arenas.<\/p>\n<p>El dirigente del Sindicato de Trabajadores del Campo y la Ciudad, adherido a la Federaci\u00f3n de Sindicatos y Organizaciones Independientes del Estado de Sonora (Fesoies), se\u00f1al\u00f3 que la enorme mayor\u00eda de los trabajadores migrantes laboran sin ning\u00fan tipo de garant\u00edas, expuestos adem\u00e1s a una serie de riesgos.<\/p>\n<p>Lament\u00f3 que las autoridades responsables de hacer cumplir la ley, los que deben de obligar a los patrones a dar de alta a sus trabajadores en el Seguro Social, simple y sencillamente hacen como que no saben nada y permiten esta grave irregularidad.<\/p>\n<p>Anunci\u00f3 que el pr\u00f3ximo viernes 15 de marzo, en la ciudad de Hermosillo, se va a llevar a cabo un congreso, en donde va a exponer y denunciar este tipo de situaciones, y va a llamar a todos los sindicatos participantes a hacer un frente com\u00fan para que se cumpla la ley.<\/p>\n<p>Dio a conocer que en ese congreso la Fesoies se va a adherir oficialmente a la Catem (Confederaci\u00f3n Aut\u00f3noma de Trabajadores y Empleados de M\u00e9xico), y va a aprovechar el foro para alzar la voz.<\/p>\n<p>El l\u00edder campesino aclar\u00f3 que como organizaci\u00f3n sindical no van en busca de m\u00e1s conquistas ni cargar la mano a los patrones, y solamente van a exigir que se cumpla la ley, porque con eso basta para que los trabajadores del campo tengan mejores condiciones laborales y mejoren con ello su calidad de vida.<\/p>\n<p>Pero para que eso se pueda cumplir es necesario que desaparezcan los sindicatos de ficci\u00f3n que solo sirven para defender al patr\u00f3n y solapar las injusticias contra sus representados, finaliz\u00f3.<\/p>\n<p><a href=\"https:\/\/opinionsonora.com\/2019\/03\/13\/un-90-de-jornaleros-agricolas-en-la-region-no-tienen-seguro-social\/\" rel=\"noopener noreferrer\" target=\"_blank\">https:\/\/opinionsonora.com\/2019\/03\/13\/un-90-de-jornaleros-agricolas-en-la-region-no-tienen-seguro-social\/<\/a><\/p>\n","protected":false},"excerpt":{"rendered":"<p>OPINI\u00d3N SONORA Empalme, Sonora.- Solo un 10 por ciento de los jornaleros que trabajan en los campos agr\u00edcolas de Guaymas y Empalme, a lo mucho, son dados de alta en &hellip; <a href=\"https:\/\/www.grieta.org.mx\/index.php\/2019\/03\/13\/un-90-de-jornaleros-agricolas-en-la-region-no-tienen-seguro-social-sonora\/\" class=\"more-link\">Leer m\u00e1s<\/a><\/p>\n","protected":false},"author":2,"featured_media":30842,"comment_status":"closed","ping_status":"closed","sticky":false,"template":"","format":"standard","meta":{"ngg_post_thumbnail":0,"_jetpack_newsletter_access":"","_jetpack_dont_email_post_to_subs":false,"_jetpack_newsletter_tier_id":0,"_jetpack_memberships_contains_paywalled_content":false,"_jetpack_memberships_contains_paid_content":false,"footnotes":""},"categories":[80,910,85,2319,1214,86,2,31,83],"tags":[204,2322,2320,2321],"class_list":["post-30841","post","type-post","status-publish","format-standard","has-post-thumbnail","hentry","category-cintillo","category-explotacion-y-precariedad-laboral","category-jornaleros","category-jornaleros-en-sonora","category-migracion-en-sonora","category-migrantes","category-noticias-nacionales","category-sonora","category-temas-nacionales","tag-jornaleros","tag-migracion-interna","tag-trabajadores-rurales","tag-trabajadores-sin-seguro-social","entry"],"jetpack_featured_media_url":"https:\/\/www.grieta.org.mx\/wp-content\/uploads\/2019\/03\/directjornaleros-sonora.jpg","jetpack_sharing_enabled":true,"jetpack_shortlink":"https:\/\/wp.me\/p7ZJR4-81r","jetpack_likes_enabled":false,"jetpack-related-posts":[{"id":30844,"url":"https:\/\/www.grieta.org.mx\/index.php\/2019\/02\/27\/solo-7-5-de-jornaleros-agricolas-cuentan-con-seguridad-social\/","url_meta":{"origin":30841,"position":0},"title":"S\u00f3lo 7.5% de jornaleros agr\u00edcolas cuentan con seguridad social","author":"grieta","date":"27 febrero, 2019","format":false,"excerpt":"Al\u00e1n Avi\u00f1a\/UNIRADIO NOTICIAS Hermosillo.- S\u00f3lo el 7.5% de los jornaleros agr\u00edcolas del Pa\u00eds cuentan con seguridad social y existe una sobredemanda de trabajadores que ha intensificado la migraci\u00f3n temporal en el interior de M\u00e9xico, indic\u00f3 Mar\u00eda Antonieta Barr\u00f3n P\u00e9rez. La investigadora de la Facultad de Econom\u00eda de la Universidad Nacional\u2026","rel":"","context":"En &quot;Baja California&quot;","block_context":{"text":"Baja California","link":"https:\/\/www.grieta.org.mx\/index.php\/category\/noticias-nacionales\/baja-california\/"},"img":{"alt_text":"","src":"https:\/\/i0.wp.com\/www.grieta.org.mx\/wp-content\/uploads\/2019\/03\/jornaleros-sonora.jpg?resize=350%2C200&ssl=1","width":350,"height":200,"srcset":"https:\/\/i0.wp.com\/www.grieta.org.mx\/wp-content\/uploads\/2019\/03\/jornaleros-sonora.jpg?resize=350%2C200&ssl=1 1x, https:\/\/i0.wp.com\/www.grieta.org.mx\/wp-content\/uploads\/2019\/03\/jornaleros-sonora.jpg?resize=525%2C300&ssl=1 1.5x, https:\/\/i0.wp.com\/www.grieta.org.mx\/wp-content\/uploads\/2019\/03\/jornaleros-sonora.jpg?resize=700%2C400&ssl=1 2x"},"classes":[]},{"id":47969,"url":"https:\/\/www.grieta.org.mx\/index.php\/2020\/04\/08\/coronavirus-denuncian-riesgo-de-jornaleros-agricolas-a-covid-19\/","url_meta":{"origin":30841,"position":1},"title":"Coronavirus: Denuncian riesgo de jornaleros agr\u00edcolas a COVID-19","author":"grieta","date":"8 abril, 2020","format":false,"excerpt":"En M\u00e9xico, al menos 2 millones de personas migran de su lugar de origen a los campos agr\u00edcolas para emplearse como jornaleras agr\u00edcolas Alina Escobedo, Plumas at\u00f3micas \/8 de abril de 2020 En M\u00e9xico, al menos 2 millones de personas migran de su lugar de origen a los campos agr\u00edcolas\u2026","rel":"","context":"En &quot;Baja California&quot;","block_context":{"text":"Baja California","link":"https:\/\/www.grieta.org.mx\/index.php\/category\/noticias-nacionales\/baja-california\/"},"img":{"alt_text":"","src":"https:\/\/i0.wp.com\/www.grieta.org.mx\/wp-content\/uploads\/2020\/04\/JornalerosCOVID.jpg?resize=350%2C200&ssl=1","width":350,"height":200,"srcset":"https:\/\/i0.wp.com\/www.grieta.org.mx\/wp-content\/uploads\/2020\/04\/JornalerosCOVID.jpg?resize=350%2C200&ssl=1 1x, https:\/\/i0.wp.com\/www.grieta.org.mx\/wp-content\/uploads\/2020\/04\/JornalerosCOVID.jpg?resize=525%2C300&ssl=1 1.5x, https:\/\/i0.wp.com\/www.grieta.org.mx\/wp-content\/uploads\/2020\/04\/JornalerosCOVID.jpg?resize=700%2C400&ssl=1 2x, https:\/\/i0.wp.com\/www.grieta.org.mx\/wp-content\/uploads\/2020\/04\/JornalerosCOVID.jpg?resize=1050%2C600&ssl=1 3x"},"classes":[]},{"id":2770,"url":"https:\/\/www.grieta.org.mx\/index.php\/2015\/03\/31\/colima-entre-los-18-estados-donde-se-explota-a-los-jornaleros-agricolas-fiob\/","url_meta":{"origin":30841,"position":2},"title":"Colima, entre los 18 estados donde se explota a los jornaleros agr\u00edcolas: FIOB","author":"grieta","date":"31 marzo, 2015","format":false,"excerpt":"\u201cColima, M\u00e9xico. Avanzada (31 de marzo de 2015).- El Frente Ind\u00edgena de Organizaciones Binacionales (FIOB) denunci\u00f3 que en 18 estados del pa\u00eds, entre ellos Colima, Sinaloa, Sonora, Baja California, Jalisco y Nayarit, los jornaleros agr\u00edcolas viven en condiciones de vulnerabilidad y constante violaci\u00f3n a sus derechos fundamentales. \u201cSin que hasta\u2026","rel":"","context":"En &quot;CINTILLO&quot;","block_context":{"text":"CINTILLO","link":"https:\/\/www.grieta.org.mx\/index.php\/category\/cintillo\/"},"img":{"alt_text":"","src":"https:\/\/i0.wp.com\/www.grieta.org.mx\/wp-content\/uploads\/2018\/03\/14524434_1106112876131411_958039263622046936_o.jpg?resize=350%2C200&ssl=1","width":350,"height":200,"srcset":"https:\/\/i0.wp.com\/www.grieta.org.mx\/wp-content\/uploads\/2018\/03\/14524434_1106112876131411_958039263622046936_o.jpg?resize=350%2C200&ssl=1 1x, https:\/\/i0.wp.com\/www.grieta.org.mx\/wp-content\/uploads\/2018\/03\/14524434_1106112876131411_958039263622046936_o.jpg?resize=525%2C300&ssl=1 1.5x, https:\/\/i0.wp.com\/www.grieta.org.mx\/wp-content\/uploads\/2018\/03\/14524434_1106112876131411_958039263622046936_o.jpg?resize=700%2C400&ssl=1 2x"},"classes":[]},{"id":16493,"url":"https:\/\/www.grieta.org.mx\/index.php\/2016\/05\/18\/fresnillo-principal-destino-de-jornaleros\/","url_meta":{"origin":30841,"position":3},"title":"Fresnillo, principal destino de jornaleros","author":"grieta","date":"18 mayo, 2016","format":false,"excerpt":"GILBERTO CRESPO | NTRZACATECAS.COM Fresnillo.- Fresnillo es el municipio, de los 58 del estado, que emplea a la mayor cifra de jornaleros agr\u00edcolas, quienes viajan desde distintos estados de la Rep\u00fablica Mexicana en busca de trabajo. El Mineral es considerado dentro de las 10 zonas del pa\u00eds que m\u00e1s oportunidades\u2026","rel":"","context":"En &quot;CINTILLO&quot;","block_context":{"text":"CINTILLO","link":"https:\/\/www.grieta.org.mx\/index.php\/category\/cintillo\/"},"img":{"alt_text":"","src":"https:\/\/i0.wp.com\/www.grieta.org.mx\/wp-content\/uploads\/2018\/03\/14524434_1106112876131411_958039263622046936_o.jpg?resize=350%2C200&ssl=1","width":350,"height":200,"srcset":"https:\/\/i0.wp.com\/www.grieta.org.mx\/wp-content\/uploads\/2018\/03\/14524434_1106112876131411_958039263622046936_o.jpg?resize=350%2C200&ssl=1 1x, https:\/\/i0.wp.com\/www.grieta.org.mx\/wp-content\/uploads\/2018\/03\/14524434_1106112876131411_958039263622046936_o.jpg?resize=525%2C300&ssl=1 1.5x, https:\/\/i0.wp.com\/www.grieta.org.mx\/wp-content\/uploads\/2018\/03\/14524434_1106112876131411_958039263622046936_o.jpg?resize=700%2C400&ssl=1 2x"},"classes":[]},{"id":2761,"url":"https:\/\/www.grieta.org.mx\/index.php\/2015\/05\/19\/iniciojornaleros-jornaleros-agricolas-en-colima-explotados-y-sin-nadie-que-los-defienda\/","url_meta":{"origin":30841,"position":4},"title":"Jornaleros agr\u00edcolas en Colima: explotados y sin nadie que los defienda","author":"grieta","date":"19 mayo, 2015","format":false,"excerpt":"Heidi de Le\u00f3n Guti\u00e9rrez Diario Avanzada Publicado: 19 Mayo 2015 El Frente Ind\u00edgena de Organizaciones Binacionales (FIOB) denunci\u00f3 que en 18 estados del pa\u00eds, entre ellos Colima, los jornaleros agr\u00edcolas viven en condiciones de vulnerabilidad y constante violaci\u00f3n a sus derechos fundamentales Colima, M\u00e9xico. Avanzada (19 de mayo de 2015).-\u2026","rel":"","context":"En &quot;CINTILLO&quot;","block_context":{"text":"CINTILLO","link":"https:\/\/www.grieta.org.mx\/index.php\/category\/cintillo\/"},"img":{"alt_text":"","src":"https:\/\/i0.wp.com\/www.grieta.org.mx\/wp-content\/uploads\/2018\/03\/14524434_1106112876131411_958039263622046936_o.jpg?resize=350%2C200&ssl=1","width":350,"height":200,"srcset":"https:\/\/i0.wp.com\/www.grieta.org.mx\/wp-content\/uploads\/2018\/03\/14524434_1106112876131411_958039263622046936_o.jpg?resize=350%2C200&ssl=1 1x, https:\/\/i0.wp.com\/www.grieta.org.mx\/wp-content\/uploads\/2018\/03\/14524434_1106112876131411_958039263622046936_o.jpg?resize=525%2C300&ssl=1 1.5x, https:\/\/i0.wp.com\/www.grieta.org.mx\/wp-content\/uploads\/2018\/03\/14524434_1106112876131411_958039263622046936_o.jpg?resize=700%2C400&ssl=1 2x"},"classes":[]},{"id":37617,"url":"https:\/\/www.grieta.org.mx\/index.php\/2019\/07\/23\/slp-el-estado-con-mayor-cantidad-de-jornaleros-pero-sin-seguro-social\/","url_meta":{"origin":30841,"position":5},"title":"SLP, el estado con mayor cantidad de jornaleros\u2026 pero sin seguro social","author":"grieta","date":"23 julio, 2019","format":false,"excerpt":"Redacci\u00f3n \/ La Orquesta Incluso la CNDH duda de Sedesol, pues entre 2015 y 2016 la cifra de jornaleros locales se redujo casi un 70 por ciento; tampoco no hay registro de sus centros de trabajo San Luis Potos\u00ed es uno de los once estados que tienen un porcentaje de\u2026","rel":"","context":"En &quot;CINTILLO&quot;","block_context":{"text":"CINTILLO","link":"https:\/\/www.grieta.org.mx\/index.php\/category\/cintillo\/"},"img":{"alt_text":"","src":"https:\/\/i0.wp.com\/www.grieta.org.mx\/wp-content\/uploads\/2019\/08\/jornaleros-1.jpg?resize=350%2C200&ssl=1","width":350,"height":200,"srcset":"https:\/\/i0.wp.com\/www.grieta.org.mx\/wp-content\/uploads\/2019\/08\/jornaleros-1.jpg?resize=350%2C200&ssl=1 1x, https:\/\/i0.wp.com\/www.grieta.org.mx\/wp-content\/uploads\/2019\/08\/jornaleros-1.jpg?resize=525%2C300&ssl=1 1.5x, https:\/\/i0.wp.com\/www.grieta.org.mx\/wp-content\/uploads\/2019\/08\/jornaleros-1.jpg?resize=700%2C400&ssl=1 2x, https:\/\/i0.wp.com\/www.grieta.org.mx\/wp-content\/uploads\/2019\/08\/jornaleros-1.jpg?resize=1050%2C600&ssl=1 3x"},"classes":[]}],"_links":{"self":[{"href":"https:\/\/www.grieta.org.mx\/index.php\/wp-json\/wp\/v2\/posts\/30841","targetHints":{"allow":["GET"]}}],"collection":[{"href":"https:\/\/www.grieta.org.mx\/index.php\/wp-json\/wp\/v2\/posts"}],"about":[{"href":"https:\/\/www.grieta.org.mx\/index.php\/wp-json\/wp\/v2\/types\/post"}],"author":[{"embeddable":true,"href":"https:\/\/www.grieta.org.mx\/index.php\/wp-json\/wp\/v2\/users\/2"}],"replies":[{"embeddable":true,"href":"https:\/\/www.grieta.org.mx\/index.php\/wp-json\/wp\/v2\/comments?post=30841"}],"version-history":[{"count":1,"href":"https:\/\/www.grieta.org.mx\/index.php\/wp-json\/wp\/v2\/posts\/30841\/revisions"}],"predecessor-version":[{"id":30846,"href":"https:\/\/www.grieta.org.mx\/index.php\/wp-json\/wp\/v2\/posts\/30841\/revisions\/30846"}],"wp:featuredmedia":[{"embeddable":true,"href":"https:\/\/www.grieta.org.mx\/index.php\/wp-json\/wp\/v2\/media\/30842"}],"wp:attachment":[{"href":"https:\/\/www.grieta.org.mx\/index.php\/wp-json\/wp\/v2\/media?parent=30841"}],"wp:term":[{"taxonomy":"category","embeddable":true,"href":"https:\/\/www.grieta.org.mx\/index.php\/wp-json\/wp\/v2\/categories?post=30841"},{"taxonomy":"post_tag","embeddable":true,"href":"https:\/\/www.grieta.org.mx\/index.php\/wp-json\/wp\/v2\/tags?post=30841"}],"curies":[{"name":"wp","href":"https:\/\/api.w.org\/{rel}","templated":true}]}}