{"id":30680,"date":"2019-03-05T23:04:53","date_gmt":"2019-03-06T05:04:53","guid":{"rendered":"http:\/\/www.grieta.org.mx\/?p=30680"},"modified":"2019-03-13T23:09:18","modified_gmt":"2019-03-14T05:09:18","slug":"con-toma-de-instalaciones-de-alcaldia-exigen-servicio-de-pozo-de-agua-potable-hidalgo","status":"publish","type":"post","link":"https:\/\/www.grieta.org.mx\/index.php\/2019\/03\/05\/con-toma-de-instalaciones-de-alcaldia-exigen-servicio-de-pozo-de-agua-potable-hidalgo\/","title":{"rendered":"Con toma de instalaciones de alcald\u00eda, exigen servicio de pozo de agua potable (Hidalgo)"},"content":{"rendered":"<p><img decoding=\"async\" data-attachment-id=\"30681\" data-permalink=\"https:\/\/www.grieta.org.mx\/index.php\/2019\/03\/05\/con-toma-de-instalaciones-de-alcaldia-exigen-servicio-de-pozo-de-agua-potable-hidalgo\/hidalgo-agua\/\" data-orig-file=\"https:\/\/www.grieta.org.mx\/wp-content\/uploads\/2019\/03\/hidalgo-agua.jpg\" data-orig-size=\"1120,840\" data-comments-opened=\"0\" data-image-meta=\"{&quot;aperture&quot;:&quot;0&quot;,&quot;credit&quot;:&quot;&quot;,&quot;camera&quot;:&quot;&quot;,&quot;caption&quot;:&quot;&quot;,&quot;created_timestamp&quot;:&quot;0&quot;,&quot;copyright&quot;:&quot;&quot;,&quot;focal_length&quot;:&quot;0&quot;,&quot;iso&quot;:&quot;0&quot;,&quot;shutter_speed&quot;:&quot;0&quot;,&quot;title&quot;:&quot;&quot;,&quot;orientation&quot;:&quot;0&quot;}\" data-image-title=\"hidalgo agua\" data-image-description=\"\" data-image-caption=\"\" data-medium-file=\"https:\/\/www.grieta.org.mx\/wp-content\/uploads\/2019\/03\/hidalgo-agua-300x225.jpg\" data-large-file=\"https:\/\/www.grieta.org.mx\/wp-content\/uploads\/2019\/03\/hidalgo-agua-1024x768.jpg\" src=\"http:\/\/www.grieta.org.mx\/wp-content\/uploads\/2019\/03\/hidalgo-agua.jpg\" alt=\"\" height=\"100%\" class=\"aligncenter size-full wp-image-30681\" srcset=\"https:\/\/www.grieta.org.mx\/wp-content\/uploads\/2019\/03\/hidalgo-agua.jpg 1120w, https:\/\/www.grieta.org.mx\/wp-content\/uploads\/2019\/03\/hidalgo-agua-300x225.jpg 300w, https:\/\/www.grieta.org.mx\/wp-content\/uploads\/2019\/03\/hidalgo-agua-768x576.jpg 768w, https:\/\/www.grieta.org.mx\/wp-content\/uploads\/2019\/03\/hidalgo-agua-1024x768.jpg 1024w, https:\/\/www.grieta.org.mx\/wp-content\/uploads\/2019\/03\/hidalgo-agua-667x500.jpg 667w\" sizes=\"(max-width: 1120px) 100vw, 1120px\" \/><\/p>\n<p>Daniel Mart\u00ednez Mart\u00ednez \/ Ultranoticias<\/p>\n<blockquote><p>Con toma de instalaciones de alcald\u00eda, exigen servicio de pozo de agua potable<\/p><\/blockquote>\n<p>Cuautepec de Hinojosa, Hidalgo.- Vecinos de la comunidad de Santa Elena Paliseca, bloquearon la ma\u00f1ana de este martes 5 de marzo, el acceso a la presidencia municipal, exigiendo poner en funcionamiento un pozo para surtido de agua potable que fue inaugurado hace un mes por las autoridades locales.<\/p>\n<p>Alrededor de un centenar de personas se instalaron con pancartas y lanzando consignas, frente al acceso al edificio p\u00fablico, exigiendo la presencia de la alcaldesa Hayd\u00e9 Garc\u00eda Acosta, as\u00ed como del resto de los integrantes de la Asamblea Municipal, para que explicaran por qu\u00e9 no funcionaba a\u00fan el pozo.<\/p>\n<p>Tambi\u00e9n exig\u00edan compromiso en cuanto al inicio de funciones de la infraestructura, para surtir de agua tanto a los habitantes de la comunidad mencionada, como del barrio de Alhoajoyucan, y la comunidad de Cebaditas.<\/p>\n<p>Rub\u00e9n Cenobio Veloz, Secretario Municipal, se present\u00f3 ante los manifestantes para solicitar que se conformara una comisi\u00f3n a la que se le explicar\u00eda por qu\u00e9 a\u00fan no funcionaba el pozo, as\u00ed como otras cuestiones relacionadas con el problema.<\/p>\n<p>Sin embargo, los manifestantes se negaron a ello, se\u00f1alando que no se retirar\u00edan del sitio hasta recibir explicaci\u00f3n, pero sobre todo compromiso de parte de las autoridades municipales respecto al funcionamiento del pozo.<\/p>\n<p>Al cierre de la edici\u00f3n, los manifestantes se manten\u00edan en el acceso a la presidencia municipal, impidiendo entrar o salir a las personas, y se\u00f1alando que se mantendr\u00edan en el sitio todo el tiempo que fuera necesario.<\/p>\n<p>Durante la manifestaci\u00f3n, narraron que la solicitud para contar con un pozo de surtido de agua potable se hizo desde hace unos 12 a\u00f1os, aproximadamente, incluso realiz\u00e1ndose hace alg\u00fan tiempo estudios diversos.<\/p>\n<p>Fue hasta hace un par de a\u00f1os, cuando se establecieron formalmente los antecedentes para la construcci\u00f3n de la infraestructura hidr\u00e1ulica.<\/p>\n<p>Sin embargo, pese a que las autoridades municipales realizaron a mediados del pasado mes de febrero una ceremonia de entrega del pozo, \u00e9ste no se encuentra en funcionamiento, lo que ha provocado el enojo de la poblaci\u00f3n, derivando ayer en el bloqueo de las instalaciones de la presidencia municipal.<\/p>\n<p>Elementos policiacos y algunos funcionarios de la presidencia municipal, se retiraron del sitio de la protesta, luego de ser objeto de agresiones por parte de los manifestantes.<\/p>\n<p>La decisi\u00f3n se tom\u00f3 luego de que uno de los elementos policiacos municipales fuera lastimado cuando un manifestante le amarr\u00f3 un lazo en el cuello.<\/p>\n<p><a href=\"http:\/\/ultranoticias.com.mx\/theme-features\/hidalgo-portada\/panorama-general-hidalgo\/item\/43401-incluso-se-presentaron-situaciones-de-violencia-en-la-demarcacion.html\" rel=\"noopener noreferrer\" target=\"_blank\">http:\/\/ultranoticias.com.mx\/theme-features\/hidalgo-portada\/panorama-general-hidalgo\/item\/43401-incluso-se-presentaron-situaciones-de-violencia-en-la-demarcacion.html<\/a><\/p>\n","protected":false},"excerpt":{"rendered":"<p>Daniel Mart\u00ednez Mart\u00ednez \/ Ultranoticias Con toma de instalaciones de alcald\u00eda, exigen servicio de pozo de agua potable Cuautepec de Hinojosa, Hidalgo.- Vecinos de la comunidad de Santa Elena Paliseca, &hellip; <a href=\"https:\/\/www.grieta.org.mx\/index.php\/2019\/03\/05\/con-toma-de-instalaciones-de-alcaldia-exigen-servicio-de-pozo-de-agua-potable-hidalgo\/\" class=\"more-link\">Leer m\u00e1s<\/a><\/p>\n","protected":false},"author":2,"featured_media":30681,"comment_status":"closed","ping_status":"closed","sticky":false,"template":"","format":"standard","meta":{"ngg_post_thumbnail":0,"_jetpack_newsletter_access":"","_jetpack_dont_email_post_to_subs":false,"_jetpack_newsletter_tier_id":0,"_jetpack_memberships_contains_paywalled_content":false,"_jetpack_memberships_contains_paid_content":false,"footnotes":""},"categories":[80,2188,19],"tags":[224,880],"class_list":["post-30680","post","type-post","status-publish","format-standard","has-post-thumbnail","hentry","category-cintillo","category-escasez-de-agua-en-hidalgo","category-hidalgo","tag-agua","tag-protestas","entry"],"jetpack_featured_media_url":"https:\/\/www.grieta.org.mx\/wp-content\/uploads\/2019\/03\/hidalgo-agua.jpg","jetpack_sharing_enabled":true,"jetpack_shortlink":"https:\/\/wp.me\/p7ZJR4-7YQ","jetpack_likes_enabled":false,"jetpack-related-posts":[{"id":34535,"url":"https:\/\/www.grieta.org.mx\/index.php\/2019\/04\/02\/amenazan-con-bloqueos-si-persiste-falta-de-agua-potable-en-colonias-de-tlaxcoapan-hidalgo\/","url_meta":{"origin":30680,"position":0},"title":"Amenazan con bloqueos si persiste falta de agua potable en colonias de Tlaxcoapan (Hidalgo)","author":"grieta","date":"2 abril, 2019","format":false,"excerpt":"Miguel \u00c1. Mart\u00ednez \/ Diario V\u00eda Libre Tlaxcoapan. Persiste la falta de agua en diversas colonias y comunidades del municipio, por lo que ante la inconformidad ciudadana, decenas de pobladores advirtieron que, de no regularizarse el servicio, a m\u00e1s tardar el siguiente mi\u00e9rcoles volver\u00e1n a efectuar bloqueos carreteros. Los inconformes\u2026","rel":"","context":"En &quot;CINTILLO&quot;","block_context":{"text":"CINTILLO","link":"https:\/\/www.grieta.org.mx\/index.php\/category\/cintillo\/"},"img":{"alt_text":"","src":"https:\/\/i0.wp.com\/www.grieta.org.mx\/wp-content\/uploads\/2019\/06\/direct-7.jpg?resize=350%2C200&ssl=1","width":350,"height":200,"srcset":"https:\/\/i0.wp.com\/www.grieta.org.mx\/wp-content\/uploads\/2019\/06\/direct-7.jpg?resize=350%2C200&ssl=1 1x, https:\/\/i0.wp.com\/www.grieta.org.mx\/wp-content\/uploads\/2019\/06\/direct-7.jpg?resize=525%2C300&ssl=1 1.5x, https:\/\/i0.wp.com\/www.grieta.org.mx\/wp-content\/uploads\/2019\/06\/direct-7.jpg?resize=700%2C400&ssl=1 2x"},"classes":[]},{"id":18811,"url":"https:\/\/www.grieta.org.mx\/index.php\/2016\/08\/03\/cierran-carretera-en-mixquiahuala-por-incumplimiento-de-pemex\/","url_meta":{"origin":30680,"position":1},"title":"Cierran carretera en Mixquiahuala por incumplimiento de Pemex","author":"grieta","date":"3 agosto, 2016","format":false,"excerpt":"Rocio Velarde Mixquiahuala.- Habitantes de Mixquiahuala cerraron la carretera Tula-Actopan por el incumplimiento de Pemex para operar un pozo de agua potable, que suministra el servicio a la comunidad de Taxhuada. Ayer funcionarios municipales y vecinos de la demarcaci\u00f3n arribaron al pozo de agua que se ubica sobre la carretera\u2026","rel":"","context":"En &quot;CINTILLO&quot;","block_context":{"text":"CINTILLO","link":"https:\/\/www.grieta.org.mx\/index.php\/category\/cintillo\/"},"img":{"alt_text":"","src":"https:\/\/i0.wp.com\/www.grieta.org.mx\/wp-content\/uploads\/2018\/03\/14524434_1106112876131411_958039263622046936_o.jpg?resize=350%2C200&ssl=1","width":350,"height":200,"srcset":"https:\/\/i0.wp.com\/www.grieta.org.mx\/wp-content\/uploads\/2018\/03\/14524434_1106112876131411_958039263622046936_o.jpg?resize=350%2C200&ssl=1 1x, https:\/\/i0.wp.com\/www.grieta.org.mx\/wp-content\/uploads\/2018\/03\/14524434_1106112876131411_958039263622046936_o.jpg?resize=525%2C300&ssl=1 1.5x, https:\/\/i0.wp.com\/www.grieta.org.mx\/wp-content\/uploads\/2018\/03\/14524434_1106112876131411_958039263622046936_o.jpg?resize=700%2C400&ssl=1 2x"},"classes":[]},{"id":18810,"url":"https:\/\/www.grieta.org.mx\/index.php\/2016\/07\/25\/incumple-pemex-acuerdo-hidraulico\/","url_meta":{"origin":30680,"position":2},"title":"Incumple Pemex acuerdo hidr\u00e1ulico","author":"grieta","date":"25 julio, 2016","format":false,"excerpt":"Rocio Velarde Petr\u00f3leos Mexicanos (Pemex) incumpli\u00f3 con un acuerdo que hace d\u00e9cadas hizo con el ejido de Mixquiahuala de dotar de agua potable al municipio, lo que constantemente provoca el desabasto del vital l\u00edquido en la demarcaci\u00f3n. El acuerdo precisa que la exparaestatal perforar\u00eda varios pozos de agua dentro del\u2026","rel":"","context":"En &quot;CINTILLO&quot;","block_context":{"text":"CINTILLO","link":"https:\/\/www.grieta.org.mx\/index.php\/category\/cintillo\/"},"img":{"alt_text":"","src":"https:\/\/i0.wp.com\/www.grieta.org.mx\/wp-content\/uploads\/2018\/03\/14524434_1106112876131411_958039263622046936_o.jpg?resize=350%2C200&ssl=1","width":350,"height":200,"srcset":"https:\/\/i0.wp.com\/www.grieta.org.mx\/wp-content\/uploads\/2018\/03\/14524434_1106112876131411_958039263622046936_o.jpg?resize=350%2C200&ssl=1 1x, https:\/\/i0.wp.com\/www.grieta.org.mx\/wp-content\/uploads\/2018\/03\/14524434_1106112876131411_958039263622046936_o.jpg?resize=525%2C300&ssl=1 1.5x, https:\/\/i0.wp.com\/www.grieta.org.mx\/wp-content\/uploads\/2018\/03\/14524434_1106112876131411_958039263622046936_o.jpg?resize=700%2C400&ssl=1 2x"},"classes":[]},{"id":18815,"url":"https:\/\/www.grieta.org.mx\/index.php\/2016\/08\/04\/protestan-pobladores-de-taxhuada-por-incumplimiento-de-pemex-en-la-construccion-de-un-pozo-de-agua\/","url_meta":{"origin":30680,"position":3},"title":"Protestan pobladores de Taxhuada por incumplimiento de Pemex en la construcci\u00f3n de un pozo de agua","author":"grieta","date":"4 agosto, 2016","format":false,"excerpt":"03\/08\/16. Cierran carretera en Mixquiahuala por incumplimiento de PemexEl Independiente de Hidalgo 25\/07\/16. Incumple Pemex acuerdo hidr\u00e1ulicoEl Independiente de Hidalgo 23\/05\/16. Contin\u00faa sin avance pozo de agua en Mixquiahuala Mixquiahuala en L\u00ednea","rel":"","context":"En &quot;Hidalgo&quot;","block_context":{"text":"Hidalgo","link":"https:\/\/www.grieta.org.mx\/index.php\/category\/noticias-nacionales\/hidalgo\/"},"img":{"alt_text":"","src":"https:\/\/i0.wp.com\/www.grieta.org.mx\/wp-content\/uploads\/2018\/03\/14524434_1106112876131411_958039263622046936_o.jpg?resize=350%2C200&ssl=1","width":350,"height":200,"srcset":"https:\/\/i0.wp.com\/www.grieta.org.mx\/wp-content\/uploads\/2018\/03\/14524434_1106112876131411_958039263622046936_o.jpg?resize=350%2C200&ssl=1 1x, https:\/\/i0.wp.com\/www.grieta.org.mx\/wp-content\/uploads\/2018\/03\/14524434_1106112876131411_958039263622046936_o.jpg?resize=525%2C300&ssl=1 1.5x, https:\/\/i0.wp.com\/www.grieta.org.mx\/wp-content\/uploads\/2018\/03\/14524434_1106112876131411_958039263622046936_o.jpg?resize=700%2C400&ssl=1 2x"},"classes":[]},{"id":18653,"url":"https:\/\/www.grieta.org.mx\/index.php\/2016\/07\/20\/agua-potable-un-gran-negocio-en-tlaxcala\/","url_meta":{"origin":30680,"position":4},"title":"Agua Potable un gran negocio en Tlaxcala","author":"grieta","date":"20 julio, 2016","format":false,"excerpt":"Por Roberto Nava Briones Casi 137 millones de pesos dejar\u00eda de ganancia al a\u00f1o a la Comisi\u00f3n de Agua Potable y Alcantarillado Municipal de Tlaxcala (CAPAM), la operaci\u00f3n del pozo La Colina n\u00famero 3 que habitantes de la comunidad de San Sebasti\u00e1n Atlahapa tomaron la decisi\u00f3n de suspender su trabajo\u2026","rel":"","context":"En &quot;CINTILLO&quot;","block_context":{"text":"CINTILLO","link":"https:\/\/www.grieta.org.mx\/index.php\/category\/cintillo\/"},"img":{"alt_text":"","src":"https:\/\/i0.wp.com\/www.grieta.org.mx\/wp-content\/uploads\/2016\/08\/200716_agua_potable_un_gran_negocio_en_tlaxcala.jpg?resize=350%2C200&ssl=1","width":350,"height":200},"classes":[]},{"id":906,"url":"https:\/\/www.grieta.org.mx\/index.php\/2015\/02\/03\/tensa-situacion-en-coyotepec-policia-municipal-toma-con-armas-de-fuego-pozo-de-agua-y-envia-golpeadores-contra-pobladores\/","url_meta":{"origin":30680,"position":5},"title":"Tensa situaci\u00f3n en Coyotepec, polic\u00eda municipal toma con armas de fuego pozo de agua y env\u00eda golpeadores contra pobladores","author":"grieta","date":"3 febrero, 2015","format":false,"excerpt":"Ciudad de M\u00e9xico, 3 de febrero de 2015. Desde las primeras horas del d\u00eda de hoy se registr\u00f3 cuatro enfrentamientos entre pobladores de Coyotepec, Estado de M\u00e9xico, y grupos de choque pagados por el gobierno municipal. \u201cEl alcalde Alfredo Anguiano Fuentes, les pago a unas cien personas para que nos\u2026","rel":"","context":"En &quot;CINTILLO&quot;","block_context":{"text":"CINTILLO","link":"https:\/\/www.grieta.org.mx\/index.php\/category\/cintillo\/"},"img":{"alt_text":"","src":"https:\/\/i0.wp.com\/www.grieta.org.mx\/wp-content\/uploads\/2018\/03\/14524434_1106112876131411_958039263622046936_o.jpg?resize=350%2C200&ssl=1","width":350,"height":200,"srcset":"https:\/\/i0.wp.com\/www.grieta.org.mx\/wp-content\/uploads\/2018\/03\/14524434_1106112876131411_958039263622046936_o.jpg?resize=350%2C200&ssl=1 1x, https:\/\/i0.wp.com\/www.grieta.org.mx\/wp-content\/uploads\/2018\/03\/14524434_1106112876131411_958039263622046936_o.jpg?resize=525%2C300&ssl=1 1.5x, https:\/\/i0.wp.com\/www.grieta.org.mx\/wp-content\/uploads\/2018\/03\/14524434_1106112876131411_958039263622046936_o.jpg?resize=700%2C400&ssl=1 2x"},"classes":[]}],"_links":{"self":[{"href":"https:\/\/www.grieta.org.mx\/index.php\/wp-json\/wp\/v2\/posts\/30680","targetHints":{"allow":["GET"]}}],"collection":[{"href":"https:\/\/www.grieta.org.mx\/index.php\/wp-json\/wp\/v2\/posts"}],"about":[{"href":"https:\/\/www.grieta.org.mx\/index.php\/wp-json\/wp\/v2\/types\/post"}],"author":[{"embeddable":true,"href":"https:\/\/www.grieta.org.mx\/index.php\/wp-json\/wp\/v2\/users\/2"}],"replies":[{"embeddable":true,"href":"https:\/\/www.grieta.org.mx\/index.php\/wp-json\/wp\/v2\/comments?post=30680"}],"version-history":[{"count":1,"href":"https:\/\/www.grieta.org.mx\/index.php\/wp-json\/wp\/v2\/posts\/30680\/revisions"}],"predecessor-version":[{"id":30682,"href":"https:\/\/www.grieta.org.mx\/index.php\/wp-json\/wp\/v2\/posts\/30680\/revisions\/30682"}],"wp:featuredmedia":[{"embeddable":true,"href":"https:\/\/www.grieta.org.mx\/index.php\/wp-json\/wp\/v2\/media\/30681"}],"wp:attachment":[{"href":"https:\/\/www.grieta.org.mx\/index.php\/wp-json\/wp\/v2\/media?parent=30680"}],"wp:term":[{"taxonomy":"category","embeddable":true,"href":"https:\/\/www.grieta.org.mx\/index.php\/wp-json\/wp\/v2\/categories?post=30680"},{"taxonomy":"post_tag","embeddable":true,"href":"https:\/\/www.grieta.org.mx\/index.php\/wp-json\/wp\/v2\/tags?post=30680"}],"curies":[{"name":"wp","href":"https:\/\/api.w.org\/{rel}","templated":true}]}}