{"id":30666,"date":"2019-03-06T19:50:48","date_gmt":"2019-03-07T01:50:48","guid":{"rendered":"http:\/\/www.grieta.org.mx\/?p=30666"},"modified":"2019-03-13T20:02:20","modified_gmt":"2019-03-14T02:02:20","slug":"colectivo-niega-a-filiberto-ku-cha-como-lider-maya-yucatan","status":"publish","type":"post","link":"https:\/\/www.grieta.org.mx\/index.php\/2019\/03\/06\/colectivo-niega-a-filiberto-ku-cha-como-lider-maya-yucatan\/","title":{"rendered":"Colectivo niega a Filiberto K\u00fa Cha como l\u00edder maya (Yucat\u00e1n)"},"content":{"rendered":"<p><img loading=\"lazy\" decoding=\"async\" data-attachment-id=\"30670\" data-permalink=\"https:\/\/www.grieta.org.mx\/index.php\/2019\/03\/06\/colectivo-niega-a-filiberto-ku-cha-como-lider-maya-yucatan\/nissiqe0s6ec_560\/\" data-orig-file=\"https:\/\/www.grieta.org.mx\/wp-content\/uploads\/2019\/03\/nissiqe0s6ec_560.jpg\" data-orig-size=\"560,371\" data-comments-opened=\"0\" data-image-meta=\"{&quot;aperture&quot;:&quot;0&quot;,&quot;credit&quot;:&quot;&quot;,&quot;camera&quot;:&quot;&quot;,&quot;caption&quot;:&quot;&quot;,&quot;created_timestamp&quot;:&quot;0&quot;,&quot;copyright&quot;:&quot;&quot;,&quot;focal_length&quot;:&quot;0&quot;,&quot;iso&quot;:&quot;0&quot;,&quot;shutter_speed&quot;:&quot;0&quot;,&quot;title&quot;:&quot;&quot;,&quot;orientation&quot;:&quot;0&quot;}\" data-image-title=\"nissiqe0s6ec_560\" data-image-description=\"\" data-image-caption=\"\" data-medium-file=\"https:\/\/www.grieta.org.mx\/wp-content\/uploads\/2019\/03\/nissiqe0s6ec_560-300x199.jpg\" data-large-file=\"https:\/\/www.grieta.org.mx\/wp-content\/uploads\/2019\/03\/nissiqe0s6ec_560.jpg\" src=\"http:\/\/www.grieta.org.mx\/wp-content\/uploads\/2019\/03\/nissiqe0s6ec_560-300x199.jpg\" alt=\"\" width=\"300\" height=\"199\" class=\"aligncenter size-medium wp-image-30670\" srcset=\"https:\/\/www.grieta.org.mx\/wp-content\/uploads\/2019\/03\/nissiqe0s6ec_560-300x199.jpg 300w, https:\/\/www.grieta.org.mx\/wp-content\/uploads\/2019\/03\/nissiqe0s6ec_560.jpg 560w\" sizes=\"auto, (max-width: 300px) 100vw, 300px\" \/><\/p>\n<blockquote><p>K\u00fa Chan se ha pronunciado a favor del Tren Maya, proyecto que rechaza la agrupaci\u00f3n<\/p><\/blockquote>\n<p>\u00d3scar Rodr\u00edguez<br \/>\nFoto: Rodrigo D\u00edaz Guzm\u00e1n<br \/>\nLa Jornada Maya<\/p>\n<p>M\u00e9rida, Yucat\u00e1n<br \/>\n\u201cRechazamos la existencia de l\u00edderes, supremos, gobernadores ind\u00edgenas mayas, o cualquier otra figura ileg\u00edtima que no tenga el poder ni la facultad de representar las decisiones ni la voz de las comunidades mayas, pues no se han realizado los mecanismos establecidos ni para la determinaci\u00f3n de dicha autoridad ni para realizar negociaciones relacionadas con el Tren Maya\u201d, expres\u00f3 el colectivo \u00dauchben Ch&#8217;i&#8217;ibal T\u00faumben T\u2019aan mediante comunicado difundido por los activistas, en referencia a Filiberto K\u00fa Chan, \u201cquien se hace llamar l\u00edder supremo ind\u00edgena\u201d.<\/p>\n<p>En el documento, proporcionado por el activista Carlos Escoffi\u00e9 Duarte se establece que &#8220;los derechos colectivos de las comunidades mayas no se pueden reducir a un tema agrario, ejidal y \u00fanicamente econ\u00f3mico, pues esto dejar\u00eda fuera a quienes vivimos en las comunidades sin tierras, tanto a hombres como mujeres quienes no ostentamos un t\u00edtulo agrario&#8221;.<\/p>\n<p>Asimismo, hace un deslinde de las declaraciones de Filberto K\u00fa Chan, \u201cquien se hace llamar l\u00edder supremo ind\u00edgena\u201d y se ha pronunciado a favor del Tren Maya.<\/p>\n<p>\u201cEn ning\u00fan momento (K\u00fa Chan) fue elegido por las comunidades mayas de la pen\u00ednsula, y mucho menos existi\u00f3 alg\u00fan procedimiento leg\u00edtimo para dar legalidad a su nombramiento como l\u00edder ind\u00edgena, por lo tanto, no representa nuestros intereses comunitarios, ni a nuestras comunidades, y mucho menos nuestras formas de organizaci\u00f3n y decisi\u00f3n comunitaria, ya que las afirmaciones hechas ante los medios s\u00f3lo pertenecen a una asociaci\u00f3n civil llamada Gubernatura Ind\u00edgena Nacional.<\/p>\n<p>Se afirma que ese colectivo no est\u00e1 de acuerdo con este proyecto, debido a que carecen de informaci\u00f3n que permita conocer todas las implicaciones, afectaciones, consecuencias y\/o beneficios que el proyecto pudiera ocasionar directa e indirectamente al pueblo maya, en lo relacionado a lo ambiental, social, econ\u00f3mico y cultural.<\/p>\n<p>De igual forma, cita el texto, reiteramos que todas las decisiones para llevar a cabo proyectos que impacten a las comunidades deber\u00e1n realizarse mediante toma de decisiones en asambleas comunitarias, por lo tanto quienes se ostenten como representantes supremos, no nos representan, y toda declaraci\u00f3n, foro, asamblea o acuerdo al que se llegue con estas personas carece de validez jur\u00eddica.<\/p>\n<p>En el desplegado se pide el respeto al derecho a la autodeterminaci\u00f3n del pueblo y las comunidades mayas, para lo cual se exige que se realicen los procedimientos de consulta respectivos, basados en la Constituci\u00f3n Pol\u00edtica mexicana y otros tratados internacionales.<\/p>\n<p>\u201cDe ninguna manera el proyecto del Tren Maya deber\u00e1 reducirse a un tema agrario y econ\u00f3mico, pues no todos los ejidatarios pertenecen al pueblo maya, ni todos los mayas son ejidatarios, adem\u00e1s de que, por lo general, las mujeres mayas no detentan t\u00edtulos ejidales por pr\u00e1cticas de discriminaci\u00f3n, por lo que, como consecuencia, quedar\u00edan fuera de la discusi\u00f3n, dej\u00e1ndolas en una situaci\u00f3n contraria a lo establecido en la Constituci\u00f3n Pol\u00edtica en la materia\u201d.<\/p>\n<p>Como hemos informado, Filiberto Ku Chan sostuvo un encuentro con autoridades federales donde se conform\u00f3 el \u201cForo Peninsular Ind\u00edgena Maya Permanente y Aut\u00f3nomo\u201d, donde se propuso que las tierras por donde pase el tren sean rentadas por parte de sus leg\u00edtimos due\u00f1os.<br \/>\n<a href=\"https:\/\/www.lajornadamaya.mx\/2019-03-06\/Colectivo-niega-a-Filiberto-Ku-Cha-como-lider-maya\" rel=\"noopener noreferrer\" target=\"_blank\">https:\/\/www.lajornadamaya.mx\/2019-03-06\/Colectivo-niega-a-Filiberto-Ku-Cha-como-lider-maya<\/a><\/p>\n","protected":false},"excerpt":{"rendered":"<p>K\u00fa Chan se ha pronunciado a favor del Tren Maya, proyecto que rechaza la agrupaci\u00f3n \u00d3scar Rodr\u00edguez Foto: Rodrigo D\u00edaz Guzm\u00e1n La Jornada Maya M\u00e9rida, Yucat\u00e1n \u201cRechazamos la existencia de &hellip; <a href=\"https:\/\/www.grieta.org.mx\/index.php\/2019\/03\/06\/colectivo-niega-a-filiberto-ku-cha-como-lider-maya-yucatan\/\" class=\"more-link\">Leer m\u00e1s<\/a><\/p>\n","protected":false},"author":2,"featured_media":30670,"comment_status":"closed","ping_status":"closed","sticky":false,"template":"","format":"standard","meta":{"ngg_post_thumbnail":0,"_jetpack_newsletter_access":"","_jetpack_dont_email_post_to_subs":false,"_jetpack_newsletter_tier_id":0,"_jetpack_memberships_contains_paywalled_content":false,"_jetpack_memberships_contains_paid_content":false,"footnotes":""},"categories":[80,3,922,952,1875,2026,36],"tags":[1878],"class_list":["post-30666","post","type-post","status-publish","format-standard","has-post-thumbnail","hentry","category-cintillo","category-megaproyectos","category-megaproyectos-estados","category-mp-yucatan","category-resistencia-al-tren-maya-en-la-peninsula-de-yucatan","category-tren-maya","category-yucatan","tag-tren-maya","entry"],"jetpack_featured_media_url":"https:\/\/www.grieta.org.mx\/wp-content\/uploads\/2019\/03\/nissiqe0s6ec_560.jpg","jetpack_sharing_enabled":true,"jetpack_shortlink":"https:\/\/wp.me\/p7ZJR4-7YC","jetpack_likes_enabled":false,"jetpack-related-posts":[{"id":50050,"url":"https:\/\/www.grieta.org.mx\/index.php\/2020\/05\/31\/los-derechos-indigenas-son-pisoteados-con-impunidad-presidencial-y-sin-recato-dicen-mayas-a-amlo\/","url_meta":{"origin":30666,"position":0},"title":"Los derechos ind\u00edgenas \u201cson pisoteados con impunidad presidencial y sin recato\u201d, dicen mayas a AMLO","author":"grieta","date":"31 mayo, 2020","format":false,"excerpt":"Redacci\u00f3n \/ Sin Embargo \u201cSr. L\u00f3pez, viene usted a Yucat\u00e1n, la tierra donde los malos gobiernos (de los tres niveles) se ponen sin decencia ni recato al servicio de megaproyectos de alma podrida, sembrando discordia y conflictos sociales en nuestras comunidades. Llega usted, Sr. L\u00f3pez, al Yucat\u00e1n donde la ilegalidad,\u2026","rel":"","context":"En &quot;16. Pueblo Maya&quot;","block_context":{"text":"16. Pueblo Maya","link":"https:\/\/www.grieta.org.mx\/index.php\/category\/espejos-de-la-resistencia\/16-pueblo-maya\/"},"img":{"alt_text":"","src":"https:\/\/i0.wp.com\/www.grieta.org.mx\/wp-content\/uploads\/2020\/05\/amloco-tirano-rex-e1590968383995.jpg?resize=350%2C200&ssl=1","width":350,"height":200,"srcset":"https:\/\/i0.wp.com\/www.grieta.org.mx\/wp-content\/uploads\/2020\/05\/amloco-tirano-rex-e1590968383995.jpg?resize=350%2C200&ssl=1 1x, https:\/\/i0.wp.com\/www.grieta.org.mx\/wp-content\/uploads\/2020\/05\/amloco-tirano-rex-e1590968383995.jpg?resize=525%2C300&ssl=1 1.5x, https:\/\/i0.wp.com\/www.grieta.org.mx\/wp-content\/uploads\/2020\/05\/amloco-tirano-rex-e1590968383995.jpg?resize=700%2C400&ssl=1 2x"},"classes":[]},{"id":47874,"url":"https:\/\/www.grieta.org.mx\/index.php\/2020\/04\/13\/las-vias-torcidas-del-tren-maya-video\/","url_meta":{"origin":30666,"position":1},"title":"Las v\u00edas torcidas del tren maya (Video)","author":"grieta","date":"13 abril, 2020","format":false,"excerpt":"https:\/\/www.youtube.com\/watch?v=k8FRX9eT0YY","rel":"","context":"En &quot;16. Pueblo Maya&quot;","block_context":{"text":"16. Pueblo Maya","link":"https:\/\/www.grieta.org.mx\/index.php\/category\/espejos-de-la-resistencia\/16-pueblo-maya\/"},"img":{"alt_text":"","src":"https:\/\/i0.wp.com\/www.grieta.org.mx\/wp-content\/uploads\/2020\/04\/ViasTorcidasTrenMaya.png?resize=350%2C200&ssl=1","width":350,"height":200,"srcset":"https:\/\/i0.wp.com\/www.grieta.org.mx\/wp-content\/uploads\/2020\/04\/ViasTorcidasTrenMaya.png?resize=350%2C200&ssl=1 1x, https:\/\/i0.wp.com\/www.grieta.org.mx\/wp-content\/uploads\/2020\/04\/ViasTorcidasTrenMaya.png?resize=525%2C300&ssl=1 1.5x, https:\/\/i0.wp.com\/www.grieta.org.mx\/wp-content\/uploads\/2020\/04\/ViasTorcidasTrenMaya.png?resize=700%2C400&ssl=1 2x"},"classes":[]},{"id":35603,"url":"https:\/\/www.grieta.org.mx\/index.php\/2019\/06\/23\/ni-rentamos-ni-vendemos-tierras-para-el-tren-pedro-uc\/","url_meta":{"origin":30666,"position":2},"title":"Ni rentamos ni vendemos tierras para el tren: Pedro Uc","author":"grieta","date":"23 junio, 2019","format":false,"excerpt":"Consejo Regional Ind\u00edgena Maya de Bacalar est\u00e1 en desacuerdo con el proyecto del ferrocarri Carlos \u00c1guila Arreola\/La Jornada Maya Foto: Facebook Pedro Uc Canc\u00fan, Quintana Roo \u201cNi rentamos ni vendemos la tierra\u201d, sentencia y sostiene el activista Pedro Uc Be, de la Asamblea de Defensores del Territorio Maya, y \u201cestamos\u2026","rel":"","context":"En &quot;16. Pueblo Maya&quot;","block_context":{"text":"16. Pueblo Maya","link":"https:\/\/www.grieta.org.mx\/index.php\/category\/espejos-de-la-resistencia\/16-pueblo-maya\/"},"img":{"alt_text":"","src":"https:\/\/i0.wp.com\/www.grieta.org.mx\/wp-content\/uploads\/2019\/06\/z15g13a773gm_560.jpg?resize=350%2C200&ssl=1","width":350,"height":200,"srcset":"https:\/\/i0.wp.com\/www.grieta.org.mx\/wp-content\/uploads\/2019\/06\/z15g13a773gm_560.jpg?resize=350%2C200&ssl=1 1x, https:\/\/i0.wp.com\/www.grieta.org.mx\/wp-content\/uploads\/2019\/06\/z15g13a773gm_560.jpg?resize=525%2C300&ssl=1 1.5x"},"classes":[]},{"id":51663,"url":"https:\/\/www.grieta.org.mx\/index.php\/2020\/07\/15\/algunas-voces-por-la-defensa-del-territorio-en-la-peninsula-de-yucatan\/","url_meta":{"origin":30666,"position":3},"title":"Algunas voces por la defensa del territorio en la Pen\u00ednsula de Yucat\u00e1n","author":"grieta","date":"15 julio, 2020","format":false,"excerpt":"Colectivo Grieta A pesar del confinamiento que a\u00fan no termina, las voces por la defensa del territorio se han continuado escuchando. Ya sea en foros, conversatorios, debates, entrevistas o manifestaciones estas voces suenan fuerte e invitan a la reflexi\u00f3n y a la organizaci\u00f3n. Los siguientes videos son solo una muestra\u2026","rel":"","context":"En &quot;Campeche&quot;","block_context":{"text":"Campeche","link":"https:\/\/www.grieta.org.mx\/index.php\/category\/noticias-nacionales\/campeche\/"},"img":{"alt_text":"","src":"https:\/\/i0.wp.com\/www.grieta.org.mx\/wp-content\/uploads\/2020\/07\/MarchaNoAlMalLlamadoTrenMaya.png?resize=350%2C200&ssl=1","width":350,"height":200},"classes":[]},{"id":53867,"url":"https:\/\/www.grieta.org.mx\/index.php\/2020\/09\/29\/tren-maya-acusan-al-poder-judicial-de-actuar-contra-pueblos-indigenas\/","url_meta":{"origin":30666,"position":4},"title":"Tren Maya: acusan al Poder Judicial de actuar contra pueblos ind\u00edgenas","author":"grieta","date":"29 septiembre, 2020","format":false,"excerpt":"Emanuel Rinc\u00f3n Becerra \/ Diario de Yucat\u00e1n Representantes del colectivo Asamblea Maya M\u00fauch Xiimbal y de otras agrupaciones que representan a comunidades ind\u00edgenas de la Pen\u00ednsula de Yucat\u00e1n afectadas por el proyecto Tren Maya advirtieron que el Poder Judicial no est\u00e1 defendiendo sus leg\u00edtimos derechos. En rueda de prensa virtual,\u2026","rel":"","context":"En &quot;Campeche&quot;","block_context":{"text":"Campeche","link":"https:\/\/www.grieta.org.mx\/index.php\/category\/noticias-nacionales\/campeche\/"},"img":{"alt_text":"","src":"https:\/\/i0.wp.com\/www.grieta.org.mx\/wp-content\/uploads\/2020\/09\/ConfPrensaDiarioYuc.png?resize=350%2C200&ssl=1","width":350,"height":200,"srcset":"https:\/\/i0.wp.com\/www.grieta.org.mx\/wp-content\/uploads\/2020\/09\/ConfPrensaDiarioYuc.png?resize=350%2C200&ssl=1 1x, https:\/\/i0.wp.com\/www.grieta.org.mx\/wp-content\/uploads\/2020\/09\/ConfPrensaDiarioYuc.png?resize=525%2C300&ssl=1 1.5x, https:\/\/i0.wp.com\/www.grieta.org.mx\/wp-content\/uploads\/2020\/09\/ConfPrensaDiarioYuc.png?resize=700%2C400&ssl=1 2x"},"classes":[]},{"id":35945,"url":"https:\/\/www.grieta.org.mx\/index.php\/2019\/07\/05\/expansion-de-megaproyectos-en-la-peninsula-de-yucatan-video\/","url_meta":{"origin":30666,"position":5},"title":"Expansi\u00f3n de Megaproyectos en la Pen\u00ednsula de Yucat\u00e1n (Video)","author":"grieta","date":"5 julio, 2019","format":false,"excerpt":"https:\/\/youtu.be\/qLBARIAaBsI","rel":"","context":"En &quot;Campeche&quot;","block_context":{"text":"Campeche","link":"https:\/\/www.grieta.org.mx\/index.php\/category\/noticias-nacionales\/campeche\/"},"img":{"alt_text":"","src":"https:\/\/i0.wp.com\/img.youtube.com\/vi\/qLBARIAaBsI\/0.jpg?resize=350%2C200","width":350,"height":200},"classes":[]}],"_links":{"self":[{"href":"https:\/\/www.grieta.org.mx\/index.php\/wp-json\/wp\/v2\/posts\/30666","targetHints":{"allow":["GET"]}}],"collection":[{"href":"https:\/\/www.grieta.org.mx\/index.php\/wp-json\/wp\/v2\/posts"}],"about":[{"href":"https:\/\/www.grieta.org.mx\/index.php\/wp-json\/wp\/v2\/types\/post"}],"author":[{"embeddable":true,"href":"https:\/\/www.grieta.org.mx\/index.php\/wp-json\/wp\/v2\/users\/2"}],"replies":[{"embeddable":true,"href":"https:\/\/www.grieta.org.mx\/index.php\/wp-json\/wp\/v2\/comments?post=30666"}],"version-history":[{"count":1,"href":"https:\/\/www.grieta.org.mx\/index.php\/wp-json\/wp\/v2\/posts\/30666\/revisions"}],"predecessor-version":[{"id":30672,"href":"https:\/\/www.grieta.org.mx\/index.php\/wp-json\/wp\/v2\/posts\/30666\/revisions\/30672"}],"wp:featuredmedia":[{"embeddable":true,"href":"https:\/\/www.grieta.org.mx\/index.php\/wp-json\/wp\/v2\/media\/30670"}],"wp:attachment":[{"href":"https:\/\/www.grieta.org.mx\/index.php\/wp-json\/wp\/v2\/media?parent=30666"}],"wp:term":[{"taxonomy":"category","embeddable":true,"href":"https:\/\/www.grieta.org.mx\/index.php\/wp-json\/wp\/v2\/categories?post=30666"},{"taxonomy":"post_tag","embeddable":true,"href":"https:\/\/www.grieta.org.mx\/index.php\/wp-json\/wp\/v2\/tags?post=30666"}],"curies":[{"name":"wp","href":"https:\/\/api.w.org\/{rel}","templated":true}]}}