{"id":30610,"date":"2019-03-09T13:28:55","date_gmt":"2019-03-09T19:28:55","guid":{"rendered":"http:\/\/www.grieta.org.mx\/?p=30610"},"modified":"2019-03-13T13:36:55","modified_gmt":"2019-03-13T19:36:55","slug":"a-100-dias-mina-o-vida","status":"publish","type":"post","link":"https:\/\/www.grieta.org.mx\/index.php\/2019\/03\/09\/a-100-dias-mina-o-vida\/","title":{"rendered":"A 100 d\u00edas: mina o vida"},"content":{"rendered":"<p>JULIO C\u00c9SAR RAM\u00cdREZ \/ El Siglo de Torre\u00f3n<\/p>\n<blockquote><p>A 100 d\u00edas de gobierno, que se cumplen este domingo, pueblos de los estados de Chihuahua, Baja California Sur, Veracruz, Puebla, Morelos y de m\u00faltiples regiones del pa\u00eds, piden al presidente Andr\u00e9s Manuel L\u00f3pez Obrador un cambio a fondo en pol\u00edtica minera. <\/p><\/blockquote>\n<p>Es sabido que el gobierno federal mexicano ha otorgado a particulares, empresas nacionales y empresas extranjeras, 25 mil 221 t\u00edtulos de concesi\u00f3n vigentes por m\u00e1s de cincuenta a\u00f1os para la realizaci\u00f3n de actividades de exploraci\u00f3n, explotaci\u00f3n y beneficio minero, mismos que abarcan el 10.79% del territorio nacional.<\/p>\n<p>Las actividades mineras, particularmente las que se realizan a trav\u00e9s de la t\u00e9cnica de extracci\u00f3n por tajo a cielo abierto, generan profundas e irreversibles afectaciones ambientales, con repercusiones graves en poblaciones que habitan los territorios pr\u00f3ximos a los sitios de explotaci\u00f3n debido a p\u00e9rdida de servicios ambientales, afectaciones a la salud y desarticulaci\u00f3n de los lazos econ\u00f3micos, sociales y culturales que vinculan a las poblaciones con sus territorios.<\/p>\n<p>Existen m\u00e1s de 120 conflictos socioambientales graves en territorio mexicano a ra\u00edz del desarrollo de proyectos mineros.<\/p>\n<p>El marco normativo que rige las actividades mineras opera al margen o incluso en abierta contradicci\u00f3n con los marcos normativos agrario, ambiental, de derechos humanos, laboral y derechos de pueblos originarios.<\/p>\n<p>Las actividades de exploraci\u00f3n, explotaci\u00f3n y beneficio minero no generan m\u00e1s que el 0.47% de los empleos de la poblaci\u00f3n econ\u00f3micamente activa, el 0.97% del producto interno bruto y el 0.57% de los ingresos de la federaci\u00f3n.<\/p>\n<p>El 3 de marzo en Cabo San Lucas, el presidente L\u00f3pez Obrador declar\u00f3 que cancelar\u00eda el proyecto minero Los Cardones -antes Paredones Amarillos o Concordia-, impulsado por la transnacional canadiense Vista Gold y despu\u00e9s transferido a Invecture -Grupo Salinas-, justificando su decisi\u00f3n en la protecci\u00f3n del medio ambiente y el abasto de agua de las poblaciones circundantes.<\/p>\n<p>Mas no existe claridad con respecto a c\u00f3mo el presidente har\u00e1 efectiva su promesa de cancelaci\u00f3n del proyecto minero Los Cardones y, por tanto, los pueblos afectados se\u00f1alan: &#8220;hasta no conocer en concreto su propuesta no hay motivo alguno para bajar la guardia en la movilizaci\u00f3n en contra del proyecto&#8221;.<\/p>\n<p>Por su parte, el 27 de febrero el gobernador de Veracruz, Cuitl\u00e1huac Garc\u00eda Jim\u00e9nez, declar\u00f3 que se cancelar\u00eda el proyecto minero de La Paila -tambi\u00e9n conocido como Caballo Blanco-, impulsado por la empresa Candelaria Mining Corp., a trav\u00e9s de su filial mexicana Caballo Blanco S.A de CV. Manifiestan los pobladores: &#8220;Queremos ver esta declaraci\u00f3n formalizada en un documento presentado oficialmente ante la legislatura estatal y los poderes federales&#8221;.<\/p>\n<p>As\u00ed, los pueblos que defienden territorio en estados y regiones mencionados, piden al presidente la cancelaci\u00f3n de los proyectos mineros La Paila y El Cobre, promovidos por la Candelaria Mining Corp., y Almaden Minerals, respectivamente, en Actopan y Alto Lucero, Veracruz.<\/p>\n<p>Reclaman la cancelaci\u00f3n efectiva de los proyectos mineros Los Cardones y San Antonio, de Invecture y Argonaut Gold, respectivamente, en La Paz, Loreto y Los Cabos, Baja California Sur.<\/p>\n<p>Piden la cancelaci\u00f3n efectiva del proyecto minero Ixtaca, de Almaden Minerals, en Ixtacamaxtitl\u00e1n, Puebla.<\/p>\n<p>Solicitan la cancelaci\u00f3n de las concesiones otorgadas a Alamos Gold en el estado de Morelos.<\/p>\n<p>Entre las peticiones se encuentra una moratoria en la entrega de concesiones mineras a particulares a nivel nacional.<\/p>\n<p>Proponen una reforma profunda al marco normativo que rige las actividades mineras -particularmente la Ley Minera-, con el prop\u00f3sito de evitar que los procesos de cancelaci\u00f3n de concesiones y proyectos mineros dependan del arbitrio del titular de la presidencia. &#8220;Exigimos que estos procesos se sustenten en normas claras de aplicaci\u00f3n universal, basadas en el derecho a la autonom\u00eda y libre determinaci\u00f3n de los pueblos sobre sus territorios, el derecho al consentimiento, al acceso al agua, a la salud, al medio ambiente sano; en resumen, a la vida. Que se sustenten en el fortalecimiento de la regulaci\u00f3n ambiental, los derechos agrarios y laborales y la promoci\u00f3n del bienestar de las poblaciones como imperativo que rige el desarrollo econ\u00f3mico del pa\u00eds&#8221;.<\/p>\n<p>Por \u00faltimo, reclaman seguridad y justicia para los defensores del territorio y la vida, como Samir Flores, opositor al Proyecto Integral Morelos, recientemente asesinado.<\/p>\n<p><a href=\"https:\/\/www.elsiglodetorreon.com.mx\/noticia\/1554443.a-100-dias-mina-o-vida.html\">https:\/\/www.elsiglodetorreon.com.mx\/noticia\/1554443.a-100-dias-mina-o-vida.html<\/a><\/p>\n","protected":false},"excerpt":{"rendered":"<p>JULIO C\u00c9SAR RAM\u00cdREZ \/ El Siglo de Torre\u00f3n A 100 d\u00edas de gobierno, que se cumplen este domingo, pueblos de los estados de Chihuahua, Baja California Sur, Veracruz, Puebla, Morelos &hellip; <a href=\"https:\/\/www.grieta.org.mx\/index.php\/2019\/03\/09\/a-100-dias-mina-o-vida\/\" class=\"more-link\">Leer m\u00e1s<\/a><\/p>\n","protected":false},"author":2,"featured_media":21928,"comment_status":"closed","ping_status":"closed","sticky":false,"template":"","format":"standard","meta":{"ngg_post_thumbnail":0,"_jetpack_newsletter_access":"","_jetpack_dont_email_post_to_subs":false,"_jetpack_newsletter_tier_id":0,"_jetpack_memberships_contains_paywalled_content":false,"_jetpack_memberships_contains_paid_content":false,"footnotes":""},"categories":[80,1923,3,6,704,1764,22,2,1431,35],"tags":[2216],"class_list":["post-30610","post","type-post","status-publish","format-standard","has-post-thumbnail","hentry","category-cintillo","category-fracking-en-veracruz","category-megaproyectos","category-mineria","category-mineria-analisis","category-conflictos-sociales-y-ambientales-por-mineria-en-morelos","category-morelos","category-noticias-nacionales","category-oposicion-a-mineria-en-veracruz","category-veracruz","tag-conflictos-por-mineria","entry"],"jetpack_featured_media_url":"https:\/\/www.grieta.org.mx\/wp-content\/uploads\/2018\/03\/14524434_1106112876131411_958039263622046936_o.jpg","jetpack_sharing_enabled":true,"jetpack_shortlink":"https:\/\/wp.me\/p7ZJR4-7XI","jetpack_likes_enabled":false,"jetpack-related-posts":[{"id":69212,"url":"https:\/\/www.grieta.org.mx\/index.php\/2024\/06\/15\/celebraran-el-decreto-vs-mineria-con-evento-morelos\/","url_meta":{"origin":30610,"position":0},"title":"Celebrar\u00e1n el Decreto vs miner\u00eda con evento (Morelos)","author":"grieta","date":"15 junio, 2024","format":false,"excerpt":"Salvador Rosas \/ Diario de Morelos A dos a\u00f1os de que se firm\u00f3 el \u201cDecreto de los pueblos nahuas de Morelos contra la miner\u00eda\u201d, la comunidad de Cuentepec, Temixco, realizar\u00e1 una serie de actividades pol\u00edticas-culturales para reafirmar su rechazo a los megaproyectos y a la miner\u00eda de tajo abierto en\u2026","rel":"","context":"En &quot;CINTILLO&quot;","block_context":{"text":"CINTILLO","link":"https:\/\/www.grieta.org.mx\/index.php\/category\/cintillo\/"},"img":{"alt_text":"","src":"https:\/\/i0.wp.com\/www.grieta.org.mx\/wp-content\/uploads\/2024\/06\/Screenshot-2024-06-25-at-13-06-15-Celebraran-el-Decreto-vs-mineria-con-evento.png?resize=350%2C200&ssl=1","width":350,"height":200,"srcset":"https:\/\/i0.wp.com\/www.grieta.org.mx\/wp-content\/uploads\/2024\/06\/Screenshot-2024-06-25-at-13-06-15-Celebraran-el-Decreto-vs-mineria-con-evento.png?resize=350%2C200&ssl=1 1x, https:\/\/i0.wp.com\/www.grieta.org.mx\/wp-content\/uploads\/2024\/06\/Screenshot-2024-06-25-at-13-06-15-Celebraran-el-Decreto-vs-mineria-con-evento.png?resize=525%2C300&ssl=1 1.5x, https:\/\/i0.wp.com\/www.grieta.org.mx\/wp-content\/uploads\/2024\/06\/Screenshot-2024-06-25-at-13-06-15-Celebraran-el-Decreto-vs-mineria-con-evento.png?resize=700%2C400&ssl=1 2x, https:\/\/i0.wp.com\/www.grieta.org.mx\/wp-content\/uploads\/2024\/06\/Screenshot-2024-06-25-at-13-06-15-Celebraran-el-Decreto-vs-mineria-con-evento.png?resize=1050%2C600&ssl=1 3x"},"classes":[]},{"id":44183,"url":"https:\/\/www.grieta.org.mx\/index.php\/2020\/02\/04\/buscan-activistas-evitar-uso-de-aguas-nacionales-para-mineria-toxica-veracruz\/","url_meta":{"origin":30610,"position":1},"title":"Buscan activistas evitar uso de aguas nacionales para miner\u00eda t\u00f3xica (Veracruz)","author":"grieta","date":"4 febrero, 2020","format":false,"excerpt":"Redacci\u00f3n \/ Imagen de Veracruz Organizaciones civiles, investigadores y representantes de pueblos ind\u00edgenas presentaron una Iniciativa de Ley General de Aguas a la Mesa Directiva de la C\u00e1mara de Diputados. Tina Madrigal, vocera de la Asamblea Ciudadana en Defensa del Agua, dijo que m\u00e1s de 400 organizaciones participaron desde 2012\u2026","rel":"","context":"En &quot;CINTILLO&quot;","block_context":{"text":"CINTILLO","link":"https:\/\/www.grieta.org.mx\/index.php\/category\/cintillo\/"},"img":{"alt_text":"","src":"https:\/\/i0.wp.com\/www.grieta.org.mx\/wp-content\/uploads\/2020\/02\/040220-Tina-Madrigal-780x470.jpeg?resize=350%2C200&ssl=1","width":350,"height":200,"srcset":"https:\/\/i0.wp.com\/www.grieta.org.mx\/wp-content\/uploads\/2020\/02\/040220-Tina-Madrigal-780x470.jpeg?resize=350%2C200&ssl=1 1x, https:\/\/i0.wp.com\/www.grieta.org.mx\/wp-content\/uploads\/2020\/02\/040220-Tina-Madrigal-780x470.jpeg?resize=525%2C300&ssl=1 1.5x, https:\/\/i0.wp.com\/www.grieta.org.mx\/wp-content\/uploads\/2020\/02\/040220-Tina-Madrigal-780x470.jpeg?resize=700%2C400&ssl=1 2x"},"classes":[]},{"id":29888,"url":"https:\/\/www.grieta.org.mx\/index.php\/2019\/03\/02\/mineria-y-energia-detonan-879-conflictos-en-mexico-los-ligan-al-crimen-empresas-y-gobiernos\/","url_meta":{"origin":30610,"position":2},"title":"Miner\u00eda y energ\u00eda detonan 879 conflictos en M\u00e9xico; los ligan al crimen, empresas y gobiernos","author":"grieta","date":"2 marzo, 2019","format":false,"excerpt":"Redacci\u00f3n\/SIN EMBARGO El informe realizado por Gisela Zaremberg (de Flacso) y Valeria Guarneros-Meza (de la inglesa Montfort University) detalla que en los conflictos derivados por proyectos mineros, las empresas m\u00e1s involucradas son: Grupo M\u00e9xico (con 30 casos registrados); Ternium (con 25); Goldcorp Inc (con 22); Grupo Frisco (con 18); Almaden\u2026","rel":"","context":"En &quot;Chihuahua&quot;","block_context":{"text":"Chihuahua","link":"https:\/\/www.grieta.org.mx\/index.php\/category\/noticias-nacionales\/chihuahua\/"},"img":{"alt_text":"","src":"https:\/\/i0.wp.com\/www.grieta.org.mx\/wp-content\/uploads\/2019\/03\/mapa-mineria.png?resize=350%2C200&ssl=1","width":350,"height":200,"srcset":"https:\/\/i0.wp.com\/www.grieta.org.mx\/wp-content\/uploads\/2019\/03\/mapa-mineria.png?resize=350%2C200&ssl=1 1x, https:\/\/i0.wp.com\/www.grieta.org.mx\/wp-content\/uploads\/2019\/03\/mapa-mineria.png?resize=525%2C300&ssl=1 1.5x, https:\/\/i0.wp.com\/www.grieta.org.mx\/wp-content\/uploads\/2019\/03\/mapa-mineria.png?resize=700%2C400&ssl=1 2x"},"classes":[]},{"id":59002,"url":"https:\/\/www.grieta.org.mx\/index.php\/2021\/04\/24\/piden-activistas-ambientalistas-que-veracruz-sea-declarado-un-estado-libre-de-mineria-toxica\/","url_meta":{"origin":30610,"position":3},"title":"Piden activistas ambientalistas que Veracruz sea declarado un estado libre de miner\u00eda t\u00f3xica","author":"Admin","date":"24 abril, 2021","format":false,"excerpt":"Francisco de Luna \/ Libertad bajo palabra \u00a0 Naolinco, Ver. Los activistas ambientales piden que el estado de Veracruz sea declarado libre de miner\u00eda t\u00f3xica. En el evento informativo realizado en el municipio de Naolinco, indicaron que el proyecto minero utilizar\u00eda 14 toneladas de explosivos a 2.5 kil\u00f3metros de Laguna\u2026","rel":"","context":"En &quot;CINTILLO&quot;","block_context":{"text":"CINTILLO","link":"https:\/\/www.grieta.org.mx\/index.php\/category\/cintillo\/"},"img":{"alt_text":"","src":"https:\/\/i0.wp.com\/www.grieta.org.mx\/wp-content\/uploads\/2021\/04\/Screenshot_2021-04-26-Piden-activistas-ambientalistas-que-Veracruz-sea-declarado-un-estado-libre-de-mineria-toxica-Libert....png?resize=350%2C200&ssl=1","width":350,"height":200,"srcset":"https:\/\/i0.wp.com\/www.grieta.org.mx\/wp-content\/uploads\/2021\/04\/Screenshot_2021-04-26-Piden-activistas-ambientalistas-que-Veracruz-sea-declarado-un-estado-libre-de-mineria-toxica-Libert....png?resize=350%2C200&ssl=1 1x, https:\/\/i0.wp.com\/www.grieta.org.mx\/wp-content\/uploads\/2021\/04\/Screenshot_2021-04-26-Piden-activistas-ambientalistas-que-Veracruz-sea-declarado-un-estado-libre-de-mineria-toxica-Libert....png?resize=525%2C300&ssl=1 1.5x, https:\/\/i0.wp.com\/www.grieta.org.mx\/wp-content\/uploads\/2021\/04\/Screenshot_2021-04-26-Piden-activistas-ambientalistas-que-Veracruz-sea-declarado-un-estado-libre-de-mineria-toxica-Libert....png?resize=700%2C400&ssl=1 2x"},"classes":[]},{"id":42944,"url":"https:\/\/www.grieta.org.mx\/index.php\/2019\/11\/04\/acechan-10-mineras-a-veracruz\/","url_meta":{"origin":30610,"position":4},"title":"Acechan 10 mineras a Veracruz","author":"grieta","date":"4 noviembre, 2019","format":false,"excerpt":"Redacci\u00f3n \/ La silla rota La Secretar\u00eda de Medio Ambiente y Recursos Naturales (Semarnat) otorg\u00f3 permisos a 10 empresas mineras para que buscan explorar suelo veracruzano; sin embargo, a\u00fan no cuentan con los permisos ni estatales ni municipales. Esto fue confirmado por el subprocurador de Medio Ambiente en el estado,\u2026","rel":"","context":"En &quot;NOTICIAS NACIONALES&quot;","block_context":{"text":"NOTICIAS NACIONALES","link":"https:\/\/www.grieta.org.mx\/index.php\/category\/noticias-nacionales\/"},"img":{"alt_text":"","src":"https:\/\/i0.wp.com\/www.grieta.org.mx\/wp-content\/uploads\/2020\/01\/minasver-focus-0-0-290-208.jpg?resize=350%2C200","width":350,"height":200,"srcset":"https:\/\/i0.wp.com\/www.grieta.org.mx\/wp-content\/uploads\/2020\/01\/minasver-focus-0-0-290-208.jpg?resize=350%2C200 1x, https:\/\/i0.wp.com\/www.grieta.org.mx\/wp-content\/uploads\/2020\/01\/minasver-focus-0-0-290-208.jpg?resize=525%2C300 1.5x"},"classes":[]},{"id":43321,"url":"https:\/\/www.grieta.org.mx\/index.php\/2019\/11\/10\/mineria-toxica-en-veracruz-dejaria-muerte-y-desolacion\/","url_meta":{"origin":30610,"position":5},"title":"Miner\u00eda t\u00f3xica en Veracruz dejar\u00eda muerte y desolaci\u00f3n","author":"grieta","date":"10 noviembre, 2019","format":false,"excerpt":"\u00c1ngeles Gonz\u00e1lez Ceballos \/ El Heraldo de Mart\u00ednez Aunque el Gobierno de la Rep\u00fablica y el Gobierno del Estado en el discurso han prometido que la miner\u00eda t\u00f3xica no avanzar\u00e1 en Veracruz, la verdad es que los habitantes de la regi\u00f3n de Alto Lucero, Actopan y otros de la regi\u00f3n\u2026","rel":"","context":"En &quot;CINTILLO&quot;","block_context":{"text":"CINTILLO","link":"https:\/\/www.grieta.org.mx\/index.php\/category\/cintillo\/"},"img":{"alt_text":"","src":"https:\/\/i0.wp.com\/www.grieta.org.mx\/wp-content\/uploads\/2020\/01\/nex63.jpg?resize=350%2C200&ssl=1","width":350,"height":200,"srcset":"https:\/\/i0.wp.com\/www.grieta.org.mx\/wp-content\/uploads\/2020\/01\/nex63.jpg?resize=350%2C200&ssl=1 1x, https:\/\/i0.wp.com\/www.grieta.org.mx\/wp-content\/uploads\/2020\/01\/nex63.jpg?resize=525%2C300&ssl=1 1.5x"},"classes":[]}],"_links":{"self":[{"href":"https:\/\/www.grieta.org.mx\/index.php\/wp-json\/wp\/v2\/posts\/30610","targetHints":{"allow":["GET"]}}],"collection":[{"href":"https:\/\/www.grieta.org.mx\/index.php\/wp-json\/wp\/v2\/posts"}],"about":[{"href":"https:\/\/www.grieta.org.mx\/index.php\/wp-json\/wp\/v2\/types\/post"}],"author":[{"embeddable":true,"href":"https:\/\/www.grieta.org.mx\/index.php\/wp-json\/wp\/v2\/users\/2"}],"replies":[{"embeddable":true,"href":"https:\/\/www.grieta.org.mx\/index.php\/wp-json\/wp\/v2\/comments?post=30610"}],"version-history":[{"count":1,"href":"https:\/\/www.grieta.org.mx\/index.php\/wp-json\/wp\/v2\/posts\/30610\/revisions"}],"predecessor-version":[{"id":30611,"href":"https:\/\/www.grieta.org.mx\/index.php\/wp-json\/wp\/v2\/posts\/30610\/revisions\/30611"}],"wp:featuredmedia":[{"embeddable":true,"href":"https:\/\/www.grieta.org.mx\/index.php\/wp-json\/wp\/v2\/media\/21928"}],"wp:attachment":[{"href":"https:\/\/www.grieta.org.mx\/index.php\/wp-json\/wp\/v2\/media?parent=30610"}],"wp:term":[{"taxonomy":"category","embeddable":true,"href":"https:\/\/www.grieta.org.mx\/index.php\/wp-json\/wp\/v2\/categories?post=30610"},{"taxonomy":"post_tag","embeddable":true,"href":"https:\/\/www.grieta.org.mx\/index.php\/wp-json\/wp\/v2\/tags?post=30610"}],"curies":[{"name":"wp","href":"https:\/\/api.w.org\/{rel}","templated":true}]}}