{"id":30565,"date":"2019-02-27T22:56:20","date_gmt":"2019-02-28T04:56:20","guid":{"rendered":"http:\/\/www.grieta.org.mx\/?p=30565"},"modified":"2019-03-12T23:01:58","modified_gmt":"2019-03-13T05:01:58","slug":"comuneros-denuncian-a-empresarios-por-supuesto-desalojo-de-tierras-san-luis-potosi","status":"publish","type":"post","link":"https:\/\/www.grieta.org.mx\/index.php\/2019\/02\/27\/comuneros-denuncian-a-empresarios-por-supuesto-desalojo-de-tierras-san-luis-potosi\/","title":{"rendered":"Comuneros denuncian a empresarios por supuesto desalojo de tierras (San Luis Potos\u00ed)"},"content":{"rendered":"<p><img loading=\"lazy\" decoding=\"async\" data-attachment-id=\"30566\" data-permalink=\"https:\/\/www.grieta.org.mx\/index.php\/2019\/02\/27\/comuneros-denuncian-a-empresarios-por-supuesto-desalojo-de-tierras-san-luis-potosi\/comuneros-denuncian-a-empresarios-por-supuesto-desalojo-de-tierras-slp-mzo\/\" data-orig-file=\"https:\/\/www.grieta.org.mx\/wp-content\/uploads\/2019\/03\/Comuneros-denuncian-a-empresarios-por-supuesto-desalojo-de-tierras-slp-mzo.jpeg\" data-orig-size=\"739,415\" data-comments-opened=\"0\" data-image-meta=\"{&quot;aperture&quot;:&quot;0&quot;,&quot;credit&quot;:&quot;&quot;,&quot;camera&quot;:&quot;&quot;,&quot;caption&quot;:&quot;&quot;,&quot;created_timestamp&quot;:&quot;0&quot;,&quot;copyright&quot;:&quot;&quot;,&quot;focal_length&quot;:&quot;0&quot;,&quot;iso&quot;:&quot;0&quot;,&quot;shutter_speed&quot;:&quot;0&quot;,&quot;title&quot;:&quot;&quot;,&quot;orientation&quot;:&quot;0&quot;}\" data-image-title=\"Comuneros denuncian a empresarios por supuesto desalojo de tierras slp mzo\" data-image-description=\"\" data-image-caption=\"\" data-medium-file=\"https:\/\/www.grieta.org.mx\/wp-content\/uploads\/2019\/03\/Comuneros-denuncian-a-empresarios-por-supuesto-desalojo-de-tierras-slp-mzo-300x168.jpeg\" data-large-file=\"https:\/\/www.grieta.org.mx\/wp-content\/uploads\/2019\/03\/Comuneros-denuncian-a-empresarios-por-supuesto-desalojo-de-tierras-slp-mzo.jpeg\" class=\"aligncenter size-full wp-image-30566\" src=\"http:\/\/www.grieta.org.mx\/wp-content\/uploads\/2019\/03\/Comuneros-denuncian-a-empresarios-por-supuesto-desalojo-de-tierras-slp-mzo.jpeg\" alt=\"\" width=\"739\" height=\"415\" srcset=\"https:\/\/www.grieta.org.mx\/wp-content\/uploads\/2019\/03\/Comuneros-denuncian-a-empresarios-por-supuesto-desalojo-de-tierras-slp-mzo.jpeg 739w, https:\/\/www.grieta.org.mx\/wp-content\/uploads\/2019\/03\/Comuneros-denuncian-a-empresarios-por-supuesto-desalojo-de-tierras-slp-mzo-300x168.jpeg 300w\" sizes=\"auto, (max-width: 739px) 100vw, 739px\" \/><br \/>\nAntena San Luis<\/p>\n<p>Hoy por la ma\u00f1ana se pod\u00eda leer en una p\u00e1gina de Facebook denominada \u201cComunidad de San Juan de Guadalupe en Resistencia\u201d una publicaci\u00f3n en la que denuncian que comuneros de Mexquitic fueron desalojados de su propia tierra, situaci\u00f3n que se\u00f1alaron no tolerar\u00e1n y defender\u00e1n \u201ccon la vida\u201d.<\/p>\n<p>En ese mismo post, anuncian que en Mexquitic la resistencia se mantiene gracias al apoyo a su abogado Carlos Covarrubias, quien presuntamente fue v\u00edctima de una agresi\u00f3n el pasado fin de semana en la comunidad de San Juan de Guadalupe.<\/p>\n<p>En la zona antes mencionada, ya se cuentan con antecedentes de conflictos entre comuneros y empresarios. Pese a esto, se aprecia el desarrollo de diversos complejos inmobiliarios en la zona, cuya plusval\u00eda ha subido considerablemente.<\/p>\n<p>Versiones se\u00f1alan que los terrenos buscar\u00edan ser apropiados por la familia Torres Corzo y que estos pertenecen a las comunidades de Guadalupe Victoria y su anexo La Cruz, donde denuncian se efectu\u00f3 un desalojo.<\/p>\n<p><a href=\"http:\/\/antenasanluis.mx\/comuneros-denuncian-a-empresarios-por-supuesto-desalojo-de-tierras\/\" target=\"_blank\" rel=\"noopener noreferrer\">http:\/\/antenasanluis.mx\/comuneros-denuncian-a-empresarios-por-supuesto-desalojo-de-tierras\/<\/a><\/p>\n","protected":false},"excerpt":{"rendered":"<p>Antena San Luis Hoy por la ma\u00f1ana se pod\u00eda leer en una p\u00e1gina de Facebook denominada \u201cComunidad de San Juan de Guadalupe en Resistencia\u201d una publicaci\u00f3n en la que denuncian &hellip; <a href=\"https:\/\/www.grieta.org.mx\/index.php\/2019\/02\/27\/comuneros-denuncian-a-empresarios-por-supuesto-desalojo-de-tierras-san-luis-potosi\/\" class=\"more-link\">Leer m\u00e1s<\/a><\/p>\n","protected":false},"author":2,"featured_media":30566,"comment_status":"closed","ping_status":"closed","sticky":false,"template":"","format":"standard","meta":{"ngg_post_thumbnail":0,"_jetpack_newsletter_access":"","_jetpack_dont_email_post_to_subs":false,"_jetpack_newsletter_tier_id":0,"_jetpack_memberships_contains_paywalled_content":false,"_jetpack_memberships_contains_paid_content":false,"footnotes":""},"categories":[80,1608,1278,1530,2,29,141,83],"tags":[136,845,2285,788],"class_list":{"0":"post-30565","1":"post","2":"type-post","3":"status-publish","4":"format-standard","5":"has-post-thumbnail","6":"hentry","7":"category-cintillo","8":"category-conflictos-por-el-territorio-en-san-luis-potosi","9":"category-despojo-de-tierras-y-territorios","10":"category-despojo-en-san-luis-potosi","11":"category-noticias-nacionales","12":"category-san-luis-potosi","14":"category-temas-nacionales","15":"tag-comuneros","16":"tag-desarrollo-inmobiliario","17":"tag-despojo-de-tierra","18":"tag-inmobiliarias","19":"entry"},"jetpack_featured_media_url":"https:\/\/www.grieta.org.mx\/wp-content\/uploads\/2019\/03\/Comuneros-denuncian-a-empresarios-por-supuesto-desalojo-de-tierras-slp-mzo.jpeg","jetpack_sharing_enabled":true,"jetpack_shortlink":"https:\/\/wp.me\/p7ZJR4-7WZ","jetpack_likes_enabled":false,"jetpack-related-posts":[{"id":27016,"url":"https:\/\/www.grieta.org.mx\/index.php\/2018\/10\/05\/fraccionadores-intentan-invadir-nuestras-tierras-denuncian-ejidatarios-san-luis-potosi\/","url_meta":{"origin":30565,"position":0},"title":"Fraccionadores intentan invadir nuestras tierras, denuncian ejidatarios (San Luis Potos\u00ed)","author":"grieta","date":"5 octubre, 2018","format":false,"excerpt":"Leticia Vaca \/ Astrolabio Durante sesi\u00f3n ordinaria del Congreso del Estado, comuneros de los ejidos de Valle de San Juan de Guadalupe, San Luis Potos\u00ed, Guadalupe Victoria, Mexquitic, ejido Rodrigo, Villa de Reyes, comunidad Vicente Guerrero de Charcas, Garita de Jalisco y Cerro de San Pedro, se manifestaron en el\u2026","rel":"","context":"En &quot;CINTILLO&quot;","block_context":{"text":"CINTILLO","link":"https:\/\/www.grieta.org.mx\/index.php\/category\/cintillo\/"},"img":{"alt_text":"","src":"https:\/\/i0.wp.com\/www.grieta.org.mx\/wp-content\/uploads\/2018\/10\/Fraccionadores-intentan-invadir-nuestras-tierras-denuncian-ejidatarios.jpeg?resize=350%2C200&ssl=1","width":350,"height":200,"srcset":"https:\/\/i0.wp.com\/www.grieta.org.mx\/wp-content\/uploads\/2018\/10\/Fraccionadores-intentan-invadir-nuestras-tierras-denuncian-ejidatarios.jpeg?resize=350%2C200&ssl=1 1x, https:\/\/i0.wp.com\/www.grieta.org.mx\/wp-content\/uploads\/2018\/10\/Fraccionadores-intentan-invadir-nuestras-tierras-denuncian-ejidatarios.jpeg?resize=525%2C300&ssl=1 1.5x, https:\/\/i0.wp.com\/www.grieta.org.mx\/wp-content\/uploads\/2018\/10\/Fraccionadores-intentan-invadir-nuestras-tierras-denuncian-ejidatarios.jpeg?resize=700%2C400&ssl=1 2x, https:\/\/i0.wp.com\/www.grieta.org.mx\/wp-content\/uploads\/2018\/10\/Fraccionadores-intentan-invadir-nuestras-tierras-denuncian-ejidatarios.jpeg?resize=1050%2C600&ssl=1 3x"},"classes":[]},{"id":35755,"url":"https:\/\/www.grieta.org.mx\/index.php\/2019\/07\/01\/comuneros-siembran-30-mil-arboles-en-sierra-de-san-miguelito-san-luis-potosi\/","url_meta":{"origin":30565,"position":1},"title":"Comuneros siembran 30 mil \u00e1rboles en Sierra de San Miguelito (San Luis Potos\u00ed)","author":"grieta","date":"1 julio, 2019","format":false,"excerpt":"Fotograf\u00eda: Quadrat\u00edn SLP Patricia Azuara \/ Quadrat\u00edn SLP SAN LUIS POTOSI, SLP., 1 de junio de 2019.- En los \u00faltimos cinco a\u00f1os, pobladores del ejido Guadalupe Victoria y su anexo La Cruz en el municipio de Mexquitic, sembraron 30 mil \u00e1rboles en la parte que les corresponde la Sierra de\u2026","rel":"","context":"En &quot;CINTILLO&quot;","block_context":{"text":"CINTILLO","link":"https:\/\/www.grieta.org.mx\/index.php\/category\/cintillo\/"},"img":{"alt_text":"","src":"https:\/\/i0.wp.com\/www.grieta.org.mx\/wp-content\/uploads\/2019\/07\/Comuneros-siembran-30-mil-%C3%A1rboles-en-Sierra-de-San-Miguelito-slp-jul.jpg?resize=350%2C200&ssl=1","width":350,"height":200,"srcset":"https:\/\/i0.wp.com\/www.grieta.org.mx\/wp-content\/uploads\/2019\/07\/Comuneros-siembran-30-mil-%C3%A1rboles-en-Sierra-de-San-Miguelito-slp-jul.jpg?resize=350%2C200&ssl=1 1x, https:\/\/i0.wp.com\/www.grieta.org.mx\/wp-content\/uploads\/2019\/07\/Comuneros-siembran-30-mil-%C3%A1rboles-en-Sierra-de-San-Miguelito-slp-jul.jpg?resize=525%2C300&ssl=1 1.5x, https:\/\/i0.wp.com\/www.grieta.org.mx\/wp-content\/uploads\/2019\/07\/Comuneros-siembran-30-mil-%C3%A1rboles-en-Sierra-de-San-Miguelito-slp-jul.jpg?resize=700%2C400&ssl=1 2x, https:\/\/i0.wp.com\/www.grieta.org.mx\/wp-content\/uploads\/2019\/07\/Comuneros-siembran-30-mil-%C3%A1rboles-en-Sierra-de-San-Miguelito-slp-jul.jpg?resize=1050%2C600&ssl=1 3x"},"classes":[]},{"id":43204,"url":"https:\/\/www.grieta.org.mx\/index.php\/2020\/01\/14\/se-manifestaran-comuneros-de-san-juan-de-guadalupe-san-luis-potosi\/","url_meta":{"origin":30565,"position":2},"title":"Se manifestar\u00e1n comuneros de San Juan de Guadalupe (San Luis Potos\u00ed)","author":"grieta","date":"14 enero, 2020","format":false,"excerpt":"Lo que se plantea es un despojo de tierras, y no lo vamos a permitir: Comisariado Emanuel Landeros\/El Sol de San Luis 14 enero 2020 La Comunidad de San Juan de Guadalupe no est\u00e1 de acuerdo con las decisiones del Ayuntamiento de San Luis Potos\u00ed, por lo que se manifestar\u00e1\u2026","rel":"","context":"En &quot;CINTILLO&quot;","block_context":{"text":"CINTILLO","link":"https:\/\/www.grieta.org.mx\/index.php\/category\/cintillo\/"},"img":{"alt_text":"","src":"https:\/\/i0.wp.com\/www.grieta.org.mx\/wp-content\/uploads\/2020\/01\/poblado-de-La-Rivera-comuneros-ejidatarios-ejido.jpg?resize=350%2C200&ssl=1","width":350,"height":200,"srcset":"https:\/\/i0.wp.com\/www.grieta.org.mx\/wp-content\/uploads\/2020\/01\/poblado-de-La-Rivera-comuneros-ejidatarios-ejido.jpg?resize=350%2C200&ssl=1 1x, https:\/\/i0.wp.com\/www.grieta.org.mx\/wp-content\/uploads\/2020\/01\/poblado-de-La-Rivera-comuneros-ejidatarios-ejido.jpg?resize=525%2C300&ssl=1 1.5x, https:\/\/i0.wp.com\/www.grieta.org.mx\/wp-content\/uploads\/2020\/01\/poblado-de-La-Rivera-comuneros-ejidatarios-ejido.jpg?resize=700%2C400&ssl=1 2x"},"classes":[]},{"id":35770,"url":"https:\/\/www.grieta.org.mx\/index.php\/2019\/06\/29\/se-manifiestan-frente-al-congreso-del-estado-personas-en-riesgo-de-ser-despojadas-de-su-patrimonio-san-luis-potosi\/","url_meta":{"origin":30565,"position":3},"title":"Se manifiestan frente al Congreso del Estado personas en riesgo de ser despojadas de su patrimonio (San Luis Potos\u00ed)","author":"grieta","date":"29 junio, 2019","format":false,"excerpt":"Fotograf\u00eda: El Heraldo SLP El Heraldo SLP Se trata de un conflicto de tierras que involucra a 7 comunidades de Mexquitic, as\u00ed como a 10 colonias de la capital Este s\u00e1bado, integrantes de varios colectivos se manifestaron frente al Congreso del Estado de San Luis Potos\u00ed, en apoyo solidario a\u2026","rel":"","context":"En &quot;CINTILLO&quot;","block_context":{"text":"CINTILLO","link":"https:\/\/www.grieta.org.mx\/index.php\/category\/cintillo\/"},"img":{"alt_text":"","src":"https:\/\/i0.wp.com\/www.grieta.org.mx\/wp-content\/uploads\/2019\/07\/Se-manifiestan-frente-al-Congreso-del-Estado-personas-en-riesgo-de-ser-despojadas-de-su-patrimonio-slp-jul-268x300.jpg?resize=350%2C200","width":350,"height":200,"srcset":"https:\/\/i0.wp.com\/www.grieta.org.mx\/wp-content\/uploads\/2019\/07\/Se-manifiestan-frente-al-Congreso-del-Estado-personas-en-riesgo-de-ser-despojadas-de-su-patrimonio-slp-jul-268x300.jpg?resize=350%2C200 1x, https:\/\/i0.wp.com\/www.grieta.org.mx\/wp-content\/uploads\/2019\/07\/Se-manifiestan-frente-al-Congreso-del-Estado-personas-en-riesgo-de-ser-despojadas-de-su-patrimonio-slp-jul-268x300.jpg?resize=525%2C300 1.5x, https:\/\/i0.wp.com\/www.grieta.org.mx\/wp-content\/uploads\/2019\/07\/Se-manifiestan-frente-al-Congreso-del-Estado-personas-en-riesgo-de-ser-despojadas-de-su-patrimonio-slp-jul-268x300.jpg?resize=700%2C400 2x"},"classes":[]},{"id":28630,"url":"https:\/\/www.grieta.org.mx\/index.php\/2019\/01\/28\/comuneros-se-preparan-para-evitar-el-despojo-de-sus-tierras-san-luis-potosi\/","url_meta":{"origin":30565,"position":4},"title":"Comuneros se preparan para evitar el despojo de sus tierras (San Luis Potos\u00ed)","author":"grieta","date":"28 enero, 2019","format":false,"excerpt":"Patricia Azuara \/ elsoldesanluis La compra ilegal y muy por debajo de su costo real, es el mayor problema al que se enfrentan decenas de ejidatarios Reunidos en el Anexo las Cruces y Carmona de la Comunidad de Suspiro Picacho, comuneros acordaron prep\u00e1rese para evitar acciones de despojo del territorio;\u2026","rel":"","context":"En &quot;CINTILLO&quot;","block_context":{"text":"CINTILLO","link":"https:\/\/www.grieta.org.mx\/index.php\/category\/cintillo\/"},"img":{"alt_text":"","src":"https:\/\/i0.wp.com\/www.grieta.org.mx\/wp-content\/uploads\/2019\/01\/Comuneros-se-preparan-para-evitar-el-despojo-de-sus-tierras.jpeg?resize=350%2C200&ssl=1","width":350,"height":200,"srcset":"https:\/\/i0.wp.com\/www.grieta.org.mx\/wp-content\/uploads\/2019\/01\/Comuneros-se-preparan-para-evitar-el-despojo-de-sus-tierras.jpeg?resize=350%2C200&ssl=1 1x, https:\/\/i0.wp.com\/www.grieta.org.mx\/wp-content\/uploads\/2019\/01\/Comuneros-se-preparan-para-evitar-el-despojo-de-sus-tierras.jpeg?resize=525%2C300&ssl=1 1.5x, https:\/\/i0.wp.com\/www.grieta.org.mx\/wp-content\/uploads\/2019\/01\/Comuneros-se-preparan-para-evitar-el-despojo-de-sus-tierras.jpeg?resize=700%2C400&ssl=1 2x"},"classes":[]},{"id":31666,"url":"https:\/\/www.grieta.org.mx\/index.php\/2019\/04\/02\/ayuntamiento-pretende-acelerar-el-cambio-de-uso-de-suelo-en-sjg-a-favor-de-una-empresa-fao-san-luis-potosi\/","url_meta":{"origin":30565,"position":5},"title":"Ayuntamiento pretende acelerar el cambio de uso de suelo en SJG a favor de una empresa: FAO (San Luis Potos\u00ed)","author":"grieta","date":"2 abril, 2019","format":false,"excerpt":"El Heraldo de San Luis Potos\u00ed Comuneros se preparan para enfrentar el intento de adecuar el Plan del Centro Estrat\u00e9gico de la Ciudad a los intereses de los grupos facciosos, advierte Carlos Covarrubias El Ayuntamiento de San Luis Potos\u00ed pretende acelerar el cambio de uso de suelo en la comunidad\u2026","rel":"","context":"En &quot;CINTILLO&quot;","block_context":{"text":"CINTILLO","link":"https:\/\/www.grieta.org.mx\/index.php\/category\/cintillo\/"},"img":{"alt_text":"","src":"https:\/\/i0.wp.com\/www.grieta.org.mx\/wp-content\/uploads\/2019\/04\/Ayuntamiento-pretende-acelerar-el-cambio-de-uso-de-suelo-en-SJG-a-favor-de-una-empresa-FAO-slp-abr-268x300.jpg?resize=350%2C200","width":350,"height":200},"classes":[]}],"_links":{"self":[{"href":"https:\/\/www.grieta.org.mx\/index.php\/wp-json\/wp\/v2\/posts\/30565","targetHints":{"allow":["GET"]}}],"collection":[{"href":"https:\/\/www.grieta.org.mx\/index.php\/wp-json\/wp\/v2\/posts"}],"about":[{"href":"https:\/\/www.grieta.org.mx\/index.php\/wp-json\/wp\/v2\/types\/post"}],"author":[{"embeddable":true,"href":"https:\/\/www.grieta.org.mx\/index.php\/wp-json\/wp\/v2\/users\/2"}],"replies":[{"embeddable":true,"href":"https:\/\/www.grieta.org.mx\/index.php\/wp-json\/wp\/v2\/comments?post=30565"}],"version-history":[{"count":1,"href":"https:\/\/www.grieta.org.mx\/index.php\/wp-json\/wp\/v2\/posts\/30565\/revisions"}],"predecessor-version":[{"id":30567,"href":"https:\/\/www.grieta.org.mx\/index.php\/wp-json\/wp\/v2\/posts\/30565\/revisions\/30567"}],"wp:featuredmedia":[{"embeddable":true,"href":"https:\/\/www.grieta.org.mx\/index.php\/wp-json\/wp\/v2\/media\/30566"}],"wp:attachment":[{"href":"https:\/\/www.grieta.org.mx\/index.php\/wp-json\/wp\/v2\/media?parent=30565"}],"wp:term":[{"taxonomy":"category","embeddable":true,"href":"https:\/\/www.grieta.org.mx\/index.php\/wp-json\/wp\/v2\/categories?post=30565"},{"taxonomy":"post_tag","embeddable":true,"href":"https:\/\/www.grieta.org.mx\/index.php\/wp-json\/wp\/v2\/tags?post=30565"}],"curies":[{"name":"wp","href":"https:\/\/api.w.org\/{rel}","templated":true}]}}