{"id":30559,"date":"2019-03-11T22:40:26","date_gmt":"2019-03-12T04:40:26","guid":{"rendered":"http:\/\/www.grieta.org.mx\/?p=30559"},"modified":"2019-03-12T22:47:24","modified_gmt":"2019-03-13T04:47:24","slug":"preocupa-en-matehuala-indice-de-feminicidios-san-luis-potosi","status":"publish","type":"post","link":"https:\/\/www.grieta.org.mx\/index.php\/2019\/03\/11\/preocupa-en-matehuala-indice-de-feminicidios-san-luis-potosi\/","title":{"rendered":"Preocupa en Matehuala, \u00edndice de feminicidios (San Luis Potos\u00ed)"},"content":{"rendered":"<p><img loading=\"lazy\" decoding=\"async\" data-attachment-id=\"30560\" data-permalink=\"https:\/\/www.grieta.org.mx\/index.php\/2019\/03\/11\/preocupa-en-matehuala-indice-de-feminicidios-san-luis-potosi\/preocupa-en-matehuala-indice-de-feminicidios-slp-mzo\/\" data-orig-file=\"https:\/\/www.grieta.org.mx\/wp-content\/uploads\/2019\/03\/Preocupa-en-Matehuala-\u00edndice-de-feminicidios-slp-mzo.jpg\" data-orig-size=\"768,479\" data-comments-opened=\"0\" data-image-meta=\"{&quot;aperture&quot;:&quot;0&quot;,&quot;credit&quot;:&quot;&quot;,&quot;camera&quot;:&quot;&quot;,&quot;caption&quot;:&quot;&quot;,&quot;created_timestamp&quot;:&quot;0&quot;,&quot;copyright&quot;:&quot;&quot;,&quot;focal_length&quot;:&quot;0&quot;,&quot;iso&quot;:&quot;0&quot;,&quot;shutter_speed&quot;:&quot;0&quot;,&quot;title&quot;:&quot;&quot;,&quot;orientation&quot;:&quot;0&quot;}\" data-image-title=\"Preocupa en Matehuala, \u00edndice de feminicidios slp mzo\" data-image-description=\"\" data-image-caption=\"\" data-medium-file=\"https:\/\/www.grieta.org.mx\/wp-content\/uploads\/2019\/03\/Preocupa-en-Matehuala-\u00edndice-de-feminicidios-slp-mzo-300x187.jpg\" data-large-file=\"https:\/\/www.grieta.org.mx\/wp-content\/uploads\/2019\/03\/Preocupa-en-Matehuala-\u00edndice-de-feminicidios-slp-mzo.jpg\" class=\"aligncenter size-full wp-image-30560\" src=\"http:\/\/www.grieta.org.mx\/wp-content\/uploads\/2019\/03\/Preocupa-en-Matehuala-\u00edndice-de-feminicidios-slp-mzo.jpg\" alt=\"\" width=\"768\" height=\"479\" srcset=\"https:\/\/www.grieta.org.mx\/wp-content\/uploads\/2019\/03\/Preocupa-en-Matehuala-\u00edndice-de-feminicidios-slp-mzo.jpg 768w, https:\/\/www.grieta.org.mx\/wp-content\/uploads\/2019\/03\/Preocupa-en-Matehuala-\u00edndice-de-feminicidios-slp-mzo-300x187.jpg 300w\" sizes=\"auto, (max-width: 768px) 100vw, 768px\" \/><br \/>\nAlejandra M\u00e9ndez \/ El Sol de San Luis<\/p>\n<blockquote><p>Como primera actividad de la red, en conmemoraci\u00f3n del 8 de marzo, se emprendi\u00f3 un taller de de defensa personal dirigido a las mujeres<\/p><\/blockquote>\n<p>Un grupo profesionistas de la Universidad de Matehuala, se integraron para conformar la red de mujeres al servicio de la sociedad, con el fin de implementar medidas para prevenir y erradicar la violencia de g\u00e9nero.<\/p>\n<p>La Creadora de la Red para mujeres, Blanca Laura Mart\u00ednez Belmares, inform\u00f3 que el poder conformar este grupo de mujeres profesionistas se debe a la preocupaci\u00f3n de la alerta de violencia de g\u00e9nero en nuestro municipio, ya que actualmente Matehuala se encuentra en un vergonzoso 4\u00ba lugar en feminicidios.<\/p>\n<p>Dio a conocer que la red est\u00e1 conformada por Psic\u00f3loga Maribel Gonz\u00e1lez Coronado, Psic\u00f3loga Teresa Leyva Nava, Psic\u00f3loga Ana Karen Mart\u00ednez y la Trabajadora Social Mayra Ram\u00edrez, &#8220;quienes nos encontraremos trabajando en desarrollar talleres, pl\u00e1ticas, capacitaciones, y diversas actividades para fomentar la equidad de g\u00e9nero, y la no violencia&#8221;.<\/p>\n<p>Se\u00f1al\u00f3 que como primera actividad de la red, en conmemoraci\u00f3n del 8 de marzo, se emprendi\u00f3 un taller de de defensa personal dirigido a las mujeres, que se lleva a cabo los martes y jueves en Fray Dur\u00e1n #502, en la colonia Guadalupe.<\/p>\n<p><a href=\"https:\/\/www.elsoldesanluis.com.mx\/local\/matehuala\/preocupa-en-matehuala-indice-de-feminicidios-3169206.html\" target=\"_blank\" rel=\"noopener noreferrer\">https:\/\/www.elsoldesanluis.com.mx\/local\/matehuala\/preocupa-en-matehuala-indice-de-feminicidios-3169206.html<\/a><\/p>\n","protected":false},"excerpt":{"rendered":"<p>Alejandra M\u00e9ndez \/ El Sol de San Luis Como primera actividad de la red, en conmemoraci\u00f3n del 8 de marzo, se emprendi\u00f3 un taller de de defensa personal dirigido a &hellip; <a href=\"https:\/\/www.grieta.org.mx\/index.php\/2019\/03\/11\/preocupa-en-matehuala-indice-de-feminicidios-san-luis-potosi\/\" class=\"more-link\">Leer m\u00e1s<\/a><\/p>\n","protected":false},"author":2,"featured_media":30560,"comment_status":"closed","ping_status":"closed","sticky":false,"template":"","format":"standard","meta":{"ngg_post_thumbnail":0,"_jetpack_newsletter_access":"","_jetpack_dont_email_post_to_subs":false,"_jetpack_newsletter_tier_id":0,"_jetpack_memberships_contains_paywalled_content":false,"_jetpack_memberships_contains_paid_content":false,"footnotes":""},"categories":[80,84,1284,2,141,29,83,1519],"tags":[81,1630],"class_list":{"0":"post-30559","1":"post","2":"type-post","3":"status-publish","4":"format-standard","5":"has-post-thumbnail","6":"hentry","7":"category-cintillo","8":"category-feminicidios","9":"category-feminicidios-en-san-luis-potosi","10":"category-noticias-nacionales","11":"category-san-luis-potosi","13":"category-temas-nacionales","14":"category-violencia-contra-las-mujeres-en-san-luis-potosi","15":"tag-feminicidios","16":"tag-violencia-contra-las-mujeres","17":"entry"},"jetpack_featured_media_url":"https:\/\/www.grieta.org.mx\/wp-content\/uploads\/2019\/03\/Preocupa-en-Matehuala-\u00edndice-de-feminicidios-slp-mzo.jpg","jetpack_sharing_enabled":true,"jetpack_shortlink":"https:\/\/wp.me\/p7ZJR4-7WT","jetpack_likes_enabled":false,"jetpack-related-posts":[{"id":31312,"url":"https:\/\/www.grieta.org.mx\/index.php\/2019\/03\/19\/en-poco-mas-de-2-anos-slp-registra-90-feminicidios-san-luis-potosi\/","url_meta":{"origin":30559,"position":0},"title":"EN POCO M\u00c1S DE 2 A\u00d1OS, SLP REGISTRA 90 FEMINICIDIOS (San Luis Potos\u00ed)","author":"grieta","date":"19 marzo, 2019","format":false,"excerpt":"Omar Ni\u00f1o La Alerta de de G\u00e9nero Contra Las Mujeres en San Luis Potos\u00ed ha sido un fracaso, se\u00f1al\u00f3 en rueda de prensa el Presidente de la Comisi\u00f3n Estatal de Derechos Humanos Jorge Andr\u00e9s L\u00f3pez Espinoza. El Ombudsman inform\u00f3 que en el 2017 hubo 34 muertes violentas en el 2018\u2026","rel":"","context":"En &quot;CINTILLO&quot;","block_context":{"text":"CINTILLO","link":"https:\/\/www.grieta.org.mx\/index.php\/category\/cintillo\/"},"img":{"alt_text":"","src":"https:\/\/i0.wp.com\/www.grieta.org.mx\/wp-content\/uploads\/2019\/03\/EN-POCO-M%C3%81S-DE-2-A%C3%91OS-SLP-REGISTRA-90-FEMINICIDIOS-slp-mzo.png?resize=350%2C200&ssl=1","width":350,"height":200,"srcset":"https:\/\/i0.wp.com\/www.grieta.org.mx\/wp-content\/uploads\/2019\/03\/EN-POCO-M%C3%81S-DE-2-A%C3%91OS-SLP-REGISTRA-90-FEMINICIDIOS-slp-mzo.png?resize=350%2C200&ssl=1 1x, https:\/\/i0.wp.com\/www.grieta.org.mx\/wp-content\/uploads\/2019\/03\/EN-POCO-M%C3%81S-DE-2-A%C3%91OS-SLP-REGISTRA-90-FEMINICIDIOS-slp-mzo.png?resize=525%2C300&ssl=1 1.5x"},"classes":[]},{"id":59095,"url":"https:\/\/www.grieta.org.mx\/index.php\/2021\/04\/27\/con-datos-periodisticos-crean-mapa-de-feminicidios-en-san-luis-potosi\/","url_meta":{"origin":30559,"position":1},"title":"Con datos period\u00edsticos, crean mapa de feminicidios en San Luis Potos\u00ed","author":"grieta","date":"27 abril, 2021","format":false,"excerpt":"Redacci\u00f3n\/El Universal San Luis Potos\u00ed 27 abril 2021 En un esfuerzo entre el medio independiente \u201cLa Alcantarilla\u201d y el creador de software \u201cUxmal Soft\u201d se han contabilizado las muertes violentas de mujeres en San Luis Potos\u00ed en un mapa interactivo que recopila datos de 2018 a la segunda semana de\u2026","rel":"","context":"En &quot;CINTILLO&quot;","block_context":{"text":"CINTILLO","link":"https:\/\/www.grieta.org.mx\/index.php\/category\/cintillo\/"},"img":{"alt_text":"","src":"https:\/\/i0.wp.com\/www.grieta.org.mx\/wp-content\/uploads\/2021\/04\/tiras.png?resize=350%2C200&ssl=1","width":350,"height":200,"srcset":"https:\/\/i0.wp.com\/www.grieta.org.mx\/wp-content\/uploads\/2021\/04\/tiras.png?resize=350%2C200&ssl=1 1x, https:\/\/i0.wp.com\/www.grieta.org.mx\/wp-content\/uploads\/2021\/04\/tiras.png?resize=525%2C300&ssl=1 1.5x"},"classes":[]},{"id":33494,"url":"https:\/\/www.grieta.org.mx\/index.php\/2019\/05\/15\/asesinadas-15-mujeres-en-2019-san-luis-potosi\/","url_meta":{"origin":30559,"position":2},"title":"Asesinadas 15 mujeres, en 2019 (San Luis Potos\u00ed)","author":"grieta","date":"15 mayo, 2019","format":false,"excerpt":"Leopoldo Pacheco \/ Plano Informativo No se sabe si por el calor, el deterioro del poder adquisitivo o la descomposici\u00f3n social emanada de la violencia sin freno que invade las redes sociales, pero lo cierto es que la violencia feminicida se ha recrudecido y m\u00e1s mujeres mueren a manos, mayormente,\u2026","rel":"","context":"En &quot;CINTILLO&quot;","block_context":{"text":"CINTILLO","link":"https:\/\/www.grieta.org.mx\/index.php\/category\/cintillo\/"},"img":{"alt_text":"","src":"https:\/\/i0.wp.com\/www.grieta.org.mx\/wp-content\/uploads\/2019\/05\/Asesinadas-15-mujeres-en-2019-slp-may.png?resize=350%2C200&ssl=1","width":350,"height":200,"srcset":"https:\/\/i0.wp.com\/www.grieta.org.mx\/wp-content\/uploads\/2019\/05\/Asesinadas-15-mujeres-en-2019-slp-may.png?resize=350%2C200&ssl=1 1x, https:\/\/i0.wp.com\/www.grieta.org.mx\/wp-content\/uploads\/2019\/05\/Asesinadas-15-mujeres-en-2019-slp-may.png?resize=525%2C300&ssl=1 1.5x, https:\/\/i0.wp.com\/www.grieta.org.mx\/wp-content\/uploads\/2019\/05\/Asesinadas-15-mujeres-en-2019-slp-may.png?resize=700%2C400&ssl=1 2x"},"classes":[]},{"id":39474,"url":"https:\/\/www.grieta.org.mx\/index.php\/2019\/08\/23\/vandalizan-edificio-de-fiscalia-en-san-luis-potosi-por-feminicidios\/","url_meta":{"origin":30559,"position":3},"title":"Vandalizan edificio de Fiscal\u00eda en San Luis Potos\u00ed por feminicidios","author":"grieta","date":"23 agosto, 2019","format":false,"excerpt":"Juan Hern\u00e1ndez | Quadrat\u00edn SLP SAN LUIS POTOS\u00cd, SLP., 23 de agosto 2019.- Colectivos de mujeres se manifestaron vandalizando las instalaciones de la Fiscal\u00eda General del Estado (FGE) en protesta por los dos m\u00e1s recientes asesinatos de mujeres potosinas, que se suman a una larga lista de v\u00edctimas femeninas este\u2026","rel":"","context":"En &quot;CINTILLO&quot;","block_context":{"text":"CINTILLO","link":"https:\/\/www.grieta.org.mx\/index.php\/category\/cintillo\/"},"img":{"alt_text":"","src":"https:\/\/i0.wp.com\/www.grieta.org.mx\/wp-content\/uploads\/2019\/09\/asesinos.jpg?resize=350%2C200&ssl=1","width":350,"height":200,"srcset":"https:\/\/i0.wp.com\/www.grieta.org.mx\/wp-content\/uploads\/2019\/09\/asesinos.jpg?resize=350%2C200&ssl=1 1x, https:\/\/i0.wp.com\/www.grieta.org.mx\/wp-content\/uploads\/2019\/09\/asesinos.jpg?resize=525%2C300&ssl=1 1.5x, https:\/\/i0.wp.com\/www.grieta.org.mx\/wp-content\/uploads\/2019\/09\/asesinos.jpg?resize=700%2C400&ssl=1 2x, https:\/\/i0.wp.com\/www.grieta.org.mx\/wp-content\/uploads\/2019\/09\/asesinos.jpg?resize=1050%2C600&ssl=1 3x"},"classes":[]},{"id":28627,"url":"https:\/\/www.grieta.org.mx\/index.php\/2019\/01\/28\/feminicidios-y-violaciones-azotan-a-slp-san-luis-potosi\/","url_meta":{"origin":30559,"position":4},"title":"Feminicidios y violaciones azotan a SLP (San Luis Potos\u00ed)","author":"grieta","date":"28 enero, 2019","format":false,"excerpt":"Jaime Hern\u00e1ndez \/ Pulso En ambos delitos, la entidad se ubic\u00f3 entre los diez estados con mayor incidencia del pa\u00eds Durante 2018, 93 potosinas fueron v\u00edctimas de homicidio. De esos cr\u00edmenes, 27 fueron considerados como feminicidios, ubicando a San Luis Potos\u00ed en el d\u00e9cimo lugar entre los estados con mayor\u2026","rel":"","context":"En &quot;CINTILLO&quot;","block_context":{"text":"CINTILLO","link":"https:\/\/www.grieta.org.mx\/index.php\/category\/cintillo\/"},"img":{"alt_text":"","src":"https:\/\/i0.wp.com\/www.grieta.org.mx\/wp-content\/uploads\/2019\/01\/Feminicidios-y-violaciones-azotan-a-SLP.jpg?resize=350%2C200&ssl=1","width":350,"height":200,"srcset":"https:\/\/i0.wp.com\/www.grieta.org.mx\/wp-content\/uploads\/2019\/01\/Feminicidios-y-violaciones-azotan-a-SLP.jpg?resize=350%2C200&ssl=1 1x, https:\/\/i0.wp.com\/www.grieta.org.mx\/wp-content\/uploads\/2019\/01\/Feminicidios-y-violaciones-azotan-a-SLP.jpg?resize=525%2C300&ssl=1 1.5x"},"classes":[]},{"id":63675,"url":"https:\/\/www.grieta.org.mx\/index.php\/2022\/03\/08\/8m-se-manifiestan-en-la-universidad-autonoma-de-san-luis-potosi\/","url_meta":{"origin":30559,"position":5},"title":"8M: Se manifiestan en la Universidad Aut\u00f3noma de San Luis Potos\u00ed","author":"grieta","date":"8 marzo, 2022","format":false,"excerpt":"Redacci\u00f3n\/La Raz\u00f3n Online 8 marzo 2022 Las manifestantes exigen justicia por abusos que han sufrido por parte de profesores y compa\u00f1eros de la Universidad Aut\u00f3noma de San Luis Potos\u00ed Al grito de \"s\u00ed me representan\", cientos de mujeres se manifestaron en la Plaza de los Fundadores durante su paso por\u2026","rel":"","context":"En &quot;CINTILLO&quot;","block_context":{"text":"CINTILLO","link":"https:\/\/www.grieta.org.mx\/index.php\/category\/cintillo\/"},"img":{"alt_text":"","src":"https:\/\/i0.wp.com\/www.grieta.org.mx\/wp-content\/uploads\/2022\/03\/8m2022.jpeg?resize=350%2C200&ssl=1","width":350,"height":200,"srcset":"https:\/\/i0.wp.com\/www.grieta.org.mx\/wp-content\/uploads\/2022\/03\/8m2022.jpeg?resize=350%2C200&ssl=1 1x, https:\/\/i0.wp.com\/www.grieta.org.mx\/wp-content\/uploads\/2022\/03\/8m2022.jpeg?resize=525%2C300&ssl=1 1.5x, https:\/\/i0.wp.com\/www.grieta.org.mx\/wp-content\/uploads\/2022\/03\/8m2022.jpeg?resize=700%2C400&ssl=1 2x"},"classes":[]}],"_links":{"self":[{"href":"https:\/\/www.grieta.org.mx\/index.php\/wp-json\/wp\/v2\/posts\/30559","targetHints":{"allow":["GET"]}}],"collection":[{"href":"https:\/\/www.grieta.org.mx\/index.php\/wp-json\/wp\/v2\/posts"}],"about":[{"href":"https:\/\/www.grieta.org.mx\/index.php\/wp-json\/wp\/v2\/types\/post"}],"author":[{"embeddable":true,"href":"https:\/\/www.grieta.org.mx\/index.php\/wp-json\/wp\/v2\/users\/2"}],"replies":[{"embeddable":true,"href":"https:\/\/www.grieta.org.mx\/index.php\/wp-json\/wp\/v2\/comments?post=30559"}],"version-history":[{"count":1,"href":"https:\/\/www.grieta.org.mx\/index.php\/wp-json\/wp\/v2\/posts\/30559\/revisions"}],"predecessor-version":[{"id":30561,"href":"https:\/\/www.grieta.org.mx\/index.php\/wp-json\/wp\/v2\/posts\/30559\/revisions\/30561"}],"wp:featuredmedia":[{"embeddable":true,"href":"https:\/\/www.grieta.org.mx\/index.php\/wp-json\/wp\/v2\/media\/30560"}],"wp:attachment":[{"href":"https:\/\/www.grieta.org.mx\/index.php\/wp-json\/wp\/v2\/media?parent=30559"}],"wp:term":[{"taxonomy":"category","embeddable":true,"href":"https:\/\/www.grieta.org.mx\/index.php\/wp-json\/wp\/v2\/categories?post=30559"},{"taxonomy":"post_tag","embeddable":true,"href":"https:\/\/www.grieta.org.mx\/index.php\/wp-json\/wp\/v2\/tags?post=30559"}],"curies":[{"name":"wp","href":"https:\/\/api.w.org\/{rel}","templated":true}]}}