{"id":30474,"date":"2019-03-06T15:29:18","date_gmt":"2019-03-06T21:29:18","guid":{"rendered":"http:\/\/www.grieta.org.mx\/?p=30474"},"modified":"2019-03-10T15:34:37","modified_gmt":"2019-03-10T21:34:37","slug":"el-cni-se-reune-en-la-ciudad-de-mexico-llaman-a-enfrentar-los-proyectos-de-amlo-y-defender-la-autodeterminacion-de-los-pueblos","status":"publish","type":"post","link":"https:\/\/www.grieta.org.mx\/index.php\/2019\/03\/06\/el-cni-se-reune-en-la-ciudad-de-mexico-llaman-a-enfrentar-los-proyectos-de-amlo-y-defender-la-autodeterminacion-de-los-pueblos\/","title":{"rendered":"El CNI se re\u00fane en la Ciudad de M\u00e9xico. Llaman a enfrentar los proyectos de AMLO y defender la autodeterminaci\u00f3n de los pueblos."},"content":{"rendered":"<div class=\"jetpack-video-wrapper\"><iframe loading=\"lazy\" title=\"Propuesta de Declaracion de la Tercera Asamblea del CNI CIG. Marzo 2019.\" width=\"1170\" height=\"658\" src=\"https:\/\/www.youtube.com\/embed\/zvuq1Xf5Ofc?feature=oembed\" frameborder=\"0\" allow=\"accelerometer; autoplay; clipboard-write; encrypted-media; gyroscope; picture-in-picture\" allowfullscreen><\/iframe><\/div>\n<p>CDMX. 3 de Marzo. Se llevo a cabo durante 3 d\u00edas en la Ciudad de M\u00e9xico la reuni\u00f3n del Congreso Nacional Ind\u00edgena CNI y el Concejo Ind\u00edgena de Gobierno CIG en su tercera Asamblea General, para continuar con su proceso de organizaci\u00f3n como pueblos originarios. Acordaron reunirse nuevamente con m\u00e1s resistencias el 9 de Abril en Amilcingo y salir a defender la imagen de Emiliano Zapata el 10 de Abril en Anenecuilco Morelos, lugar donde naci\u00f3 el Zapata. Evaluaron y determinaron enfrentar los proyectos de AMLO que atentan sus territorios y defender la autodeterminaci\u00f3n de los Pueblos.<\/p>\n<p>Tres puntos tocaron en su agenda: La consulta que se pidieron para resolver sobre la propuesta de organizarse con otras colectividades, no necesariamente ind\u00edgenas como son los grupos de apoyo al Concejo Ind\u00edgena de Gobierno. El segundo punto ser\u00eda la evaluaci\u00f3n de los pueblos frente a la embestida capitalista y por \u00faltimo, los Pasos a seguir.<\/p>\n<p>La evaluaci\u00f3n coincidi\u00f3 en que hay una continuidad de los proyectos de muerte de los malos gobiernos y una agudizaci\u00f3n de nuevos proyectos que retoma la actual administraci\u00f3n. El Proyecto Integral Morelos PIM con consultas a modo y la criminalizaci\u00f3n de la protesta, el Tren Maya con sus lagunas de desinformaci\u00f3n y promotoras de un turismo y extractivismo rapaz , el Corredor Trans\u00edstmico Oaxaca-Veracruz que partir\u00eda el pa\u00eds en dos, ofrecido a los grandes capitales del mundo; la Guardia Nacional que legaliza y radicaliza la militarizaci\u00f3n.<\/p>\n<p>Pueblos ind\u00edgenas de decenas de comunidades y estados del pa\u00eds se encontraron y discutieron, enlutados por el crimen contra Samir Flores de Amilcingo Morelos asesinado d\u00edas antes de una simulada consulta en contra de la opini\u00f3n de los Pueblos que han resistido desde hace 6 a\u00f1os en la regi\u00f3n contra una Termoel\u00e9ctrica, con la memoria y demanda de la Libertad de los injustamente presos de Tlanixco, de la Tribu Yaqui. Hablaron de la lucha contra los proyectos mineros, hidroel\u00e9ctricos, gasoductos que atentan contra la vida y el territorio. De los grupos paramilitares que han crecido en todo el pa\u00eds y generar desplazamiento, saqueo y muerte.<\/p>\n<p>No solo se contaron sus problemas tambi\u00e9n sus iniciativas para enfrentarlos. De las resistencias que sostienen tanto locales como colectivas de los pueblos. Quedaron de hacerse talleres de para seguir form\u00e1ndose como colectividad en temas como: La participaci\u00f3n de las mujeres, sobre la defensa de la tierra, de nuevas herramientas de denuncia como la cartograf\u00eda cr\u00edtica. Platicaron de como trabajar con otras y otros que no son ind\u00edgenas en el campo y en la ciudad, hablaron de ellas y ellos, hablaron de no rendirse, de no claudicar y prepararse para seguir enfrentando el capitalismo.<\/p>\n<p><a href=\"https:\/\/noticiasdeabajoml.wordpress.com\/2019\/03\/06\/el-cni-se-reune-en-la-ciudad-de-mexico-llaman-a-enfrentar-los-proyectos-de-amlo-y-defender-la-autodeterminacion-de-los-pueblos\/\">https:\/\/noticiasdeabajoml.wordpress.com\/2019\/03\/06\/el-cni-se-reune-en-la-ciudad-de-mexico-llaman-a-enfrentar-los-proyectos-de-amlo-y-defender-la-autodeterminacion-de-los-pueblos\/<\/a><\/p>\n","protected":false},"excerpt":{"rendered":"<p>CDMX. 3 de Marzo. Se llevo a cabo durante 3 d\u00edas en la Ciudad de M\u00e9xico la reuni\u00f3n del Congreso Nacional Ind\u00edgena CNI y el Concejo Ind\u00edgena de Gobierno CIG &hellip; <a href=\"https:\/\/www.grieta.org.mx\/index.php\/2019\/03\/06\/el-cni-se-reune-en-la-ciudad-de-mexico-llaman-a-enfrentar-los-proyectos-de-amlo-y-defender-la-autodeterminacion-de-los-pueblos\/\" class=\"more-link\">Leer m\u00e1s<\/a><\/p>\n","protected":false},"author":2,"featured_media":21928,"comment_status":"closed","ping_status":"closed","sticky":false,"template":"","format":"standard","meta":{"ngg_post_thumbnail":0,"_jetpack_newsletter_access":"","_jetpack_dont_email_post_to_subs":false,"_jetpack_newsletter_tier_id":0,"_jetpack_memberships_contains_paywalled_content":false,"_jetpack_memberships_contains_paid_content":false,"footnotes":""},"categories":[909,80,14,2275,2],"tags":[1005,95],"class_list":["post-30474","post","type-post","status-publish","format-standard","has-post-thumbnail","hentry","category-cig","category-cintillo","category-ciudad-de-mexico","category-el-camino-del-cig-y-su-vocera-en-la-ciudad-de-mexico","category-noticias-nacionales","tag-cig","tag-cni","entry"],"jetpack_featured_media_url":"https:\/\/www.grieta.org.mx\/wp-content\/uploads\/2018\/03\/14524434_1106112876131411_958039263622046936_o.jpg","jetpack_sharing_enabled":true,"jetpack_shortlink":"https:\/\/wp.me\/p7ZJR4-7Vw","jetpack_likes_enabled":false,"jetpack-related-posts":[{"id":26745,"url":"https:\/\/www.grieta.org.mx\/index.php\/2018\/09\/21\/pronunciamiento-del-cni-cig-en-solidaridad-con-el-pueblo-maya-de-homun-con-motivo-de-la-violacion-a-la-libre-autodeterminacion\/","url_meta":{"origin":30474,"position":0},"title":"PRONUNCIAMIENTO DEL CNI-CIG EN SOLIDARIDAD CON EL PUEBLO MAYA DE HOM\u00daN CON MOTIVO DE LA VIOLACI\u00d3N A LA LIBRE AUTODETERMINACI\u00d3N","author":"grieta","date":"21 septiembre, 2018","format":false,"excerpt":"Al Pueblo de M\u00e9xico A las Redes de Apoyo al Concejo Ind\u00edgena de Gobierno A la Sexta Nacional e Internacional A los medios de comunicaci\u00f3n En octubre del a\u00f1o pasado el pueblo maya de Hom\u00fan ejerci\u00f3 el derecho que tienen como pueblo originario a la libre determinaci\u00f3n. Los concejales mayas\u2026","rel":"","context":"En &quot;16. Pueblo Maya&quot;","block_context":{"text":"16. Pueblo Maya","link":"https:\/\/www.grieta.org.mx\/index.php\/category\/espejos-de-la-resistencia\/16-pueblo-maya\/"},"img":{"alt_text":"","src":"https:\/\/i0.wp.com\/www.grieta.org.mx\/wp-content\/uploads\/2018\/09\/logo-CNI-T.png?resize=350%2C200&ssl=1","width":350,"height":200,"srcset":"https:\/\/i0.wp.com\/www.grieta.org.mx\/wp-content\/uploads\/2018\/09\/logo-CNI-T.png?resize=350%2C200&ssl=1 1x, https:\/\/i0.wp.com\/www.grieta.org.mx\/wp-content\/uploads\/2018\/09\/logo-CNI-T.png?resize=525%2C300&ssl=1 1.5x"},"classes":[]},{"id":63094,"url":"https:\/\/www.grieta.org.mx\/index.php\/2022\/01\/10\/cni-cig-anuncia-suspension-judicial-sobre-el-decreto-que-declara-de-interes-publico-y-de-seguridad-nacional-los-proyectos-del-gobierno-federal\/","url_meta":{"origin":30474,"position":1},"title":"CNI- CIG ANUNCIA SUSPENSI\u00d3N JUDICIAL SOBRE EL DECRETO QUE DECLARA DE \u00abINTER\u00c9S P\u00daBLICO\u00bb Y DE \u00abSEGURIDAD NACIONAL\u00bb LOS PROYECTOS DEL GOBIERNO FEDERAL","author":"grieta","date":"10 enero, 2022","format":false,"excerpt":"A los pueblos de M\u00e9xico, A los pueblos del mundo, A los medios de comunicaci\u00f3n. Anunciamos que hasta el d\u00eda de hoy pueblos y comunidades ind\u00edgenas de Jalisco, Quer\u00e9taro, Puebla, Morelos, Veracruz, Oaxaca, Campeche, Quintana Roo, Yucat\u00e1n y CDMX, participantes en el Congreso Nacional Ind\u00edgena, han interpuesto 17 amparos en\u2026","rel":"","context":"En &quot;CINTILLO&quot;","block_context":{"text":"CINTILLO","link":"https:\/\/www.grieta.org.mx\/index.php\/category\/cintillo\/"},"img":{"alt_text":"","src":"https:\/\/i0.wp.com\/www.grieta.org.mx\/wp-content\/uploads\/2019\/08\/cni.png?resize=350%2C200&ssl=1","width":350,"height":200},"classes":[]},{"id":33010,"url":"https:\/\/www.grieta.org.mx\/index.php\/2019\/05\/05\/comunicado-del-cni-cig-y-el-ezln-ante-el-cobarde-secuestro-y-asesinato-de-los-companeros-del-concejo-indigena-y-popular-de-guerrero-emiliano-zapata\/","url_meta":{"origin":30474,"position":2},"title":"COMUNICADO DEL CNI-CIG Y EL EZLN ANTE EL COBARDE SECUESTRO Y ASESINATO DE LOS COMPA\u00d1EROS DEL CONCEJO IND\u00cdGENA Y POPULAR DE GUERRERO \u2013 EMILIANO ZAPATA.","author":"grieta","date":"5 mayo, 2019","format":false,"excerpt":"COMUNICADO DEL CNI-CIG Y EL EZLN ANTE EL COBARDE SECUESTRO Y ASESINATO DE LOS COMPA\u00d1EROS DEL CONCEJO IND\u00cdGENA Y POPULAR DE GUERRERO \u2013 EMILIANO ZAPATA. El Congreso Nacional Ind\u00edgena, el Concejo Ind\u00edgena de Gobierno y el Ej\u00e9rcito Zapatista de Liberaci\u00f3n Nacional, con dolor e indignaci\u00f3n, condenamos el secuestro y asesinato\u2026","rel":"","context":"En &quot;CIG&quot;","block_context":{"text":"CIG","link":"https:\/\/www.grieta.org.mx\/index.php\/category\/cig\/"},"img":{"alt_text":"","src":"https:\/\/i0.wp.com\/www.grieta.org.mx\/wp-content\/uploads\/2019\/05\/logo-CNI-To.png?resize=350%2C200&ssl=1","width":350,"height":200,"srcset":"https:\/\/i0.wp.com\/www.grieta.org.mx\/wp-content\/uploads\/2019\/05\/logo-CNI-To.png?resize=350%2C200&ssl=1 1x, https:\/\/i0.wp.com\/www.grieta.org.mx\/wp-content\/uploads\/2019\/05\/logo-CNI-To.png?resize=525%2C300&ssl=1 1.5x"},"classes":[]},{"id":26937,"url":"https:\/\/www.grieta.org.mx\/index.php\/2018\/09\/20\/comunicado-del-cni-cig-ante-la-represion-a-la-comunidad-otomi-radicada-en-la-cdmx\/","url_meta":{"origin":30474,"position":3},"title":"Comunicado del CNI-CIG ante la represi\u00f3n a la comunidad otom\u00ed, radicada en la CDMX","author":"grieta","date":"20 septiembre, 2018","format":false,"excerpt":"Al pueblo de M\u00e9xico A las redes de apoyo al CIG A la Sexta Nacional e Internacional A los medios de comunicaci\u00f3n Ante el ataque perpetrado por el mal gobierno en contra de nuestros compa\u00f1eros y compa\u00f1eras de la comunidad otom\u00ed radicada en la Ciudad de M\u00e9xico, el Congreso Nacional\u2026","rel":"","context":"En &quot;CIG&quot;","block_context":{"text":"CIG","link":"https:\/\/www.grieta.org.mx\/index.php\/category\/cig\/"},"img":{"alt_text":"","src":"https:\/\/i0.wp.com\/www.grieta.org.mx\/wp-content\/uploads\/2018\/03\/14524434_1106112876131411_958039263622046936_o.jpg?resize=350%2C200&ssl=1","width":350,"height":200,"srcset":"https:\/\/i0.wp.com\/www.grieta.org.mx\/wp-content\/uploads\/2018\/03\/14524434_1106112876131411_958039263622046936_o.jpg?resize=350%2C200&ssl=1 1x, https:\/\/i0.wp.com\/www.grieta.org.mx\/wp-content\/uploads\/2018\/03\/14524434_1106112876131411_958039263622046936_o.jpg?resize=525%2C300&ssl=1 1.5x, https:\/\/i0.wp.com\/www.grieta.org.mx\/wp-content\/uploads\/2018\/03\/14524434_1106112876131411_958039263622046936_o.jpg?resize=700%2C400&ssl=1 2x"},"classes":[]},{"id":34676,"url":"https:\/\/www.grieta.org.mx\/index.php\/2019\/06\/12\/convocatoria-del-cni-cig-y-el-ezln-a-la-campana-por-la-vida-la-paz-y-la-justicia-en-la-montana-de-guerrero\/","url_meta":{"origin":30474,"position":4},"title":"Convocatoria del CNI-CIG y el EZLN a la CAMPA\u00d1A POR LA VIDA, LA PAZ Y LA JUSTICIA EN LA MONTA\u00d1A DE GUERRERO","author":"grieta","date":"12 junio, 2019","format":false,"excerpt":"Convocatoria del CNI-CIG y el EZLN a la CAMPA\u00d1A POR LA VIDA, LA PAZ Y LA JUSTICIA EN LA MONTA\u00d1A DE GUERRERO Los pueblos, las comunidades, naciones, colectivos, barrios y tribus originarias que somos el Congreso Nacional Ind\u00edgena-Concejo Ind\u00edgena de Gobierno, y el Ej\u00e9rcito Zapatista de Liberaci\u00f3n Nacional, llamamos a\u2026","rel":"","context":"En &quot;CIG&quot;","block_context":{"text":"CIG","link":"https:\/\/www.grieta.org.mx\/index.php\/category\/cig\/"},"img":{"alt_text":"","src":"https:\/\/i0.wp.com\/www.grieta.org.mx\/wp-content\/uploads\/2019\/06\/logo-CNI-T.png?resize=350%2C200&ssl=1","width":350,"height":200,"srcset":"https:\/\/i0.wp.com\/www.grieta.org.mx\/wp-content\/uploads\/2019\/06\/logo-CNI-T.png?resize=350%2C200&ssl=1 1x, https:\/\/i0.wp.com\/www.grieta.org.mx\/wp-content\/uploads\/2019\/06\/logo-CNI-T.png?resize=525%2C300&ssl=1 1.5x"},"classes":[]},{"id":61828,"url":"https:\/\/www.grieta.org.mx\/index.php\/2021\/09\/19\/comunicado-por-la-salida-de-las-y-los-delegados-del-cni-cig-y-fpdtapmt-a-la-europa-insumisa-para-sumarse-a-la-travesia-por-la-vida\/","url_meta":{"origin":30474,"position":5},"title":"COMUNICADO POR LA SALIDA DE LAS Y LOS DELEGADOS DEL CNI, CIG Y FPDTAPMT A LA EUROPA INSUMISA PARA SUMARSE A LA TRAVES\u00cdA POR LA VIDA","author":"grieta","date":"19 septiembre, 2021","format":false,"excerpt":"Al Ej\u00e9rcito Zapatista de Liberaci\u00f3n Nacional,\u00a0 A la Europa rebelde de abajo y a la izquierda, A la Sexta Nacional e Internacional, A los medios de comunicaci\u00f3n, A los pueblos de M\u00e9xico y el mundo. \u00a0 En medio de la guerra que los malos gobiernos crecen en contra de los\u2026","rel":"","context":"En &quot;CIG&quot;","block_context":{"text":"CIG","link":"https:\/\/www.grieta.org.mx\/index.php\/category\/cig\/"},"img":{"alt_text":"","src":"https:\/\/i0.wp.com\/www.grieta.org.mx\/wp-content\/uploads\/2019\/06\/logo-CNI-T.png?resize=350%2C200&ssl=1","width":350,"height":200,"srcset":"https:\/\/i0.wp.com\/www.grieta.org.mx\/wp-content\/uploads\/2019\/06\/logo-CNI-T.png?resize=350%2C200&ssl=1 1x, https:\/\/i0.wp.com\/www.grieta.org.mx\/wp-content\/uploads\/2019\/06\/logo-CNI-T.png?resize=525%2C300&ssl=1 1.5x"},"classes":[]}],"_links":{"self":[{"href":"https:\/\/www.grieta.org.mx\/index.php\/wp-json\/wp\/v2\/posts\/30474","targetHints":{"allow":["GET"]}}],"collection":[{"href":"https:\/\/www.grieta.org.mx\/index.php\/wp-json\/wp\/v2\/posts"}],"about":[{"href":"https:\/\/www.grieta.org.mx\/index.php\/wp-json\/wp\/v2\/types\/post"}],"author":[{"embeddable":true,"href":"https:\/\/www.grieta.org.mx\/index.php\/wp-json\/wp\/v2\/users\/2"}],"replies":[{"embeddable":true,"href":"https:\/\/www.grieta.org.mx\/index.php\/wp-json\/wp\/v2\/comments?post=30474"}],"version-history":[{"count":1,"href":"https:\/\/www.grieta.org.mx\/index.php\/wp-json\/wp\/v2\/posts\/30474\/revisions"}],"predecessor-version":[{"id":30475,"href":"https:\/\/www.grieta.org.mx\/index.php\/wp-json\/wp\/v2\/posts\/30474\/revisions\/30475"}],"wp:featuredmedia":[{"embeddable":true,"href":"https:\/\/www.grieta.org.mx\/index.php\/wp-json\/wp\/v2\/media\/21928"}],"wp:attachment":[{"href":"https:\/\/www.grieta.org.mx\/index.php\/wp-json\/wp\/v2\/media?parent=30474"}],"wp:term":[{"taxonomy":"category","embeddable":true,"href":"https:\/\/www.grieta.org.mx\/index.php\/wp-json\/wp\/v2\/categories?post=30474"},{"taxonomy":"post_tag","embeddable":true,"href":"https:\/\/www.grieta.org.mx\/index.php\/wp-json\/wp\/v2\/tags?post=30474"}],"curies":[{"name":"wp","href":"https:\/\/api.w.org\/{rel}","templated":true}]}}