{"id":3047,"date":"2015-06-13T03:49:06","date_gmt":"2015-06-13T03:49:06","guid":{"rendered":"http:\/\/50.22.11.12\/~grietaor\/?p=3047"},"modified":"2016-03-14T03:50:15","modified_gmt":"2016-03-14T03:50:15","slug":"el-estado-investigara-a-las-minas-clandestinas","status":"publish","type":"post","link":"https:\/\/www.grieta.org.mx\/index.php\/2015\/06\/13\/el-estado-investigara-a-las-minas-clandestinas\/","title":{"rendered":"El Estado investigar\u00e1 a las minas clandestinas"},"content":{"rendered":"<p><strong>LUC\u00edA P\u00e9REZ<\/strong><\/p>\n<p>El siglo de torre\u00f3n<\/p>\n<p>El gobernador Rub\u00e9n Moreira indic\u00f3 que acudir\u00e1 a la mina accidentada en Cuatro Ci\u00e9negas para implementar medidas, ayudar a la poblaci\u00f3n e investigar las condiciones en que operan el resto de los pozos en esta \u00e1rea.<\/p>\n<p>Asimismo el gobierno del estado dijo que atender\u00e1 de manera integral las comunidades dedicadas a la extracci\u00f3n de mineral para que conserven su trabajo y no sean explotados laboralmente.<\/p>\n<p>Ser\u00e1 la Escuela de Miner\u00eda de la Universidad Aut\u00f3noma de Coahuila quien asesorar\u00e1 a los ejidatarios en la explotaci\u00f3n de las minas.<\/p>\n<p>Hasta el momento no se ha identificado al due\u00f1o de la mina donde ocurri\u00f3 el accidente. Entre las primeras acciones anunciadas ser\u00e1 identificar a las compa\u00f1\u00edas mineras de la zona y el grado de riesgo de operaci\u00f3n.<\/p>\n<p>Ayer el gobernador Rub\u00e9n Moreira Valdez encabez\u00f3 una reuni\u00f3n de trabajo en Lucio Blanco.<\/p>\n<p>\u201cNecesitamos mejorar las condiciones ah\u00ed. Porque necesitamos que no vuelva a suceder lo que pas\u00f3, pero tambi\u00e9n necesitamos que las condiciones en las que se extrae la barita sirva de beneficio a la comunidad de Lucio Blanco\u201d , dijo Moreira en entrevista.<\/p>\n<p>Archivo<\/p>\n<p><a href=\"http:\/\/www.elsiglodetorreon.com.mx\/noticia\/1123891.el-estado-investigara-a-las-minas-clandestinas.html\" target=\"_blank\">www.elsiglodetorreon.com.mx\/noticia\/1123891.el-estado-investigara-a-las-minas-clandestinas.html<\/a><\/p>\n","protected":false},"excerpt":{"rendered":"<p>LUC\u00edA P\u00e9REZ El siglo de torre\u00f3n El gobernador Rub\u00e9n Moreira indic\u00f3 que acudir\u00e1 a la mina accidentada en Cuatro Ci\u00e9negas para implementar medidas, ayudar a la poblaci\u00f3n e investigar las &hellip; <a href=\"https:\/\/www.grieta.org.mx\/index.php\/2015\/06\/13\/el-estado-investigara-a-las-minas-clandestinas\/\" class=\"more-link\">Leer m\u00e1s<\/a><\/p>\n","protected":false},"author":2,"featured_media":21928,"comment_status":"closed","ping_status":"open","sticky":false,"template":"","format":"standard","meta":{"ngg_post_thumbnail":0,"_jetpack_newsletter_access":"","_jetpack_dont_email_post_to_subs":false,"_jetpack_newsletter_tier_id":0,"_jetpack_memberships_contains_paywalled_content":false,"_jetpack_memberships_contains_paid_content":false,"footnotes":""},"categories":[80,250],"tags":[96,109,147],"class_list":["post-3047","post","type-post","status-publish","format-standard","has-post-thumbnail","hentry","category-cintillo","category-coahuila","tag-megaproyectos","tag-mineria","tag-trabajo","entry"],"jetpack_featured_media_url":"https:\/\/www.grieta.org.mx\/wp-content\/uploads\/2018\/03\/14524434_1106112876131411_958039263622046936_o.jpg","jetpack_sharing_enabled":true,"jetpack_shortlink":"https:\/\/wp.me\/p7ZJR4-N9","jetpack_likes_enabled":false,"jetpack-related-posts":[{"id":3053,"url":"https:\/\/www.grieta.org.mx\/index.php\/2015\/06\/09\/sin-seguridad-social-33-de-los-mineros-de-coahuila\/","url_meta":{"origin":3047,"position":0},"title":"Sin seguridad social 33% de los mineros de Coahuila","author":"grieta","date":"9 junio, 2015","format":false,"excerpt":"Luc\u00eda P\u00e9rez. El Siglo Coahuila. 9 de junio de 2015 Tras el derrumbe de una mina en Cuatro Ci\u00e9negas, el pasado viernes, donde dos mineros fallecieron, el mandatario estatal indic\u00f3 que ha recorrido el lugar. Se prev\u00e9 que existan 20 minas irregulares. Ante esta situaci\u00f3n se pedir\u00e1 que se refuerza\u2026","rel":"","context":"En &quot;CINTILLO&quot;","block_context":{"text":"CINTILLO","link":"https:\/\/www.grieta.org.mx\/index.php\/category\/cintillo\/"},"img":{"alt_text":"","src":"https:\/\/i0.wp.com\/www.grieta.org.mx\/wp-content\/uploads\/2018\/03\/14524434_1106112876131411_958039263622046936_o.jpg?resize=350%2C200&ssl=1","width":350,"height":200,"srcset":"https:\/\/i0.wp.com\/www.grieta.org.mx\/wp-content\/uploads\/2018\/03\/14524434_1106112876131411_958039263622046936_o.jpg?resize=350%2C200&ssl=1 1x, https:\/\/i0.wp.com\/www.grieta.org.mx\/wp-content\/uploads\/2018\/03\/14524434_1106112876131411_958039263622046936_o.jpg?resize=525%2C300&ssl=1 1.5x, https:\/\/i0.wp.com\/www.grieta.org.mx\/wp-content\/uploads\/2018\/03\/14524434_1106112876131411_958039263622046936_o.jpg?resize=700%2C400&ssl=1 2x"},"classes":[]},{"id":40379,"url":"https:\/\/www.grieta.org.mx\/index.php\/2019\/10\/14\/coahuila-es-lider-a-nivel-nacional-en-enfermedades-por-trabajar-en-la-mineria\/","url_meta":{"origin":3047,"position":1},"title":"Coahuila es l\u00edder a nivel nacional en enfermedades por trabajar en la miner\u00eda","author":"grieta","date":"14 octubre, 2019","format":false,"excerpt":"Armando R\u00edos\/ VANGUARDIA.MX En la entidad hay 22 mil 990 casos de empleados en riesgos de trabajo, donde se ocupa el octavo lugar, y de ese total, el 28.3 por ciento terminaron con una incapacidad permanente, siendo seis mil 504 en su totalidad; con ello, la entidad ocupa el lugar\u2026","rel":"","context":"En &quot;CINTILLO&quot;","block_context":{"text":"CINTILLO","link":"https:\/\/www.grieta.org.mx\/index.php\/category\/cintillo\/"},"img":{"alt_text":"","src":"https:\/\/i0.wp.com\/www.grieta.org.mx\/wp-content\/uploads\/2019\/10\/mineria-2.jpg?resize=350%2C200&ssl=1","width":350,"height":200,"srcset":"https:\/\/i0.wp.com\/www.grieta.org.mx\/wp-content\/uploads\/2019\/10\/mineria-2.jpg?resize=350%2C200&ssl=1 1x, https:\/\/i0.wp.com\/www.grieta.org.mx\/wp-content\/uploads\/2019\/10\/mineria-2.jpg?resize=525%2C300&ssl=1 1.5x, https:\/\/i0.wp.com\/www.grieta.org.mx\/wp-content\/uploads\/2019\/10\/mineria-2.jpg?resize=700%2C400&ssl=1 2x"},"classes":[]},{"id":3051,"url":"https:\/\/www.grieta.org.mx\/index.php\/2015\/06\/10\/en-busca-de-quienes-explotaban-mina\/","url_meta":{"origin":3047,"position":2},"title":"En busca de quienes explotaban mina","author":"grieta","date":"10 junio, 2015","format":false,"excerpt":"Por: ISABEL AMPUDIA \/ EL SIGLO COAHUILA \/ SALTILLO La secretaria del Trabajo en Coahuila, Norma Gonz\u00e1lez C\u00f3rdova, en cuanto a la mina en Cuatro Ci\u00e9ngas se refiere, indic\u00f3 que la situacion del ejido es muy compleja porque tiene muchas minas alrededor, ella acudi\u00f3 el mi\u00e9rcoles al lugar , donde\u2026","rel":"","context":"En &quot;CINTILLO&quot;","block_context":{"text":"CINTILLO","link":"https:\/\/www.grieta.org.mx\/index.php\/category\/cintillo\/"},"img":{"alt_text":"","src":"https:\/\/i0.wp.com\/www.grieta.org.mx\/wp-content\/uploads\/2018\/03\/14524434_1106112876131411_958039263622046936_o.jpg?resize=350%2C200&ssl=1","width":350,"height":200,"srcset":"https:\/\/i0.wp.com\/www.grieta.org.mx\/wp-content\/uploads\/2018\/03\/14524434_1106112876131411_958039263622046936_o.jpg?resize=350%2C200&ssl=1 1x, https:\/\/i0.wp.com\/www.grieta.org.mx\/wp-content\/uploads\/2018\/03\/14524434_1106112876131411_958039263622046936_o.jpg?resize=525%2C300&ssl=1 1.5x, https:\/\/i0.wp.com\/www.grieta.org.mx\/wp-content\/uploads\/2018\/03\/14524434_1106112876131411_958039263622046936_o.jpg?resize=700%2C400&ssl=1 2x"},"classes":[]},{"id":2319,"url":"https:\/\/www.grieta.org.mx\/index.php\/2015\/09\/06\/para-los-ninos-mineros-de-coahuila-ganar-800-semanales-es-una-fortuna\/","url_meta":{"origin":3047,"position":3},"title":"Para los ni\u00f1os mineros de Coahuila, ganar $800 semanales es \u201cuna fortuna\u201d","author":"grieta","date":"6 septiembre, 2015","format":false,"excerpt":"Sanjuana Mart\u00ednez Especial para La Jornada Peri\u00f3dico La Jornada Domingo 6 de septiembre de 2015, p. 12 El trabajo de los ni\u00f1os mineros en la regi\u00f3n carbon\u00edfera de Coahuila est\u00e1 tan normalizado que Jes\u00fas Rogelio Garc\u00eda Salazar se siente afortunado de tenerlo: \u201cGano mil pesos a la semana y me\u2026","rel":"","context":"En &quot;CINTILLO&quot;","block_context":{"text":"CINTILLO","link":"https:\/\/www.grieta.org.mx\/index.php\/category\/cintillo\/"},"img":{"alt_text":"","src":"https:\/\/i0.wp.com\/www.grieta.org.mx\/wp-content\/uploads\/2018\/03\/14524434_1106112876131411_958039263622046936_o.jpg?resize=350%2C200&ssl=1","width":350,"height":200,"srcset":"https:\/\/i0.wp.com\/www.grieta.org.mx\/wp-content\/uploads\/2018\/03\/14524434_1106112876131411_958039263622046936_o.jpg?resize=350%2C200&ssl=1 1x, https:\/\/i0.wp.com\/www.grieta.org.mx\/wp-content\/uploads\/2018\/03\/14524434_1106112876131411_958039263622046936_o.jpg?resize=525%2C300&ssl=1 1.5x, https:\/\/i0.wp.com\/www.grieta.org.mx\/wp-content\/uploads\/2018\/03\/14524434_1106112876131411_958039263622046936_o.jpg?resize=700%2C400&ssl=1 2x"},"classes":[]},{"id":2464,"url":"https:\/\/www.grieta.org.mx\/index.php\/2015\/11\/12\/clausura-profepa-9-minas-son-7-en-sabinas\/","url_meta":{"origin":3047,"position":4},"title":"Clausura Profepa 9 minas; son 7 en Sabinas","author":"grieta","date":"12 noviembre, 2015","format":false,"excerpt":"Sabinas, Coah.- La Procuradur\u00eda Federal de Protecci\u00f3n al Ambiente (PROFEPA) clausur\u00f3 de manera total temporal 9 minas de extracci\u00f3n de carb\u00f3n mineral en los municipios de Escobedo, San Juan de Sabinas y Sabinas, en el estado de Coahuila, por la afectaci\u00f3n de una superficie total de 60,031 metros cuadrados donde\u2026","rel":"","context":"En &quot;CINTILLO&quot;","block_context":{"text":"CINTILLO","link":"https:\/\/www.grieta.org.mx\/index.php\/category\/cintillo\/"},"img":{"alt_text":"","src":"https:\/\/i0.wp.com\/www.grieta.org.mx\/wp-content\/uploads\/2018\/03\/14524434_1106112876131411_958039263622046936_o.jpg?resize=350%2C200&ssl=1","width":350,"height":200,"srcset":"https:\/\/i0.wp.com\/www.grieta.org.mx\/wp-content\/uploads\/2018\/03\/14524434_1106112876131411_958039263622046936_o.jpg?resize=350%2C200&ssl=1 1x, https:\/\/i0.wp.com\/www.grieta.org.mx\/wp-content\/uploads\/2018\/03\/14524434_1106112876131411_958039263622046936_o.jpg?resize=525%2C300&ssl=1 1.5x, https:\/\/i0.wp.com\/www.grieta.org.mx\/wp-content\/uploads\/2018\/03\/14524434_1106112876131411_958039263622046936_o.jpg?resize=700%2C400&ssl=1 2x"},"classes":[]},{"id":18983,"url":"https:\/\/www.grieta.org.mx\/index.php\/2016\/08\/07\/muere-minero-en-derrumbe\/","url_meta":{"origin":3047,"position":5},"title":"Muere minero en derrumbe (Coahuila)","author":"grieta","date":"7 agosto, 2016","format":false,"excerpt":"PROGRESO, COAH.- Las minas de carb\u00f3n cobraron una nueva vida en esta Regi\u00f3n, luego de que en una de estas ocurri\u00f3 un ca\u00eddo y atrap\u00f3 a un minero, quien fue rescatado y llevado a un hospital, donde desgraciadamente falleci\u00f3 v\u00edctima de las lesiones que sufri\u00f3 en el accidente laboral. Los\u2026","rel":"","context":"En &quot;CINTILLO&quot;","block_context":{"text":"CINTILLO","link":"https:\/\/www.grieta.org.mx\/index.php\/category\/cintillo\/"},"img":{"alt_text":"","src":"https:\/\/i0.wp.com\/www.grieta.org.mx\/wp-content\/uploads\/2018\/03\/14524434_1106112876131411_958039263622046936_o.jpg?resize=350%2C200&ssl=1","width":350,"height":200,"srcset":"https:\/\/i0.wp.com\/www.grieta.org.mx\/wp-content\/uploads\/2018\/03\/14524434_1106112876131411_958039263622046936_o.jpg?resize=350%2C200&ssl=1 1x, https:\/\/i0.wp.com\/www.grieta.org.mx\/wp-content\/uploads\/2018\/03\/14524434_1106112876131411_958039263622046936_o.jpg?resize=525%2C300&ssl=1 1.5x, https:\/\/i0.wp.com\/www.grieta.org.mx\/wp-content\/uploads\/2018\/03\/14524434_1106112876131411_958039263622046936_o.jpg?resize=700%2C400&ssl=1 2x"},"classes":[]}],"_links":{"self":[{"href":"https:\/\/www.grieta.org.mx\/index.php\/wp-json\/wp\/v2\/posts\/3047","targetHints":{"allow":["GET"]}}],"collection":[{"href":"https:\/\/www.grieta.org.mx\/index.php\/wp-json\/wp\/v2\/posts"}],"about":[{"href":"https:\/\/www.grieta.org.mx\/index.php\/wp-json\/wp\/v2\/types\/post"}],"author":[{"embeddable":true,"href":"https:\/\/www.grieta.org.mx\/index.php\/wp-json\/wp\/v2\/users\/2"}],"replies":[{"embeddable":true,"href":"https:\/\/www.grieta.org.mx\/index.php\/wp-json\/wp\/v2\/comments?post=3047"}],"version-history":[{"count":1,"href":"https:\/\/www.grieta.org.mx\/index.php\/wp-json\/wp\/v2\/posts\/3047\/revisions"}],"predecessor-version":[{"id":3048,"href":"https:\/\/www.grieta.org.mx\/index.php\/wp-json\/wp\/v2\/posts\/3047\/revisions\/3048"}],"wp:featuredmedia":[{"embeddable":true,"href":"https:\/\/www.grieta.org.mx\/index.php\/wp-json\/wp\/v2\/media\/21928"}],"wp:attachment":[{"href":"https:\/\/www.grieta.org.mx\/index.php\/wp-json\/wp\/v2\/media?parent=3047"}],"wp:term":[{"taxonomy":"category","embeddable":true,"href":"https:\/\/www.grieta.org.mx\/index.php\/wp-json\/wp\/v2\/categories?post=3047"},{"taxonomy":"post_tag","embeddable":true,"href":"https:\/\/www.grieta.org.mx\/index.php\/wp-json\/wp\/v2\/tags?post=3047"}],"curies":[{"name":"wp","href":"https:\/\/api.w.org\/{rel}","templated":true}]}}