{"id":30357,"date":"2019-03-06T14:59:39","date_gmt":"2019-03-06T20:59:39","guid":{"rendered":"http:\/\/www.grieta.org.mx\/?p=30357"},"modified":"2019-03-09T15:06:34","modified_gmt":"2019-03-09T21:06:34","slug":"arriba-grupo-de-400-migrantes-a-mexicali-38-son-ninos-baja-california","status":"publish","type":"post","link":"https:\/\/www.grieta.org.mx\/index.php\/2019\/03\/06\/arriba-grupo-de-400-migrantes-a-mexicali-38-son-ninos-baja-california\/","title":{"rendered":"Arriba grupo de 400 migrantes a Mexicali; 38 son ni\u00f1os (Baja California)"},"content":{"rendered":"<p>Zeta Tijuana.<\/p>\n<p>Eduardo Villa Lugo,<\/p>\n<p><img loading=\"lazy\" decoding=\"async\" data-attachment-id=\"30358\" data-permalink=\"https:\/\/www.grieta.org.mx\/index.php\/2019\/03\/06\/arriba-grupo-de-400-migrantes-a-mexicali-38-son-ninos-baja-california\/migrantes-4-3\/\" data-orig-file=\"https:\/\/www.grieta.org.mx\/wp-content\/uploads\/2019\/03\/migrantes-4.jpg\" data-orig-size=\"620,413\" data-comments-opened=\"0\" data-image-meta=\"{&quot;aperture&quot;:&quot;0&quot;,&quot;credit&quot;:&quot;AlejandroGutierrez&quot;,&quot;camera&quot;:&quot;&quot;,&quot;caption&quot;:&quot;Tijuana, Baja California, 26 de diciembre de 2018. Aspectos de la carava migrante en la ciudad de Tijuana. Foto: ZETA\/Alejandro Guti\\u00e9rrez Mora&quot;,&quot;created_timestamp&quot;:&quot;1543703121&quot;,&quot;copyright&quot;:&quot;&quot;,&quot;focal_length&quot;:&quot;0&quot;,&quot;iso&quot;:&quot;0&quot;,&quot;shutter_speed&quot;:&quot;0&quot;,&quot;title&quot;:&quot;&quot;,&quot;orientation&quot;:&quot;0&quot;}\" data-image-title=\"migrantes-4\" data-image-description=\"\" data-image-caption=\"&lt;p&gt;Tijuana, Baja California, 26 de diciembre de 2018. Aspectos de la carava migrante en la ciudad de Tijuana. Foto: ZETA\/Alejandro Guti\u00e9rrez Mora&lt;\/p&gt;\n\" data-medium-file=\"https:\/\/www.grieta.org.mx\/wp-content\/uploads\/2019\/03\/migrantes-4-300x200.jpg\" data-large-file=\"https:\/\/www.grieta.org.mx\/wp-content\/uploads\/2019\/03\/migrantes-4.jpg\" src=\"http:\/\/www.grieta.org.mx\/wp-content\/uploads\/2019\/03\/migrantes-4-300x200.jpg\" alt=\"\" width=\"300\" height=\"200\" class=\"size-medium wp-image-30358\" srcset=\"https:\/\/www.grieta.org.mx\/wp-content\/uploads\/2019\/03\/migrantes-4-300x200.jpg 300w, https:\/\/www.grieta.org.mx\/wp-content\/uploads\/2019\/03\/migrantes-4.jpg 620w\" sizes=\"auto, (max-width: 300px) 100vw, 300px\" \/><\/p>\n<p>Un grupo de alrededor de 400 centroamericanos arrib\u00f3 a Mexicali la madrugada de este mi\u00e9rcoles, confirm\u00f3 el director de Atenci\u00f3n a Migrantes, Gustavo Magallanes Cort\u00e9s.<\/p>\n<p>El funcionario indic\u00f3 que el grupo est\u00e1 conformado por 223 hombres, con 96 mujeres y un total de 38 ni\u00f1os, muchos de ellos sin sus padres, lo que seg\u00fan coment\u00f3 genera \u201cfocos amarillos\u201d.<\/p>\n<p>Cabe se\u00f1alar que las autoridades han advertido que la situaci\u00f3n ha sido complicada por la falta de recursos de car\u00e1cter federal, por lo que han tenido que cargar con esta responsabilidad en su totalidad.<\/p>\n<p>Agreg\u00f3 que est\u00e1 caravana vino acompa\u00f1ada del grupo Pueblos sin Fronteras, los cuales se encuentran ayud\u00e1ndolos a la hora de tomar decisiones de sus trayectos.<\/p>\n<p>En total son ya 700 migrantes que se encuentran en Mexicali, y aunque muchos han referido sus intenciones de comenzar a trabajar en la capital del estado, la mayor\u00eda pretende llegar a Tijuana, donde seg\u00fan el funcionario, apenas tiene espacio para 200 personas<\/p>\n<p><a href=\"http:\/\/zetatijuana.com\/2019\/03\/arriba-grupo-de-400-migrantes-a-mexicali-38-son-ninos\/\" rel=\"noopener\" target=\"_blank\">http:\/\/zetatijuana.com\/2019\/03\/arriba-grupo-de-400-migrantes-a-mexicali-38-son-ninos\/<\/a><\/p>\n","protected":false},"excerpt":{"rendered":"<p>Zeta Tijuana. Eduardo Villa Lugo, Un grupo de alrededor de 400 centroamericanos arrib\u00f3 a Mexicali la madrugada de este mi\u00e9rcoles, confirm\u00f3 el director de Atenci\u00f3n a Migrantes, Gustavo Magallanes Cort\u00e9s. &hellip; <a href=\"https:\/\/www.grieta.org.mx\/index.php\/2019\/03\/06\/arriba-grupo-de-400-migrantes-a-mexicali-38-son-ninos-baja-california\/\" class=\"more-link\">Leer m\u00e1s<\/a><\/p>\n","protected":false},"author":2,"featured_media":30358,"comment_status":"closed","ping_status":"closed","sticky":false,"template":"","format":"standard","meta":{"ngg_post_thumbnail":0,"_jetpack_newsletter_access":"","_jetpack_dont_email_post_to_subs":false,"_jetpack_newsletter_tier_id":0,"_jetpack_memberships_contains_paywalled_content":false,"_jetpack_memberships_contains_paid_content":false,"footnotes":""},"categories":[5,80,2136,1166,2],"tags":[],"class_list":["post-30357","post","type-post","status-publish","format-standard","has-post-thumbnail","hentry","category-baja-california","category-cintillo","category-la-ninez-en-la-tormenta-en-baja-california","category-muros-y-poblaciones-migrantes-en-baja-california","category-noticias-nacionales","entry"],"jetpack_featured_media_url":"https:\/\/www.grieta.org.mx\/wp-content\/uploads\/2019\/03\/migrantes-4.jpg","jetpack_sharing_enabled":true,"jetpack_shortlink":"https:\/\/wp.me\/p7ZJR4-7TD","jetpack_likes_enabled":false,"jetpack-related-posts":[{"id":31144,"url":"https:\/\/www.grieta.org.mx\/index.php\/2019\/03\/21\/continua-exodo-de-migrantes-centroamericanos-a-mexicali-baja-california\/","url_meta":{"origin":30357,"position":0},"title":"Contin\u00faa \u00e9xodo de migrantes centroamericanos a Mexicali (Baja California)","author":"grieta","date":"21 marzo, 2019","format":false,"excerpt":"Lindero Norte. Antonio Heras Mexicali.- Varios grupos de centroamericanos de la Caravana del Migrante han llegado a los albergues de Mexicali durante los \u00faltimos tres d\u00edas, de acuerdo a la Direcci\u00f3n de Atenci\u00f3n del Migrante del gobierno de Baja California. En estos dias arribaron a esta ciudad fronteriza 200 hombres,\u2026","rel":"","context":"En &quot;Baja California&quot;","block_context":{"text":"Baja California","link":"https:\/\/www.grieta.org.mx\/index.php\/category\/noticias-nacionales\/baja-california\/"},"img":{"alt_text":"","src":"https:\/\/i0.wp.com\/www.grieta.org.mx\/wp-content\/uploads\/2018\/03\/14524434_1106112876131411_958039263622046936_o.jpg?resize=350%2C200&ssl=1","width":350,"height":200,"srcset":"https:\/\/i0.wp.com\/www.grieta.org.mx\/wp-content\/uploads\/2018\/03\/14524434_1106112876131411_958039263622046936_o.jpg?resize=350%2C200&ssl=1 1x, https:\/\/i0.wp.com\/www.grieta.org.mx\/wp-content\/uploads\/2018\/03\/14524434_1106112876131411_958039263622046936_o.jpg?resize=525%2C300&ssl=1 1.5x, https:\/\/i0.wp.com\/www.grieta.org.mx\/wp-content\/uploads\/2018\/03\/14524434_1106112876131411_958039263622046936_o.jpg?resize=700%2C400&ssl=1 2x"},"classes":[]},{"id":30360,"url":"https:\/\/www.grieta.org.mx\/index.php\/2019\/03\/07\/hay-en-baja-california-mil-250-centroamericanos-de-la-tercera-caravana-de-migrantes\/","url_meta":{"origin":30357,"position":1},"title":"Hay en Baja California mil 250 centroamericanos de la tercera caravana de migrantes","author":"grieta","date":"7 marzo, 2019","format":false,"excerpt":"Lindero Norte. Antonio Heras, Mexicali.- En el nuevo \u00e9xodo de centroamericanos a la frontera noroeste de M\u00e9xico se reportan mil 250 migrantes que solicitar\u00e1n asilo pol\u00edtico al gobierno de Estados Unidos. En Mexicali se encuentran 900 personas y 350 en Tijuana Durante este mi\u00e9rcoles llegaron a Mexicali 357 integrantes de\u2026","rel":"","context":"En &quot;Baja California&quot;","block_context":{"text":"Baja California","link":"https:\/\/www.grieta.org.mx\/index.php\/category\/noticias-nacionales\/baja-california\/"},"img":{"alt_text":"","src":"https:\/\/i0.wp.com\/www.grieta.org.mx\/wp-content\/uploads\/2018\/03\/14524434_1106112876131411_958039263622046936_o.jpg?resize=350%2C200&ssl=1","width":350,"height":200,"srcset":"https:\/\/i0.wp.com\/www.grieta.org.mx\/wp-content\/uploads\/2018\/03\/14524434_1106112876131411_958039263622046936_o.jpg?resize=350%2C200&ssl=1 1x, https:\/\/i0.wp.com\/www.grieta.org.mx\/wp-content\/uploads\/2018\/03\/14524434_1106112876131411_958039263622046936_o.jpg?resize=525%2C300&ssl=1 1.5x, https:\/\/i0.wp.com\/www.grieta.org.mx\/wp-content\/uploads\/2018\/03\/14524434_1106112876131411_958039263622046936_o.jpg?resize=700%2C400&ssl=1 2x"},"classes":[]},{"id":8700,"url":"https:\/\/www.grieta.org.mx\/index.php\/2016\/08\/31\/secuestro-de-migrantes-en-bc\/","url_meta":{"origin":30357,"position":2},"title":"Migrantes inundan Baja California","author":"grieta","date":"31 agosto, 2016","format":false,"excerpt":"31\/08\/16. Contin\u00faa llegada de migrantes extranjeros y mexicanos que buscan asilo en EU La Jornada Baja California 20\/08\/16. A la baja llegada de migrantes a BC que quieren asilo en EU El Sol de Puebla 10\/08\/16. Libera INM al grupo de migrantes detenidos en Mexicali La Jornada Baja California 10\/08\/16.\u2026","rel":"","context":"En &quot;Baja California&quot;","block_context":{"text":"Baja California","link":"https:\/\/www.grieta.org.mx\/index.php\/category\/noticias-nacionales\/baja-california\/"},"img":{"alt_text":"","src":"https:\/\/i0.wp.com\/www.grieta.org.mx\/wp-content\/uploads\/2018\/03\/14524434_1106112876131411_958039263622046936_o.jpg?resize=350%2C200&ssl=1","width":350,"height":200,"srcset":"https:\/\/i0.wp.com\/www.grieta.org.mx\/wp-content\/uploads\/2018\/03\/14524434_1106112876131411_958039263622046936_o.jpg?resize=350%2C200&ssl=1 1x, https:\/\/i0.wp.com\/www.grieta.org.mx\/wp-content\/uploads\/2018\/03\/14524434_1106112876131411_958039263622046936_o.jpg?resize=525%2C300&ssl=1 1.5x, https:\/\/i0.wp.com\/www.grieta.org.mx\/wp-content\/uploads\/2018\/03\/14524434_1106112876131411_958039263622046936_o.jpg?resize=700%2C400&ssl=1 2x"},"classes":[]},{"id":35724,"url":"https:\/\/www.grieta.org.mx\/index.php\/2019\/06\/30\/quedan-varados-49-migrantes-afroamericanos-en-carretera-slrc-mexicali-baja-california\/","url_meta":{"origin":30357,"position":3},"title":"Quedan varados 49 migrantes afroamericanos en carretera SLRC-Mexicali (Baja California)","author":"grieta","date":"30 junio, 2019","format":false,"excerpt":"Antonio Heras \/ Lindero Norte. Mexicali.- Medio centenar de migrantes afroamericanos quedaron varados en la carretera a Mexicali despu\u00e9s de cruzar el puente de peaje de San Lu\u00eds R\u00edo Colorado, Sonora. De manera inicial se report\u00f3 un accidente carretero la tarde de este s\u00e1bado, alredeor de las 17.30 horas, a\u2026","rel":"","context":"En &quot;Baja California&quot;","block_context":{"text":"Baja California","link":"https:\/\/www.grieta.org.mx\/index.php\/category\/noticias-nacionales\/baja-california\/"},"img":{"alt_text":"","src":"https:\/\/i0.wp.com\/www.grieta.org.mx\/wp-content\/uploads\/2019\/07\/IMG-20190629-WA0028.jpg?resize=350%2C200&ssl=1","width":350,"height":200,"srcset":"https:\/\/i0.wp.com\/www.grieta.org.mx\/wp-content\/uploads\/2019\/07\/IMG-20190629-WA0028.jpg?resize=350%2C200&ssl=1 1x, https:\/\/i0.wp.com\/www.grieta.org.mx\/wp-content\/uploads\/2019\/07\/IMG-20190629-WA0028.jpg?resize=525%2C300&ssl=1 1.5x, https:\/\/i0.wp.com\/www.grieta.org.mx\/wp-content\/uploads\/2019\/07\/IMG-20190629-WA0028.jpg?resize=700%2C400&ssl=1 2x"},"classes":[]},{"id":27645,"url":"https:\/\/www.grieta.org.mx\/index.php\/2018\/11\/19\/llegan-mil-500-integrantes-de-la-caravana-del-migrante-al-centro-de-mexicali-baja-california\/","url_meta":{"origin":30357,"position":4},"title":"Llegan mil 500 integrantes de la caravana del migrante al centro de Mexicali (Baja California)","author":"grieta","date":"19 noviembre, 2018","format":false,"excerpt":"Antonio Heras Mexicali.-Un contingente de mil 500 migrantes, la mayoria hondure\u00f1os, llegaron al centro de Mexicali donde anunciaron que permaneceran dos dias. Integrantes de la Caravana del Migrante arribaron a esta frontera durante el domingo donde permanecieron en un albergue improvisado en la colonia Abasolo en el Valle de Mexicali.\u2026","rel":"","context":"En &quot;Baja California&quot;","block_context":{"text":"Baja California","link":"https:\/\/www.grieta.org.mx\/index.php\/category\/noticias-nacionales\/baja-california\/"},"img":{"alt_text":"","src":"https:\/\/i0.wp.com\/www.grieta.org.mx\/wp-content\/uploads\/2018\/11\/img-20181119-wa00227479176288765151818.jpg?resize=350%2C200&ssl=1","width":350,"height":200,"srcset":"https:\/\/i0.wp.com\/www.grieta.org.mx\/wp-content\/uploads\/2018\/11\/img-20181119-wa00227479176288765151818.jpg?resize=350%2C200&ssl=1 1x, https:\/\/i0.wp.com\/www.grieta.org.mx\/wp-content\/uploads\/2018\/11\/img-20181119-wa00227479176288765151818.jpg?resize=525%2C300&ssl=1 1.5x"},"classes":[]},{"id":50344,"url":"https:\/\/www.grieta.org.mx\/index.php\/2020\/06\/05\/registra-centro-de-migrantes-de-mexicali-segundo-brote-de-covid-19-no-cuentan-con-apoyo-de-gobierno-baja-california\/","url_meta":{"origin":30357,"position":5},"title":"Registra Centro de Migrantes de Mexicali segundo brote de Covid-19; No cuentan con apoyo de gobierno (Baja California)","author":"grieta","date":"5 junio, 2020","format":false,"excerpt":"Lindero Norte \/ Antonio Heras *El gobierno de M\u00e9xico desatiende a migrantes retornados de EU que solicitaron asilo pol\u00edtico, acusan. Mexicali.- Durante mayo se registraron dos brotes de Covid 19 en el Centro de Ayuda Alfa y Omega Albergue para inmigrantes de Mexicali y en la actualidad reportan con contagio\u2026","rel":"","context":"En &quot;Baja California&quot;","block_context":{"text":"Baja California","link":"https:\/\/www.grieta.org.mx\/index.php\/category\/noticias-nacionales\/baja-california\/"},"img":{"alt_text":"","src":"https:\/\/i0.wp.com\/www.grieta.org.mx\/wp-content\/uploads\/2018\/03\/14524434_1106112876131411_958039263622046936_o.jpg?resize=350%2C200&ssl=1","width":350,"height":200,"srcset":"https:\/\/i0.wp.com\/www.grieta.org.mx\/wp-content\/uploads\/2018\/03\/14524434_1106112876131411_958039263622046936_o.jpg?resize=350%2C200&ssl=1 1x, https:\/\/i0.wp.com\/www.grieta.org.mx\/wp-content\/uploads\/2018\/03\/14524434_1106112876131411_958039263622046936_o.jpg?resize=525%2C300&ssl=1 1.5x, https:\/\/i0.wp.com\/www.grieta.org.mx\/wp-content\/uploads\/2018\/03\/14524434_1106112876131411_958039263622046936_o.jpg?resize=700%2C400&ssl=1 2x"},"classes":[]}],"_links":{"self":[{"href":"https:\/\/www.grieta.org.mx\/index.php\/wp-json\/wp\/v2\/posts\/30357","targetHints":{"allow":["GET"]}}],"collection":[{"href":"https:\/\/www.grieta.org.mx\/index.php\/wp-json\/wp\/v2\/posts"}],"about":[{"href":"https:\/\/www.grieta.org.mx\/index.php\/wp-json\/wp\/v2\/types\/post"}],"author":[{"embeddable":true,"href":"https:\/\/www.grieta.org.mx\/index.php\/wp-json\/wp\/v2\/users\/2"}],"replies":[{"embeddable":true,"href":"https:\/\/www.grieta.org.mx\/index.php\/wp-json\/wp\/v2\/comments?post=30357"}],"version-history":[{"count":1,"href":"https:\/\/www.grieta.org.mx\/index.php\/wp-json\/wp\/v2\/posts\/30357\/revisions"}],"predecessor-version":[{"id":30362,"href":"https:\/\/www.grieta.org.mx\/index.php\/wp-json\/wp\/v2\/posts\/30357\/revisions\/30362"}],"wp:featuredmedia":[{"embeddable":true,"href":"https:\/\/www.grieta.org.mx\/index.php\/wp-json\/wp\/v2\/media\/30358"}],"wp:attachment":[{"href":"https:\/\/www.grieta.org.mx\/index.php\/wp-json\/wp\/v2\/media?parent=30357"}],"wp:term":[{"taxonomy":"category","embeddable":true,"href":"https:\/\/www.grieta.org.mx\/index.php\/wp-json\/wp\/v2\/categories?post=30357"},{"taxonomy":"post_tag","embeddable":true,"href":"https:\/\/www.grieta.org.mx\/index.php\/wp-json\/wp\/v2\/tags?post=30357"}],"curies":[{"name":"wp","href":"https:\/\/api.w.org\/{rel}","templated":true}]}}