{"id":30348,"date":"2019-03-09T14:19:48","date_gmt":"2019-03-09T20:19:48","guid":{"rendered":"http:\/\/www.grieta.org.mx\/?p=30348"},"modified":"2019-03-09T14:19:48","modified_gmt":"2019-03-09T20:19:48","slug":"colectivos-feministas-repudian-extincion-del-ijm-jalisco","status":"publish","type":"post","link":"https:\/\/www.grieta.org.mx\/index.php\/2019\/03\/09\/colectivos-feministas-repudian-extincion-del-ijm-jalisco\/","title":{"rendered":"Colectivos feministas repudian extinci\u00f3n del IJM (Jalisco)"},"content":{"rendered":"<p><img loading=\"lazy\" decoding=\"async\" data-attachment-id=\"30349\" data-permalink=\"https:\/\/www.grieta.org.mx\/index.php\/2019\/03\/09\/colectivos-feministas-repudian-extincion-del-ijm-jalisco\/03-3\/\" data-orig-file=\"https:\/\/www.grieta.org.mx\/wp-content\/uploads\/2019\/03\/03.jpg\" data-orig-size=\"850,500\" data-comments-opened=\"0\" data-image-meta=\"{&quot;aperture&quot;:&quot;0&quot;,&quot;credit&quot;:&quot;&quot;,&quot;camera&quot;:&quot;&quot;,&quot;caption&quot;:&quot;&quot;,&quot;created_timestamp&quot;:&quot;0&quot;,&quot;copyright&quot;:&quot;&quot;,&quot;focal_length&quot;:&quot;0&quot;,&quot;iso&quot;:&quot;0&quot;,&quot;shutter_speed&quot;:&quot;0&quot;,&quot;title&quot;:&quot;&quot;,&quot;orientation&quot;:&quot;0&quot;}\" data-image-title=\"03\" data-image-description=\"\" data-image-caption=\"\" data-medium-file=\"https:\/\/www.grieta.org.mx\/wp-content\/uploads\/2019\/03\/03-300x176.jpg\" data-large-file=\"https:\/\/www.grieta.org.mx\/wp-content\/uploads\/2019\/03\/03.jpg\" class=\"aligncenter  wp-image-30349\" src=\"http:\/\/www.grieta.org.mx\/wp-content\/uploads\/2019\/03\/03-300x176.jpg\" alt=\"\" width=\"763\" height=\"447\" \/><\/p>\n<p><em>Manifestaron su preocupaci\u00f3n por los llamados mecanismos de adelanto para las mujeres, que implementar\u00e1 el gobierno estatal<\/em><\/p>\n<p><strong>Elizabeth R\u00edos Chavarr\u00eda \/ P\u00e1gina 24<\/strong><\/p>\n<p>En el marco del D\u00eda Internacional de la Mujer, que se conmemor\u00f3 ayer, diversos colectivos feministas se manifestaron a las afueras del Congreso de Jalisco, en donde repudiaron la extinci\u00f3n del Instituto Jalisciense de las Mujeres (IJM), y manifestaron su preocupaci\u00f3n por los llamados mecanismos de adelanto para las mujeres, que implementar\u00e1 el gobierno estatal.<\/p>\n<p>Con tambores y consignas, activistas lamentaron el contexto actual que se vive en Jalisco en torno a los derechos de las mujeres, pues si bien ayer autoridades estatales presentaron reformas a la Secretar\u00eda de Igualdad Sustantiva para que atienda \u00fanicamente asuntos de mujer, lo plateado genera dudas por los trabajos que se puedan hacer, en vista de que todas las pol\u00edticas p\u00fablicas en torno a este sector no tendr\u00e1n autonom\u00eda, ya que depender\u00e1n del Ejecutivo estatal.<\/p>\n<p>\u201cNos preocupa la p\u00e9rdida de autonom\u00eda y especializaci\u00f3n en los derechos humanos de las mujeres. Para nosotras representa un lamentable retroceso en la lucha y en el trabajo de las organizaciones que cotidianamente trabajamos con las mujeres. Somos distintas voces, distintos feminismos, distintas formas de ser mujer, pero todas coincidimos en que los planteamientos internacionales relativos a la necesidad de crear mecanismos espec\u00edficos para atender la problem\u00e1tica y la grave situaci\u00f3n que vivimos las mujeres en Jalisco debe ser en conjunto con la sociedad civil\u201d.<\/p>\n<p>Lamentaron que Jalisco se encuentre en los primeros lugares de violencia, desaparici\u00f3n y asesinato de mujeres, y tenga un rezago en administraci\u00f3n de justicia, por lo que llamaron a las autoridades a tomar en cuenta los reclamos de la sociedad en la implementaci\u00f3n de los mecanismos de adelanto, a fin de que den respuesta a las necesidades de la situaci\u00f3n, ahora m\u00e1s que nunca por la extinci\u00f3n del IJM.<\/p>\n<p>\u201cDebemos tener un sistema de justicia que d\u00e9 resultados, una formaci\u00f3n de perspectiva de g\u00e9nero, que se cumplan los requisitos m\u00ednimos de investigaci\u00f3n. Necesitamos una justicia con perspectiva de g\u00e9nero, as\u00ed que pedimos incluir mecanismos efectivos de participaci\u00f3n y seguimiento de la sociedad civil\u201d.<\/p>\n<p>Con la alerta de violencia en contra de las mujeres propuesta por la administraci\u00f3n pasada y la alerta de violencia de g\u00e9nero a nivel federal, activistas exigieron que en la materia se haga lo conducente y se den los resultados esperados, dejando de lado el trabajo de escritorio y en verdad viviendo lo que miles de mujeres experimentan d\u00eda a d\u00eda en el estado: \u201cQue autoridades generen y presenten indicadores de acciones a corto y mediano plazo. Que haya justicia profesional desde la perspectiva de g\u00e9nero, armonizaci\u00f3n con los criterios internacionales, as\u00ed como inclusi\u00f3n plena y reconocimiento de los avances de los derechos de las mujeres\u201d.<\/p>\n<p><strong>Destacado<\/strong><\/p>\n<p>\u201cNos preocupa la p\u00e9rdida de autonom\u00eda y especializaci\u00f3n en los derechos humanos de las mujeres. Para nosotras representa un lamentable retroceso en la lucha y en el trabajo de las organizaciones que cotidianamente trabajamos con las mujeres\u201d<\/p>\n<p><a href=\"https:\/\/pagina24jalisco.com.mx\/2019\/03\/09\/local\/colectivos-feministas-repudian-extincion-del-ijm\/\">https:\/\/pagina24jalisco.com.mx\/2019\/03\/09\/local\/colectivos-feministas-repudian-extincion-del-ijm\/<\/a><\/p>\n","protected":false},"excerpt":{"rendered":"<p>Manifestaron su preocupaci\u00f3n por los llamados mecanismos de adelanto para las mujeres, que implementar\u00e1 el gobierno estatal Elizabeth R\u00edos Chavarr\u00eda \/ P\u00e1gina 24 En el marco del D\u00eda Internacional de &hellip; <a href=\"https:\/\/www.grieta.org.mx\/index.php\/2019\/03\/09\/colectivos-feministas-repudian-extincion-del-ijm-jalisco\/\" class=\"more-link\">Leer m\u00e1s<\/a><\/p>\n","protected":false},"author":2,"featured_media":30349,"comment_status":"closed","ping_status":"closed","sticky":false,"template":"","format":"standard","meta":{"ngg_post_thumbnail":0,"_jetpack_newsletter_access":"","_jetpack_dont_email_post_to_subs":false,"_jetpack_newsletter_tier_id":0,"_jetpack_memberships_contains_paywalled_content":false,"_jetpack_memberships_contains_paid_content":false,"footnotes":""},"categories":[80,84,2107,20,2,83],"tags":[],"class_list":["post-30348","post","type-post","status-publish","format-standard","has-post-thumbnail","hentry","category-cintillo","category-feminicidios","category-feminicidios-en-jalisco","category-jalisco","category-noticias-nacionales","category-temas-nacionales","entry"],"jetpack_featured_media_url":"https:\/\/www.grieta.org.mx\/wp-content\/uploads\/2019\/03\/03.jpg","jetpack_sharing_enabled":true,"jetpack_shortlink":"https:\/\/wp.me\/p7ZJR4-7Tu","jetpack_likes_enabled":false,"jetpack-related-posts":[{"id":30227,"url":"https:\/\/www.grieta.org.mx\/index.php\/2019\/03\/07\/denuncian-despidos-de-funcionarias-por-criticar-extincion-del-ijm-jalisco\/","url_meta":{"origin":30348,"position":0},"title":"Denuncian despidos de funcionarias por criticar extinci\u00f3n del IJM (Jalisco)","author":"grieta","date":"7 marzo, 2019","format":false,"excerpt":"Dario Pereira \/ El Diario NTR Al menos tres servidoras p\u00fablicas han sido despedidas por la actual administraci\u00f3n estatal debido a que manifestaron su inconformidad con la decisi\u00f3n de extinguir el Instituto Jalisciense de las Mujeres (IJM), acus\u00f3 Laura Plascencia Pacheco, una de las afectadas. \u201cEl pasado primero de febrero\u2026","rel":"","context":"En &quot;CINTILLO&quot;","block_context":{"text":"CINTILLO","link":"https:\/\/www.grieta.org.mx\/index.php\/category\/cintillo\/"},"img":{"alt_text":"","src":"https:\/\/i0.wp.com\/www.grieta.org.mx\/wp-content\/uploads\/2018\/03\/14524434_1106112876131411_958039263622046936_o.jpg?resize=350%2C200&ssl=1","width":350,"height":200,"srcset":"https:\/\/i0.wp.com\/www.grieta.org.mx\/wp-content\/uploads\/2018\/03\/14524434_1106112876131411_958039263622046936_o.jpg?resize=350%2C200&ssl=1 1x, https:\/\/i0.wp.com\/www.grieta.org.mx\/wp-content\/uploads\/2018\/03\/14524434_1106112876131411_958039263622046936_o.jpg?resize=525%2C300&ssl=1 1.5x, https:\/\/i0.wp.com\/www.grieta.org.mx\/wp-content\/uploads\/2018\/03\/14524434_1106112876131411_958039263622046936_o.jpg?resize=700%2C400&ssl=1 2x"},"classes":[]},{"id":53613,"url":"https:\/\/www.grieta.org.mx\/index.php\/2020\/09\/16\/colectivas-feministas-realizan-antigrita-en-guadalajara-jalisco\/","url_meta":{"origin":30348,"position":1},"title":"Colectivas feministas realizan Antigrita en Guadalajara (Jalisco)","author":"grieta","date":"16 septiembre, 2020","format":false,"excerpt":"Fotograf\u00edas: Mario Marlo Mario Marlo \/ Somos el Medio Guadalajara, 16 de septiembre. Esta tarde en la Glorieta de los y las Jaliscienses Ilustres, en Guadalajara, mujeres realizaron \u00abLa Antigrita\u00bb donde exigieron justicia por los feminicidios y las desapariciones en este estado. Las colectivas feministas que se reunieron en este\u2026","rel":"","context":"En &quot;CINTILLO&quot;","block_context":{"text":"CINTILLO","link":"https:\/\/www.grieta.org.mx\/index.php\/category\/cintillo\/"},"img":{"alt_text":"","src":"https:\/\/i0.wp.com\/www.grieta.org.mx\/wp-content\/uploads\/2020\/09\/Antigrita-5-1068x704-1.jpg?resize=350%2C200&ssl=1","width":350,"height":200,"srcset":"https:\/\/i0.wp.com\/www.grieta.org.mx\/wp-content\/uploads\/2020\/09\/Antigrita-5-1068x704-1.jpg?resize=350%2C200&ssl=1 1x, https:\/\/i0.wp.com\/www.grieta.org.mx\/wp-content\/uploads\/2020\/09\/Antigrita-5-1068x704-1.jpg?resize=525%2C300&ssl=1 1.5x, https:\/\/i0.wp.com\/www.grieta.org.mx\/wp-content\/uploads\/2020\/09\/Antigrita-5-1068x704-1.jpg?resize=700%2C400&ssl=1 2x, https:\/\/i0.wp.com\/www.grieta.org.mx\/wp-content\/uploads\/2020\/09\/Antigrita-5-1068x704-1.jpg?resize=1050%2C600&ssl=1 3x"},"classes":[]},{"id":38837,"url":"https:\/\/www.grieta.org.mx\/index.php\/2019\/09\/02\/feministas-de-vallarta-exigiran-a-enrique-alfaro-acciones-contra-feminicidios-jalisco\/","url_meta":{"origin":30348,"position":2},"title":"Feministas de Vallarta exigir\u00e1n a Enrique Alfaro acciones contra feminicidios (Jalisco)","author":"grieta","date":"2 septiembre, 2019","format":false,"excerpt":"Foto: Vallarta Opina Jos\u00e9 Luis Burgos \/ Vallarta Opina El colectivo de activistas mujeres \u201cVallarta Fem\u201d ha anunciado su intenci\u00f3n de enviar un pliego petitorio al Gobierno de Jalisco para que tome cartas en la crisis de feminicidios y trata de mujeres que existe en Puerto Vallarta. Esto, luego de\u2026","rel":"","context":"En &quot;CINTILLO&quot;","block_context":{"text":"CINTILLO","link":"https:\/\/www.grieta.org.mx\/index.php\/category\/cintillo\/"},"img":{"alt_text":"","src":"https:\/\/i0.wp.com\/www.grieta.org.mx\/wp-content\/uploads\/2019\/09\/Manifestaci%C3%B3n-feminista-en-Puerto-Vallarta-1.jpeg?resize=350%2C200&ssl=1","width":350,"height":200,"srcset":"https:\/\/i0.wp.com\/www.grieta.org.mx\/wp-content\/uploads\/2019\/09\/Manifestaci%C3%B3n-feminista-en-Puerto-Vallarta-1.jpeg?resize=350%2C200&ssl=1 1x, https:\/\/i0.wp.com\/www.grieta.org.mx\/wp-content\/uploads\/2019\/09\/Manifestaci%C3%B3n-feminista-en-Puerto-Vallarta-1.jpeg?resize=525%2C300&ssl=1 1.5x, https:\/\/i0.wp.com\/www.grieta.org.mx\/wp-content\/uploads\/2019\/09\/Manifestaci%C3%B3n-feminista-en-Puerto-Vallarta-1.jpeg?resize=700%2C400&ssl=1 2x"},"classes":[]},{"id":63695,"url":"https:\/\/www.grieta.org.mx\/index.php\/2022\/03\/08\/marchan-mujeres-de-vallarta-para-exigir-respeto-y-seguridad-jalisco\/","url_meta":{"origin":30348,"position":3},"title":"Marchan mujeres de Vallarta para exigir respeto y seguridad (Jalisco)","author":"grieta","date":"8 marzo, 2022","format":false,"excerpt":"Foto: Tribuna de la Bah\u00eda Brenda Beltr\u00e1n \/ Tribuna de la Bah\u00eda Cientos de mujeres, pertenecientes a colectivos de\u00a0Puerto Vallarta, estudiantes, madres de familias y m\u00e1s, salieron a\u00a0marchar este 8 de marzo\u00a0de forma pac\u00edfica, exigiendo a las autoridades que sean escuchadas ante la violencia que se vive en la ciudad.\u2026","rel":"","context":"En &quot;CINTILLO&quot;","block_context":{"text":"CINTILLO","link":"https:\/\/www.grieta.org.mx\/index.php\/category\/cintillo\/"},"img":{"alt_text":"","src":"https:\/\/i0.wp.com\/www.grieta.org.mx\/wp-content\/uploads\/2022\/03\/marcha-8m-cover.jpg?resize=350%2C200&ssl=1","width":350,"height":200,"srcset":"https:\/\/i0.wp.com\/www.grieta.org.mx\/wp-content\/uploads\/2022\/03\/marcha-8m-cover.jpg?resize=350%2C200&ssl=1 1x, https:\/\/i0.wp.com\/www.grieta.org.mx\/wp-content\/uploads\/2022\/03\/marcha-8m-cover.jpg?resize=525%2C300&ssl=1 1.5x, https:\/\/i0.wp.com\/www.grieta.org.mx\/wp-content\/uploads\/2022\/03\/marcha-8m-cover.jpg?resize=700%2C400&ssl=1 2x"},"classes":[]},{"id":54331,"url":"https:\/\/www.grieta.org.mx\/index.php\/2020\/10\/16\/estudiantes-y-colectivas-feministas-se-manifestaron-para-exigir-justicia-para-daniela\/","url_meta":{"origin":30348,"position":4},"title":"Colectivas feministas se manifiestan en la explanada de la Universidad de Guadalajara para exigir justicia para Noelia y Daniela (Jalisco)","author":"grieta","date":"16 octubre, 2020","format":false,"excerpt":"Foto: Celia Ni\u00f1o La protesta fue antecedida por una corta marcha que sali\u00f3 del parque de la Revoluci\u00f3n y concluy\u00f3 en el edificio universitario, donde en su explanada, las feministas colocaron cruces color rosa con consignas de justicia y el cese al acoso de mujeres estudiantes Celia Ni\u00f1o \/ UDGTV\u2026","rel":"","context":"En &quot;CINTILLO&quot;","block_context":{"text":"CINTILLO","link":"https:\/\/www.grieta.org.mx\/index.php\/category\/cintillo\/"},"img":{"alt_text":"","src":"https:\/\/i0.wp.com\/www.grieta.org.mx\/wp-content\/uploads\/2020\/10\/Noelia-y-Daniel-CElia-Nino-696x321-1.jpeg?resize=350%2C200&ssl=1","width":350,"height":200,"srcset":"https:\/\/i0.wp.com\/www.grieta.org.mx\/wp-content\/uploads\/2020\/10\/Noelia-y-Daniel-CElia-Nino-696x321-1.jpeg?resize=350%2C200&ssl=1 1x, https:\/\/i0.wp.com\/www.grieta.org.mx\/wp-content\/uploads\/2020\/10\/Noelia-y-Daniel-CElia-Nino-696x321-1.jpeg?resize=525%2C300&ssl=1 1.5x"},"classes":[]},{"id":57694,"url":"https:\/\/www.grieta.org.mx\/index.php\/2021\/03\/09\/con-listones-color-violeta-y-veladoras-feministas-exigen-frente-a-palacio-de-gobierno-justicia-para-victimas-de-feminicidio-y-desaparicion-en-jalisco\/","url_meta":{"origin":30348,"position":5},"title":"Con listones color violeta y veladoras, feministas exigen frente a Palacio de Gobierno justicia para v\u00edctimas de feminicidio y desaparici\u00f3n en Jalisco","author":"grieta","date":"9 marzo, 2021","format":false,"excerpt":"Foto: Mario Marlo Dalia Souza \/ Zona Docs En Jalisco, durante los \u00faltimos cinco a\u00f1os, las autoridades del estado\u00a0han acumulado cerca de 80 mil carpetas de investigaci\u00f3n por delitos cometidos contra mujeres; mientras que, en lo que va del a\u00f1o 2021 -hasta el 8 de marzo-,\u00a0han sido asesinadas de manera\u2026","rel":"","context":"En &quot;CINTILLO&quot;","block_context":{"text":"CINTILLO","link":"https:\/\/www.grieta.org.mx\/index.php\/category\/cintillo\/"},"img":{"alt_text":"","src":"https:\/\/i0.wp.com\/www.grieta.org.mx\/wp-content\/uploads\/2021\/03\/MEMORIAL-8-D.jpeg?resize=350%2C200&ssl=1","width":350,"height":200,"srcset":"https:\/\/i0.wp.com\/www.grieta.org.mx\/wp-content\/uploads\/2021\/03\/MEMORIAL-8-D.jpeg?resize=350%2C200&ssl=1 1x, https:\/\/i0.wp.com\/www.grieta.org.mx\/wp-content\/uploads\/2021\/03\/MEMORIAL-8-D.jpeg?resize=525%2C300&ssl=1 1.5x, https:\/\/i0.wp.com\/www.grieta.org.mx\/wp-content\/uploads\/2021\/03\/MEMORIAL-8-D.jpeg?resize=700%2C400&ssl=1 2x"},"classes":[]}],"_links":{"self":[{"href":"https:\/\/www.grieta.org.mx\/index.php\/wp-json\/wp\/v2\/posts\/30348","targetHints":{"allow":["GET"]}}],"collection":[{"href":"https:\/\/www.grieta.org.mx\/index.php\/wp-json\/wp\/v2\/posts"}],"about":[{"href":"https:\/\/www.grieta.org.mx\/index.php\/wp-json\/wp\/v2\/types\/post"}],"author":[{"embeddable":true,"href":"https:\/\/www.grieta.org.mx\/index.php\/wp-json\/wp\/v2\/users\/2"}],"replies":[{"embeddable":true,"href":"https:\/\/www.grieta.org.mx\/index.php\/wp-json\/wp\/v2\/comments?post=30348"}],"version-history":[{"count":1,"href":"https:\/\/www.grieta.org.mx\/index.php\/wp-json\/wp\/v2\/posts\/30348\/revisions"}],"predecessor-version":[{"id":30350,"href":"https:\/\/www.grieta.org.mx\/index.php\/wp-json\/wp\/v2\/posts\/30348\/revisions\/30350"}],"wp:featuredmedia":[{"embeddable":true,"href":"https:\/\/www.grieta.org.mx\/index.php\/wp-json\/wp\/v2\/media\/30349"}],"wp:attachment":[{"href":"https:\/\/www.grieta.org.mx\/index.php\/wp-json\/wp\/v2\/media?parent=30348"}],"wp:term":[{"taxonomy":"category","embeddable":true,"href":"https:\/\/www.grieta.org.mx\/index.php\/wp-json\/wp\/v2\/categories?post=30348"},{"taxonomy":"post_tag","embeddable":true,"href":"https:\/\/www.grieta.org.mx\/index.php\/wp-json\/wp\/v2\/tags?post=30348"}],"curies":[{"name":"wp","href":"https:\/\/api.w.org\/{rel}","templated":true}]}}