{"id":30302,"date":"2019-03-05T19:52:20","date_gmt":"2019-03-06T01:52:20","guid":{"rendered":"http:\/\/www.grieta.org.mx\/?p=30302"},"modified":"2019-03-08T20:00:19","modified_gmt":"2019-03-09T02:00:19","slug":"avanza-dialogo-por-cancelacion-de-presa-el-zapotillo-jalisco","status":"publish","type":"post","link":"https:\/\/www.grieta.org.mx\/index.php\/2019\/03\/05\/avanza-dialogo-por-cancelacion-de-presa-el-zapotillo-jalisco\/","title":{"rendered":"Avanza di\u00e1logo por cancelaci\u00f3n de presa El Zapotillo (Jalisco)"},"content":{"rendered":"<p><img loading=\"lazy\" decoding=\"async\" data-attachment-id=\"30303\" data-permalink=\"https:\/\/www.grieta.org.mx\/index.php\/2019\/03\/05\/avanza-dialogo-por-cancelacion-de-presa-el-zapotillo-jalisco\/zapotillo\/\" data-orig-file=\"https:\/\/www.grieta.org.mx\/wp-content\/uploads\/2019\/03\/zapotillo.jpeg\" data-orig-size=\"620,413\" data-comments-opened=\"0\" data-image-meta=\"{&quot;aperture&quot;:&quot;0&quot;,&quot;credit&quot;:&quot;&quot;,&quot;camera&quot;:&quot;&quot;,&quot;caption&quot;:&quot;&quot;,&quot;created_timestamp&quot;:&quot;0&quot;,&quot;copyright&quot;:&quot;&quot;,&quot;focal_length&quot;:&quot;0&quot;,&quot;iso&quot;:&quot;0&quot;,&quot;shutter_speed&quot;:&quot;0&quot;,&quot;title&quot;:&quot;&quot;,&quot;orientation&quot;:&quot;0&quot;}\" data-image-title=\"zapotillo\" data-image-description=\"\" data-image-caption=\"\" data-medium-file=\"https:\/\/www.grieta.org.mx\/wp-content\/uploads\/2019\/03\/zapotillo-300x200.jpeg\" data-large-file=\"https:\/\/www.grieta.org.mx\/wp-content\/uploads\/2019\/03\/zapotillo.jpeg\" class=\"aligncenter wp-image-30303\" src=\"http:\/\/www.grieta.org.mx\/wp-content\/uploads\/2019\/03\/zapotillo.jpeg\" alt=\"\" width=\"760\" height=\"506\" srcset=\"https:\/\/www.grieta.org.mx\/wp-content\/uploads\/2019\/03\/zapotillo.jpeg 620w, https:\/\/www.grieta.org.mx\/wp-content\/uploads\/2019\/03\/zapotillo-300x200.jpeg 300w\" sizes=\"auto, (max-width: 760px) 100vw, 760px\" \/><\/p>\n<p><strong>NANCY G\u00d3MEZ\u00a0\/ SDPNOTICIAS.COM<\/strong><\/p>\n<p class=\"cont-extracto\" style=\"text-align: left;\"><em><strong>Autoridades federales y pobladores afectados por la construcci\u00f3n de la presa, se reunieron para definir el destino del proyecto que lleva 5 a\u00f1os detenido.<\/strong><\/em><\/p>\n<p>&nbsp;<\/p>\n<p>M\u00e9xico.- Habitante de los pueblos de\u00a0<b>Temacapul\u00edn, Acasico y Palmarejo,\u00a0<\/b>Jalisco, se reunieron con el asesor de Presidencia,\u00a0<b>L\u00e1zaro C\u00e1rdenas Batel, y Javier Guerrero,<\/b>de la Unidad de Gobierno de la Secretar\u00eda de Gobernaci\u00f3n , para\u00a0<b>reafirmar su desacuerdo con la construcci\u00f3n de la presa &#8220;El Zapotillo&#8221;.<\/b><\/p>\n<p>En conferencia de prensa luego del encuentro,<b>\u00a0Gabriel Espinosa I\u00f1iguez,<\/b>\u00a0del comit\u00e9\u00a0<b>Salvemos Temacapul\u00edn, Acasico y Palmarejo<\/b>, record\u00f3 que la presa \u201ces un conjunto generado desde 2005 hasta la fecha y que distintos gobiernos han empujado\u00a0<b>violando los derechos humanos\u201d.<\/b><\/p>\n<p>Sin embargo, se\u00f1al\u00f3 que con el actual gobierno y las reuniones hechas, \u201cdespertamos la esperanza de que\u00a0<b>las cosas se puedan resolver de otra manera.\u00a0<\/b>No podemos avanzar en\u00a0<b>proyectos de muerte,<\/b>\u00a0de corrupci\u00f3n de privatizaci\u00f3n de nuestros recursos. El presidente se ha comprometido a\u00a0<b>salvar las comunidades, confiamos en que pueda cumplir con su palabra\u201d.<\/b><\/p>\n<p>En cuanto al futuro de la presa, los pobladores de estos tres municipios dijeron que tanto C\u00e1rdenas Batel como Guerrero, y autoridades de la Comisi\u00f3n Nacional del Agua,\u00a0<b>\u201cno hay ninguna decisi\u00f3n tomada<\/b>, pero hemos solicitado que se revise el proyecto y se hagan auditor\u00edas en<b>\u00a0derechos humanos, jur\u00eddicas, ambientales, t\u00e9cnicas y econ\u00f3micas.\u00a0<\/b>Esperamos que se concrete\u00a0<b>otra reuni\u00f3n para seguir trabajando el conflicto\u201d.<\/b><\/p>\n<p>Aseguraron que de terminar la construcci\u00f3n de la presa, sus c<b>omunidades desaparecer\u00eda y otros poblados se quedar\u00edan sin agua<\/b>, como los productores de Los Altos de Jalisco, que son los que producen 80 por ciento del huevo y 30 por ciento de la prote\u00edna a nivel nacional. \u201cMuchos\u00a0<b>pueblos se secar\u00edan y otros se inundar\u00edan.<\/b>El otro tema son los costos. Una empresa que inici\u00f3 costando siete mil millones de pesos y que ahorita ya va sobre los 30 mil millones y que ni siquiera est\u00e1 funcionando\u201d.<\/p>\n<p>Respecto a la reuni\u00f3n, dijeron que fue\u00a0<b>positiva\u00a0<\/b>porque los funcionarios escucharon \u201cnuestros argumentos de todas la<b>\u00a0afectaci\u00f3n psicosociales<\/b>\u00a0y que muchas veces no se contemplan en los megaproyectos. As\u00ed como violaciones a derechos humanos.\u00a0<b>Es esperamos que se cancelen todos los proyectos que nacieron corruptos\u201d.<\/b><\/p>\n<p>Al mencionar el tema de las\u00a0<b>consultas p\u00fablicas<\/b>\u00a0que en los \u00faltimos meses ha promovido el gobierno federal, el colectivo asegur\u00f3 que en<b>\u00a0Temacapul\u00edn ya se realiz\u00f3 una consulta\u00a0<\/b>bajo los est\u00e1ndares internacionales, donde el<b>\u00a099% de la poblaci\u00f3n afectada vot\u00f3 No a la presa<\/b>, \u201cantes que nos digan de una consulta, nosotros ya lo hicimos antes, hace 8 a\u00f1os\u201d.<\/p>\n<p><a href=\"https:\/\/www.sdpnoticias.com\/local\/jalisco\/2019\/03\/05\/avanza-dialogo-por-cancelacion-de-presa-el-zapotillo\">https:\/\/www.sdpnoticias.com\/local\/jalisco\/2019\/03\/05\/avanza-dialogo-por-cancelacion-de-presa-el-zapotillo<\/a><\/p>\n","protected":false},"excerpt":{"rendered":"<p>NANCY G\u00d3MEZ\u00a0\/ SDPNOTICIAS.COM Autoridades federales y pobladores afectados por la construcci\u00f3n de la presa, se reunieron para definir el destino del proyecto que lleva 5 a\u00f1os detenido. &nbsp; M\u00e9xico.- Habitante &hellip; <a href=\"https:\/\/www.grieta.org.mx\/index.php\/2019\/03\/05\/avanza-dialogo-por-cancelacion-de-presa-el-zapotillo-jalisco\/\" class=\"more-link\">Leer m\u00e1s<\/a><\/p>\n","protected":false},"author":2,"featured_media":30303,"comment_status":"closed","ping_status":"closed","sticky":false,"template":"","format":"standard","meta":{"ngg_post_thumbnail":0,"_jetpack_newsletter_access":"","_jetpack_dont_email_post_to_subs":false,"_jetpack_newsletter_tier_id":0,"_jetpack_memberships_contains_paywalled_content":false,"_jetpack_memberships_contains_paid_content":false,"footnotes":""},"categories":[80,20,1782,922,936,2],"tags":[],"class_list":["post-30302","post","type-post","status-publish","format-standard","has-post-thumbnail","hentry","category-cintillo","category-jalisco","category-lucha-y-resistencia-del-pueblo-en-jalisco","category-megaproyectos-estados","category-mp-jalisco","category-noticias-nacionales","entry"],"jetpack_featured_media_url":"https:\/\/www.grieta.org.mx\/wp-content\/uploads\/2019\/03\/zapotillo.jpeg","jetpack_sharing_enabled":true,"jetpack_shortlink":"https:\/\/wp.me\/p7ZJR4-7SK","jetpack_likes_enabled":false,"jetpack-related-posts":[{"id":35937,"url":"https:\/\/www.grieta.org.mx\/index.php\/2019\/06\/29\/un-buen-gobernante-no-le-da-la-espalda-al-pueblo-no-incumple-sus-compromisos-temacapulin-jalisco\/","url_meta":{"origin":30302,"position":0},"title":"Un buen gobernante no le da la espalda al pueblo, no incumple sus compromisos: Temacapul\u00edn (Jalisco)","author":"grieta","date":"29 junio, 2019","format":false,"excerpt":"Redacci\u00f3n \/ Somos el Medio A trav\u00e9s de una carta dirigida a Enrique Alfaro Ram\u00edrez, a su Gabinete de Gobierno y a los diputados(as) del Congreso del Estado de Jalisco, el Comit\u00e9 Salvemos Temacapul\u00edn Acasico y Palmarejo, el Colectivo de Abogadxs, el Movimiento Mexicano de Afectados por las Presas y\u2026","rel":"","context":"En &quot;CINTILLO&quot;","block_context":{"text":"CINTILLO","link":"https:\/\/www.grieta.org.mx\/index.php\/category\/cintillo\/"},"img":{"alt_text":"","src":"https:\/\/i0.wp.com\/www.grieta.org.mx\/wp-content\/uploads\/2019\/07\/D-MawzfUYAA3J_I.jpg?resize=350%2C200&ssl=1","width":350,"height":200,"srcset":"https:\/\/i0.wp.com\/www.grieta.org.mx\/wp-content\/uploads\/2019\/07\/D-MawzfUYAA3J_I.jpg?resize=350%2C200&ssl=1 1x, https:\/\/i0.wp.com\/www.grieta.org.mx\/wp-content\/uploads\/2019\/07\/D-MawzfUYAA3J_I.jpg?resize=525%2C300&ssl=1 1.5x"},"classes":[]},{"id":9972,"url":"https:\/\/www.grieta.org.mx\/index.php\/2016\/04\/08\/denuncian-nueva-estrategia-de-hostigamiento-en-temacapulin-jalisco\/","url_meta":{"origin":30302,"position":1},"title":"Denuncian nueva estrategia de hostigamiento en Temacapul\u00edn, Jalisco","author":"grieta","date":"8 abril, 2016","format":false,"excerpt":"Exigen respeto a las resoluciones judiciales y necesidad de consulta Sara Gonz\u00e1lez Somos el Medio El Comit\u00e9 Salvemos Temacapul\u00edn, Acasico y Palmarejo, en conjunto con el Instituto Mexicano para el Desarrollo Comunitario A.C y el Colectivo de abogad@s denunciaron en marzo del 2016 una nueva estrategia de hostigamiento y violaci\u00f3n\u2026","rel":"","context":"En &quot;CINTILLO&quot;","block_context":{"text":"CINTILLO","link":"https:\/\/www.grieta.org.mx\/index.php\/category\/cintillo\/"},"img":{"alt_text":"","src":"https:\/\/i0.wp.com\/www.grieta.org.mx\/wp-content\/uploads\/2018\/03\/14524434_1106112876131411_958039263622046936_o.jpg?resize=350%2C200&ssl=1","width":350,"height":200,"srcset":"https:\/\/i0.wp.com\/www.grieta.org.mx\/wp-content\/uploads\/2018\/03\/14524434_1106112876131411_958039263622046936_o.jpg?resize=350%2C200&ssl=1 1x, https:\/\/i0.wp.com\/www.grieta.org.mx\/wp-content\/uploads\/2018\/03\/14524434_1106112876131411_958039263622046936_o.jpg?resize=525%2C300&ssl=1 1.5x, https:\/\/i0.wp.com\/www.grieta.org.mx\/wp-content\/uploads\/2018\/03\/14524434_1106112876131411_958039263622046936_o.jpg?resize=700%2C400&ssl=1 2x"},"classes":[]},{"id":46496,"url":"https:\/\/www.grieta.org.mx\/index.php\/2020\/03\/11\/temaca-denuncia-avances-en-presa-el-zapotillo-jalisco\/","url_meta":{"origin":30302,"position":2},"title":"Temaca denuncia avances en Presa El Zapotillo (Jalisco)","author":"grieta","date":"11 marzo, 2020","format":false,"excerpt":"Foto: Yunuen Mora Yunuen Mora \/ El Informador Pobladores de Temacapul\u00edn, Acasico y Palmarejo denunciaron que, pese a los di\u00e1logos que ha habido con el Gobierno Federal para llegar a un acuerdo respecto a la Presa El Zapotillo, los trabajos en el lugar contin\u00faan con el pretexto de obras de\u2026","rel":"","context":"En &quot;CINTILLO&quot;","block_context":{"text":"CINTILLO","link":"https:\/\/www.grieta.org.mx\/index.php\/category\/cintillo\/"},"img":{"alt_text":"","src":"https:\/\/i0.wp.com\/www.grieta.org.mx\/wp-content\/uploads\/2020\/03\/2-3.jpg?resize=350%2C200&ssl=1","width":350,"height":200,"srcset":"https:\/\/i0.wp.com\/www.grieta.org.mx\/wp-content\/uploads\/2020\/03\/2-3.jpg?resize=350%2C200&ssl=1 1x, https:\/\/i0.wp.com\/www.grieta.org.mx\/wp-content\/uploads\/2020\/03\/2-3.jpg?resize=525%2C300&ssl=1 1.5x, https:\/\/i0.wp.com\/www.grieta.org.mx\/wp-content\/uploads\/2020\/03\/2-3.jpg?resize=700%2C400&ssl=1 2x"},"classes":[]},{"id":3573,"url":"https:\/\/www.grieta.org.mx\/index.php\/2016\/09\/12\/presa-y-acueducto-el-zapotillo\/","url_meta":{"origin":30302,"position":3},"title":"Resistencia contra la presa y el acueducto El Zapotillo","author":"grieta","date":"12 septiembre, 2016","format":false,"excerpt":"12\/09\/16. Dan facilidades financieras a AbengoaNtr Guadalajara 22\/08\/16. \u201cJam\u00e1s nos iremos de\u00a0Temacapul\u00edn\u201dP\u00e1gina 24 13\/08\/16. Unops \u201cchantajea\u201d a los habitantes de Los\u00a0Altos Sitio Agustin del Castillo 12\/08\/16. Detienen proyecto del Zapotillo am Le\u00f3n 27\/07\/16. Piden que Comisi\u00f3n sobre Presa Zapotillo sea abierta Canal 44 02\/05\/16. Jalisco, el desag\u00fce de El Zapotillo\u2026","rel":"","context":"En &quot;Jalisco&quot;","block_context":{"text":"Jalisco","link":"https:\/\/www.grieta.org.mx\/index.php\/category\/noticias-nacionales\/jalisco\/"},"img":{"alt_text":"","src":"https:\/\/i0.wp.com\/www.grieta.org.mx\/wp-content\/uploads\/2018\/03\/14524434_1106112876131411_958039263622046936_o.jpg?resize=350%2C200&ssl=1","width":350,"height":200,"srcset":"https:\/\/i0.wp.com\/www.grieta.org.mx\/wp-content\/uploads\/2018\/03\/14524434_1106112876131411_958039263622046936_o.jpg?resize=350%2C200&ssl=1 1x, https:\/\/i0.wp.com\/www.grieta.org.mx\/wp-content\/uploads\/2018\/03\/14524434_1106112876131411_958039263622046936_o.jpg?resize=525%2C300&ssl=1 1.5x, https:\/\/i0.wp.com\/www.grieta.org.mx\/wp-content\/uploads\/2018\/03\/14524434_1106112876131411_958039263622046936_o.jpg?resize=700%2C400&ssl=1 2x"},"classes":[]},{"id":46499,"url":"https:\/\/www.grieta.org.mx\/index.php\/2020\/03\/12\/incertidumbre-por-inundacion-una-agonia-diaria-en-temaca-jalisco\/","url_meta":{"origin":30302,"position":4},"title":"Incertidumbre por inundaci\u00f3n, una agon\u00eda diaria en \u201cTemaca\u201d (Jalisco)","author":"grieta","date":"12 marzo, 2020","format":false,"excerpt":"Foto: A. Camacho M\u00e1s de 300 personas viven con la incertidumbre de la inundaci\u00f3n y del desalojo forzado Redacci\u00f3n \/ El Informador Desde hace 47 a\u00f1os, Martha Hern\u00e1ndez vive en Temacapul\u00edn, la peque\u00f1a localidad de Ca\u00f1adas de Obreg\u00f3n que la presa El Zapotillo podr\u00eda inundar si se cierran las compuertas\u2026","rel":"","context":"En &quot;CINTILLO&quot;","block_context":{"text":"CINTILLO","link":"https:\/\/www.grieta.org.mx\/index.php\/category\/cintillo\/"},"img":{"alt_text":"","src":"https:\/\/i0.wp.com\/www.grieta.org.mx\/wp-content\/uploads\/2020\/03\/3-3.jpg?resize=350%2C200&ssl=1","width":350,"height":200,"srcset":"https:\/\/i0.wp.com\/www.grieta.org.mx\/wp-content\/uploads\/2020\/03\/3-3.jpg?resize=350%2C200&ssl=1 1x, https:\/\/i0.wp.com\/www.grieta.org.mx\/wp-content\/uploads\/2020\/03\/3-3.jpg?resize=525%2C300&ssl=1 1.5x, https:\/\/i0.wp.com\/www.grieta.org.mx\/wp-content\/uploads\/2020\/03\/3-3.jpg?resize=700%2C400&ssl=1 2x"},"classes":[]},{"id":5365,"url":"https:\/\/www.grieta.org.mx\/index.php\/2015\/11\/28\/acasico-y-palmarejo-si-quedaran-bajo-el-agua\/","url_meta":{"origin":30302,"position":5},"title":"Acasico y Palmarejo s\u00ed quedar\u00e1n bajo el agua","author":"grieta","date":"28 noviembre, 2015","format":false,"excerpt":"Celina G\u00f3mez Luego del fallo emitido por la Suprema Corte de Justicia de la Naci\u00f3n (SCJN) en el que rechaza la inundaci\u00f3n de Temacapul\u00edn por la construcci\u00f3n de la presa \u201cEl Zapotillo\u201d, las localidades de Acasico y Palmarejo no se salvaron, y es que a pesar de que la cortina\u2026","rel":"","context":"En &quot;CINTILLO&quot;","block_context":{"text":"CINTILLO","link":"https:\/\/www.grieta.org.mx\/index.php\/category\/cintillo\/"},"img":{"alt_text":"","src":"https:\/\/i0.wp.com\/www.grieta.org.mx\/wp-content\/uploads\/2018\/03\/14524434_1106112876131411_958039263622046936_o.jpg?resize=350%2C200&ssl=1","width":350,"height":200,"srcset":"https:\/\/i0.wp.com\/www.grieta.org.mx\/wp-content\/uploads\/2018\/03\/14524434_1106112876131411_958039263622046936_o.jpg?resize=350%2C200&ssl=1 1x, https:\/\/i0.wp.com\/www.grieta.org.mx\/wp-content\/uploads\/2018\/03\/14524434_1106112876131411_958039263622046936_o.jpg?resize=525%2C300&ssl=1 1.5x, https:\/\/i0.wp.com\/www.grieta.org.mx\/wp-content\/uploads\/2018\/03\/14524434_1106112876131411_958039263622046936_o.jpg?resize=700%2C400&ssl=1 2x"},"classes":[]}],"_links":{"self":[{"href":"https:\/\/www.grieta.org.mx\/index.php\/wp-json\/wp\/v2\/posts\/30302","targetHints":{"allow":["GET"]}}],"collection":[{"href":"https:\/\/www.grieta.org.mx\/index.php\/wp-json\/wp\/v2\/posts"}],"about":[{"href":"https:\/\/www.grieta.org.mx\/index.php\/wp-json\/wp\/v2\/types\/post"}],"author":[{"embeddable":true,"href":"https:\/\/www.grieta.org.mx\/index.php\/wp-json\/wp\/v2\/users\/2"}],"replies":[{"embeddable":true,"href":"https:\/\/www.grieta.org.mx\/index.php\/wp-json\/wp\/v2\/comments?post=30302"}],"version-history":[{"count":1,"href":"https:\/\/www.grieta.org.mx\/index.php\/wp-json\/wp\/v2\/posts\/30302\/revisions"}],"predecessor-version":[{"id":30307,"href":"https:\/\/www.grieta.org.mx\/index.php\/wp-json\/wp\/v2\/posts\/30302\/revisions\/30307"}],"wp:featuredmedia":[{"embeddable":true,"href":"https:\/\/www.grieta.org.mx\/index.php\/wp-json\/wp\/v2\/media\/30303"}],"wp:attachment":[{"href":"https:\/\/www.grieta.org.mx\/index.php\/wp-json\/wp\/v2\/media?parent=30302"}],"wp:term":[{"taxonomy":"category","embeddable":true,"href":"https:\/\/www.grieta.org.mx\/index.php\/wp-json\/wp\/v2\/categories?post=30302"},{"taxonomy":"post_tag","embeddable":true,"href":"https:\/\/www.grieta.org.mx\/index.php\/wp-json\/wp\/v2\/tags?post=30302"}],"curies":[{"name":"wp","href":"https:\/\/api.w.org\/{rel}","templated":true}]}}