{"id":30257,"date":"2019-03-07T00:50:50","date_gmt":"2019-03-07T06:50:50","guid":{"rendered":"http:\/\/www.grieta.org.mx\/?p=30257"},"modified":"2019-03-08T00:53:15","modified_gmt":"2019-03-08T06:53:15","slug":"declaran-improcedente-la-huelga-en-coca-cola-de-matamoros-tamaulipas","status":"publish","type":"post","link":"https:\/\/www.grieta.org.mx\/index.php\/2019\/03\/07\/declaran-improcedente-la-huelga-en-coca-cola-de-matamoros-tamaulipas\/","title":{"rendered":"Declaran improcedente la huelga en Coca Cola de Matamoros (Tamaulipas)"},"content":{"rendered":"<p><img loading=\"lazy\" decoding=\"async\" data-attachment-id=\"30258\" data-permalink=\"https:\/\/www.grieta.org.mx\/index.php\/2019\/03\/07\/declaran-improcedente-la-huelga-en-coca-cola-de-matamoros-tamaulipas\/declaran-improcedente-la-huelga-en-coca-cola-de-matamoros-tama-mzo\/\" data-orig-file=\"https:\/\/www.grieta.org.mx\/wp-content\/uploads\/2019\/03\/Declaran-improcedente-la-huelga-en-Coca-Cola-de-Matamoros-tama-mzo.jpg\" data-orig-size=\"246,205\" data-comments-opened=\"0\" data-image-meta=\"{&quot;aperture&quot;:&quot;0&quot;,&quot;credit&quot;:&quot;&quot;,&quot;camera&quot;:&quot;&quot;,&quot;caption&quot;:&quot;&quot;,&quot;created_timestamp&quot;:&quot;0&quot;,&quot;copyright&quot;:&quot;&quot;,&quot;focal_length&quot;:&quot;0&quot;,&quot;iso&quot;:&quot;0&quot;,&quot;shutter_speed&quot;:&quot;0&quot;,&quot;title&quot;:&quot;&quot;,&quot;orientation&quot;:&quot;0&quot;}\" data-image-title=\"Declaran improcedente la huelga en Coca Cola de Matamoros tama mzo\" data-image-description=\"\" data-image-caption=\"\" data-medium-file=\"https:\/\/www.grieta.org.mx\/wp-content\/uploads\/2019\/03\/Declaran-improcedente-la-huelga-en-Coca-Cola-de-Matamoros-tama-mzo.jpg\" data-large-file=\"https:\/\/www.grieta.org.mx\/wp-content\/uploads\/2019\/03\/Declaran-improcedente-la-huelga-en-Coca-Cola-de-Matamoros-tama-mzo.jpg\" class=\"aligncenter wp-image-30258\" src=\"http:\/\/www.grieta.org.mx\/wp-content\/uploads\/2019\/03\/Declaran-improcedente-la-huelga-en-Coca-Cola-de-Matamoros-tama-mzo.jpg\" alt=\"\" width=\"335\" height=\"279\" \/><br \/>\nMiguel Jim\u00e9nez \/ El Ma\u00f1ana<\/p>\n<blockquote><p>La Junta Federal de Conciliaci\u00f3n emiti\u00f3 su fallo sobre el movimiento obrero<\/p><\/blockquote>\n<p>Matamoros, Tam.- Bebidas Mundiales Planta Matamoros (Coca-Cola) inform\u00f3 que el lunes fue notificada oficialmente por la Junta Federal de Conciliaci\u00f3n y Arbitraje (JFCA) que el emplazamiento a huelga promovido por el Sindicato de Jornaleros y Obreros Industriales y de la Industria Maquiladora de Matamoros (Sjoiimm) fue negado por carecer de objeto.<\/p>\n<p>En la resoluci\u00f3n del expediente 624\/2019 de la Junta Especial n\u00famero 16, firmada por la Presidenta de la JFCA Mar\u00eda Eugenia Navarrete Rodr\u00edguez, concluye que &#8220;al carecer de objeto y no cumplirse la temporalidad que exige la ley para la procedencia de la revisi\u00f3n solicitada, es evidente que el emplazamiento que formula el Sindicato emplazante carece de materia, ya que se reitera, el objeto de la huelga se encuentra satisfecho y la temporalidad no ha transcurrido&#8221;.<\/p>\n<p>&#8220;Lo procedente es resolver que por carecer de objeto el presente, no ha lugar a dar tr\u00e1mite al emplazamiento a huelga, orden\u00e1ndose el archivo del expediente en que se act\u00faa como asunto total y definitivamente concluido&#8221;, contin\u00faa el resolutivo.<\/p>\n<p><a href=\"https:\/\/www.elmanana.com\/declaran-improcedente-la-huelga-en-coca-cola-de-matamoros-refresquera-salario-minimo-obreros\/4770253\" target=\"_blank\" rel=\"noopener\">https:\/\/www.elmanana.com\/declaran-improcedente-la-huelga-en-coca-cola-de-matamoros-refresquera-salario-minimo-obreros\/4770253<\/a><\/p>\n","protected":false},"excerpt":{"rendered":"<p>Miguel Jim\u00e9nez \/ El Ma\u00f1ana La Junta Federal de Conciliaci\u00f3n emiti\u00f3 su fallo sobre el movimiento obrero Matamoros, Tam.- Bebidas Mundiales Planta Matamoros (Coca-Cola) inform\u00f3 que el lunes fue notificada &hellip; <a href=\"https:\/\/www.grieta.org.mx\/index.php\/2019\/03\/07\/declaran-improcedente-la-huelga-en-coca-cola-de-matamoros-tamaulipas\/\" class=\"more-link\">Leer m\u00e1s<\/a><\/p>\n","protected":false},"author":2,"featured_media":30258,"comment_status":"closed","ping_status":"closed","sticky":false,"template":"","format":"standard","meta":{"ngg_post_thumbnail":0,"_jetpack_newsletter_access":"","_jetpack_dont_email_post_to_subs":false,"_jetpack_newsletter_tier_id":0,"_jetpack_memberships_contains_paywalled_content":false,"_jetpack_memberships_contains_paid_content":false,"footnotes":""},"categories":[80,910,1137,2,33,259,83],"tags":[2255,2103,1291,104,2256,1290,2254],"class_list":{"0":"post-30257","1":"post","2":"type-post","3":"status-publish","4":"format-standard","5":"has-post-thumbnail","6":"hentry","7":"category-cintillo","8":"category-explotacion-y-precariedad-laboral","9":"category-explotacion-y-precariedad-laboral-en-tamaulipas","10":"category-noticias-nacionales","11":"category-tamaulipas","13":"category-temas-nacionales","14":"tag-20-32","15":"tag-coca-cola","16":"tag-explotacion-laboral","17":"tag-huelga","18":"tag-jfca","19":"tag-precariedad-laboral","20":"tag-sjoiimm","21":"entry"},"jetpack_featured_media_url":"https:\/\/www.grieta.org.mx\/wp-content\/uploads\/2019\/03\/Declaran-improcedente-la-huelga-en-Coca-Cola-de-Matamoros-tama-mzo.jpg","jetpack_sharing_enabled":true,"jetpack_shortlink":"https:\/\/wp.me\/p7ZJR4-7S1","jetpack_likes_enabled":false,"jetpack-related-posts":[{"id":32465,"url":"https:\/\/www.grieta.org.mx\/index.php\/2019\/04\/04\/despiden-a-trabajadores-de-coca-cola-matamoros-tamaulipas\/","url_meta":{"origin":30257,"position":0},"title":"Despiden a trabajadores de Coca Cola Matamoros (Tamaulipas)","author":"grieta","date":"4 abril, 2019","format":false,"excerpt":"El Sol de Tampico Llegaron a un acuerdo en donde se establece la baja de 130 de ellos en las pr\u00f3ximos d\u00edas, seg\u00fan con lo informado Matamoros, Tam.- La empresa Arca Continental y trabajadores paristas que mantienen bloqueadas las instalaciones de Coca-Cola Matamoros, llegaron a un acuerdo en donde se\u2026","rel":"","context":"En &quot;CINTILLO&quot;","block_context":{"text":"CINTILLO","link":"https:\/\/www.grieta.org.mx\/index.php\/category\/cintillo\/"},"img":{"alt_text":"","src":"https:\/\/i0.wp.com\/www.grieta.org.mx\/wp-content\/uploads\/2019\/04\/Despiden-a-trabajadores-de-Coca-Cola-Matamoros-tama-abr.jpeg?resize=350%2C200&ssl=1","width":350,"height":200,"srcset":"https:\/\/i0.wp.com\/www.grieta.org.mx\/wp-content\/uploads\/2019\/04\/Despiden-a-trabajadores-de-Coca-Cola-Matamoros-tama-abr.jpeg?resize=350%2C200&ssl=1 1x, https:\/\/i0.wp.com\/www.grieta.org.mx\/wp-content\/uploads\/2019\/04\/Despiden-a-trabajadores-de-Coca-Cola-Matamoros-tama-abr.jpeg?resize=525%2C300&ssl=1 1.5x, https:\/\/i0.wp.com\/www.grieta.org.mx\/wp-content\/uploads\/2019\/04\/Despiden-a-trabajadores-de-Coca-Cola-Matamoros-tama-abr.jpeg?resize=700%2C400&ssl=1 2x"},"classes":[]},{"id":29801,"url":"https:\/\/www.grieta.org.mx\/index.php\/2019\/03\/01\/operaciones-de-arca-continental-siguen-suspendidas-en-matamoros-por-huelga-tamaulipas\/","url_meta":{"origin":30257,"position":1},"title":"Operaciones de Arca Continental siguen suspendidas en Matamoros por huelga (Tamaulipas)","author":"grieta","date":"1 marzo, 2019","format":false,"excerpt":"Fernanda Celis \/ Forbes Desde el pasado 31 de enero, alrededor de 100 trabajadores de Bebidas Mundiales Planta Matamoros, filial de Arca Continental, realizaron un paro laboral para exigir un aumento de salario y un bono \u00fanico Las operaciones de Arca Continental, segunda embotelladora m\u00e1s importante de Coca- Cola en\u2026","rel":"","context":"En &quot;CINTILLO&quot;","block_context":{"text":"CINTILLO","link":"https:\/\/www.grieta.org.mx\/index.php\/category\/cintillo\/"},"img":{"alt_text":"","src":"https:\/\/i0.wp.com\/www.grieta.org.mx\/wp-content\/uploads\/2019\/03\/Operaciones-de-Arca-Continental-siguen-suspendidas-en-Matamoros-por-huelga-tama-mzo.jpg?resize=350%2C200&ssl=1","width":350,"height":200,"srcset":"https:\/\/i0.wp.com\/www.grieta.org.mx\/wp-content\/uploads\/2019\/03\/Operaciones-de-Arca-Continental-siguen-suspendidas-en-Matamoros-por-huelga-tama-mzo.jpg?resize=350%2C200&ssl=1 1x, https:\/\/i0.wp.com\/www.grieta.org.mx\/wp-content\/uploads\/2019\/03\/Operaciones-de-Arca-Continental-siguen-suspendidas-en-Matamoros-por-huelga-tama-mzo.jpg?resize=525%2C300&ssl=1 1.5x"},"classes":[]},{"id":29209,"url":"https:\/\/www.grieta.org.mx\/index.php\/2019\/02\/18\/al-menos-700-trabajadores-de-coca-cola-en-matamoros-tamaulipas-tambien-se-van-a-huelga\/","url_meta":{"origin":30257,"position":2},"title":"Al menos 700 trabajadores de Coca Cola en Matamoros, Tamaulipas, tambi\u00e9n se van a huelga","author":"grieta","date":"18 febrero, 2019","format":false,"excerpt":"Redacci\u00f3n \/ Sin Embargo El pasado 14 de febrero, el Gobernador de Tamaulipas asegur\u00f3 que la estabilidad laboral en esa entidad, y en especial en la ciudad de Matamoros, \u201cse puede poner en riesgo\u201d por la huelga de maquiladoras registradas durante las \u00faltimas semanas. Ahora a este movimiento de protestas\u2026","rel":"","context":"En &quot;CINTILLO&quot;","block_context":{"text":"CINTILLO","link":"https:\/\/www.grieta.org.mx\/index.php\/category\/cintillo\/"},"img":{"alt_text":"","src":"https:\/\/i0.wp.com\/www.grieta.org.mx\/wp-content\/uploads\/2019\/02\/l-menos-700-trabajadores-de-Coca-Cola-en-Matamoros-Tamaulipas-tambi%C3%A9n-se-van-a-huelga-tama-feb.jpg?resize=350%2C200&ssl=1","width":350,"height":200,"srcset":"https:\/\/i0.wp.com\/www.grieta.org.mx\/wp-content\/uploads\/2019\/02\/l-menos-700-trabajadores-de-Coca-Cola-en-Matamoros-Tamaulipas-tambi%C3%A9n-se-van-a-huelga-tama-feb.jpg?resize=350%2C200&ssl=1 1x, https:\/\/i0.wp.com\/www.grieta.org.mx\/wp-content\/uploads\/2019\/02\/l-menos-700-trabajadores-de-Coca-Cola-en-Matamoros-Tamaulipas-tambi%C3%A9n-se-van-a-huelga-tama-feb.jpg?resize=525%2C300&ssl=1 1.5x, https:\/\/i0.wp.com\/www.grieta.org.mx\/wp-content\/uploads\/2019\/02\/l-menos-700-trabajadores-de-Coca-Cola-en-Matamoros-Tamaulipas-tambi%C3%A9n-se-van-a-huelga-tama-feb.jpg?resize=700%2C400&ssl=1 2x, https:\/\/i0.wp.com\/www.grieta.org.mx\/wp-content\/uploads\/2019\/02\/l-menos-700-trabajadores-de-Coca-Cola-en-Matamoros-Tamaulipas-tambi%C3%A9n-se-van-a-huelga-tama-feb.jpg?resize=1050%2C600&ssl=1 3x"},"classes":[]},{"id":29212,"url":"https:\/\/www.grieta.org.mx\/index.php\/2019\/02\/18\/desconocen-trabajadores-de-coca-cola-en-matamoros-si-estan-despedidos-o-no-tamaulipas\/","url_meta":{"origin":30257,"position":3},"title":"Desconocen trabajadores de Coca-Cola en Matamoros si est\u00e1n despedidos o no (Tamaulipas)","author":"grieta","date":"18 febrero, 2019","format":false,"excerpt":"\u00c1ngel Arias \/ Hoy Tamaulipas Pues nadie se los ha notificado, por lo que seguir\u00e1n buscando el incremento salarial, pese a que se dio a conocer por parte de los gerentes que hab\u00edan sido despedidos, dijo el l\u00edder del movimiento, Juan Luis Gayt\u00e1n Matamoros, Tamaulipas.- Al cumplirse cuatro d\u00edas de\u2026","rel":"","context":"En &quot;CINTILLO&quot;","block_context":{"text":"CINTILLO","link":"https:\/\/www.grieta.org.mx\/index.php\/category\/cintillo\/"},"img":{"alt_text":"","src":"https:\/\/i0.wp.com\/www.grieta.org.mx\/wp-content\/uploads\/2019\/02\/Desconocen-trabajadores-de-Coca-Cola-en-tama-feb.jpg?resize=350%2C200&ssl=1","width":350,"height":200,"srcset":"https:\/\/i0.wp.com\/www.grieta.org.mx\/wp-content\/uploads\/2019\/02\/Desconocen-trabajadores-de-Coca-Cola-en-tama-feb.jpg?resize=350%2C200&ssl=1 1x, https:\/\/i0.wp.com\/www.grieta.org.mx\/wp-content\/uploads\/2019\/02\/Desconocen-trabajadores-de-Coca-Cola-en-tama-feb.jpg?resize=525%2C300&ssl=1 1.5x, https:\/\/i0.wp.com\/www.grieta.org.mx\/wp-content\/uploads\/2019\/02\/Desconocen-trabajadores-de-Coca-Cola-en-tama-feb.jpg?resize=700%2C400&ssl=1 2x"},"classes":[]},{"id":31577,"url":"https:\/\/www.grieta.org.mx\/index.php\/2019\/03\/30\/escala-conflicto-en-la-coca-cola-tamaulipas\/","url_meta":{"origin":30257,"position":4},"title":"Escala conflicto en la Coca-Cola (Tamaulipas)","author":"grieta","date":"30 marzo, 2019","format":false,"excerpt":"Miguel Jim\u00e9nez \/ El Ma\u00f1ana Resisten paristas intento de retomar las instalaciones Matamoros, Tam.- Trabajadores de la empresa Arca Continental Coca Cola protagonizaron una batalla campal donde hubo agresiones verbales y f\u00edsicas, ya que los que no est\u00e1n en paro laboral quer\u00edan entrar al edificio tanto a trabajar como a\u2026","rel":"","context":"En &quot;CINTILLO&quot;","block_context":{"text":"CINTILLO","link":"https:\/\/www.grieta.org.mx\/index.php\/category\/cintillo\/"},"img":{"alt_text":"","src":"https:\/\/i0.wp.com\/www.grieta.org.mx\/wp-content\/uploads\/2019\/04\/Escala-conflicto-en-la-Coca-Cola-tama-abr.jpg?resize=350%2C200","width":350,"height":200},"classes":[]},{"id":28790,"url":"https:\/\/www.grieta.org.mx\/index.php\/2019\/02\/04\/empresa-refresquera-en-paro-ofrece-vacantes-en-matamoros-tamaulipas\/","url_meta":{"origin":30257,"position":5},"title":"Empresa refresquera en paro, ofrece vacantes en Matamoros (Tamaulipas)","author":"grieta","date":"4 febrero, 2019","format":false,"excerpt":"Isabel Rend\u00f3n \/ Hoy Tamaulipas Cabe mencionar que los trabajadores sindicalizados de la empresa comenzaron su paro de labores, luego de que se dio ya el emplazamiento formal de huelga Matamoros, Tamaulipas. - Un total de 500 trabajadores de la empresa refresquera Arcacontinental (Coca Cola) en esta frontera, permanece en\u2026","rel":"","context":"En &quot;CINTILLO&quot;","block_context":{"text":"CINTILLO","link":"https:\/\/www.grieta.org.mx\/index.php\/category\/cintillo\/"},"img":{"alt_text":"","src":"https:\/\/i0.wp.com\/www.grieta.org.mx\/wp-content\/uploads\/2019\/02\/Empresa-refresquera-en-paro-ofrece-vacantes-en-Matamoros-feb.jpg?resize=350%2C200&ssl=1","width":350,"height":200,"srcset":"https:\/\/i0.wp.com\/www.grieta.org.mx\/wp-content\/uploads\/2019\/02\/Empresa-refresquera-en-paro-ofrece-vacantes-en-Matamoros-feb.jpg?resize=350%2C200&ssl=1 1x, https:\/\/i0.wp.com\/www.grieta.org.mx\/wp-content\/uploads\/2019\/02\/Empresa-refresquera-en-paro-ofrece-vacantes-en-Matamoros-feb.jpg?resize=525%2C300&ssl=1 1.5x, https:\/\/i0.wp.com\/www.grieta.org.mx\/wp-content\/uploads\/2019\/02\/Empresa-refresquera-en-paro-ofrece-vacantes-en-Matamoros-feb.jpg?resize=700%2C400&ssl=1 2x"},"classes":[]}],"_links":{"self":[{"href":"https:\/\/www.grieta.org.mx\/index.php\/wp-json\/wp\/v2\/posts\/30257","targetHints":{"allow":["GET"]}}],"collection":[{"href":"https:\/\/www.grieta.org.mx\/index.php\/wp-json\/wp\/v2\/posts"}],"about":[{"href":"https:\/\/www.grieta.org.mx\/index.php\/wp-json\/wp\/v2\/types\/post"}],"author":[{"embeddable":true,"href":"https:\/\/www.grieta.org.mx\/index.php\/wp-json\/wp\/v2\/users\/2"}],"replies":[{"embeddable":true,"href":"https:\/\/www.grieta.org.mx\/index.php\/wp-json\/wp\/v2\/comments?post=30257"}],"version-history":[{"count":1,"href":"https:\/\/www.grieta.org.mx\/index.php\/wp-json\/wp\/v2\/posts\/30257\/revisions"}],"predecessor-version":[{"id":30259,"href":"https:\/\/www.grieta.org.mx\/index.php\/wp-json\/wp\/v2\/posts\/30257\/revisions\/30259"}],"wp:featuredmedia":[{"embeddable":true,"href":"https:\/\/www.grieta.org.mx\/index.php\/wp-json\/wp\/v2\/media\/30258"}],"wp:attachment":[{"href":"https:\/\/www.grieta.org.mx\/index.php\/wp-json\/wp\/v2\/media?parent=30257"}],"wp:term":[{"taxonomy":"category","embeddable":true,"href":"https:\/\/www.grieta.org.mx\/index.php\/wp-json\/wp\/v2\/categories?post=30257"},{"taxonomy":"post_tag","embeddable":true,"href":"https:\/\/www.grieta.org.mx\/index.php\/wp-json\/wp\/v2\/tags?post=30257"}],"curies":[{"name":"wp","href":"https:\/\/api.w.org\/{rel}","templated":true}]}}