{"id":30254,"date":"2019-03-07T00:35:21","date_gmt":"2019-03-07T06:35:21","guid":{"rendered":"http:\/\/www.grieta.org.mx\/?p=30254"},"modified":"2019-03-08T00:43:00","modified_gmt":"2019-03-08T06:43:00","slug":"policia-estatal-a-la-caza-de-migrantes-centroamericanos-tamaulipas","status":"publish","type":"post","link":"https:\/\/www.grieta.org.mx\/index.php\/2019\/03\/07\/policia-estatal-a-la-caza-de-migrantes-centroamericanos-tamaulipas\/","title":{"rendered":"Polic\u00eda Estatal, a la caza de migrantes centroamericanos (Tamaulipas)"},"content":{"rendered":"<p><img loading=\"lazy\" decoding=\"async\" data-attachment-id=\"30255\" data-permalink=\"https:\/\/www.grieta.org.mx\/index.php\/2019\/03\/07\/policia-estatal-a-la-caza-de-migrantes-centroamericanos-tamaulipas\/policia-estatal-a-la-caza-de-migrantes-centroamericanos-tama-mzo\/\" data-orig-file=\"https:\/\/www.grieta.org.mx\/wp-content\/uploads\/2019\/03\/Polic\u00eda-Estatal-a-la-caza-de-migrantes-centroamericanos-tama-mzo.jpg\" data-orig-size=\"958,596\" data-comments-opened=\"0\" data-image-meta=\"{&quot;aperture&quot;:&quot;0&quot;,&quot;credit&quot;:&quot;&quot;,&quot;camera&quot;:&quot;&quot;,&quot;caption&quot;:&quot;&quot;,&quot;created_timestamp&quot;:&quot;0&quot;,&quot;copyright&quot;:&quot;&quot;,&quot;focal_length&quot;:&quot;0&quot;,&quot;iso&quot;:&quot;0&quot;,&quot;shutter_speed&quot;:&quot;0&quot;,&quot;title&quot;:&quot;&quot;,&quot;orientation&quot;:&quot;0&quot;}\" data-image-title=\"Polic\u00eda Estatal, a la caza de migrantes centroamericanos tama mzo\" data-image-description=\"\" data-image-caption=\"\" data-medium-file=\"https:\/\/www.grieta.org.mx\/wp-content\/uploads\/2019\/03\/Polic\u00eda-Estatal-a-la-caza-de-migrantes-centroamericanos-tama-mzo-300x187.jpg\" data-large-file=\"https:\/\/www.grieta.org.mx\/wp-content\/uploads\/2019\/03\/Polic\u00eda-Estatal-a-la-caza-de-migrantes-centroamericanos-tama-mzo.jpg\" class=\"aligncenter wp-image-30255\" src=\"http:\/\/www.grieta.org.mx\/wp-content\/uploads\/2019\/03\/Polic\u00eda-Estatal-a-la-caza-de-migrantes-centroamericanos-tama-mzo-300x187.jpg\" alt=\"\" width=\"446\" height=\"278\" srcset=\"https:\/\/www.grieta.org.mx\/wp-content\/uploads\/2019\/03\/Polic\u00eda-Estatal-a-la-caza-de-migrantes-centroamericanos-tama-mzo-300x187.jpg 300w, https:\/\/www.grieta.org.mx\/wp-content\/uploads\/2019\/03\/Polic\u00eda-Estatal-a-la-caza-de-migrantes-centroamericanos-tama-mzo-768x478.jpg 768w, https:\/\/www.grieta.org.mx\/wp-content\/uploads\/2019\/03\/Polic\u00eda-Estatal-a-la-caza-de-migrantes-centroamericanos-tama-mzo-804x500.jpg 804w, https:\/\/www.grieta.org.mx\/wp-content\/uploads\/2019\/03\/Polic\u00eda-Estatal-a-la-caza-de-migrantes-centroamericanos-tama-mzo.jpg 958w\" sizes=\"auto, (max-width: 446px) 100vw, 446px\" \/><br \/>\nAnahy Meza \/ Milenio<\/p>\n<blockquote><p>Esta semana se instalar\u00e1 un ret\u00e9n en el acceso a Tampico por el Moralillo y en los d\u00edas posteriores se har\u00e1 lo mismo en el resto de entradas que tiene la ciudad.<\/p><\/blockquote>\n<p>La Polic\u00eda Estatal est\u00e1 a la caza de dos camiones que salieron de Tabasco con migrantes y que van a pasar por Tampico, aunque su destino es Reynosa, lo que ha motivado la decisi\u00f3n de instalar retenes en los accesos a la ciudad en sus l\u00edmites con el estado de Veracruz.<\/p>\n<p>El delegado regional de la Polic\u00eda Estatal, Carlos Portales, indic\u00f3 que la informaci\u00f3n se gener\u00f3 en Tabasco, donde se alert\u00f3 que salieron dos camiones de una l\u00ednea for\u00e1nea con migrantes centroamericanos, y la ruta trazada era pasar por el municipio de Tampico.<\/p>\n<p>\u201cLa semana pasada hab\u00eda un reporte de que iban a pasar por Tamaulipas dos autobuses de una l\u00ednea de aqu\u00ed con rumbo a la frontera\u201d.<\/p>\n<p>Sin embargo el destino final era viajar hasta Reynosa, ellos ven\u00edan acompa\u00f1ados por \u201cpolleros\u201d, y el objetivo era interceptarlos cuando llegaran a Tampico.<\/p>\n<p>Hasta el momento, el \u00fanico ret\u00e9n que est\u00e1 funcionando es el que colinda con la zona norte de Veracruz pasando el Puente El Moralillo, y el cual opera las 24 horas.<\/p>\n<p>El jefe de la polic\u00eda indic\u00f3 que la revisi\u00f3n que se hace en el filtro de vigilancia es tambi\u00e9n para los veh\u00edculos particulares y el transporte p\u00fablico, pues podr\u00eda ser que al notar el filtro de seguridad, decidan cambiar las unidades para hacer el traslado.<\/p>\n<p>\u201cNo se ha detectado que entren a Tampico pero nos estamos imaginando que entren en taxis o en veh\u00edculos particulares, por eso estaremos atentos\u201d, se\u00f1al\u00f3.<\/p>\n<p>Tambi\u00e9n el alcalde de Tampico ha dado a conocer que en esta semana se instalar\u00e1 un ret\u00e9n en el acceso a Tampico por el Moralillo y en los d\u00edas posteriores se har\u00e1 lo mismo en el resto de entradas que tiene la ciudad, pues existe la sospecha que for\u00e1neos son quienes est\u00e1n generando los delitos.<\/p>\n<p><a href=\"https:\/\/www.milenio.com\/politica\/comunidad\/policia-estatal-a-la-caza-de-migrantes-centroamericanos\" target=\"_blank\" rel=\"noopener\">https:\/\/www.milenio.com\/politica\/comunidad\/policia-estatal-a-la-caza-de-migrantes-centroamericanos<\/a><\/p>\n","protected":false},"excerpt":{"rendered":"<p>Anahy Meza \/ Milenio Esta semana se instalar\u00e1 un ret\u00e9n en el acceso a Tampico por el Moralillo y en los d\u00edas posteriores se har\u00e1 lo mismo en el resto &hellip; <a href=\"https:\/\/www.grieta.org.mx\/index.php\/2019\/03\/07\/policia-estatal-a-la-caza-de-migrantes-centroamericanos-tamaulipas\/\" class=\"more-link\">Leer m\u00e1s<\/a><\/p>\n","protected":false},"author":2,"featured_media":30255,"comment_status":"closed","ping_status":"closed","sticky":false,"template":"","format":"standard","meta":{"ngg_post_thumbnail":0,"_jetpack_newsletter_access":"","_jetpack_dont_email_post_to_subs":false,"_jetpack_newsletter_tier_id":0,"_jetpack_memberships_contains_paywalled_content":false,"_jetpack_memberships_contains_paid_content":false,"footnotes":""},"categories":[80,86,2124,2,259,33,83],"tags":[2253,158],"class_list":{"0":"post-30254","1":"post","2":"type-post","3":"status-publish","4":"format-standard","5":"has-post-thumbnail","6":"hentry","7":"category-cintillo","8":"category-migrantes","9":"category-migrantes-en-tamaulipas","10":"category-noticias-nacionales","11":"category-tamaulipas","13":"category-temas-nacionales","14":"tag-centroamericanos","15":"tag-migrantes","16":"entry"},"jetpack_featured_media_url":"https:\/\/www.grieta.org.mx\/wp-content\/uploads\/2019\/03\/Polic\u00eda-Estatal-a-la-caza-de-migrantes-centroamericanos-tama-mzo.jpg","jetpack_sharing_enabled":true,"jetpack_shortlink":"https:\/\/wp.me\/p7ZJR4-7RY","jetpack_likes_enabled":false,"jetpack-related-posts":[{"id":35889,"url":"https:\/\/www.grieta.org.mx\/index.php\/2019\/07\/02\/rescatan-a-tres-guatemaltecos-tamaulipas\/","url_meta":{"origin":30254,"position":0},"title":"Rescatan a tres guatemaltecos (Tamaulipas)","author":"grieta","date":"2 julio, 2019","format":false,"excerpt":"A SALVO. Los centroamericanos desistieron de su intenci\u00f3n de llegar a la frontera. Fotograf\u00eda: El Ma\u00f1ana El Ma\u00f1ana Se desisten de cruzar a EU, tras robo de pertenencias y dinero Gonz\u00e1lez, Tam.- El Gobierno del Estado, a trav\u00e9s de la Secretar\u00eda de Seguridad P\u00fablica, inform\u00f3 que la ma\u00f1ana de este\u2026","rel":"","context":"En &quot;CINTILLO&quot;","block_context":{"text":"CINTILLO","link":"https:\/\/www.grieta.org.mx\/index.php\/category\/cintillo\/"},"img":{"alt_text":"","src":"https:\/\/i0.wp.com\/www.grieta.org.mx\/wp-content\/uploads\/2019\/07\/Rescatan-a-tres-guatemaltecos-tama-jul.jpg?resize=350%2C200&ssl=1","width":350,"height":200,"srcset":"https:\/\/i0.wp.com\/www.grieta.org.mx\/wp-content\/uploads\/2019\/07\/Rescatan-a-tres-guatemaltecos-tama-jul.jpg?resize=350%2C200&ssl=1 1x, https:\/\/i0.wp.com\/www.grieta.org.mx\/wp-content\/uploads\/2019\/07\/Rescatan-a-tres-guatemaltecos-tama-jul.jpg?resize=525%2C300&ssl=1 1.5x"},"classes":[]},{"id":32885,"url":"https:\/\/www.grieta.org.mx\/index.php\/2019\/04\/30\/trasladan-a-migrantes-de-la-alberca-chavez-salen-en-camiones-al-aeropuerto-tamaulipas\/","url_meta":{"origin":30254,"position":1},"title":"Trasladan a migrantes de la alberca Ch\u00e1vez. Salen en camiones al aeropuerto (Tamaulipas)","author":"grieta","date":"30 abril, 2019","format":false,"excerpt":"Miguel Jim\u00e9nez \/ El Ma\u00f1ana Sin informar autoridades su destino, y no todos se fueron Matamoros, Tam.- Mediante un operativo de seguridad especial encabezado por elementos del Instituto Nacional de Migraci\u00f3n (INM), Polic\u00eda Estatal y Federal, fueron trasladados algunos de los migrantes que se encontraban resguardados desde el lunes 22\u2026","rel":"","context":"En &quot;CINTILLO&quot;","block_context":{"text":"CINTILLO","link":"https:\/\/www.grieta.org.mx\/index.php\/category\/cintillo\/"},"img":{"alt_text":"","src":"https:\/\/i0.wp.com\/www.grieta.org.mx\/wp-content\/uploads\/2019\/05\/Trasladan-a-migrantes-de-la-alberca-Ch%C3%A1vez.-Salen-en-camiones-al-aeropuerto-tama-may.jpg?resize=350%2C200&ssl=1","width":350,"height":200,"srcset":"https:\/\/i0.wp.com\/www.grieta.org.mx\/wp-content\/uploads\/2019\/05\/Trasladan-a-migrantes-de-la-alberca-Ch%C3%A1vez.-Salen-en-camiones-al-aeropuerto-tama-may.jpg?resize=350%2C200&ssl=1 1x, https:\/\/i0.wp.com\/www.grieta.org.mx\/wp-content\/uploads\/2019\/05\/Trasladan-a-migrantes-de-la-alberca-Ch%C3%A1vez.-Salen-en-camiones-al-aeropuerto-tama-may.jpg?resize=525%2C300&ssl=1 1.5x"},"classes":[]},{"id":31598,"url":"https:\/\/www.grieta.org.mx\/index.php\/2019\/03\/30\/han-interceptado-a-779-migrantes-en-tamaulipas\/","url_meta":{"origin":30254,"position":2},"title":"Han interceptado a 779 migrantes en Tamaulipas","author":"grieta","date":"30 marzo, 2019","format":false,"excerpt":"Alfredo Pe\u00f1a \/ Excelsior En lo que ha sido la ciudad de Reynosa se han asegurado 491 personas mientras que Nuevo Laredo hay 209 y recientemente en lo que es Ciudad Victoria fueron 35 indocumentados REYNOSA, Tamaulipas. En lo que a sido estos dos meses el Instituto Nacional de Migraci\u00f3n\u2026","rel":"","context":"En &quot;CINTILLO&quot;","block_context":{"text":"CINTILLO","link":"https:\/\/www.grieta.org.mx\/index.php\/category\/cintillo\/"},"img":{"alt_text":"","src":"https:\/\/i0.wp.com\/www.grieta.org.mx\/wp-content\/uploads\/2019\/04\/Han-interceptado-a-779-migrantes-en-Tamaulipas-abr.jpg?resize=350%2C200&ssl=1","width":350,"height":200,"srcset":"https:\/\/i0.wp.com\/www.grieta.org.mx\/wp-content\/uploads\/2019\/04\/Han-interceptado-a-779-migrantes-en-Tamaulipas-abr.jpg?resize=350%2C200&ssl=1 1x, https:\/\/i0.wp.com\/www.grieta.org.mx\/wp-content\/uploads\/2019\/04\/Han-interceptado-a-779-migrantes-en-Tamaulipas-abr.jpg?resize=525%2C300&ssl=1 1.5x"},"classes":[]},{"id":32906,"url":"https:\/\/www.grieta.org.mx\/index.php\/2019\/05\/03\/hijos-de-migrantes-centroamericanos-revientan-escuelas-primarias-de-reynosa-tamaulipas\/","url_meta":{"origin":30254,"position":3},"title":"Hijos de migrantes centroamericanos \u2018revientan\u2019 escuelas primarias de Reynosa (Tamaulipas)","author":"grieta","date":"3 mayo, 2019","format":false,"excerpt":"Lupita \u00c1lvarez \/ Gaceta Cd. Victoria, Tamaulipas.- La Secretar\u00eda de Educaci\u00f3n de Tamaulipas (SET) inform\u00f3 que las escuelas de Reynosa est\u00e1n saturadas no solo por hijos de migrantes centroamericanos sino tambi\u00e9n por los hijos de los trabajadores de Matamoros que perdieron sus empleos tras las huelgas en las empresas. El\u2026","rel":"","context":"En &quot;CINTILLO&quot;","block_context":{"text":"CINTILLO","link":"https:\/\/www.grieta.org.mx\/index.php\/category\/cintillo\/"},"img":{"alt_text":"","src":"https:\/\/i0.wp.com\/www.grieta.org.mx\/wp-content\/uploads\/2019\/05\/Hijos-de-migrantes-centroamericanos-%E2%80%98revientan%E2%80%99-escuelas-primarias-de-Reynosa-tama-may.jpg?resize=350%2C200","width":350,"height":200},"classes":[]},{"id":33207,"url":"https:\/\/www.grieta.org.mx\/index.php\/2019\/05\/08\/saturan-migrantes-al-inm-en-tamaulipas\/","url_meta":{"origin":30254,"position":4},"title":"Saturan migrantes al INM en Tamaulipas","author":"grieta","date":"8 mayo, 2019","format":false,"excerpt":"Debate En lo que va del a\u00f1o van alrededor de 858 migrantes han sido detenidos en Tampico, Tamaulipas Tampico, Tamaulipas.- Aseguramientos de migrantes en Tamaulipas tienen frecuentemente saturada la peque\u00f1a estaci\u00f3n del Instituto Nacional de Migraci\u00f3n (INM) en Tampico. De acuerdo con registros period\u00edsticos, en lo que va de este\u2026","rel":"","context":"En &quot;CINTILLO&quot;","block_context":{"text":"CINTILLO","link":"https:\/\/www.grieta.org.mx\/index.php\/category\/cintillo\/"},"img":{"alt_text":"","src":"https:\/\/i0.wp.com\/www.grieta.org.mx\/wp-content\/uploads\/2019\/05\/Saturan-migrantes-al-INM-en-Tamaulipas-may.jpg?resize=350%2C200&ssl=1","width":350,"height":200,"srcset":"https:\/\/i0.wp.com\/www.grieta.org.mx\/wp-content\/uploads\/2019\/05\/Saturan-migrantes-al-INM-en-Tamaulipas-may.jpg?resize=350%2C200&ssl=1 1x, https:\/\/i0.wp.com\/www.grieta.org.mx\/wp-content\/uploads\/2019\/05\/Saturan-migrantes-al-INM-en-Tamaulipas-may.jpg?resize=525%2C300&ssl=1 1.5x, https:\/\/i0.wp.com\/www.grieta.org.mx\/wp-content\/uploads\/2019\/05\/Saturan-migrantes-al-INM-en-Tamaulipas-may.jpg?resize=700%2C400&ssl=1 2x"},"classes":[]},{"id":34046,"url":"https:\/\/www.grieta.org.mx\/index.php\/2019\/05\/30\/aseguran-a-85-migrantes-en-tamaulipas\/","url_meta":{"origin":30254,"position":5},"title":"Aseguran a 85 migrantes en Tamaulipas","author":"grieta","date":"30 mayo, 2019","format":false,"excerpt":"Antonio Hern\u00e1ndez \/ Milenio Salieron de Ciudad Valles, San Luis Potos\u00ed en un autob\u00fas for\u00e1neo con destino a Reynosa, frontera de Tamaulipas. Elementos de la Polic\u00eda Federal aseguraron a 85 indocumentados que viajaban en un autob\u00fas que ten\u00eda como destino llegar a Reynosa. Entre los migrantes hay ni\u00f1os de brazos,\u2026","rel":"","context":"En &quot;CINTILLO&quot;","block_context":{"text":"CINTILLO","link":"https:\/\/www.grieta.org.mx\/index.php\/category\/cintillo\/"},"img":{"alt_text":"","src":"https:\/\/i0.wp.com\/www.grieta.org.mx\/wp-content\/uploads\/2019\/06\/Aseguran-a-85-migrantes-en-Tamaulipas-jun.jpg?resize=350%2C200&ssl=1","width":350,"height":200,"srcset":"https:\/\/i0.wp.com\/www.grieta.org.mx\/wp-content\/uploads\/2019\/06\/Aseguran-a-85-migrantes-en-Tamaulipas-jun.jpg?resize=350%2C200&ssl=1 1x, https:\/\/i0.wp.com\/www.grieta.org.mx\/wp-content\/uploads\/2019\/06\/Aseguran-a-85-migrantes-en-Tamaulipas-jun.jpg?resize=525%2C300&ssl=1 1.5x, https:\/\/i0.wp.com\/www.grieta.org.mx\/wp-content\/uploads\/2019\/06\/Aseguran-a-85-migrantes-en-Tamaulipas-jun.jpg?resize=700%2C400&ssl=1 2x"},"classes":[]}],"_links":{"self":[{"href":"https:\/\/www.grieta.org.mx\/index.php\/wp-json\/wp\/v2\/posts\/30254","targetHints":{"allow":["GET"]}}],"collection":[{"href":"https:\/\/www.grieta.org.mx\/index.php\/wp-json\/wp\/v2\/posts"}],"about":[{"href":"https:\/\/www.grieta.org.mx\/index.php\/wp-json\/wp\/v2\/types\/post"}],"author":[{"embeddable":true,"href":"https:\/\/www.grieta.org.mx\/index.php\/wp-json\/wp\/v2\/users\/2"}],"replies":[{"embeddable":true,"href":"https:\/\/www.grieta.org.mx\/index.php\/wp-json\/wp\/v2\/comments?post=30254"}],"version-history":[{"count":1,"href":"https:\/\/www.grieta.org.mx\/index.php\/wp-json\/wp\/v2\/posts\/30254\/revisions"}],"predecessor-version":[{"id":30256,"href":"https:\/\/www.grieta.org.mx\/index.php\/wp-json\/wp\/v2\/posts\/30254\/revisions\/30256"}],"wp:featuredmedia":[{"embeddable":true,"href":"https:\/\/www.grieta.org.mx\/index.php\/wp-json\/wp\/v2\/media\/30255"}],"wp:attachment":[{"href":"https:\/\/www.grieta.org.mx\/index.php\/wp-json\/wp\/v2\/media?parent=30254"}],"wp:term":[{"taxonomy":"category","embeddable":true,"href":"https:\/\/www.grieta.org.mx\/index.php\/wp-json\/wp\/v2\/categories?post=30254"},{"taxonomy":"post_tag","embeddable":true,"href":"https:\/\/www.grieta.org.mx\/index.php\/wp-json\/wp\/v2\/tags?post=30254"}],"curies":[{"name":"wp","href":"https:\/\/api.w.org\/{rel}","templated":true}]}}