{"id":30250,"date":"2019-03-07T00:26:48","date_gmt":"2019-03-07T06:26:48","guid":{"rendered":"http:\/\/www.grieta.org.mx\/?p=30250"},"modified":"2019-03-08T00:35:07","modified_gmt":"2019-03-08T06:35:07","slug":"suspenden-maestros-programa-de-escuelas-de-tiempo-completo-en-tamaulipas","status":"publish","type":"post","link":"https:\/\/www.grieta.org.mx\/index.php\/2019\/03\/07\/suspenden-maestros-programa-de-escuelas-de-tiempo-completo-en-tamaulipas\/","title":{"rendered":"Suspenden maestros programa de Escuelas de Tiempo Completo en Tamaulipas"},"content":{"rendered":"<p><img loading=\"lazy\" decoding=\"async\" data-attachment-id=\"30251\" data-permalink=\"https:\/\/www.grieta.org.mx\/index.php\/2019\/03\/07\/suspenden-maestros-programa-de-escuelas-de-tiempo-completo-en-tamaulipas\/suspenden-maestros-programa-de-escuelas-de-tiempo-completo-en-tamaulipas-mzo\/\" data-orig-file=\"https:\/\/www.grieta.org.mx\/wp-content\/uploads\/2019\/03\/Suspenden-maestros-programa-de-Escuelas-de-Tiempo-Completo-en-Tamaulipas-mzo.jpg\" data-orig-size=\"246,205\" data-comments-opened=\"0\" data-image-meta=\"{&quot;aperture&quot;:&quot;0&quot;,&quot;credit&quot;:&quot;&quot;,&quot;camera&quot;:&quot;&quot;,&quot;caption&quot;:&quot;&quot;,&quot;created_timestamp&quot;:&quot;0&quot;,&quot;copyright&quot;:&quot;&quot;,&quot;focal_length&quot;:&quot;0&quot;,&quot;iso&quot;:&quot;0&quot;,&quot;shutter_speed&quot;:&quot;0&quot;,&quot;title&quot;:&quot;&quot;,&quot;orientation&quot;:&quot;0&quot;}\" data-image-title=\"Suspenden maestros programa de Escuelas de Tiempo Completo en Tamaulipas mzo\" data-image-description=\"\" data-image-caption=\"\" data-medium-file=\"https:\/\/www.grieta.org.mx\/wp-content\/uploads\/2019\/03\/Suspenden-maestros-programa-de-Escuelas-de-Tiempo-Completo-en-Tamaulipas-mzo.jpg\" data-large-file=\"https:\/\/www.grieta.org.mx\/wp-content\/uploads\/2019\/03\/Suspenden-maestros-programa-de-Escuelas-de-Tiempo-Completo-en-Tamaulipas-mzo.jpg\" class=\"aligncenter  wp-image-30251\" src=\"http:\/\/www.grieta.org.mx\/wp-content\/uploads\/2019\/03\/Suspenden-maestros-programa-de-Escuelas-de-Tiempo-Completo-en-Tamaulipas-mzo.jpg\" alt=\"\" width=\"296\" height=\"247\" \/><br \/>\nAlejandro Echartea \/ El Ma\u00f1ana<\/p>\n<blockquote><p>Dan salida a los alumnos a las 13:00 horas, al no llegarles pago de horas extras<\/p><\/blockquote>\n<p>Cd. Victoria, Tam.- Cinco mil 500 maestros del programa de Escuelas de Tiempo Completo dejaron de trabajar bajo el esquema de ocho horas corridas de clases a partir de este jueves debido a que se les adeudan alrededor de 9 millones de pesos por concepto de una quincena de sueldo y horas extra, son alrededor de 800 planteles educativos en todo el estado los que operan bajo ese programa.<\/p>\n<p>&#8220;No les estamos afectando el sueldo, solamente las horas extras que est\u00e1n trabajando, claro que es un derecho que ya les generamos y tenemos que pagarles y estamos trabajando para pagarles, pero es una quincena nada m\u00e1s lo que se adeuda y ya nos vamos emparejando&#8221;, aclar\u00f3 el encargado de Despacho de la SET, Mario G\u00f3mez Monroy.<\/p>\n<p>&#8220;No es un tema de que les estemos afectando por su salario completo, lo \u00fanico que les estamos afectando son dos horas extras y una quincena que les debemos&#8221;, agreg\u00f3.<\/p>\n<p>El programa de Escuelas de Tiempo Completo data desde 2013 como parte de la Reforma Educativa del presidente Enrique Pe\u00f1a Nieto, consist\u00eda en un horario educativo de 8 a 16 horas mientras que en el resto de planteles el horario es de 8 a 13 horas, por lo cual los docentes en estas 800 escuelas dieron la salida a sus alumnos a la una de la tarde de este jueves como en el resto de escuelas que funcionaban bajo el modelo tradicional.<\/p>\n<p><a href=\"https:\/\/www.elmanana.com\/suspenden-maestros-programa-de-escuelas-de-tiempo-completo-en-tamaulipas-educacion-estudios-adeudo\/4770115\" target=\"_blank\" rel=\"noopener\">https:\/\/www.elmanana.com\/suspenden-maestros-programa-de-escuelas-de-tiempo-completo-en-tamaulipas-educacion-estudios-adeudo\/4770115<\/a><\/p>\n","protected":false},"excerpt":{"rendered":"<p>Alejandro Echartea \/ El Ma\u00f1ana Dan salida a los alumnos a las 13:00 horas, al no llegarles pago de horas extras Cd. Victoria, Tam.- Cinco mil 500 maestros del programa &hellip; <a href=\"https:\/\/www.grieta.org.mx\/index.php\/2019\/03\/07\/suspenden-maestros-programa-de-escuelas-de-tiempo-completo-en-tamaulipas\/\" class=\"more-link\">Leer m\u00e1s<\/a><\/p>\n","protected":false},"author":2,"featured_media":30251,"comment_status":"closed","ping_status":"closed","sticky":false,"template":"","format":"standard","meta":{"ngg_post_thumbnail":0,"_jetpack_newsletter_access":"","_jetpack_dont_email_post_to_subs":false,"_jetpack_newsletter_tier_id":0,"_jetpack_memberships_contains_paywalled_content":false,"_jetpack_memberships_contains_paid_content":false,"footnotes":""},"categories":[80,910,1137,1359,2,33,259,83],"tags":[346,1291,2252,2251,1290],"class_list":{"0":"post-30250","1":"post","2":"type-post","3":"status-publish","4":"format-standard","5":"has-post-thumbnail","6":"hentry","7":"category-cintillo","8":"category-explotacion-y-precariedad-laboral","9":"category-explotacion-y-precariedad-laboral-en-tamaulipas","10":"category-movilizaciones-de-maestros-en-tamaulipas","11":"category-noticias-nacionales","12":"category-tamaulipas","14":"category-temas-nacionales","15":"tag-ciudad-victoria","16":"tag-explotacion-laboral","17":"tag-horas-extras","18":"tag-manifestacion-maestros","19":"tag-precariedad-laboral","20":"entry"},"jetpack_featured_media_url":"https:\/\/www.grieta.org.mx\/wp-content\/uploads\/2019\/03\/Suspenden-maestros-programa-de-Escuelas-de-Tiempo-Completo-en-Tamaulipas-mzo.jpg","jetpack_sharing_enabled":true,"jetpack_shortlink":"https:\/\/wp.me\/p7ZJR4-7RU","jetpack_likes_enabled":false,"jetpack-related-posts":[{"id":41765,"url":"https:\/\/www.grieta.org.mx\/index.php\/2019\/11\/20\/adeudan-salarios-a-5-mil-maestros-en-tamaulipas\/","url_meta":{"origin":30250,"position":0},"title":"Adeudan salarios a 5 mil maestros en Tamaulipas","author":"grieta","date":"20 noviembre, 2019","format":false,"excerpt":"Pertenecen a escuelas de tiempo completo y desde el mes de septiembre no reciben sueldos, destac\u00f3 el SNTE. Jes\u00fas Alberto Garc\u00eda\/Milenio 20 noviembre 2019 En Tamaulipas son m\u00e1s de 5 mil maestros a los que se les deben salarios desde el mes de septiembre, asegur\u00f3 el SNTE, y que corresponde\u2026","rel":"","context":"En &quot;CINTILLO&quot;","block_context":{"text":"CINTILLO","link":"https:\/\/www.grieta.org.mx\/index.php\/category\/cintillo\/"},"img":{"alt_text":"","src":"https:\/\/i0.wp.com\/www.grieta.org.mx\/wp-content\/uploads\/2019\/12\/auditoria-superior-federacion-programa-completo_0_1_1024_637.jpg?resize=350%2C200&ssl=1","width":350,"height":200,"srcset":"https:\/\/i0.wp.com\/www.grieta.org.mx\/wp-content\/uploads\/2019\/12\/auditoria-superior-federacion-programa-completo_0_1_1024_637.jpg?resize=350%2C200&ssl=1 1x, https:\/\/i0.wp.com\/www.grieta.org.mx\/wp-content\/uploads\/2019\/12\/auditoria-superior-federacion-programa-completo_0_1_1024_637.jpg?resize=525%2C300&ssl=1 1.5x, https:\/\/i0.wp.com\/www.grieta.org.mx\/wp-content\/uploads\/2019\/12\/auditoria-superior-federacion-programa-completo_0_1_1024_637.jpg?resize=700%2C400&ssl=1 2x"},"classes":[]},{"id":29818,"url":"https:\/\/www.grieta.org.mx\/index.php\/2019\/03\/01\/denuncian-explotacion-en-dragados-offshore-tamaulipas\/","url_meta":{"origin":30250,"position":1},"title":"Denuncian explotaci\u00f3n en Dragados Offshore (Tamaulipas)","author":"grieta","date":"1 marzo, 2019","format":false,"excerpt":"Erik Huerta \/ El Ma\u00f1ana Busca empresa que produzcan lo mismo, sin horas extras Altamira, Tam. Alrededor de 1,800 plataformeros de la empresa Dragados Offshore fueron impedidos a ingresar a las instalaciones, luego de que el lunes se fueran a paro para exigir sueldos dignos, ya que consideran que se\u2026","rel":"","context":"En &quot;CINTILLO&quot;","block_context":{"text":"CINTILLO","link":"https:\/\/www.grieta.org.mx\/index.php\/category\/cintillo\/"},"img":{"alt_text":"","src":"https:\/\/i0.wp.com\/www.grieta.org.mx\/wp-content\/uploads\/2019\/03\/Denuncian-explotaci%C3%B3n-en-Dragados-Offshore-tama-mzo.jpg?resize=350%2C200","width":350,"height":200},"classes":[]},{"id":2932,"url":"https:\/\/www.grieta.org.mx\/index.php\/2015\/11\/14\/protestan-maestros-de-madero-tras-ser-evaluados\/","url_meta":{"origin":30250,"position":2},"title":"Protestan maestros de Madero tras ser evaluados","author":"grieta","date":"14 noviembre, 2015","format":false,"excerpt":"Expreso.press Jos\u00e9 Luis Rodr\u00edguez CIUDAD MADERO, Tamaulipas.- Bajo protesta mil 126 profesores que presentaron el examen de evaluaci\u00f3n en nueve sedes en la zona sur de Tamaulipas. El maestro, Jos\u00e9 Luis Segura, representante del movimiento magisterial inform\u00f3 que no est\u00e1n de acuerdo con el examen que orden\u00f3 el gobierno federal.\u2026","rel":"","context":"En &quot;CINTILLO&quot;","block_context":{"text":"CINTILLO","link":"https:\/\/www.grieta.org.mx\/index.php\/category\/cintillo\/"},"img":{"alt_text":"","src":"https:\/\/i0.wp.com\/www.grieta.org.mx\/wp-content\/uploads\/2018\/03\/14524434_1106112876131411_958039263622046936_o.jpg?resize=350%2C200&ssl=1","width":350,"height":200,"srcset":"https:\/\/i0.wp.com\/www.grieta.org.mx\/wp-content\/uploads\/2018\/03\/14524434_1106112876131411_958039263622046936_o.jpg?resize=350%2C200&ssl=1 1x, https:\/\/i0.wp.com\/www.grieta.org.mx\/wp-content\/uploads\/2018\/03\/14524434_1106112876131411_958039263622046936_o.jpg?resize=525%2C300&ssl=1 1.5x, https:\/\/i0.wp.com\/www.grieta.org.mx\/wp-content\/uploads\/2018\/03\/14524434_1106112876131411_958039263622046936_o.jpg?resize=700%2C400&ssl=1 2x"},"classes":[]},{"id":2997,"url":"https:\/\/www.grieta.org.mx\/index.php\/2015\/07\/08\/protestan-maestros-en-ciudad-victoria-contra-reforma-educativa\/","url_meta":{"origin":30250,"position":3},"title":"Protestan maestros en Ciudad Victoria contra Reforma Educativa","author":"grieta","date":"8 julio, 2015","format":false,"excerpt":"Hoy Tamaulipas Un grupo de maestros de diferentes ciudades del Estado, principalmente del centro de la entidad, realizaron este mi\u00e9rcoles una marcha para protestar en contra de la evaluaci\u00f3n magisterial, que forma parte de la Reforma Educativa. Los maestros, cerca de mil, se plantaron frente a las instalaciones del Congreso\u2026","rel":"","context":"En &quot;CINTILLO&quot;","block_context":{"text":"CINTILLO","link":"https:\/\/www.grieta.org.mx\/index.php\/category\/cintillo\/"},"img":{"alt_text":"","src":"https:\/\/i0.wp.com\/www.grieta.org.mx\/wp-content\/uploads\/2018\/03\/14524434_1106112876131411_958039263622046936_o.jpg?resize=350%2C200&ssl=1","width":350,"height":200,"srcset":"https:\/\/i0.wp.com\/www.grieta.org.mx\/wp-content\/uploads\/2018\/03\/14524434_1106112876131411_958039263622046936_o.jpg?resize=350%2C200&ssl=1 1x, https:\/\/i0.wp.com\/www.grieta.org.mx\/wp-content\/uploads\/2018\/03\/14524434_1106112876131411_958039263622046936_o.jpg?resize=525%2C300&ssl=1 1.5x, https:\/\/i0.wp.com\/www.grieta.org.mx\/wp-content\/uploads\/2018\/03\/14524434_1106112876131411_958039263622046936_o.jpg?resize=700%2C400&ssl=1 2x"},"classes":[]},{"id":23910,"url":"https:\/\/www.grieta.org.mx\/index.php\/2018\/06\/18\/tamaulipas-vuelven-a-protestar-maestros-por-falta-de-pago\/","url_meta":{"origin":30250,"position":4},"title":"Tamaulipas: Vuelven a protestar maestros por falta de pago","author":"grieta","date":"18 junio, 2018","format":false,"excerpt":"Aleandro Echartea\/El Ma\u00f1ana Cd. Victoria, Tam.- Una docena de maestros pertenecientes a niveles preescolar, primaria, secundaria y telesecundaria de los municipios de Reynosa, R\u00edo Bravo, Matamoros, Valle Hermoso, Ciudad Victoria y Mante, se manifestaron por en\u00e9sima ocasi\u00f3n en las instalaciones de la Secretar\u00eda de Educaci\u00f3n de Tamaulipas por falta de\u2026","rel":"","context":"En &quot;CINTILLO&quot;","block_context":{"text":"CINTILLO","link":"https:\/\/www.grieta.org.mx\/index.php\/category\/cintillo\/"},"img":{"alt_text":"","src":"https:\/\/i0.wp.com\/www.grieta.org.mx\/wp-content\/uploads\/2018\/06\/direct-2.jpg?resize=350%2C200&ssl=1","width":350,"height":200,"srcset":"https:\/\/i0.wp.com\/www.grieta.org.mx\/wp-content\/uploads\/2018\/06\/direct-2.jpg?resize=350%2C200&ssl=1 1x, https:\/\/i0.wp.com\/www.grieta.org.mx\/wp-content\/uploads\/2018\/06\/direct-2.jpg?resize=525%2C300&ssl=1 1.5x"},"classes":[]},{"id":34043,"url":"https:\/\/www.grieta.org.mx\/index.php\/2019\/05\/28\/denuncian-a-director-maestros-de-padilla-tamaulipas\/","url_meta":{"origin":30250,"position":5},"title":"Denuncian a director maestros de Padilla (Tamaulipas)","author":"grieta","date":"28 mayo, 2019","format":false,"excerpt":"Alejandro Echartea \/ El Ma\u00f1ana Supuestos abusos y quebrantos Cd. Victoria, Tam.- Un grupo de maestros del Centro de Bachillerato Tecnol\u00f3gico Industrial y de Servicios (CBTis) 219 de Padilla acudi\u00f3 este lunes a la delegaci\u00f3n de la Direcci\u00f3n General de Educaci\u00f3n Tecnol\u00f3gica Industrial para denunciar al director del plantel, Guadalupe\u2026","rel":"","context":"En &quot;CINTILLO&quot;","block_context":{"text":"CINTILLO","link":"https:\/\/www.grieta.org.mx\/index.php\/category\/cintillo\/"},"img":{"alt_text":"","src":"https:\/\/i0.wp.com\/www.grieta.org.mx\/wp-content\/uploads\/2019\/06\/Denuncian-a-director-maestros-de-Padilla-tama-jun.jpg?resize=350%2C200&ssl=1","width":350,"height":200,"srcset":"https:\/\/i0.wp.com\/www.grieta.org.mx\/wp-content\/uploads\/2019\/06\/Denuncian-a-director-maestros-de-Padilla-tama-jun.jpg?resize=350%2C200&ssl=1 1x, https:\/\/i0.wp.com\/www.grieta.org.mx\/wp-content\/uploads\/2019\/06\/Denuncian-a-director-maestros-de-Padilla-tama-jun.jpg?resize=525%2C300&ssl=1 1.5x"},"classes":[]}],"_links":{"self":[{"href":"https:\/\/www.grieta.org.mx\/index.php\/wp-json\/wp\/v2\/posts\/30250","targetHints":{"allow":["GET"]}}],"collection":[{"href":"https:\/\/www.grieta.org.mx\/index.php\/wp-json\/wp\/v2\/posts"}],"about":[{"href":"https:\/\/www.grieta.org.mx\/index.php\/wp-json\/wp\/v2\/types\/post"}],"author":[{"embeddable":true,"href":"https:\/\/www.grieta.org.mx\/index.php\/wp-json\/wp\/v2\/users\/2"}],"replies":[{"embeddable":true,"href":"https:\/\/www.grieta.org.mx\/index.php\/wp-json\/wp\/v2\/comments?post=30250"}],"version-history":[{"count":1,"href":"https:\/\/www.grieta.org.mx\/index.php\/wp-json\/wp\/v2\/posts\/30250\/revisions"}],"predecessor-version":[{"id":30253,"href":"https:\/\/www.grieta.org.mx\/index.php\/wp-json\/wp\/v2\/posts\/30250\/revisions\/30253"}],"wp:featuredmedia":[{"embeddable":true,"href":"https:\/\/www.grieta.org.mx\/index.php\/wp-json\/wp\/v2\/media\/30251"}],"wp:attachment":[{"href":"https:\/\/www.grieta.org.mx\/index.php\/wp-json\/wp\/v2\/media?parent=30250"}],"wp:term":[{"taxonomy":"category","embeddable":true,"href":"https:\/\/www.grieta.org.mx\/index.php\/wp-json\/wp\/v2\/categories?post=30250"},{"taxonomy":"post_tag","embeddable":true,"href":"https:\/\/www.grieta.org.mx\/index.php\/wp-json\/wp\/v2\/tags?post=30250"}],"curies":[{"name":"wp","href":"https:\/\/api.w.org\/{rel}","templated":true}]}}