{"id":30233,"date":"2019-03-06T21:29:09","date_gmt":"2019-03-07T03:29:09","guid":{"rendered":"http:\/\/www.grieta.org.mx\/?p=30233"},"modified":"2019-03-07T21:56:12","modified_gmt":"2019-03-08T03:56:12","slug":"samir-vive-la-lucha-sigue-pronunciamiento-de-la-tercera-asamblea-nacional-del-congreso-nacional-indigena-el-concejo-indigena-de-gobierno-y-el-ezln","status":"publish","type":"post","link":"https:\/\/www.grieta.org.mx\/index.php\/2019\/03\/06\/samir-vive-la-lucha-sigue-pronunciamiento-de-la-tercera-asamblea-nacional-del-congreso-nacional-indigena-el-concejo-indigena-de-gobierno-y-el-ezln\/","title":{"rendered":"\u00a1SAMIR VIVE, LA LUCHA SIGUE! PRONUNCIAMIENTO DE LA TERCERA ASAMBLEA NACIONAL DEL CONGRESO NACIONAL IND\u00cdGENA, EL CONCEJO IND\u00cdGENA DE GOBIERNO Y EL EZLN"},"content":{"rendered":"<p><img loading=\"lazy\" decoding=\"async\" data-attachment-id=\"30234\" data-permalink=\"https:\/\/www.grieta.org.mx\/index.php\/2019\/03\/06\/samir-vive-la-lucha-sigue-pronunciamiento-de-la-tercera-asamblea-nacional-del-congreso-nacional-indigena-el-concejo-indigena-de-gobierno-y-el-ezln\/cni_nuncamas\/\" data-orig-file=\"https:\/\/www.grieta.org.mx\/wp-content\/uploads\/2019\/03\/CNI_nuncamas.jpg\" data-orig-size=\"558,303\" data-comments-opened=\"0\" data-image-meta=\"{&quot;aperture&quot;:&quot;0&quot;,&quot;credit&quot;:&quot;&quot;,&quot;camera&quot;:&quot;&quot;,&quot;caption&quot;:&quot;&quot;,&quot;created_timestamp&quot;:&quot;0&quot;,&quot;copyright&quot;:&quot;&quot;,&quot;focal_length&quot;:&quot;0&quot;,&quot;iso&quot;:&quot;0&quot;,&quot;shutter_speed&quot;:&quot;0&quot;,&quot;title&quot;:&quot;&quot;,&quot;orientation&quot;:&quot;0&quot;}\" data-image-title=\"CNI_nuncamas\" data-image-description=\"\" data-image-caption=\"\" data-medium-file=\"https:\/\/www.grieta.org.mx\/wp-content\/uploads\/2019\/03\/CNI_nuncamas-300x163.jpg\" data-large-file=\"https:\/\/www.grieta.org.mx\/wp-content\/uploads\/2019\/03\/CNI_nuncamas.jpg\" class=\"aligncenter size-medium wp-image-30234\" src=\"http:\/\/www.grieta.org.mx\/wp-content\/uploads\/2019\/03\/CNI_nuncamas-300x163.jpg\" alt=\"\" width=\"300\" height=\"163\" srcset=\"https:\/\/www.grieta.org.mx\/wp-content\/uploads\/2019\/03\/CNI_nuncamas-300x163.jpg 300w, https:\/\/www.grieta.org.mx\/wp-content\/uploads\/2019\/03\/CNI_nuncamas.jpg 558w\" sizes=\"auto, (max-width: 300px) 100vw, 300px\" \/><\/p>\n<p>A los pueblos del mundo<\/p>\n<p>A las organizaciones y colectivos en resistencia y rebeld\u00eda<\/p>\n<p>A las redes de resistencia y rebeld\u00eda<\/p>\n<p>A la sexta nacional e internacional<\/p>\n<p>A los medios de comunicaci\u00f3n<\/p>\n<p>A casi 100 a\u00f1os del asesinato del general Emiliano Zapata, estando reunidos los pueblos ayuuk, binizza, chinanteco, chol, chontal, guarij\u00edo, maya, mayo, mazahua, mazateco, mixteco, nahua, nayeri, otom\u00ed, popoluca, pur\u00e9pecha, raramuri, tepehuano, tlapaneco, tojolabal, totonaco, tzeltal, tsotsil, wix\u00e1rika, yaqui, zoque y quichua (Ecuador) para celebrar la Tercera Asamblea Nacional del Congreso Nacional Ind\u00edgena y el Concejo Ind\u00edgena de Gobierno, nos encontramos en el dolor y la rabia ante la guerra en contra de nuestros pueblos, ante el asesinato del compa\u00f1ero Samir, muerto por defender a la tierra y a su pueblo. Desde nuestra asamblea nacional enviamos un abrazo solidario y combativo a su familia y a la comunidad de Amilcingo, Morelos. Les enviamos un abrazo fraterno del CNI-CIG y el EZLN, donde el compa\u00f1ero siempre ser\u00e1 una vela encendida.<\/p>\n<p>A Samir lo mat\u00f3 el r\u00e9gimen neoliberal; no sabemos si el gobierno, si los empresarios, si sus c\u00e1rteles delincuenciales, o, si los tres juntos. Los ofrecimientos hechos por AMLO, no a los de abajo, sino a los due\u00f1os del dinero y del poder, las veladas amenazas en contra de quienes defendemos la vida, sentaron las bases del artero asesinato. Es, en el caso del nuevo titular del ejecutivo federal, la promesa de entregar a los grandes empresarios y a las c\u00fapulas militares lo que no han podido quitarnos el capitalismo neoliberal y sus malos gobiernos que entran y salen.<\/p>\n<p>Ofrece a los empresarios poner a su disposici\u00f3n la tierra con la supuesta nueva Ley de Desarrollo Agrario, para terminar de desmantelar la propiedad y organizaci\u00f3n colectivas, llamando \u201cdesarrollo\u201d al robo descarado y a la destrucci\u00f3n, amenazando militarmente a nuestros pueblos con su Guardia Nacional y reconfigurando nuestro pa\u00eds.<\/p>\n<p>Lo que arriba llaman \u201ctransformaciones\u201d, para nuestros pueblos siempre han significado que nosotros ponemos los muertos en funci\u00f3n de los intereses de las oligarqu\u00edas y de los que tienen el poder, que son cada vez m\u00e1s poquitos y grandes, que no dejan de vivir de la opresi\u00f3n, explotaci\u00f3n, y destrucci\u00f3n por los mismos de siempre.<\/p>\n<p>La llamada \u201cCuarta Transformaci\u00f3n\u201d sigue el mismo camino de sus 3 predecesoras, aunque con m\u00e1s brutalidad y cinismo si posible fuera.<\/p>\n<p>En la guerra de Independencia fueron los explotadores locales, hijos de los invasores europeos, quienes tomaron el poder y se repartieron nuestras tierras, tratando de invisibilizar la existencia de nuestros pueblos sobre la base del discurso liberal que hasta el d\u00eda de hoy es el discurso del Poder.<\/p>\n<p>En la Reforma nuestras tierras comunales, sagradas para nosotros, fueron proscritas para entregarlas a los mismos saqueadores; las leyes de Reforma y las posteriores leyes de bald\u00edos y colonizaci\u00f3n propiciaron el crecimiento de las grandes haciendas bajo el r\u00e9gimen porfiriano.<\/p>\n<p>Durante la Revoluci\u00f3n Mexicana, mientras arriba se repartieron el poder pol\u00edtico, abajo con nuestra sangre defendimos y regamos la tierra. Mientras Madero y Carranza traicionaban y asesinaban a Zapata, nuestros pueblos exig\u00edan una radical y profunda transformaci\u00f3n social y agraria que nunca lleg\u00f3.<\/p>\n<p>As\u00ed, en cada \u201ctransformaci\u00f3n\u201d se acrecentaron y recrudecieron la explotaci\u00f3n, el despojo, la discriminaci\u00f3n y el desprecio contra nuestros pueblos.<\/p>\n<p>No tenemos duda que esta nueva etapa de gobierno profundiza el neoliberalismo y la integraci\u00f3n forzada de nuestro pa\u00eds a la \u00f3rbita imperial de Estados Unidos, pues se ha comprometido fielmente a dar continuidad a las pol\u00edticas macroecon\u00f3micas de los anteriores gobiernos, estableciendo una austeridad y restricciones fiscales que no se ve\u00edan desde el gobierno de Miguel de la Madrid; garantizando la autonom\u00eda del Banco de M\u00e9xico, el respeto a las inversiones extranjeras y el impulso del libre comercio.<\/p>\n<p>Va contra nosotros y nuestros territorios, va por el exterminio de nuestros pueblos en cada rinc\u00f3n, y para ello tiende una guerra que sufrimos hoy con luto y coraje. Nos vemos en esta asamblea general, y en el conjunto de nuestros dolores vemos que es una guerra hecha de muchas guerras funcionando de forma integral, como si fuera una sola.<\/p>\n<p>Es hoy Francisco I. Madero, quien traicion\u00f3 a Zapata, el mayor inspirador del discurso del nuevo ejecutivo federal, admirador del desarrollismo liberal y neoliberal que est\u00e1 exterminando a nuestros pueblos.<\/p>\n<p>En realidad, la autodenominada \u201cCuarta Transformaci\u00f3n\u201d inici\u00f3 con Miguel de la Madrid Hurtado, se profundiz\u00f3 con Carlos Salinas de Gortari, sigui\u00f3 su guerra de conquista con Ernesto Zedillo Ponce de Le\u00f3n, Vicente Fox Quezada, Felipe Calder\u00f3n Hinojosa y Enrique Pe\u00f1a Nieto; y ahora contin\u00faa con el proyecto transexenal de Andr\u00e9s Manuel L\u00f3pez Obrador y el Partido Movimiento de Regeneraci\u00f3n Nacional. Para los pueblos originarios el \u00fanico \u201ccambio verdadero\u201d es el aumento de las mentiras, los enga\u00f1os, las persecuciones, las amenazas, los encarcelamientos, el despojo, los asesinatos, las burlas y desprecios, la explotaci\u00f3n humana y la destrucci\u00f3n de la naturaleza; en suma: el aniquilamiento de la vida colectiva que somos.<\/p>\n<p>Eso que necesitan quienes orquestan la destrucci\u00f3n del mundo lo tenemos los pueblos, y lo vamos a defender de su transformaci\u00f3n capitalista con nuestra resistencia y rebeld\u00eda, aunque, como lo estamos viendo, nos enfrentemos a la trama militar de dominaci\u00f3n y represi\u00f3n que tiene al capital como estandarte, que lo mismo recurre a cuerpos policiacos, militares, grupos de choque, carteles de la droga y paramilitares.<\/p>\n<p>El mal gobierno federal se para sobre los estragos dejados por d\u00e9cadas de neoliberalismo, profundizando el desprecio y el racismo para poder despojar a los pueblos originarios. Busca la indiferencia y a ella se dirige para preguntarle si est\u00e1 o no de acuerdo en la destrucci\u00f3n a la que viste de \u201cprogreso\u201d. O sea, sus supuestas consultas no son m\u00e1s que la cosecha del odio y el miedo dejados por el capitalismo neoliberal. Esa cosecha es llamada \u201cdemocracia\u201d.<\/p>\n<p>Ante todos los proyectos encaminados al despojo y la destrucci\u00f3n de nuestros territorios y culturas, manifestamos que las consultas ciudadanas, populares, e incluso las que se organicen bajo el amparo del Convenio 169 de la OIT, tienen como fin convalidar dichos megaproyectos y revestirlos de una falsa legitimidad.<\/p>\n<p>Denunciamos que las consultas que el Instituto Nacional de Pueblos Ind\u00edgenas organiza actualmente en torno al Plan Nacional de Desarrollo 2018-2024, el Tren Maya o el Corredor Trans\u00edsmico son una simulaci\u00f3n para su convalidaci\u00f3n.<\/p>\n<p>Nuestros pueblos, en ejercicio de sus derechos fundamentales de autonom\u00eda y territoriales dicen NO a las pol\u00edticas y a los megaproyectos de despojo, muerte y destrucci\u00f3n, as\u00ed como a las consultas que organizan los malos gobiernos para obtener el consentimiento de nuestros pueblos a dichas pol\u00edticas y a dichos megaproyectos.<\/p>\n<p>El gobierno neoliberal que encabeza Andr\u00e9s Manuel L\u00f3pez Obrador tiene su vista puesta en nuestros pueblos y territorios, donde, con el Instituto Nacional de Pueblos Ind\u00edgenas, se tiende una red de cooptaci\u00f3n y desorganizaci\u00f3n, que abre el camino a una guerra que tiene nombre industrial, hecha de proyectos y violencias, que, junto con las otras guerras y redes de guerra, expanden una oscura telara\u00f1a de muerte en los pueblos originarios del pa\u00eds.<\/p>\n<p>El Proyecto Integral Morelos, por ejemplo, consta de 2 termoel\u00e9ctricas, gasoductos y acueductos que buscan despojar de la tierra, agua, seguridad, salud, identidad y vida campesina a los pueblos ind\u00edgenas nahuas del volc\u00e1n Popocat\u00e9petl de los estados de Morelos, Puebla y Tlaxcala. La fuerza del Estado y de las empresas Elecnor, Enagas, Abengoa, Bonatti, CFE, Nissan, Burlington, Saint Gobain, Continental, Bridgestone y muchas m\u00e1s, ha impuesto este proyecto por medio de la violencia p\u00fablica estatal, federal y el ej\u00e9rcito, infundiendo terror en los pueblos a trav\u00e9s de la tortura, la amenaza, el encarcelamiento, persecuci\u00f3n judicial, cierre de radios comunitarias, y ahora el asesinato de nuestro hermano Samir Flores Soberanes.<\/p>\n<p>Los neoliberales, primero con los delincuentes Felipe Calder\u00f3n y Enrique Pe\u00f1a Nieto y ahora con Andr\u00e9s Manuel L\u00f3pez Obrador, buscan acabar con la resistencia de los pueblos que con raz\u00f3n y derecho decimos NO al Proyecto Integral Morelos. Sin embargo, el racismo sembrado por el desprecio capitalista, la desinformaci\u00f3n y la desmemoria, vuelven a criminalizarnos. AMLO dijo, en 2014 y 2018, que estar\u00eda con los pueblos contra la termoel\u00e9ctrica en Huexca. Hoy nos llama \u201cradicales de izquierda\u201d y \u201cconservadores\u201d se\u00f1alando que es el dinero invertido en el proyecto la mayor raz\u00f3n para no parar la muerte que anuncia, sin importar el dolor y la rabia de nuestros pueblos.<\/p>\n<p>Hoy, ma\u00f1osamente se le nombra \u201cdemocracia\u201d a la mentira a la que llaman \u201cconsulta\u201d, hecha en un marco de violencia, desinformaci\u00f3n y desprestigio, sin importar siquiera el riesgo que el Gasoducto Morelos implica en zona de peligro del volc\u00e1n sagrado del Popocat\u00e9petl, sin importar que acaben con el agua de riego de los ejidos de Ayala y contaminen el R\u00edo Cuautla. O sea, la vida no vale cuando se habla del gran capital.<\/p>\n<p>En los pueblos mayas de los estados de Chiapas, Tabasco, Campeche, Yucat\u00e1n y Quintana Roo, los sitios sagrados se est\u00e1n arrebatando a las comunidades para acrecentar las ganancias de empresas tur\u00edsticas trasnacionales; haciendo una guerra en la que el mismo tren que transportar\u00e1 los frutos de la agroindustria transg\u00e9nica, llevar\u00e1 la carne de las mega granjas porc\u00edcolas que destruyenlas aguas sagradas de los cenotes; el mismo que servir\u00e1 para conectar a las zonas econ\u00f3micas especiales de Puerto Progreso y Campeche en la pen\u00ednsula, donde adem\u00e1s imponen parques e\u00f3licos. As\u00ed mismo en los territorios ind\u00edgenas de Tabasco y Chiapas, donde, adem\u00e1s, esta guerra se hace red con los grupos represivos militares y paramilitares. Despu\u00e9s, se hace una sola guerra con los megaproyectos desplegados en el territorio de los pueblos originarios del Istmo de Tehuantepec.<\/p>\n<p>Mientras orquestan la transformaci\u00f3n capitalista contra los pueblos mayas, la tierra est\u00e1 siendo robada a los pueblos, comprada por unos cuantos pesos y destruida por la explotaci\u00f3n y contaminaci\u00f3n transg\u00e9nica en toda la regi\u00f3n, fuertemente afectada por los agroqu\u00edmicos.<\/p>\n<p>En los pueblos originarios que habitan el Istmo de Tehuantepec, el mal gobierno capitalista anuncia la imposici\u00f3n del proyecto codiciado por los grandes capitales internacionales para el tr\u00e1nsito de sus mercanc\u00edas y el saqueo de los bienes naturales y culturales del sur \u2013 sureste, donde habitamos un gran n\u00famero de pueblos originarios, las principales selvas, bosques, r\u00edos y la mayor zona de biodiversidad del pa\u00eds.<\/p>\n<p>El mal gobierno capitalista usa las formas de imposici\u00f3n de los gobiernos anteriores para imponer este mega proyecto de muerte que pretende reactivar los puertos de Salina Cruz y Coatzacoalcos, interconect\u00e1ndolos por un tren de carga de alta velocidad para el transporte de mercanc\u00edas de los grandes capitales que controlan el mundo. Es un neo porfirismo \u201ctransformado\u201d con el ropaje de \u201cprogresista\u201d.<\/p>\n<p>Pretende convertir el Istmo en un muro de contenci\u00f3n de la migraci\u00f3n centroamericana y nacional a Estados Unidos, contratando a los migrantes con empleos precarios y mal pagados mediante la instalaci\u00f3n de industrias maquiladoras, f\u00e1bricas automotrices, la explotaci\u00f3n forestal, megaproyectos energ\u00e9ticos, como los corredores e\u00f3licas, hidroel\u00e9ctricos, as\u00ed como la explotaci\u00f3n de hidrocarburos mediante m\u00e9todos convencionales y fracking, de explotaci\u00f3n minera y de transporte de mercanc\u00edas en toda la franja trans\u00edstmica.<\/p>\n<p>Este proyecto no es en beneficio de los pueblos, ni del pa\u00eds, ni transportar\u00e1 nuestros productos locales, sino que se trata de la entrega de nuestros territorios y nuestra vida al capitalismo internacional, liderado por Estados Unidos, de donde surgen redes de guerras para las que no hay muros ni contenciones.<\/p>\n<p>La versi\u00f3n \u201cCuarta Transformaci\u00f3n\u201d del muro de Trump, no es sino una multiplicaci\u00f3n de muros construidos desde la frontera con Guatemala y Belice hasta el Istmo mexicano. Estas murallas se edifican con los materiales producto de la destrucci\u00f3n de la naturaleza y de los pueblos originarios, y su \u201cpegamento\u201d es el despojo, la explotaci\u00f3n, el desprecio y la represi\u00f3n.<\/p>\n<p>En el centro del pa\u00eds, la expansi\u00f3n salvaje de la Ciudad de M\u00e9xico est\u00e1 acompa\u00f1ada de desarrollos industriales y especulaci\u00f3n agraria e inmobiliaria, que est\u00e1 llevando a la destrucci\u00f3n y despojo de una amplia zona. Con los trabajos en Texcoco por el NAICM fueron destruidos m\u00e1s de 100 cerros para extraer materiales con los que pretendieron matar al lago, provocando la afectaci\u00f3n de las fuentes de agua de toda la regi\u00f3n. Como alternativa del nuevo gobierno, el aeropuerto en la base militar de Santa Luc\u00eda, est\u00e1 acompa\u00f1ado del mismo despojo a los pueblos de los alrededores, a los que pretenden sumergir en la desgracia que nos aqueja por el gran capital.<\/p>\n<p>Con preocupaci\u00f3n observamos, por un lado, que la empresa PINFRA contin\u00faa las obras de la autopista M\u00e9xico Tuxpan-Pe\u00f1\u00f3n Texcoco, en los terrenos del ejido de Nexquipayac, mientras que varias empresas pretenden continuar diversas obras del NAICM en Texcoco y actualmente realizan trabajos que no est\u00e1n debidamente explicados; por otro lado, el gobierno federal promete a los militares la administraci\u00f3n y ganancias del nuevo aeropuerto en Santa Luc\u00eda. Son las cuotas a cambio de proteger el poder del gran capital en contra de nosotros los pueblos que nos organizamos para detener la guerra en cada rinc\u00f3n del pa\u00eds, apostando siemprepor la vida. Es por ello que el CNI- CIG, seguira luchando por la cancelaci\u00f3n del proyecto del NAICM ya sea que pretendieran continuarlo en Texcoco o en Santa Luc\u00eda, como es la decisi\u00f3n del ejecutivo federal.<\/p>\n<p>En dicho sentido y en ejercicio de nuestros derechos territoriales y autonom\u00eda decimos que estos megaproyectos se topar\u00e1n de frente con la voluntad de nuestros pueblos.<\/p>\n<p>El mal gobierno capitalista de L\u00f3pez Obrador agudiza la guerra contra las mujeres de nuestro pa\u00eds, pues, con su apoyo redoblado a los poderosos, lleva al aumento de feminicidios, trata de mujeres, tortura y explotaci\u00f3n. Por eso nosotras y nosotros del Congreso Nacional Ind\u00edgena, del Concejo Ind\u00edgena de Gobierno y del EZLN, pensamos que si nos organizamos las mujeres que luchamos en nuestros pueblos del campo y la ciudad, minaremos, hasta que se caiga, esa guerra del capital.<\/p>\n<p>Abajo, en todas las geograf\u00edas que somos los pueblos originarios, seguimos sembrando la autonom\u00eda, construimos y desplegamos el poder de abajo en lo que tambi\u00e9n son redes de redes, pero de resistencia y rebeld\u00eda, que son tambi\u00e9n los espejos no solo de los pueblos que somos el CNI \u2013 CIG y el EZLN, sino muchos otros y otras que siembran la esperanza y de las que es espejo \u00e9sta, nuestra tercera asamblea nacional.<\/p>\n<p>En consecuencia, desde aqu\u00ed, denunciamos la guerra abierta en contra de la digna lucha de la comunidad ind\u00edgena nahua de Santa Mar\u00eda Ostula, Michoac\u00e1n, utilizando la fuerza represiva del mal gobierno en sus tres niveles, as\u00ed como a los grupos de la delincuencia organizada, misma que es desplegada tambi\u00e9n por todo el territorio del pa\u00eds como herramienta de muerte en contra de nuestros pueblos y como justificaci\u00f3n para la militarizaci\u00f3n y la creaci\u00f3n de la Guardia Nacional.<\/p>\n<p>Nos pronunciamos por el respeto pleno a la autonom\u00eda del ejido Tila, en el estado de Chiapas y condenamos las amenazas de despojo y represi\u00f3n hechas por el comisariado ejidal espurio con el apoyo de los malos gobiernos para la conformaci\u00f3n de grupos de choque en contra de nuestros compa\u00f1eros que han dado ejemplo de dignidad y organizaci\u00f3n.<\/p>\n<p>Asimismo, por acuerdo de nuestra asamblea nacional, seguimos exigiendo la presentaci\u00f3n con vida de nuestro compa\u00f1ero Sergio Rivera Hern\u00e1ndez, quien fu\u00e9 desaparecido desde el pasado 23 de agosto de 2018 por su lucha en contra de la minera Autl\u00e1n en la Sierra Negra de Puebla. Exigimos la cancelaci\u00f3n del proyecto hidroel\u00e9ctrico Coyolapa-Atzala y de la explotaci\u00f3n minera en la Sierra Negra.<\/p>\n<p>Exigimos la presentaci\u00f3n con vida de los 43 estudiantes de Ayotzinapa y justicia para los compa\u00f1eros asesinados.<\/p>\n<p>Exigimos la cancelaci\u00f3n de las concesiones mineras en todo el territorio nacional, que implican la destrucci\u00f3n en el estado de Oaxaca, Sierra Sur, en el territorio chontal por parte de la empresa Salamera, en la regi\u00f3n de los Chimalapas, donde la misma empresa canadiense pretende actualmente ampliar sus concesiones, en el desierto de Wirikuta, San Luis Potos\u00ed, y en todo el pa\u00eds.<\/p>\n<p>Hacemos un llamado para redoblar esfuerzos por la libertad de nuestro compa\u00f1ero Fidencio Aldama P\u00e9rez, del pueblo yaqui de Loma de B\u00e1cum, Sonora; y de nuestros compa\u00f1eros Pedro S\u00e1nchez Berrioz\u00e1bal, R\u00f3mulo Arias Mireles y Te\u00f3filo P\u00e9rez Gonz\u00e1lez de la comunidad nahua de San Pedro Tlanixco, en el Estado de M\u00e9xico, as\u00ed como de todos los presos pol\u00edticos de M\u00e9xico.<\/p>\n<p>Exigimos que cesen el hostigamiento y las amenazas en contra de nuestros hermanos y hermanas de la comunidad de Amilcingo, Morelos, desde donde brilla la luz que es nuestro hermano Samir, por parte de los tres niveles del mal gobierno que quieren imponer a toda costa el Proyecto Integral Morelos.<\/p>\n<p>Exigimos la cancelaci\u00f3n del proyectado parque e\u00f3lico conocido como Gunaa Sicar\u00fa, de la empresa francesa EDF, en m\u00e1s de 4 mil hect\u00e1reas pertenecientes a los terrenos comunales de la comunidad binniz\u00e1 de Uni\u00f3n Hidalgo y rechazamos la consulta que el gobierno pretende realizar para obtener el \u201cconsentimiento\u201d a la misma. Asimismo exigimos la cancelaci\u00f3n inmediata de los estudios de prosprecci\u00f3n que realizan los espele\u00f3logos pertenecientes al PESH (Espeleol\u00f3gico Sistema Huautla) en cuevas y cavernas del pueblo mazateco de Huautla sin autorizaci\u00f3n del mismo.<\/p>\n<p>Llamamos a los pueblos originarios, a las redes y organizaciones que han apoyado al CIG-CNI, as\u00ed como a los colectivos y organizaciones de trabajadores, de estudiantes, de mujeres, de campesinos y de j\u00f3venes que luchan contra el capitalismo neoliberal, a crecer nuestras resistencias y rebeld\u00edas y a participar en la Asamblea Nacional entre los pueblos del Congreso Nacional Ind\u00edgena y las organizaciones, redes y colectivos que en M\u00e9xico y el mundo luchan y se organizan; as\u00ed mismo al acto con motivo del centenario del asesinato del General Emiliano Zapata Salazar, los d\u00edas 9 y 10 de abril del presente a\u00f1o en el estado de Morelos, donde diremos con claridad nuevamente:<\/p>\n<p>\u00a1SAMIR VIVE, VIVE, LA LUCHA SIGUE, SIGUE!<\/p>\n<p>Atentamente<\/p>\n<p>Desde la Tercera Asamblea Nacional del Congreso Nacional Ind\u00edgena y el Concejo Ind\u00edgena de Gobierno.<\/p>\n<p>A marzo de 2019<\/p>\n<p>Por la Reconstituci\u00f3n Integral de Nuestros Pueblos<\/p>\n<p>Nunca Mas Un M\u00e9xico Sin Nosotros<\/p>\n<p>Congreso Nacional Ind\u00edgena<\/p>\n<p>Concejo Ind\u00edgena de Gobierno<\/p>\n<p>Ej\u00e9rcito Zapatista de Liberaci\u00f3n Nacional<\/p>\n<p><a href=\"http:\/\/www.congresonacionalindigena.org\/2019\/03\/06\/samir-vive-la-lucha-sigue-pronunciamiento-de-la-tercera-asamblea-nacional-del-congreso-nacional-indigena-el-concejo-indigena-de-gobierno-y-el-ezln\/\" target=\"_blank\" rel=\"noopener\">http:\/\/www.congresonacionalindigena.org\/2019\/03\/06\/samir-vive-la-lucha-sigue-pronunciamiento-de-la-tercera-asamblea-nacional-del-congreso-nacional-indigena-el-concejo-indigena-de-gobierno-y-el-ezln\/<\/a><\/p>\n","protected":false},"excerpt":{"rendered":"<p>A los pueblos del mundo A las organizaciones y colectivos en resistencia y rebeld\u00eda A las redes de resistencia y rebeld\u00eda A la sexta nacional e internacional A los medios &hellip; <a href=\"https:\/\/www.grieta.org.mx\/index.php\/2019\/03\/06\/samir-vive-la-lucha-sigue-pronunciamiento-de-la-tercera-asamblea-nacional-del-congreso-nacional-indigena-el-concejo-indigena-de-gobierno-y-el-ezln\/\" class=\"more-link\">Leer m\u00e1s<\/a><\/p>\n","protected":false},"author":2,"featured_media":30234,"comment_status":"closed","ping_status":"closed","sticky":false,"template":"","format":"standard","meta":{"ngg_post_thumbnail":0,"_jetpack_newsletter_access":"","_jetpack_dont_email_post_to_subs":false,"_jetpack_newsletter_tier_id":0,"_jetpack_memberships_contains_paywalled_content":false,"_jetpack_memberships_contains_paid_content":false,"footnotes":""},"categories":[80,79,921],"tags":[1005,95,466],"class_list":["post-30233","post","type-post","status-publish","format-standard","has-post-thumbnail","hentry","category-cintillo","category-cni","category-comunicados","tag-cig","tag-cni","tag-ezln","entry"],"jetpack_featured_media_url":"https:\/\/www.grieta.org.mx\/wp-content\/uploads\/2019\/03\/CNI_nuncamas.jpg","jetpack_sharing_enabled":true,"jetpack_shortlink":"https:\/\/wp.me\/p7ZJR4-7RD","jetpack_likes_enabled":false,"jetpack-related-posts":[{"id":28616,"url":"https:\/\/www.grieta.org.mx\/index.php\/2019\/01\/23\/convocatoria-a-la-tercera-asamblea-general-del-congreso-nacional-indigena-y-el-concejo-indigena-de-gobierno\/","url_meta":{"origin":30233,"position":0},"title":"CONVOCATORIA A LA TERCERA ASAMBLEA GENERAL DEL CONGRESO NACIONAL IND\u00cdGENA Y EL CONCEJO IND\u00cdGENA DE GOBIERNO","author":"grieta","date":"23 enero, 2019","format":false,"excerpt":"Considerando: Que los pueblos originarios de M\u00e9xico seguimos construyendo en nuestra resistencia los mecanismos y las formas de contener la destrucci\u00f3n capitalista, que mantiene amenazadas grandes extensiones de nuestros territorios con sus megaproyectos de muerte. Que los malos gobiernos pretenden con sus mentiras desarticular la organizaci\u00f3n de abajo, para dejar\u2026","rel":"","context":"En &quot;CIG&quot;","block_context":{"text":"CIG","link":"https:\/\/www.grieta.org.mx\/index.php\/category\/cig\/"},"img":{"alt_text":"","src":"https:\/\/i0.wp.com\/www.grieta.org.mx\/wp-content\/uploads\/2019\/01\/IMG-20190123-WA0006.jpg?resize=350%2C200&ssl=1","width":350,"height":200,"srcset":"https:\/\/i0.wp.com\/www.grieta.org.mx\/wp-content\/uploads\/2019\/01\/IMG-20190123-WA0006.jpg?resize=350%2C200&ssl=1 1x, https:\/\/i0.wp.com\/www.grieta.org.mx\/wp-content\/uploads\/2019\/01\/IMG-20190123-WA0006.jpg?resize=525%2C300&ssl=1 1.5x"},"classes":[]},{"id":61821,"url":"https:\/\/www.grieta.org.mx\/index.php\/2021\/09\/20\/comunidad-nahua-de-santa-maria-ostula-integrante-del-congreso-nacional-indigena-se-solidariza-con-las-comunidades-zapatistas\/","url_meta":{"origin":30233,"position":1},"title":"Comunidad nahua de Santa Mar\u00eda Ostula, integrante del Congreso Nacional Ind\u00edgena, se solidariza con las comunidades Zapatistas","author":"grieta","date":"20 septiembre, 2021","format":false,"excerpt":"COMUNIDAD NAHUA DE SANTA MAR\u00cdA OSTULA, MICHOAC\u00c1N\/RADIO ZAPATISTA #AltoALaGuerraContraLasComunidadesZapatistas #RutilioEscand\u00f3n #RutilioRepresor #AltoALaGuerraEnChiapas #OstulaVive A todos los medios de comunicaci\u00f3n, Al Ej\u00e9rcito Zapatista de Liberaci\u00f3n Nacional, Al Congreso Nacional Ind\u00edgena, Al Concejo Ind\u00edgena de Gobierno, A las organizaciones sociales, A la poblaci\u00f3n en general, Por medio de este comunicado, la comunidad\u2026","rel":"","context":"En &quot;CINTILLO&quot;","block_context":{"text":"CINTILLO","link":"https:\/\/www.grieta.org.mx\/index.php\/category\/cintillo\/"},"img":{"alt_text":"","src":"https:\/\/i0.wp.com\/www.grieta.org.mx\/wp-content\/uploads\/2021\/09\/Zap-Nahuas.jpg?resize=350%2C200&ssl=1","width":350,"height":200,"srcset":"https:\/\/i0.wp.com\/www.grieta.org.mx\/wp-content\/uploads\/2021\/09\/Zap-Nahuas.jpg?resize=350%2C200&ssl=1 1x, https:\/\/i0.wp.com\/www.grieta.org.mx\/wp-content\/uploads\/2021\/09\/Zap-Nahuas.jpg?resize=525%2C300&ssl=1 1.5x"},"classes":[]},{"id":70981,"url":"https:\/\/www.grieta.org.mx\/index.php\/2025\/02\/16\/alto-a-los-ataques-contra-la-ucizoni-pronunciamiento-del-congreso-nacional-indigena-y-el-ezln-en-apoyo-a-quienes-resisten-en-el-istmo\/","url_meta":{"origin":30233,"position":2},"title":"ALTO A LOS ATAQUES CONTRA LA UCIZONI. PRONUNCIAMIENTO DEL CONGRESO NACIONAL IND\u00cdGENA Y EL EZLN EN APOYO A QUIENES RESISTEN EN EL ISTMO","author":"grieta","date":"16 febrero, 2025","format":false,"excerpt":"ALTO A LOS ATAQUES CONTRA LA UCIZONI PRONUNCIAMIENTO DEL CONGRESO NACIONAL IND\u00cdGENA Y EL EZLN EN APOYO A QUIENES RESISTEN EN EL ISTMO. A los pueblos ind\u00edgenas de M\u00e9xico y del mundo A las organizaciones en resistencia A la sociedad civil nacional e internacional Hermanas y hermanos: Desde el Congreso\u2026","rel":"","context":"En &quot;CINTILLO&quot;","block_context":{"text":"CINTILLO","link":"https:\/\/www.grieta.org.mx\/index.php\/category\/cintillo\/"},"img":{"alt_text":"","src":"https:\/\/i0.wp.com\/www.grieta.org.mx\/wp-content\/uploads\/2025\/02\/ucizoni.png?resize=350%2C200&ssl=1","width":350,"height":200,"srcset":"https:\/\/i0.wp.com\/www.grieta.org.mx\/wp-content\/uploads\/2025\/02\/ucizoni.png?resize=350%2C200&ssl=1 1x, https:\/\/i0.wp.com\/www.grieta.org.mx\/wp-content\/uploads\/2025\/02\/ucizoni.png?resize=525%2C300&ssl=1 1.5x, https:\/\/i0.wp.com\/www.grieta.org.mx\/wp-content\/uploads\/2025\/02\/ucizoni.png?resize=700%2C400&ssl=1 2x"},"classes":[]},{"id":26282,"url":"https:\/\/www.grieta.org.mx\/index.php\/2018\/09\/06\/convocatoria-a-la-segunda-asamblea-nacional-entre-el-concejo-indigena-de-gobierno-y-los-pueblos-que-integran-el-congreso-nacional-indigena\/","url_meta":{"origin":30233,"position":3},"title":"Convocatoria a la segunda asamblea nacional entre el Concejo Ind\u00edgena de Gobierno y los pueblos que integran el Congreso Nacional Ind\u00edgena","author":"grieta","date":"6 septiembre, 2018","format":false,"excerpt":"CONGRESO NACIONAL IND\u00cdGENA CONVOCATORIA Considerando que: PRIMERO.- La iniciativa para conformar el Concejo Ind\u00edgena de Gobierno (CIG) y proponer a su vocera, Marichuy, como candidata a la Presidencia de la Rep\u00fablica, lanzada por el Congreso Nacional Ind\u00edgena (CNI), cumpli\u00f3 una etapa m\u00e1s. La primera etapa consisti\u00f3 en la determinaci\u00f3n que\u2026","rel":"","context":"En &quot;CIG&quot;","block_context":{"text":"CIG","link":"https:\/\/www.grieta.org.mx\/index.php\/category\/cig\/"},"img":{"alt_text":"","src":"https:\/\/i0.wp.com\/www.grieta.org.mx\/wp-content\/uploads\/2018\/07\/logo-CNI-To.png?resize=350%2C200&ssl=1","width":350,"height":200,"srcset":"https:\/\/i0.wp.com\/www.grieta.org.mx\/wp-content\/uploads\/2018\/07\/logo-CNI-To.png?resize=350%2C200&ssl=1 1x, https:\/\/i0.wp.com\/www.grieta.org.mx\/wp-content\/uploads\/2018\/07\/logo-CNI-To.png?resize=525%2C300&ssl=1 1.5x"},"classes":[]},{"id":43467,"url":"https:\/\/www.grieta.org.mx\/index.php\/2020\/01\/24\/comunicado-del-cni-cig-por-la-detencion-del-companero-miguel-lopez-vega\/","url_meta":{"origin":30233,"position":4},"title":"Comunicado del CNI \u2013 CIG por la detenci\u00f3n del compa\u00f1ero Miguel L\u00f3pez Vega.","author":"Admin","date":"24 enero, 2020","format":false,"excerpt":"Al pueblo de M\u00e9xico A las Redes de Resistencia y Rebeld\u00eda A la Sexta Nacional e Internacional A los medios de comunicaci\u00f3n El Congreso Nacional Ind\u00edgena, el Concejo Ind\u00edgena de Gobierno y el Ej\u00e9rcito Zapatista de Liberaci\u00f3n Nacional, denunciamos la cobarde detenci\u00f3n de nuestro compa\u00f1ero Miguel L\u00f3pez Vega, delegado del\u2026","rel":"","context":"En &quot;CIG&quot;","block_context":{"text":"CIG","link":"https:\/\/www.grieta.org.mx\/index.php\/category\/cig\/"},"img":{"alt_text":"","src":"https:\/\/i0.wp.com\/www.grieta.org.mx\/wp-content\/uploads\/2019\/08\/cni.png?resize=350%2C200&ssl=1","width":350,"height":200},"classes":[]},{"id":27129,"url":"https:\/\/www.grieta.org.mx\/index.php\/2018\/10\/13\/primer-dia-de-trabajos-de-la-segunda-asamblea-nacional-entre-el-concejo-indigena-de-gobierno-y-el-congreso-nacional-indigena-los-dias-12-13-y-14-de-octubre-del-2018\/","url_meta":{"origin":30233,"position":5},"title":"Primer d\u00eda de trabajos de la segunda Asamblea Nacional entre el Concejo Ind\u00edgena de Gobierno y el Congreso Nacional Ind\u00edgena los d\u00edas 12, 13 y 14 de octubre del 2018.","author":"grieta","date":"13 octubre, 2018","format":false,"excerpt":"Colectivo Grieta \/ 13 de octubre 2018 CIDECI-Unitierra. San Crist\u00f3bal de las Casas Chiapas, M\u00e9xico, 12 de octubre del 2018. El 12 de octubre de 1996, en la Ciudad de M\u00e9xico, la Comandanta Ramona, como delegada del EZLN, dirig\u00eda las siguientes palabras al millar de asistentes y delegaciones de los\u2026","rel":"","context":"En &quot;CIG&quot;","block_context":{"text":"CIG","link":"https:\/\/www.grieta.org.mx\/index.php\/category\/cig\/"},"img":{"alt_text":"","src":"https:\/\/i0.wp.com\/www.grieta.org.mx\/wp-content\/uploads\/2018\/10\/WhatsApp-Image-2018-10-13-at-1.47.54-PM.jpeg?resize=350%2C200&ssl=1","width":350,"height":200,"srcset":"https:\/\/i0.wp.com\/www.grieta.org.mx\/wp-content\/uploads\/2018\/10\/WhatsApp-Image-2018-10-13-at-1.47.54-PM.jpeg?resize=350%2C200&ssl=1 1x, https:\/\/i0.wp.com\/www.grieta.org.mx\/wp-content\/uploads\/2018\/10\/WhatsApp-Image-2018-10-13-at-1.47.54-PM.jpeg?resize=525%2C300&ssl=1 1.5x, https:\/\/i0.wp.com\/www.grieta.org.mx\/wp-content\/uploads\/2018\/10\/WhatsApp-Image-2018-10-13-at-1.47.54-PM.jpeg?resize=700%2C400&ssl=1 2x, https:\/\/i0.wp.com\/www.grieta.org.mx\/wp-content\/uploads\/2018\/10\/WhatsApp-Image-2018-10-13-at-1.47.54-PM.jpeg?resize=1050%2C600&ssl=1 3x"},"classes":[]}],"_links":{"self":[{"href":"https:\/\/www.grieta.org.mx\/index.php\/wp-json\/wp\/v2\/posts\/30233","targetHints":{"allow":["GET"]}}],"collection":[{"href":"https:\/\/www.grieta.org.mx\/index.php\/wp-json\/wp\/v2\/posts"}],"about":[{"href":"https:\/\/www.grieta.org.mx\/index.php\/wp-json\/wp\/v2\/types\/post"}],"author":[{"embeddable":true,"href":"https:\/\/www.grieta.org.mx\/index.php\/wp-json\/wp\/v2\/users\/2"}],"replies":[{"embeddable":true,"href":"https:\/\/www.grieta.org.mx\/index.php\/wp-json\/wp\/v2\/comments?post=30233"}],"version-history":[{"count":1,"href":"https:\/\/www.grieta.org.mx\/index.php\/wp-json\/wp\/v2\/posts\/30233\/revisions"}],"predecessor-version":[{"id":30236,"href":"https:\/\/www.grieta.org.mx\/index.php\/wp-json\/wp\/v2\/posts\/30233\/revisions\/30236"}],"wp:featuredmedia":[{"embeddable":true,"href":"https:\/\/www.grieta.org.mx\/index.php\/wp-json\/wp\/v2\/media\/30234"}],"wp:attachment":[{"href":"https:\/\/www.grieta.org.mx\/index.php\/wp-json\/wp\/v2\/media?parent=30233"}],"wp:term":[{"taxonomy":"category","embeddable":true,"href":"https:\/\/www.grieta.org.mx\/index.php\/wp-json\/wp\/v2\/categories?post=30233"},{"taxonomy":"post_tag","embeddable":true,"href":"https:\/\/www.grieta.org.mx\/index.php\/wp-json\/wp\/v2\/tags?post=30233"}],"curies":[{"name":"wp","href":"https:\/\/api.w.org\/{rel}","templated":true}]}}