{"id":30197,"date":"2019-03-06T19:09:17","date_gmt":"2019-03-07T01:09:17","guid":{"rendered":"http:\/\/www.grieta.org.mx\/?p=30197"},"modified":"2019-03-06T19:09:17","modified_gmt":"2019-03-07T01:09:17","slug":"asesinatos-en-el-amg-se-dan-en-417-colonias-jalisco","status":"publish","type":"post","link":"https:\/\/www.grieta.org.mx\/index.php\/2019\/03\/06\/asesinatos-en-el-amg-se-dan-en-417-colonias-jalisco\/","title":{"rendered":"Asesinatos en el AMG se dan en 417 colonias (Jalisco)"},"content":{"rendered":"<p><img loading=\"lazy\" decoding=\"async\" data-attachment-id=\"30198\" data-permalink=\"https:\/\/www.grieta.org.mx\/index.php\/2019\/03\/06\/asesinatos-en-el-amg-se-dan-en-417-colonias-jalisco\/mapa-zm\/\" data-orig-file=\"https:\/\/www.grieta.org.mx\/wp-content\/uploads\/2019\/03\/mapa-zm.jpg\" data-orig-size=\"850,500\" data-comments-opened=\"0\" data-image-meta=\"{&quot;aperture&quot;:&quot;0&quot;,&quot;credit&quot;:&quot;&quot;,&quot;camera&quot;:&quot;&quot;,&quot;caption&quot;:&quot;&quot;,&quot;created_timestamp&quot;:&quot;0&quot;,&quot;copyright&quot;:&quot;&quot;,&quot;focal_length&quot;:&quot;0&quot;,&quot;iso&quot;:&quot;0&quot;,&quot;shutter_speed&quot;:&quot;0&quot;,&quot;title&quot;:&quot;&quot;,&quot;orientation&quot;:&quot;0&quot;}\" data-image-title=\"mapa zm\" data-image-description=\"\" data-image-caption=\"\" data-medium-file=\"https:\/\/www.grieta.org.mx\/wp-content\/uploads\/2019\/03\/mapa-zm-300x176.jpg\" data-large-file=\"https:\/\/www.grieta.org.mx\/wp-content\/uploads\/2019\/03\/mapa-zm.jpg\" class=\"aligncenter wp-image-30198\" src=\"http:\/\/www.grieta.org.mx\/wp-content\/uploads\/2019\/03\/mapa-zm-300x176.jpg\" alt=\"\" width=\"776\" height=\"455\" srcset=\"https:\/\/www.grieta.org.mx\/wp-content\/uploads\/2019\/03\/mapa-zm-300x176.jpg 300w, https:\/\/www.grieta.org.mx\/wp-content\/uploads\/2019\/03\/mapa-zm.jpg 850w\" sizes=\"auto, (max-width: 776px) 100vw, 776px\" \/><\/p>\n<p><strong>Redacci\u00f3n \/ P\u00e1gina 24<\/strong><\/p>\n<p style=\"text-align: center;\"><em>Las zonas con mayor incidencia de homicidios se encuentran ubicadas en inmediaciones de asentamientos con alta marginaci\u00f3n, explicaron especialistas en Salud P\u00fablica por la UdeG<\/em><\/p>\n<p>Los asesinatos cometidos en el \u00c1rea Metropolitana de Guadalajara (AMG) se concentran en 24 por ciento de las colonias y, contrariamente a lo que se cree, no se suscitan en asentamientos de alta marginaci\u00f3n, sino en sus colindancias, se\u00f1alaron especialistas de la Universidad de Guadalajara (UdeG) que realizaron el estudio \u201cGeograf\u00eda del homicidio en el \u00c1rea Metropolitana de Guadalajara (AMG): an\u00e1lisis comparativo entre 2013 y 2018\u201d.<\/p>\n<p>El maestro Antonio Reyna Sevilla, alumno del doctorado en Ciencias de la Salud P\u00fablica, del Centro Universitario de Ciencias de la Salud (CUCS), especific\u00f3 que el total de homicidios de la urbe en 2018 se registr\u00f3 en 417 colonias (24.3 por ciento), de acuerdo con el conteo que realizaron con base en lo que publican los medios de comunicaci\u00f3n.<\/p>\n<p>\u201cSe identific\u00f3 un patr\u00f3n espacial concentrado; es decir, se trata de un n\u00famero relativamente reducido de colonias (y extensi\u00f3n territorial) donde se requiere focalizar la atenci\u00f3n en t\u00e9rminos de prevenci\u00f3n y reducci\u00f3n de homicidios\u201d, apunt\u00f3 Reyna Sevilla.<\/p>\n<p>Las colonias con mayor n\u00famero de homicidios son: Francisco I. Madero (31 casos), Nueva Santa Mar\u00eda (20 casos), El Vergel y Las Juntas (13 casos), de San Pedro Tlaquepaque; en Guadalajara: las colonias Oblatos y Heliodoro Hern\u00e1ndez Loza (11 y 8 casos), respectivamente; y en Zapopan la colonia Constituci\u00f3n registr\u00f3 10 casos.<\/p>\n<p>En cinco a\u00f1os, los asesinatos se incrementaron pr\u00e1cticamente al doble, ya que en 2013 hubo 465 casos y en 2018 fueron 988 registros.<\/p>\n<p>La mayor incidencia se registr\u00f3 en la zona fronteriza entre Guadalajara y Tlaquepaque, en el sur del AMG; adem\u00e1s, en los l\u00edmites de Guadalajara, en su confluencia con Tonal\u00e1. Consideraron que estas son las zonas que deber\u00edan de atenderse de forma prioritaria con estrategias de prevenci\u00f3n.<\/p>\n<p>\u201cNo necesariamente en el municipio m\u00e1s marginado est\u00e1 el homicidio, pero hay una contig\u00fcidad. Esa contig\u00fcidad, esa cercan\u00eda \u2013entre colonia\u2013 es lo que hace compartir esa serie de condiciones\u201d, se\u00f1al\u00f3 el profesor investigador del Departamento de Ciencias Sociales del CUCS, doctor Guillermo Juli\u00e1n Gonz\u00e1lez P\u00e9rez.<\/p>\n<p>Los homicidios no son un problema s\u00f3lo de seguridad, declar\u00f3 Gonz\u00e1lez P\u00e9rez, sino tambi\u00e9n de salud p\u00fablica. Indic\u00f3 que es la primera causa de muerte entre los j\u00f3venes de 15 a 29 a\u00f1os, y la tercera causa de muerte de hombres en M\u00e9xico.<\/p>\n<p>\u201cEsto no s\u00f3lo es un problema policiaco. Es un problema tambi\u00e9n de condiciones de vida, de impunidad. Para estudiar qu\u00e9 pasa con los homicidios, debemos tener varias facetas de an\u00e1lisis y esos \u00e1mbitos tienen que ver con un an\u00e1lisis de cada caso, con las pol\u00edticas que se desarrollen de prevenci\u00f3n y con la mejora de las condiciones de vida de la gente. Y eso no cambia de un d\u00eda para otro\u201d, a\u00f1adi\u00f3 Gonz\u00e1lez P\u00e9rez.<\/p>\n<p>Si bien existen otros delitos que afectan a la vida de las personas, como el asalto o el robo a casa habitaci\u00f3n o veh\u00edculos, el tomar a los asesinatos como indicador para identificar zonas que urge intervenir es adecuado, ya que se habla de la vida de las personas y de remediar tanto un problema de seguridad como de salud p\u00fablica.<\/p>\n<p>La versi\u00f3n final de este estudio est\u00e1 por publicarse en revistas acad\u00e9micas especializadas.<\/p>\n<p><a href=\"https:\/\/pagina24jalisco.com.mx\/2019\/03\/06\/local\/asesinatos-en-el-amg-se-dan-en-417-colonias\/\">https:\/\/pagina24jalisco.com.mx\/2019\/03\/06\/local\/asesinatos-en-el-amg-se-dan-en-417-colonias\/<\/a><\/p>\n","protected":false},"excerpt":{"rendered":"<p>Redacci\u00f3n \/ P\u00e1gina 24 Las zonas con mayor incidencia de homicidios se encuentran ubicadas en inmediaciones de asentamientos con alta marginaci\u00f3n, explicaron especialistas en Salud P\u00fablica por la UdeG Los &hellip; <a href=\"https:\/\/www.grieta.org.mx\/index.php\/2019\/03\/06\/asesinatos-en-el-amg-se-dan-en-417-colonias-jalisco\/\" class=\"more-link\">Leer m\u00e1s<\/a><\/p>\n","protected":false},"author":2,"featured_media":21928,"comment_status":"closed","ping_status":"closed","sticky":false,"template":"","format":"standard","meta":{"ngg_post_thumbnail":0,"_jetpack_newsletter_access":"","_jetpack_dont_email_post_to_subs":false,"_jetpack_newsletter_tier_id":0,"_jetpack_memberships_contains_paywalled_content":false,"_jetpack_memberships_contains_paid_content":false,"footnotes":""},"categories":[80,1771,20,2],"tags":[],"class_list":["post-30197","post","type-post","status-publish","format-standard","has-post-thumbnail","hentry","category-cintillo","category-incremento-de-la-violencia-en-jalisco","category-jalisco","category-noticias-nacionales","entry"],"jetpack_featured_media_url":"https:\/\/www.grieta.org.mx\/wp-content\/uploads\/2018\/03\/14524434_1106112876131411_958039263622046936_o.jpg","jetpack_sharing_enabled":true,"jetpack_shortlink":"https:\/\/wp.me\/p7ZJR4-7R3","jetpack_likes_enabled":false,"jetpack-related-posts":[{"id":33238,"url":"https:\/\/www.grieta.org.mx\/index.php\/2019\/04\/10\/tlajomulco-con-la-tasa-mas-alta-de-homicidios-jalisco\/","url_meta":{"origin":30197,"position":0},"title":"Tlajomulco, con la tasa m\u00e1s alta de homicidios (Jalisco)","author":"grieta","date":"10 abril, 2019","format":false,"excerpt":"En 2018, el municipio alcanz\u00f3 una tasa de 50.7 homicidios por cada 100 mil habitantes Marisela Mu\u00f1oz \/ Vallarta Opina Mientras que en 2013 Tlajomulco registr\u00f3 una tasa de 20.3 homicidios por cada 100 mil habitantes, en 2018 increment\u00f3 m\u00e1s del doble, alcanzando una tasa 50.7 homicidios. Con esta cifra,\u2026","rel":"","context":"En &quot;CINTILLO&quot;","block_context":{"text":"CINTILLO","link":"https:\/\/www.grieta.org.mx\/index.php\/category\/cintillo\/"},"img":{"alt_text":"","src":"https:\/\/i0.wp.com\/www.grieta.org.mx\/wp-content\/uploads\/2019\/05\/TLAJO.jpg?resize=350%2C200&ssl=1","width":350,"height":200,"srcset":"https:\/\/i0.wp.com\/www.grieta.org.mx\/wp-content\/uploads\/2019\/05\/TLAJO.jpg?resize=350%2C200&ssl=1 1x, https:\/\/i0.wp.com\/www.grieta.org.mx\/wp-content\/uploads\/2019\/05\/TLAJO.jpg?resize=525%2C300&ssl=1 1.5x, https:\/\/i0.wp.com\/www.grieta.org.mx\/wp-content\/uploads\/2019\/05\/TLAJO.jpg?resize=700%2C400&ssl=1 2x"},"classes":[]},{"id":57825,"url":"https:\/\/www.grieta.org.mx\/index.php\/2021\/03\/17\/afectados-demandaran-a-autoridades-por-cortes-injustificados-de-agua-en-la-amg-de-guadalajara-jalisco\/","url_meta":{"origin":30197,"position":1},"title":"Afectados demandaran a autoridades por cortes injustificados de agua en la AMG de Guadalajara (Jalisco)","author":"grieta","date":"17 marzo, 2021","format":false,"excerpt":"Foto: Mario Marlo Mario Marlo \/ Somos el Medio Afectados de la \u00c1rea Metropolitana de Guadalajara (AMG),\u00a0preparan una demanda administrativa contra autoridades por los cortes de agua injustificados realizados en las \u00faltimas semanas. En una inspecci\u00f3n realizada a la presa Calder\u00f3n este 16 de marzo, afectados informaron que realizar\u00e1n una\u2026","rel":"","context":"En &quot;CINTILLO&quot;","block_context":{"text":"CINTILLO","link":"https:\/\/www.grieta.org.mx\/index.php\/category\/cintillo\/"},"img":{"alt_text":"","src":"https:\/\/i0.wp.com\/www.grieta.org.mx\/wp-content\/uploads\/2021\/03\/photo5661431353794734003-696x464-1.jpg?resize=350%2C200&ssl=1","width":350,"height":200,"srcset":"https:\/\/i0.wp.com\/www.grieta.org.mx\/wp-content\/uploads\/2021\/03\/photo5661431353794734003-696x464-1.jpg?resize=350%2C200&ssl=1 1x, https:\/\/i0.wp.com\/www.grieta.org.mx\/wp-content\/uploads\/2021\/03\/photo5661431353794734003-696x464-1.jpg?resize=525%2C300&ssl=1 1.5x"},"classes":[]},{"id":40643,"url":"https:\/\/www.grieta.org.mx\/index.php\/2019\/10\/28\/danos-severos-a-la-salud-pueden-ocasionar-insecticidas-utilizados-para-combatir-dengue-en-zmg-jalisco\/","url_meta":{"origin":30197,"position":2},"title":"Da\u00f1os severos a la salud pueden ocasionar insecticidas utilizados para combatir dengue en ZMG (Jalisco)","author":"grieta","date":"28 octubre, 2019","format":false,"excerpt":"Foto: Isaura L\u00f3pez Villalobos El insecticida Malation del grupo organofosforado, est\u00e1 prohibido en Estados Unidos y Europa ya que afecta a la flora y fauna. Al tener una persona contacto con \u00e9l, puede tener reacciones adversas a la salud Isaura L\u00f3pez Villalobos \/UDGTV Guadalajara, Jalisco. Los insecticidas utilizados para combatir\u2026","rel":"","context":"En &quot;CINTILLO&quot;","block_context":{"text":"CINTILLO","link":"https:\/\/www.grieta.org.mx\/index.php\/category\/cintillo\/"},"img":{"alt_text":"","src":"https:\/\/i0.wp.com\/www.grieta.org.mx\/wp-content\/uploads\/2019\/10\/maxresdefault.jpg?resize=350%2C200&ssl=1","width":350,"height":200,"srcset":"https:\/\/i0.wp.com\/www.grieta.org.mx\/wp-content\/uploads\/2019\/10\/maxresdefault.jpg?resize=350%2C200&ssl=1 1x, https:\/\/i0.wp.com\/www.grieta.org.mx\/wp-content\/uploads\/2019\/10\/maxresdefault.jpg?resize=525%2C300&ssl=1 1.5x, https:\/\/i0.wp.com\/www.grieta.org.mx\/wp-content\/uploads\/2019\/10\/maxresdefault.jpg?resize=700%2C400&ssl=1 2x, https:\/\/i0.wp.com\/www.grieta.org.mx\/wp-content\/uploads\/2019\/10\/maxresdefault.jpg?resize=1050%2C600&ssl=1 3x"},"classes":[]},{"id":65298,"url":"https:\/\/www.grieta.org.mx\/index.php\/2022\/09\/20\/estudiantes-reclaman-por-feminicidios-de-jalisco\/","url_meta":{"origin":30197,"position":3},"title":"Estudiantes reclaman por feminicidios de Jalisco","author":"grieta","date":"20 septiembre, 2022","format":false,"excerpt":"Imagen: JAM Edgar Flores \/ El Diario NTR Alumnos, maestros y personal directivo de la Preparatoria 20 de la Universidad de Guadalajara (UdeG) protestaron ayer a las afueras de Casa Jalisco para exigir al gobernador del estado, Enrique Alfaro Ram\u00edrez, que atienda la ola de feminicidios que aqueja no s\u00f3lo\u2026","rel":"","context":"En &quot;CINTILLO&quot;","block_context":{"text":"CINTILLO","link":"https:\/\/www.grieta.org.mx\/index.php\/category\/cintillo\/"},"img":{"alt_text":"","src":"https:\/\/i0.wp.com\/www.grieta.org.mx\/wp-content\/uploads\/2022\/09\/2022-09-19_10-09-04___1410.jpg?resize=350%2C200&ssl=1","width":350,"height":200,"srcset":"https:\/\/i0.wp.com\/www.grieta.org.mx\/wp-content\/uploads\/2022\/09\/2022-09-19_10-09-04___1410.jpg?resize=350%2C200&ssl=1 1x, https:\/\/i0.wp.com\/www.grieta.org.mx\/wp-content\/uploads\/2022\/09\/2022-09-19_10-09-04___1410.jpg?resize=525%2C300&ssl=1 1.5x, https:\/\/i0.wp.com\/www.grieta.org.mx\/wp-content\/uploads\/2022\/09\/2022-09-19_10-09-04___1410.jpg?resize=700%2C400&ssl=1 2x"},"classes":[]},{"id":46161,"url":"https:\/\/www.grieta.org.mx\/index.php\/2020\/03\/12\/protestan-alumnas-de-udeg-contra-acoso-jalisco\/","url_meta":{"origin":30197,"position":4},"title":"Protestan alumnas de UdeG contra acoso (Jalisco)","author":"grieta","date":"12 marzo, 2020","format":false,"excerpt":"Foto: Zona Docs Redacci\u00f3n \/ El Diario NTR Alumnas de 12 preparatorias de la Universidad de Guadalajara se manifestaron este jueves frente al edificio de Rector\u00eda para exigir un cese a la violencia de g\u00e9nero. La manifestaci\u00f3n parti\u00f3 de la Prepa 1 hacia el edificio administrativo. Las estudiantes portaron cartelones\u2026","rel":"","context":"En &quot;CINTILLO&quot;","block_context":{"text":"CINTILLO","link":"https:\/\/www.grieta.org.mx\/index.php\/category\/cintillo\/"},"img":{"alt_text":"","src":"https:\/\/i0.wp.com\/www.grieta.org.mx\/wp-content\/uploads\/2020\/03\/2020-03-12_06-03-44___9505.jpg?resize=350%2C200&ssl=1","width":350,"height":200},"classes":[]},{"id":29675,"url":"https:\/\/www.grieta.org.mx\/index.php\/2019\/02\/24\/jalisco-acumula-209-muertes-violentas-en-lo-que-va-del-mes-de-febrero\/","url_meta":{"origin":30197,"position":5},"title":"Jalisco acumula 209 muertes violentas en lo que va del mes de febrero","author":"grieta","date":"24 febrero, 2019","format":false,"excerpt":"La mayor\u00eda de los asesinatos se concentran en a Zona Metropolitana de Guadalajara Elizabeth Ibal \/ El Occidental Acumula Jalisco 209 muertes violentas, durante estos 24 d\u00edas de febrero, sin embargo la ola de violencia parece no tener freno. En tanto que las autoridades de los tres niveles de Gobierno\u2026","rel":"","context":"En &quot;CINTILLO&quot;","block_context":{"text":"CINTILLO","link":"https:\/\/www.grieta.org.mx\/index.php\/category\/cintillo\/"},"img":{"alt_text":"","src":"https:\/\/i0.wp.com\/www.grieta.org.mx\/wp-content\/uploads\/2018\/03\/14524434_1106112876131411_958039263622046936_o.jpg?resize=350%2C200&ssl=1","width":350,"height":200,"srcset":"https:\/\/i0.wp.com\/www.grieta.org.mx\/wp-content\/uploads\/2018\/03\/14524434_1106112876131411_958039263622046936_o.jpg?resize=350%2C200&ssl=1 1x, https:\/\/i0.wp.com\/www.grieta.org.mx\/wp-content\/uploads\/2018\/03\/14524434_1106112876131411_958039263622046936_o.jpg?resize=525%2C300&ssl=1 1.5x, https:\/\/i0.wp.com\/www.grieta.org.mx\/wp-content\/uploads\/2018\/03\/14524434_1106112876131411_958039263622046936_o.jpg?resize=700%2C400&ssl=1 2x"},"classes":[]}],"_links":{"self":[{"href":"https:\/\/www.grieta.org.mx\/index.php\/wp-json\/wp\/v2\/posts\/30197","targetHints":{"allow":["GET"]}}],"collection":[{"href":"https:\/\/www.grieta.org.mx\/index.php\/wp-json\/wp\/v2\/posts"}],"about":[{"href":"https:\/\/www.grieta.org.mx\/index.php\/wp-json\/wp\/v2\/types\/post"}],"author":[{"embeddable":true,"href":"https:\/\/www.grieta.org.mx\/index.php\/wp-json\/wp\/v2\/users\/2"}],"replies":[{"embeddable":true,"href":"https:\/\/www.grieta.org.mx\/index.php\/wp-json\/wp\/v2\/comments?post=30197"}],"version-history":[{"count":1,"href":"https:\/\/www.grieta.org.mx\/index.php\/wp-json\/wp\/v2\/posts\/30197\/revisions"}],"predecessor-version":[{"id":30200,"href":"https:\/\/www.grieta.org.mx\/index.php\/wp-json\/wp\/v2\/posts\/30197\/revisions\/30200"}],"wp:featuredmedia":[{"embeddable":true,"href":"https:\/\/www.grieta.org.mx\/index.php\/wp-json\/wp\/v2\/media\/21928"}],"wp:attachment":[{"href":"https:\/\/www.grieta.org.mx\/index.php\/wp-json\/wp\/v2\/media?parent=30197"}],"wp:term":[{"taxonomy":"category","embeddable":true,"href":"https:\/\/www.grieta.org.mx\/index.php\/wp-json\/wp\/v2\/categories?post=30197"},{"taxonomy":"post_tag","embeddable":true,"href":"https:\/\/www.grieta.org.mx\/index.php\/wp-json\/wp\/v2\/tags?post=30197"}],"curies":[{"name":"wp","href":"https:\/\/api.w.org\/{rel}","templated":true}]}}