{"id":30191,"date":"2019-03-01T23:19:46","date_gmt":"2019-03-02T05:19:46","guid":{"rendered":"http:\/\/www.grieta.org.mx\/?p=30191"},"modified":"2019-03-05T23:30:52","modified_gmt":"2019-03-06T05:30:52","slug":"la-comision-de-atencion-a-victimas-pero-que-no-atiende-a-las-victimas-nuevo-leon","status":"publish","type":"post","link":"https:\/\/www.grieta.org.mx\/index.php\/2019\/03\/01\/la-comision-de-atencion-a-victimas-pero-que-no-atiende-a-las-victimas-nuevo-leon\/","title":{"rendered":"La Comisi\u00f3n de Atenci\u00f3n a V\u00edctimas, pero que no atiende a las v\u00edctimas (Nuevo Le\u00f3n)"},"content":{"rendered":"<p><img loading=\"lazy\" decoding=\"async\" data-attachment-id=\"30192\" data-permalink=\"https:\/\/www.grieta.org.mx\/index.php\/2019\/03\/01\/la-comision-de-atencion-a-victimas-pero-que-no-atiende-a-las-victimas-nuevo-leon\/la-comision-de-atencion-a-victimas-pero-que-no-atiende-a-las-victimas-nl-mzo\/\" data-orig-file=\"https:\/\/www.grieta.org.mx\/wp-content\/uploads\/2019\/03\/La-Comisi\u00f3n-de-Atenci\u00f3n-a-V\u00edctimas-pero-que-no-atiende-a-las-v\u00edctimas-nl-mzo.jpg\" data-orig-size=\"620,472\" data-comments-opened=\"0\" data-image-meta=\"{&quot;aperture&quot;:&quot;0&quot;,&quot;credit&quot;:&quot;&quot;,&quot;camera&quot;:&quot;&quot;,&quot;caption&quot;:&quot;&quot;,&quot;created_timestamp&quot;:&quot;0&quot;,&quot;copyright&quot;:&quot;&quot;,&quot;focal_length&quot;:&quot;0&quot;,&quot;iso&quot;:&quot;0&quot;,&quot;shutter_speed&quot;:&quot;0&quot;,&quot;title&quot;:&quot;&quot;,&quot;orientation&quot;:&quot;0&quot;}\" data-image-title=\"La Comisi\u00f3n de Atenci\u00f3n a V\u00edctimas, pero que no atiende a las v\u00edctimas nl mzo\" data-image-description=\"\" data-image-caption=\"\" data-medium-file=\"https:\/\/www.grieta.org.mx\/wp-content\/uploads\/2019\/03\/La-Comisi\u00f3n-de-Atenci\u00f3n-a-V\u00edctimas-pero-que-no-atiende-a-las-v\u00edctimas-nl-mzo-300x228.jpg\" data-large-file=\"https:\/\/www.grieta.org.mx\/wp-content\/uploads\/2019\/03\/La-Comisi\u00f3n-de-Atenci\u00f3n-a-V\u00edctimas-pero-que-no-atiende-a-las-v\u00edctimas-nl-mzo.jpg\" class=\"aligncenter  wp-image-30192\" src=\"http:\/\/www.grieta.org.mx\/wp-content\/uploads\/2019\/03\/La-Comisi\u00f3n-de-Atenci\u00f3n-a-V\u00edctimas-pero-que-no-atiende-a-las-v\u00edctimas-nl-mzo-300x228.jpg\" alt=\"\" width=\"321\" height=\"244\" srcset=\"https:\/\/www.grieta.org.mx\/wp-content\/uploads\/2019\/03\/La-Comisi\u00f3n-de-Atenci\u00f3n-a-V\u00edctimas-pero-que-no-atiende-a-las-v\u00edctimas-nl-mzo-300x228.jpg 300w, https:\/\/www.grieta.org.mx\/wp-content\/uploads\/2019\/03\/La-Comisi\u00f3n-de-Atenci\u00f3n-a-V\u00edctimas-pero-que-no-atiende-a-las-v\u00edctimas-nl-mzo.jpg 620w\" sizes=\"auto, (max-width: 321px) 100vw, 321px\" \/><br \/>\nRedacci\u00f3n \/ Posta<\/p>\n<blockquote><p>S\u00f3lo una vez los hijos de personas desaparecidas han recibido una beca de estudios, y eso fue en 2017\u2026 para el ciclo escolar de 2016.<\/p><\/blockquote>\n<p>NUEVO LE\u00d3N.- Mientras que los hijos de personas desaparecidas en Nuevo Le\u00f3n no pueden acceder a una beca de estudios, la Comisi\u00f3n Ejecutiva de Atenci\u00f3n a V\u00edctimas goza de un presupuesto de m\u00e1s de 26 millones de pesos, destinando sol\u00f3 poco m\u00e1s de 10 por ciento a apoyar a las familias.<\/p>\n<p>S\u00f3lo una vez los hijos de personas desaparecidas han recibido una beca de estudios, y eso fue en 2017\u2026 para el ciclo escolar de 2016.<\/p>\n<p>Seg\u00fan declar\u00f3 Lourdes Huerta de Fuerzas Unidas por Nuestros Desaparecidos en Nuevo Le\u00f3n (FUNDENL), la organizaci\u00f3n cuenta con 20 familias con 25 menores, registrados en la Comisi\u00f3n Ejecutiva de Atenci\u00f3n a V\u00edctimas (CEAV).<\/p>\n<p>La CEAV debe promover que las v\u00edctimas de delitos y de violaciones a derechos humanos tengan acceso efectivo al ejercicio de sus derechos, en especial el derecho a la asistencia, protecci\u00f3n, atenci\u00f3n, verdad, justicia, reparaci\u00f3n integral y debida diligencia.<\/p>\n<p>Para cumplir con esas funciones y con la Ley de Protecci\u00f3n a Ni\u00f1as, Ni\u00f1os y Adolescentes, la CEAV que se alimenta de recursos estatales, deber\u00eda de apoyar a las familias de las v\u00edctimas, de becas para que los menores sigan sus estudios.<\/p>\n<p>En la pr\u00e1ctica no ha sido as\u00ed, denunci\u00f3 la integrante de FUNDENL, pues s\u00f3lo una vez les proporcionaron el apoyo, y con un retraso de un a\u00f1o.<\/p>\n<blockquote><p><em>&#8220;En el a\u00f1o en el 2017, despu\u00e9s de que tuvimos una reuni\u00f3n con la Delegaci\u00f3n Federal en la que se comprometieron a hacer la gesti\u00f3n (para becas de educaci\u00f3n) y la Comisi\u00f3n Federal hizo la gesti\u00f3n la Delegaci\u00f3n Federal que est\u00e1 aqu\u00ed en Nuevo Le\u00f3n, y nos entregaron el recurso del 2016, por ah\u00ed de agosto o septiembre despu\u00e9s de iniciado el siguiente ciclo escolar&#8221;<br \/>\n-Lourdes Huerta<\/em><\/p><\/blockquote>\n<p>Adem\u00e1s la beca que se entreg\u00f3 en 2017, correspondiente al 2016, ha sido el \u00fanico apoyo educativo, advirti\u00f3, pues se les advirti\u00f3 que s\u00f3lo se entregar\u00eda una vez.<\/p>\n<p>\u201cIncluso, a trav\u00e9s de la direcci\u00f3n de Derechos Humanos le solicitamos a la Secretar\u00eda de Gobernaci\u00f3n, que hiciera un llamado a Secretar\u00eda de Educaci\u00f3n, para ver la posibilidad de que se entregar\u00e1 el recurso, porque ya en 2018 no se entreg\u00f3 nada\u201d, dijo.<\/p>\n<p>La encargada del despacho de la CEAV es Ang\u00e9lica Morales, quien cuenta con un presupuesto para el 2019, de 26 millones 389 mil 394 pesos, de los cuales s\u00f3lo se destinan 3 millones 35 mil pesos para el apoyo a las v\u00edctimas y\/o familias de las v\u00edctimas.<\/p>\n<p>En el Presupuesto de Egresos del Gobierno de Nuevo Le\u00f3n se desglosa que de dicha suma, 14 millones 973 pesos son para Remuneraciones al Personal de Car\u00e1cter Permanente, m\u00e1s de un mill\u00f3n 697 mil para Remuneraciones al Personal de Car\u00e1cter Transitorio.<\/p>\n<p>La dependencia pagar\u00e1 este a\u00f1o m\u00e1s de cinco mil pesos en vi\u00e1ticos y casi 12 mil pesos en telefon\u00eda celular, mientras que para el rubro de Transferencias, Asignaciones, Subsidios y Otras Ayudas a Personas s\u00f3lo tiene contemplado destinar 3 millones 35 mil pesos.<\/p>\n<p>El presupuesto de 2018 fue de 25 millones 730 mil 241 pesos y para Ayudas a Personas se destinaron 2 millones 946 mil 614 pesos.<\/p>\n<p>La CEAV depende de la Secretar\u00eda General de Gobierno, cuyo presupuesto ser\u00e1 de mil 301 millones 724 mil 477 pesos.<\/p>\n<p>En comparaci\u00f3n con lo que se destina a las Unidades Administrativas del gobernador, Jaime Rodr\u00edguez Calder\u00f3n, la ayuda que se reparte entre las v\u00edctimas, parece irrisoria.<\/p>\n<p>Las Unidades Administrativas del Poder Ejecutivo tendr\u00e1n este a\u00f1o, 81 millones 463 mil 502 pesos y s\u00f3lo el despacho del gobernador recibir\u00e1 2 millones 579 mil 350 pesos, poco menos de lo destinado a la ayuda que dar\u00e1 la CEAV.<\/p>\n<p>Lourdes Huerta explic\u00f3 que casi al inicio de su administraci\u00f3n como gobernador, Jaime Rodr\u00edguez Calder\u00f3n, prometi\u00f3 que se har\u00eda una especie de ventanilla \u00fanica para los familiares de desaparecidos, en la que se les dar\u00eda una atenci\u00f3n integral a todas sus necesidades, para lo que le dio instrucciones a la CEAV.<\/p>\n<p>\u201cPero ha sido muy deficiente el trabajo\u201d, agreg\u00f3, pues adem\u00e1s de que no brindan el apoyo integral que les corresponde, los empleados de la dependencia han extraviado expedientes.<\/p>\n<p>Las familias de FUNDENL han padecido desde las promesas incumplidas del Gobierno estatal, la indiferencia de quienes integran la CEAV, as\u00ed como burocracia de los cambios de administraciones, que se presentan con nuevas reglas y pidiendo nuevos registros y documentaci\u00f3n de cada caso.<\/p>\n<p>\u201cPorque se supone que cuando se hizo el cambio de administraci\u00f3n y se empiezan hacer todos estos movimientos, se supon\u00eda que se hac\u00eda borr\u00f3n y cuenta nueva y se ten\u00eda que llevar toda la papeler\u00eda y todo nuevo.<\/p>\n<p>\u201cY nos dijeron que el tr\u00e1mite que hab\u00edamos hecho en 2017 ya no se iba a renovar, si no que se iba a hacer una partida que se iba a destinar anualmente. Eso nos dijeron pero en la pr\u00e1ctica ya no sucedi\u00f3 as\u00ed\u201d, precis\u00f3 la integrante de FUNDENL.<\/p>\n<p>Son diversos los casos de familias que se han visto seriamente afectadas por la omisi\u00f3n de la dependencia en la entrega de las becas educativas, advirti\u00f3, tan es el ejemplo de una madre de familia con tres hijos que vive en Galeana.<\/p>\n<p>Ella vino a Monterrey en donde le prometieron becas educativas para sus hijos. Le dieron una beca del 50 por ciento en un colegio para uno de sus hijos y s\u00f3lo para el primer semestre. Al no poder pagar los siguientes periodos, abandon\u00f3 los estudios y la mujer regreso a su municipio con sus hijos.<\/p>\n<p>En las mismas vicisitudes se encuentra Do\u00f1a Catarina, que se qued\u00f3 al cuidado de sus cuatro nietos peque\u00f1os, cuando su hija desapareci\u00f3.<\/p>\n<p>\u201c\u00bfC\u00f3mo le est\u00e1n haciendo las mujeres para poder completar los gastos y la educaci\u00f3n? siendo que es un derecho que est\u00e1 consagrado tanto en la Ley de V\u00edctimas, como en la Ley de Ni\u00f1as, Ni\u00f1os y Adolescentes\u201d, reclam\u00f3.<\/p>\n<p>En el patr\u00f3n de desaparecidos en Nuevo Le\u00f3n entre el 2009 y 2014, la mayor\u00eda de los perfiles son de hombres en edad productiva.<\/p>\n<p><a href=\"https:\/\/www.posta.com.mx\/nuevo-leon\/la-comision-de-atencion-victimas-pero-no-atiende-las-victimas\" target=\"_blank\" rel=\"noopener\">https:\/\/www.posta.com.mx\/nuevo-leon\/la-comision-de-atencion-victimas-pero-no-atiende-las-victimas<\/a><\/p>\n","protected":false},"excerpt":{"rendered":"<p>Redacci\u00f3n \/ Posta S\u00f3lo una vez los hijos de personas desaparecidas han recibido una beca de estudios, y eso fue en 2017\u2026 para el ciclo escolar de 2016. NUEVO LE\u00d3N.- &hellip; <a href=\"https:\/\/www.grieta.org.mx\/index.php\/2019\/03\/01\/la-comision-de-atencion-a-victimas-pero-que-no-atiende-a-las-victimas-nuevo-leon\/\" class=\"more-link\">Leer m\u00e1s<\/a><\/p>\n","protected":false},"author":2,"featured_media":30192,"comment_status":"closed","ping_status":"closed","sticky":false,"template":"","format":"standard","meta":{"ngg_post_thumbnail":0,"_jetpack_newsletter_access":"","_jetpack_dont_email_post_to_subs":false,"_jetpack_newsletter_tier_id":0,"_jetpack_memberships_contains_paywalled_content":false,"_jetpack_memberships_contains_paid_content":false,"footnotes":""},"categories":[80,87,1043,2,202,24,83],"tags":[2245,385],"class_list":{"0":"post-30191","1":"post","2":"type-post","3":"status-publish","4":"format-standard","5":"has-post-thumbnail","6":"hentry","7":"category-cintillo","8":"category-desaparecidos","9":"category-desaparecidos-en-nuevo-leon","10":"category-noticias-nacionales","11":"category-nuevo-leon","13":"category-temas-nacionales","14":"tag-despararecidos","15":"tag-fundenl","16":"entry"},"jetpack_featured_media_url":"https:\/\/www.grieta.org.mx\/wp-content\/uploads\/2019\/03\/La-Comisi\u00f3n-de-Atenci\u00f3n-a-V\u00edctimas-pero-que-no-atiende-a-las-v\u00edctimas-nl-mzo.jpg","jetpack_sharing_enabled":true,"jetpack_shortlink":"https:\/\/wp.me\/p7ZJR4-7QX","jetpack_likes_enabled":false,"jetpack-related-posts":[{"id":48951,"url":"https:\/\/www.grieta.org.mx\/index.php\/2020\/05\/10\/protestan-en-redes-por-desaparecidos-de-nuevo-leon\/","url_meta":{"origin":30191,"position":0},"title":"Protestan en redes por desaparecidos de Nuevo Le\u00f3n","author":"grieta","date":"10 mayo, 2020","format":false,"excerpt":"Ante la contingencia por el covid-19, FUNDENL realiz\u00f3 una \u201cmarcha\u201d en redes sociales exigiendo al Gobierno del Estado no parar con la b\u00fasqueda de las personas desaparecidas. Kevin Recio\/ MILENIO La organizaci\u00f3n no gubernamental Fuerzas Unidas por Nuestros Desaparecidos en Nuevo Le\u00f3n, (FUNDENL) \u201cmarch\u00f3\u201d en redes sociales exigiendo al Estado\u2026","rel":"","context":"En &quot;CINTILLO&quot;","block_context":{"text":"CINTILLO","link":"https:\/\/www.grieta.org.mx\/index.php\/category\/cintillo\/"},"img":{"alt_text":"","src":"https:\/\/i0.wp.com\/www.grieta.org.mx\/wp-content\/uploads\/2020\/05\/desaparecidos-archivos.jpg?resize=350%2C200&ssl=1","width":350,"height":200,"srcset":"https:\/\/i0.wp.com\/www.grieta.org.mx\/wp-content\/uploads\/2020\/05\/desaparecidos-archivos.jpg?resize=350%2C200&ssl=1 1x, https:\/\/i0.wp.com\/www.grieta.org.mx\/wp-content\/uploads\/2020\/05\/desaparecidos-archivos.jpg?resize=525%2C300&ssl=1 1.5x, https:\/\/i0.wp.com\/www.grieta.org.mx\/wp-content\/uploads\/2020\/05\/desaparecidos-archivos.jpg?resize=700%2C400&ssl=1 2x"},"classes":[]},{"id":48961,"url":"https:\/\/www.grieta.org.mx\/index.php\/2020\/05\/12\/demanda-fundenl-que-siga-viva-su-lucha-y-alcanzar-justicia-nuevo-leon\/","url_meta":{"origin":30191,"position":1},"title":"Demanda FUNDENL que siga viva su lucha y alcanzar justicia (Nuevo Le\u00f3n)","author":"grieta","date":"12 mayo, 2020","format":false,"excerpt":"Al sentirse olvidados por las autoridades de justicia. EL PORVENIR Al sentirse olvidados por las autoridades de justicia, integrantes de la Fundaci\u00f3n de FUNDENL, en b\u00fasqueda por los desparecidos, demandan que sus lucha siga viva, en especial por la fe de que se les haga justicia. En este tema Lety\u2026","rel":"","context":"En &quot;CINTILLO&quot;","block_context":{"text":"CINTILLO","link":"https:\/\/www.grieta.org.mx\/index.php\/category\/cintillo\/"},"img":{"alt_text":"","src":"https:\/\/i0.wp.com\/www.grieta.org.mx\/wp-content\/uploads\/2020\/05\/cover8.jpg?resize=350%2C200&ssl=1","width":350,"height":200,"srcset":"https:\/\/i0.wp.com\/www.grieta.org.mx\/wp-content\/uploads\/2020\/05\/cover8.jpg?resize=350%2C200&ssl=1 1x, https:\/\/i0.wp.com\/www.grieta.org.mx\/wp-content\/uploads\/2020\/05\/cover8.jpg?resize=525%2C300&ssl=1 1.5x, https:\/\/i0.wp.com\/www.grieta.org.mx\/wp-content\/uploads\/2020\/05\/cover8.jpg?resize=700%2C400&ssl=1 2x, https:\/\/i0.wp.com\/www.grieta.org.mx\/wp-content\/uploads\/2020\/05\/cover8.jpg?resize=1050%2C600&ssl=1 3x"},"classes":[]},{"id":33316,"url":"https:\/\/www.grieta.org.mx\/index.php\/2019\/05\/10\/cinco-madres-de-desaparecidos-en-nuevo-leon-murieron-sin-encontrar-justicia-cadhac\/","url_meta":{"origin":30191,"position":2},"title":"Cinco madres de desaparecidos en Nuevo Le\u00f3n murieron sin encontrar justicia: CADHAC","author":"grieta","date":"10 mayo, 2019","format":false,"excerpt":"Lauren Franco \/ Contral\u00ednea Este viernes 10 de mayo, decenas de personas se reunieron en la Plaza de la Pur\u00edsima, en el Centro de Monterrey, en el marco de la \u201cMarcha en memoria de las madres de personas desaparecidos que murieron sin encontrar a sus hijos\u201d. De acuerdo con la\u2026","rel":"","context":"En &quot;CINTILLO&quot;","block_context":{"text":"CINTILLO","link":"https:\/\/www.grieta.org.mx\/index.php\/category\/cintillo\/"},"img":{"alt_text":"","src":"https:\/\/i0.wp.com\/www.grieta.org.mx\/wp-content\/uploads\/2019\/05\/Cinco-madres-de-desaparecidos-en-Nuevo-Le%C3%B3n-murieron-sin-encontrar-justicia-CADHAC-nl-may.jpg?resize=350%2C200&ssl=1","width":350,"height":200,"srcset":"https:\/\/i0.wp.com\/www.grieta.org.mx\/wp-content\/uploads\/2019\/05\/Cinco-madres-de-desaparecidos-en-Nuevo-Le%C3%B3n-murieron-sin-encontrar-justicia-CADHAC-nl-may.jpg?resize=350%2C200&ssl=1 1x, https:\/\/i0.wp.com\/www.grieta.org.mx\/wp-content\/uploads\/2019\/05\/Cinco-madres-de-desaparecidos-en-Nuevo-Le%C3%B3n-murieron-sin-encontrar-justicia-CADHAC-nl-may.jpg?resize=525%2C300&ssl=1 1.5x"},"classes":[]},{"id":48939,"url":"https:\/\/www.grieta.org.mx\/index.php\/2020\/05\/10\/se-manifiesta-fundenl-en-puentes-peatonales-nuevo-leon\/","url_meta":{"origin":30191,"position":3},"title":"Se manifiesta FUNDENL en puentes peatonales (Nuevo Le\u00f3n)","author":"grieta","date":"10 mayo, 2020","format":false,"excerpt":"C\u00e9sar L\u00f3pez\/ EL PORVENIR Aseguraron que la contingencia sanitaria no deber\u00eda ser un obst\u00e1culo para seguir busc\u00e1ndolas. \"Desparecidos \u00bfd\u00f3nde est\u00e1n?, fuerza madres de FUNDENL\", eran las leyendas que se pod\u00edan apreciar en las mantas. La organizaci\u00f3n Fuerzas Unidas por Nuestros Desaparecidos en Nuevo Le\u00f3n, se moviliz\u00f3 en diferentes puentes peatonales\u2026","rel":"","context":"En &quot;CINTILLO&quot;","block_context":{"text":"CINTILLO","link":"https:\/\/www.grieta.org.mx\/index.php\/category\/cintillo\/"},"img":{"alt_text":"","src":"https:\/\/i0.wp.com\/www.grieta.org.mx\/wp-content\/uploads\/2020\/05\/fundenl.jpg?resize=350%2C200&ssl=1","width":350,"height":200,"srcset":"https:\/\/i0.wp.com\/www.grieta.org.mx\/wp-content\/uploads\/2020\/05\/fundenl.jpg?resize=350%2C200&ssl=1 1x, https:\/\/i0.wp.com\/www.grieta.org.mx\/wp-content\/uploads\/2020\/05\/fundenl.jpg?resize=525%2C300&ssl=1 1.5x, https:\/\/i0.wp.com\/www.grieta.org.mx\/wp-content\/uploads\/2020\/05\/fundenl.jpg?resize=700%2C400&ssl=1 2x, https:\/\/i0.wp.com\/www.grieta.org.mx\/wp-content\/uploads\/2020\/05\/fundenl.jpg?resize=1050%2C600&ssl=1 3x"},"classes":[]},{"id":28398,"url":"https:\/\/www.grieta.org.mx\/index.php\/2019\/01\/16\/critican-que-fiscalia-de-nl-no-invierta-en-investigadores-nuevo-leon\/","url_meta":{"origin":30191,"position":4},"title":"Critican que Fiscal\u00eda de NL no invierta en investigadores (Nuevo Le\u00f3n)","author":"grieta","date":"16 enero, 2019","format":false,"excerpt":"Melva Frutos \/ Posta NUEVO LE\u00d3N.- Fuerzas Unidas por Nuestros Desaparecidos en Nuevo Le\u00f3n (FUNDENL) reproch\u00f3 que la Fiscal\u00eda\u00a0General busque contratar 291 empleados administrativos y s\u00f3lo siete para puestos para an\u00e1lisis e inteligencia. En recientes declaraciones, el fiscal general de Nuevo Le\u00f3n, Gustavo Adolfo Guerrero, ha comentado que derivado de\u2026","rel":"","context":"En &quot;CINTILLO&quot;","block_context":{"text":"CINTILLO","link":"https:\/\/www.grieta.org.mx\/index.php\/category\/cintillo\/"},"img":{"alt_text":"","src":"https:\/\/i0.wp.com\/www.grieta.org.mx\/wp-content\/uploads\/2018\/03\/14524434_1106112876131411_958039263622046936_o.jpg?resize=350%2C200&ssl=1","width":350,"height":200,"srcset":"https:\/\/i0.wp.com\/www.grieta.org.mx\/wp-content\/uploads\/2018\/03\/14524434_1106112876131411_958039263622046936_o.jpg?resize=350%2C200&ssl=1 1x, https:\/\/i0.wp.com\/www.grieta.org.mx\/wp-content\/uploads\/2018\/03\/14524434_1106112876131411_958039263622046936_o.jpg?resize=525%2C300&ssl=1 1.5x, https:\/\/i0.wp.com\/www.grieta.org.mx\/wp-content\/uploads\/2018\/03\/14524434_1106112876131411_958039263622046936_o.jpg?resize=700%2C400&ssl=1 2x"},"classes":[]},{"id":5127,"url":"https:\/\/www.grieta.org.mx\/index.php\/2015\/03\/22\/hay-mas-de-10-mil-desaparecidos-fundenl\/","url_meta":{"origin":30191,"position":5},"title":"Hay m\u00e1s de 10 mil desaparecidos: Fundenl","author":"grieta","date":"22 marzo, 2015","format":false,"excerpt":"Milenio Daniela Garc\u00eda Monterrey. C\u00e1lculos de Fuerzas Unidas por Nuestros Desaparecidos de Nuevo Le\u00f3n (Fundenl) e informaci\u00f3n que les ha llegado por parte de familiares de desaparecidos y personal de la mismas fuerzas policiacas indican que la cifra de desaparecidos en el estado ascender\u00eda a 10 mil personas, contrario a\u2026","rel":"","context":"En &quot;CINTILLO&quot;","block_context":{"text":"CINTILLO","link":"https:\/\/www.grieta.org.mx\/index.php\/category\/cintillo\/"},"img":{"alt_text":"","src":"https:\/\/i0.wp.com\/www.grieta.org.mx\/wp-content\/uploads\/2018\/03\/14524434_1106112876131411_958039263622046936_o.jpg?resize=350%2C200&ssl=1","width":350,"height":200,"srcset":"https:\/\/i0.wp.com\/www.grieta.org.mx\/wp-content\/uploads\/2018\/03\/14524434_1106112876131411_958039263622046936_o.jpg?resize=350%2C200&ssl=1 1x, https:\/\/i0.wp.com\/www.grieta.org.mx\/wp-content\/uploads\/2018\/03\/14524434_1106112876131411_958039263622046936_o.jpg?resize=525%2C300&ssl=1 1.5x, https:\/\/i0.wp.com\/www.grieta.org.mx\/wp-content\/uploads\/2018\/03\/14524434_1106112876131411_958039263622046936_o.jpg?resize=700%2C400&ssl=1 2x"},"classes":[]}],"_links":{"self":[{"href":"https:\/\/www.grieta.org.mx\/index.php\/wp-json\/wp\/v2\/posts\/30191","targetHints":{"allow":["GET"]}}],"collection":[{"href":"https:\/\/www.grieta.org.mx\/index.php\/wp-json\/wp\/v2\/posts"}],"about":[{"href":"https:\/\/www.grieta.org.mx\/index.php\/wp-json\/wp\/v2\/types\/post"}],"author":[{"embeddable":true,"href":"https:\/\/www.grieta.org.mx\/index.php\/wp-json\/wp\/v2\/users\/2"}],"replies":[{"embeddable":true,"href":"https:\/\/www.grieta.org.mx\/index.php\/wp-json\/wp\/v2\/comments?post=30191"}],"version-history":[{"count":1,"href":"https:\/\/www.grieta.org.mx\/index.php\/wp-json\/wp\/v2\/posts\/30191\/revisions"}],"predecessor-version":[{"id":30193,"href":"https:\/\/www.grieta.org.mx\/index.php\/wp-json\/wp\/v2\/posts\/30191\/revisions\/30193"}],"wp:featuredmedia":[{"embeddable":true,"href":"https:\/\/www.grieta.org.mx\/index.php\/wp-json\/wp\/v2\/media\/30192"}],"wp:attachment":[{"href":"https:\/\/www.grieta.org.mx\/index.php\/wp-json\/wp\/v2\/media?parent=30191"}],"wp:term":[{"taxonomy":"category","embeddable":true,"href":"https:\/\/www.grieta.org.mx\/index.php\/wp-json\/wp\/v2\/categories?post=30191"},{"taxonomy":"post_tag","embeddable":true,"href":"https:\/\/www.grieta.org.mx\/index.php\/wp-json\/wp\/v2\/tags?post=30191"}],"curies":[{"name":"wp","href":"https:\/\/api.w.org\/{rel}","templated":true}]}}