{"id":3016,"date":"2015-02-19T23:09:18","date_gmt":"2015-02-19T23:09:18","guid":{"rendered":"http:\/\/50.22.11.12\/~grietaor\/?p=3016"},"modified":"2016-03-13T23:13:49","modified_gmt":"2016-03-13T23:13:49","slug":"promueven-amparos-masivos-contra-el-cambio-de-horario-en-quintana-roo","status":"publish","type":"post","link":"https:\/\/www.grieta.org.mx\/index.php\/2015\/02\/19\/promueven-amparos-masivos-contra-el-cambio-de-horario-en-quintana-roo\/","title":{"rendered":"Promueven amparos masivos contra el cambio de horario en Quintana Roo"},"content":{"rendered":"<p>CANC\u00daN, MX.- La organizaci\u00f3n \u201cNo al Cambio de Horario en Quintana Roo\u201d public\u00f3 en su sitio web formatos de amparo a efecto de que los padres de familia que se oponen a la aplicaci\u00f3n de la zona horaria del estado inicien a partir de hoy los juicios de garant\u00edas para revertir esta medida ante los juzgados de distrito de Canc\u00fan y Chetumal.<\/p>\n<p>\u201cYa publicamos los formatos. Ahora depende de cada padre de familia presentarlo, ya sea en Canc\u00fan o en Chetumal\u201d, explic\u00f3 a Apro Juan Jos\u00e9 Moreno, vocero \u201cNo al Cambio de Horario en Quintana Roo\u201d.<\/p>\n<p>Apunt\u00f3 que los promotores de la iniciativa presentar\u00e1n sus amparos el pr\u00f3ximo viernes.<\/p>\n<p>En diciembre pasado, el Congreso de la Uni\u00f3n aprob\u00f3 una nueva zona horaria para el pa\u00eds denominada \u201cSureste\u201d, correspondiente solo al estado de Quintana Roo.<\/p>\n<p>La propuesta obedece a una solicitud de empresarios de Canc\u00fan y la Riviera Maya y fue respaldada por el gobernador de la entidad, Roberto Borge, e impulsada por el pleno del Congreso del estado y diputados federales del PRI y PRD.<\/p>\n<p>El principal argumento de los impulsores de esta medida es de car\u00e1cter econ\u00f3mico, destinado a que los turistas tengan \u201cuna hora m\u00e1s de sol\u201d por la tardes, pues en invierno en Quintana Roo oscurece a las 17:00 horas.<\/p>\n<p>La nueva zona horaria entr\u00f3 en vigor el pasado 1 de febrero y las principales manifestaciones de rechazo se han presentado en Chetumal, la zona maya y Bacalar.<\/p>\n<p>Juan Jos\u00e9 Morena indic\u00f3 que el principal agravio por el cambio de huso horario es la afectaci\u00f3n al rendimiento escolar de los alumnos y, por ello, los amparos ser\u00e1n prestados por padres de familia.<\/p>\n<p>Tambi\u00e9n explic\u00f3 que se determin\u00f3 no presentar un amparo colectivo debido a las dificultades de reunir las firmas en un solo documento en breve plazo.<\/p>\n<p>En cambio, agreg\u00f3, se \u201csubi\u00f3\u201d el formato del amparo en la p\u00e1gina web noalcambiodehorarioenquintanaroo.blogspot.mx, a efecto de que los padres lo incluyan sus datos y los de sus hijos, impriman el documento, lo firmen e inician su juicio de garant\u00edas en el juzgado de distrito m\u00e1s cercano.<\/p>\n<p>Por otra parte, los activistas tambi\u00e9n emprendieron en Chetumal la recolecci\u00f3n de firmas a fin de impulsar una contra iniciativa en la C\u00e1mara de Diputados que revierta en cambio de huso horario.<\/p>\n<p>Este fin de semana se recolectaron mil 300, indic\u00f3 Juan Jos\u00e9 Moreno, pero la meta es reunir en total cinco mil firmas.<\/p>\n<p>Esta campa\u00f1a continuar\u00e1 el pr\u00f3ximo fin de semana en comunidades rurales cercanas a Chetumal y en Bacalar.<\/p>\n<p>Apunt\u00f3 que esta contra iniciativa ser\u00e1 presentada hasta asuma la pr\u00f3xima legislatura del Congreso de la Uni\u00f3n.<\/p>\n<p>\u201cLa iniciativa se va a presentar a los nuevos diputados porque si la presentamos a los actuales, la desechan: No van a reconocer que se equivocaron\u201d, dijo.<\/p>\n<p>Por otra parte, previo a la entrada en vigor del nuevo huso horario, la Secretar\u00eda de Educaci\u00f3n y Cultura (Seyc) recorri\u00f3 30 minutos la hora de entrada a las escuelas primarias p\u00fablicas y privadas a fin de que los alumnos entren a las 7:30 horas. (Fuente: Proceso)<\/p>\n<p><a href=\"http:\/\/noticaribe.com.mx\/2015\/02\/19\/promueven-amparos-masivos-contra-el-cambio-de-horario-en-quintana-roo\/\" target=\"_blank\">noticaribe.com.mx\/2015\/02\/19\/promueven-amparos-masivos-contra-el-cambio-de-horario-en-quintana-roo\/<\/a><\/p>\n","protected":false},"excerpt":{"rendered":"<p>CANC\u00daN, MX.- La organizaci\u00f3n \u201cNo al Cambio de Horario en Quintana Roo\u201d public\u00f3 en su sitio web formatos de amparo a efecto de que los padres de familia que se &hellip; <a href=\"https:\/\/www.grieta.org.mx\/index.php\/2015\/02\/19\/promueven-amparos-masivos-contra-el-cambio-de-horario-en-quintana-roo\/\" class=\"more-link\">Leer m\u00e1s<\/a><\/p>\n","protected":false},"author":2,"featured_media":21928,"comment_status":"closed","ping_status":"open","sticky":false,"template":"","format":"standard","meta":{"ngg_post_thumbnail":0,"_jetpack_newsletter_access":"","_jetpack_dont_email_post_to_subs":false,"_jetpack_newsletter_tier_id":0,"_jetpack_memberships_contains_paywalled_content":false,"_jetpack_memberships_contains_paid_content":false,"footnotes":""},"categories":[80,151],"tags":[],"class_list":["post-3016","post","type-post","status-publish","format-standard","has-post-thumbnail","hentry","category-cintillo","category-quintana-roo","entry"],"jetpack_featured_media_url":"https:\/\/www.grieta.org.mx\/wp-content\/uploads\/2018\/03\/14524434_1106112876131411_958039263622046936_o.jpg","jetpack_sharing_enabled":true,"jetpack_shortlink":"https:\/\/wp.me\/p7ZJR4-ME","jetpack_likes_enabled":false,"jetpack-related-posts":[{"id":3010,"url":"https:\/\/www.grieta.org.mx\/index.php\/2015\/03\/11\/protestan-contra-cambio-de-horario-en-quintana-roo\/","url_meta":{"origin":3016,"position":0},"title":"Protestan contra cambio de horario en Quintana Roo","author":"grieta","date":"11 marzo, 2015","format":false,"excerpt":"11\/03\/15. Padres de familia se oponen a otro cambio de horarioNovedadedes Quintana Roo (Sipse) 21\/02\/15. Bacalar, recaban firmas para cancelar el nuevo uso horarioBacalar News 19\/02\/15. Promueven amparos masivos contra el cambio de horario en Quintana RooProceso","rel":"","context":"En &quot;NOTICIAS NACIONALES&quot;","block_context":{"text":"NOTICIAS NACIONALES","link":"https:\/\/www.grieta.org.mx\/index.php\/category\/noticias-nacionales\/"},"img":{"alt_text":"","src":"https:\/\/i0.wp.com\/www.grieta.org.mx\/wp-content\/uploads\/2018\/03\/14524434_1106112876131411_958039263622046936_o.jpg?resize=350%2C200&ssl=1","width":350,"height":200,"srcset":"https:\/\/i0.wp.com\/www.grieta.org.mx\/wp-content\/uploads\/2018\/03\/14524434_1106112876131411_958039263622046936_o.jpg?resize=350%2C200&ssl=1 1x, https:\/\/i0.wp.com\/www.grieta.org.mx\/wp-content\/uploads\/2018\/03\/14524434_1106112876131411_958039263622046936_o.jpg?resize=525%2C300&ssl=1 1.5x, https:\/\/i0.wp.com\/www.grieta.org.mx\/wp-content\/uploads\/2018\/03\/14524434_1106112876131411_958039263622046936_o.jpg?resize=700%2C400&ssl=1 2x"},"classes":[]},{"id":69534,"url":"https:\/\/www.grieta.org.mx\/index.php\/2024\/08\/30\/marchan-por-desaparecidos-en-cancun-y-chetumal-quintana-roo\/","url_meta":{"origin":3016,"position":1},"title":"Marchan por desaparecidos en Canc\u00fan y Chetumal (Quintana Roo)","author":"grieta","date":"30 agosto, 2024","format":false,"excerpt":"Noticaribe CANC\u00daN, MX.- Madres y otros familiares de personas desaparecidos marcharon hoy en Canc\u00fan y en Chetumal para conmemorar el D\u00eda de la B\u00fasqueda de Personas. En Canc\u00fan, dos colectivos, el \u201d Verdad y Justicia\u201d, as\u00ed como las \u201cMadres Buscadoras\u201d marcharon por separado rumbo al Palacio Municipal. Integrantes de \u201cVerdad,\u2026","rel":"","context":"En &quot;CINTILLO&quot;","block_context":{"text":"CINTILLO","link":"https:\/\/www.grieta.org.mx\/index.php\/category\/cintillo\/"},"img":{"alt_text":"","src":"https:\/\/i0.wp.com\/www.grieta.org.mx\/wp-content\/uploads\/2024\/08\/Marchan-e1725139943721.jpg?resize=350%2C200&ssl=1","width":350,"height":200,"srcset":"https:\/\/i0.wp.com\/www.grieta.org.mx\/wp-content\/uploads\/2024\/08\/Marchan-e1725139943721.jpg?resize=350%2C200&ssl=1 1x, https:\/\/i0.wp.com\/www.grieta.org.mx\/wp-content\/uploads\/2024\/08\/Marchan-e1725139943721.jpg?resize=525%2C300&ssl=1 1.5x, https:\/\/i0.wp.com\/www.grieta.org.mx\/wp-content\/uploads\/2024\/08\/Marchan-e1725139943721.jpg?resize=700%2C400&ssl=1 2x"},"classes":[]},{"id":64546,"url":"https:\/\/www.grieta.org.mx\/index.php\/2022\/07\/04\/ganan-ejidatarios-juicio-millonario-a-slim-quintana-roo\/","url_meta":{"origin":3016,"position":2},"title":"Ganan ejidatarios juicio millonario a Slim (Quintana Roo)","author":"grieta","date":"4 julio, 2022","format":false,"excerpt":"Marleny Maga\u00f1a\/Quadrat\u00edn Quintana Roo CANCUN, QRoo, 4 de julio de 2022.- Que siempre s\u00ed, despu\u00e9s de un juicio agrario que tiene m\u00e1s de 32 a\u00f1os en Chetumal, Quintana Roo, entre el ejido Aar\u00f3n Merino Fern\u00e1ndez y la compa\u00f1\u00eda Telmex de Carlos Slim, finalmente se indemnizar\u00e1 a los hombres de campo.\u2026","rel":"","context":"En &quot;CINTILLO&quot;","block_context":{"text":"CINTILLO","link":"https:\/\/www.grieta.org.mx\/index.php\/category\/cintillo\/"},"img":{"alt_text":"","src":"https:\/\/i0.wp.com\/www.grieta.org.mx\/wp-content\/uploads\/2022\/07\/GananaSlim-e1657565791781.png?resize=350%2C200&ssl=1","width":350,"height":200,"srcset":"https:\/\/i0.wp.com\/www.grieta.org.mx\/wp-content\/uploads\/2022\/07\/GananaSlim-e1657565791781.png?resize=350%2C200&ssl=1 1x, https:\/\/i0.wp.com\/www.grieta.org.mx\/wp-content\/uploads\/2022\/07\/GananaSlim-e1657565791781.png?resize=525%2C300&ssl=1 1.5x, https:\/\/i0.wp.com\/www.grieta.org.mx\/wp-content\/uploads\/2022\/07\/GananaSlim-e1657565791781.png?resize=700%2C400&ssl=1 2x"},"classes":[]},{"id":3590,"url":"https:\/\/www.grieta.org.mx\/index.php\/2016\/06\/20\/maestros-protestan-contra-la-evaluacion-del-magisterio-en-quintana-roo\/","url_meta":{"origin":3016,"position":3},"title":"Movilizaciones contra la Reforma Educativa y la evaluaci\u00f3n magisterial en Quintana Roo","author":"grieta","date":"20 junio, 2016","format":false,"excerpt":"20\/06\/16. Condenan colectivos y magisterio de Canc\u00fan represi\u00f3n en OaxacaIQ Canc\u00fan 16\/06\/16. Padres de familia cierran escuela primaria en Chetumal; no reconocen calificaciones de maestro cesado y los ni\u00f1os pierdenNoticaribe 14\/04\/16. Presentan queja formal contra intimidaci\u00f3n a ni\u00f1osSipse 14\/04\/16. Maestros despedidos pondr\u00e1n demanda contra la SEyCSipse 18\/03\/16. Padres de familia\u2026","rel":"","context":"En &quot;NOTICIAS NACIONALES&quot;","block_context":{"text":"NOTICIAS NACIONALES","link":"https:\/\/www.grieta.org.mx\/index.php\/category\/noticias-nacionales\/"},"img":{"alt_text":"","src":"https:\/\/i0.wp.com\/www.grieta.org.mx\/wp-content\/uploads\/2018\/03\/14524434_1106112876131411_958039263622046936_o.jpg?resize=350%2C200&ssl=1","width":350,"height":200,"srcset":"https:\/\/i0.wp.com\/www.grieta.org.mx\/wp-content\/uploads\/2018\/03\/14524434_1106112876131411_958039263622046936_o.jpg?resize=350%2C200&ssl=1 1x, https:\/\/i0.wp.com\/www.grieta.org.mx\/wp-content\/uploads\/2018\/03\/14524434_1106112876131411_958039263622046936_o.jpg?resize=525%2C300&ssl=1 1.5x, https:\/\/i0.wp.com\/www.grieta.org.mx\/wp-content\/uploads\/2018\/03\/14524434_1106112876131411_958039263622046936_o.jpg?resize=700%2C400&ssl=1 2x"},"classes":[]},{"id":3967,"url":"https:\/\/www.grieta.org.mx\/index.php\/2015\/10\/30\/ejidatarios-de-juan-sarabia-quintana-roo-bloquean-carretera-para-exigir-pago\/","url_meta":{"origin":3016,"position":4},"title":"Ejidatarios de Juan Sarabia, Quintana Roo, bloquean carretera para exigir pago.","author":"grieta","date":"30 octubre, 2015","format":false,"excerpt":"30\/10\/15. Ejidatarios bloquean carretera Chetumal-Canc\u00fan para exigir pago de terrenos expropiadosNovedades de Quintana Roo","rel":"","context":"En &quot;NOTICIAS NACIONALES&quot;","block_context":{"text":"NOTICIAS NACIONALES","link":"https:\/\/www.grieta.org.mx\/index.php\/category\/noticias-nacionales\/"},"img":{"alt_text":"","src":"https:\/\/i0.wp.com\/www.grieta.org.mx\/wp-content\/uploads\/2018\/03\/14524434_1106112876131411_958039263622046936_o.jpg?resize=350%2C200&ssl=1","width":350,"height":200,"srcset":"https:\/\/i0.wp.com\/www.grieta.org.mx\/wp-content\/uploads\/2018\/03\/14524434_1106112876131411_958039263622046936_o.jpg?resize=350%2C200&ssl=1 1x, https:\/\/i0.wp.com\/www.grieta.org.mx\/wp-content\/uploads\/2018\/03\/14524434_1106112876131411_958039263622046936_o.jpg?resize=525%2C300&ssl=1 1.5x, https:\/\/i0.wp.com\/www.grieta.org.mx\/wp-content\/uploads\/2018\/03\/14524434_1106112876131411_958039263622046936_o.jpg?resize=700%2C400&ssl=1 2x"},"classes":[]},{"id":4446,"url":"https:\/\/www.grieta.org.mx\/index.php\/2015\/10\/06\/reforzaremos-seguridad-en-quintana-roo-gabriel-medicuti\/","url_meta":{"origin":3016,"position":5},"title":"Reforzaremos seguridad en Quintana Roo: Gabriel Medicuti","author":"grieta","date":"6 octubre, 2015","format":false,"excerpt":"CHETUMAL- El secretario de Gobierno de Quintana Roo, Gabriel Mendicuti Loria, asegur\u00f3 que debido al ingreso de delincuentes provenientes de la zona norte del Estado, reforzar\u00e1n las estrategias de seguridad en la capital. Manifest\u00f3 que el efecto conocido como \u201ccucaracha\u201d es la causa por la cual en las \u00faltimas semanas\u2026","rel":"","context":"En &quot;CINTILLO&quot;","block_context":{"text":"CINTILLO","link":"https:\/\/www.grieta.org.mx\/index.php\/category\/cintillo\/"},"img":{"alt_text":"","src":"https:\/\/i0.wp.com\/www.grieta.org.mx\/wp-content\/uploads\/2018\/03\/14524434_1106112876131411_958039263622046936_o.jpg?resize=350%2C200&ssl=1","width":350,"height":200,"srcset":"https:\/\/i0.wp.com\/www.grieta.org.mx\/wp-content\/uploads\/2018\/03\/14524434_1106112876131411_958039263622046936_o.jpg?resize=350%2C200&ssl=1 1x, https:\/\/i0.wp.com\/www.grieta.org.mx\/wp-content\/uploads\/2018\/03\/14524434_1106112876131411_958039263622046936_o.jpg?resize=525%2C300&ssl=1 1.5x, https:\/\/i0.wp.com\/www.grieta.org.mx\/wp-content\/uploads\/2018\/03\/14524434_1106112876131411_958039263622046936_o.jpg?resize=700%2C400&ssl=1 2x"},"classes":[]}],"_links":{"self":[{"href":"https:\/\/www.grieta.org.mx\/index.php\/wp-json\/wp\/v2\/posts\/3016","targetHints":{"allow":["GET"]}}],"collection":[{"href":"https:\/\/www.grieta.org.mx\/index.php\/wp-json\/wp\/v2\/posts"}],"about":[{"href":"https:\/\/www.grieta.org.mx\/index.php\/wp-json\/wp\/v2\/types\/post"}],"author":[{"embeddable":true,"href":"https:\/\/www.grieta.org.mx\/index.php\/wp-json\/wp\/v2\/users\/2"}],"replies":[{"embeddable":true,"href":"https:\/\/www.grieta.org.mx\/index.php\/wp-json\/wp\/v2\/comments?post=3016"}],"version-history":[{"count":1,"href":"https:\/\/www.grieta.org.mx\/index.php\/wp-json\/wp\/v2\/posts\/3016\/revisions"}],"predecessor-version":[{"id":3017,"href":"https:\/\/www.grieta.org.mx\/index.php\/wp-json\/wp\/v2\/posts\/3016\/revisions\/3017"}],"wp:featuredmedia":[{"embeddable":true,"href":"https:\/\/www.grieta.org.mx\/index.php\/wp-json\/wp\/v2\/media\/21928"}],"wp:attachment":[{"href":"https:\/\/www.grieta.org.mx\/index.php\/wp-json\/wp\/v2\/media?parent=3016"}],"wp:term":[{"taxonomy":"category","embeddable":true,"href":"https:\/\/www.grieta.org.mx\/index.php\/wp-json\/wp\/v2\/categories?post=3016"},{"taxonomy":"post_tag","embeddable":true,"href":"https:\/\/www.grieta.org.mx\/index.php\/wp-json\/wp\/v2\/tags?post=3016"}],"curies":[{"name":"wp","href":"https:\/\/api.w.org\/{rel}","templated":true}]}}