{"id":30151,"date":"2019-02-22T18:23:07","date_gmt":"2019-02-23T00:23:07","guid":{"rendered":"http:\/\/www.grieta.org.mx\/?p=30151"},"modified":"2019-03-04T18:30:50","modified_gmt":"2019-03-05T00:30:50","slug":"migrantes-recorren-la-autopista-guadalajara-tepic-pidiendo-aventon-jalisco-nayarit","status":"publish","type":"post","link":"https:\/\/www.grieta.org.mx\/index.php\/2019\/02\/22\/migrantes-recorren-la-autopista-guadalajara-tepic-pidiendo-aventon-jalisco-nayarit\/","title":{"rendered":"Migrantes recorren la autopista Guadalajara \u2013 Tepic pidiendo \u2018avent\u00f3n\u2019 (Jalisco-Nayarit)"},"content":{"rendered":"<p><img loading=\"lazy\" decoding=\"async\" data-attachment-id=\"30152\" data-permalink=\"https:\/\/www.grieta.org.mx\/index.php\/2019\/02\/22\/migrantes-recorren-la-autopista-guadalajara-tepic-pidiendo-aventon-jalisco-nayarit\/migr\/\" data-orig-file=\"https:\/\/www.grieta.org.mx\/wp-content\/uploads\/2019\/03\/migr.jpg\" data-orig-size=\"770,485\" data-comments-opened=\"0\" data-image-meta=\"{&quot;aperture&quot;:&quot;0&quot;,&quot;credit&quot;:&quot;&quot;,&quot;camera&quot;:&quot;&quot;,&quot;caption&quot;:&quot;&quot;,&quot;created_timestamp&quot;:&quot;0&quot;,&quot;copyright&quot;:&quot;&quot;,&quot;focal_length&quot;:&quot;0&quot;,&quot;iso&quot;:&quot;0&quot;,&quot;shutter_speed&quot;:&quot;0&quot;,&quot;title&quot;:&quot;&quot;,&quot;orientation&quot;:&quot;0&quot;}\" data-image-title=\"migr\" data-image-description=\"\" data-image-caption=\"\" data-medium-file=\"https:\/\/www.grieta.org.mx\/wp-content\/uploads\/2019\/03\/migr-300x189.jpg\" data-large-file=\"https:\/\/www.grieta.org.mx\/wp-content\/uploads\/2019\/03\/migr.jpg\" class=\"aligncenter wp-image-30152\" src=\"http:\/\/www.grieta.org.mx\/wp-content\/uploads\/2019\/03\/migr-300x189.jpg\" alt=\"\" width=\"760\" height=\"479\" srcset=\"https:\/\/www.grieta.org.mx\/wp-content\/uploads\/2019\/03\/migr-300x189.jpg 300w, https:\/\/www.grieta.org.mx\/wp-content\/uploads\/2019\/03\/migr-768x484.jpg 768w, https:\/\/www.grieta.org.mx\/wp-content\/uploads\/2019\/03\/migr.jpg 770w\" sizes=\"auto, (max-width: 760px) 100vw, 760px\" \/><\/p>\n<p><strong>Jos\u00e9 Reyes Burgos \/ Vallarta Opina<\/strong><\/p>\n<p>Grupos peque\u00f1os de migrantes se encuentran desplaz\u00e1ndose en las primeras etapas de la autopista Guadalajara \u2013 Tepic, con destino a Sinaloa para continuar su viaje hacia Estados Unidos. A su paso, los automovilistas aprecian con facilidad grupos peque\u00f1os que se mueven por la parte lateral de la cinta asf\u00e1ltica, levantando el pulgar como se\u00f1al caracter\u00edstica de estar solicitando un \u2018avent\u00f3n\u2019.<\/p>\n<p>Aunque ya no se han movido en caravanas numerosas como hace meses lo hicieron, los migrantes contin\u00faan llegando desde Guatemala y Honduras, y su ruta por el Occidente del pa\u00eds atraviesa directamente Nayarit, y que es la ante sala del norte mexicano, \u00faltimo tramo antes de llegar a los Estados Unidos. Se prev\u00e9 que estas personas de origen centroamericano pernocten en ciudades como Tepic, antes de seguir su ruta hacia Sinaloa.<\/p>\n<p>En general, los migrantes cargan con cobijas y utensilios personales, pero viajan ligero. Ante la mayoritaria negativa de los automovilistas que no se detienen para llevarlos, la mayor\u00eda de ellos recorre a pie todo el trayecto hasta sus destinos.<\/p>\n<p><a href=\"http:\/\/vallartaopina.net\/2019\/02\/22\/nayarit\/migrantes-recorren-la-autopista-guadalajara-tepic-pidiendo-aventon\/\">http:\/\/vallartaopina.net\/2019\/02\/22\/nayarit\/migrantes-recorren-la-autopista-guadalajara-tepic-pidiendo-aventon\/<\/a><\/p>\n","protected":false},"excerpt":{"rendered":"<p>Jos\u00e9 Reyes Burgos \/ Vallarta Opina Grupos peque\u00f1os de migrantes se encuentran desplaz\u00e1ndose en las primeras etapas de la autopista Guadalajara \u2013 Tepic, con destino a Sinaloa para continuar su &hellip; <a href=\"https:\/\/www.grieta.org.mx\/index.php\/2019\/02\/22\/migrantes-recorren-la-autopista-guadalajara-tepic-pidiendo-aventon-jalisco-nayarit\/\" class=\"more-link\">Leer m\u00e1s<\/a><\/p>\n","protected":false},"author":2,"featured_media":30152,"comment_status":"closed","ping_status":"closed","sticky":false,"template":"","format":"standard","meta":{"ngg_post_thumbnail":0,"_jetpack_newsletter_access":"","_jetpack_dont_email_post_to_subs":false,"_jetpack_newsletter_tier_id":0,"_jetpack_memberships_contains_paywalled_content":false,"_jetpack_memberships_contains_paid_content":false,"footnotes":""},"categories":[80,20,86,23,2,83],"tags":[],"class_list":["post-30151","post","type-post","status-publish","format-standard","has-post-thumbnail","hentry","category-cintillo","category-jalisco","category-migrantes","category-nayarit","category-noticias-nacionales","category-temas-nacionales","entry"],"jetpack_featured_media_url":"https:\/\/www.grieta.org.mx\/wp-content\/uploads\/2019\/03\/migr.jpg","jetpack_sharing_enabled":true,"jetpack_shortlink":"https:\/\/wp.me\/p7ZJR4-7Qj","jetpack_likes_enabled":false,"jetpack-related-posts":[{"id":22415,"url":"https:\/\/www.grieta.org.mx\/index.php\/2018\/03\/26\/ejidatarios-toman-caseta-de-cobro-de-la-autopista-tepic-mazatlan\/","url_meta":{"origin":30151,"position":0},"title":"Ejidatarios toman caseta de cobro de la autopista Tepic-Mazatl\u00e1n","author":"grieta","date":"26 marzo, 2018","format":false,"excerpt":"Tepic,Nayarit.- Alrededor de 100 personas de diferentes ejidos de Acaponeta y Tecuala, mantienen tomadas la caseta de peaje de la autopista Tepic-Mazatl\u00e1n a la altura del municipio de Acaponeta, kil\u00f3metro 120+000, permitiendo el libre paso a los veh\u00edculos. Lo anterior ocurre como medida por el incumplimiento de pago a unas\u2026","rel":"","context":"En &quot;CINTILLO&quot;","block_context":{"text":"CINTILLO","link":"https:\/\/www.grieta.org.mx\/index.php\/category\/cintillo\/"},"img":{"alt_text":"","src":"https:\/\/i0.wp.com\/www.grieta.org.mx\/wp-content\/uploads\/2018\/04\/pe%C3%B1a2-800x445.jpg?resize=350%2C200&ssl=1","width":350,"height":200,"srcset":"https:\/\/i0.wp.com\/www.grieta.org.mx\/wp-content\/uploads\/2018\/04\/pe%C3%B1a2-800x445.jpg?resize=350%2C200&ssl=1 1x, https:\/\/i0.wp.com\/www.grieta.org.mx\/wp-content\/uploads\/2018\/04\/pe%C3%B1a2-800x445.jpg?resize=525%2C300&ssl=1 1.5x, https:\/\/i0.wp.com\/www.grieta.org.mx\/wp-content\/uploads\/2018\/04\/pe%C3%B1a2-800x445.jpg?resize=700%2C400&ssl=1 2x"},"classes":[]},{"id":22411,"url":"https:\/\/www.grieta.org.mx\/index.php\/2018\/03\/07\/ejidatarios-toman-delegacion-de-sct-en-nayarit\/","url_meta":{"origin":30151,"position":1},"title":"Ejidatarios toman delegaci\u00f3n de SCT en Nayarit","author":"grieta","date":"7 marzo, 2018","format":false,"excerpt":"Aseguran que les deben el pago por las tierras expropiadas para autopista Tepic - Mazatl\u00e1n Tepic.- Ejidatarios del norte de Nayarit tomaron la delegaci\u00f3n de la SCT, ya que aseguran, no les han pagado por las tierras expropiadas y afectadas por la construcci\u00f3n de la autopista Tepic \u2013 Mazatl\u00e1n. Uno\u2026","rel":"","context":"En &quot;CINTILLO&quot;","block_context":{"text":"CINTILLO","link":"https:\/\/www.grieta.org.mx\/index.php\/category\/cintillo\/"},"img":{"alt_text":"","src":"https:\/\/i0.wp.com\/www.grieta.org.mx\/wp-content\/uploads\/2018\/04\/ejidatarios-sct-696x392.jpg?resize=350%2C200&ssl=1","width":350,"height":200,"srcset":"https:\/\/i0.wp.com\/www.grieta.org.mx\/wp-content\/uploads\/2018\/04\/ejidatarios-sct-696x392.jpg?resize=350%2C200&ssl=1 1x, https:\/\/i0.wp.com\/www.grieta.org.mx\/wp-content\/uploads\/2018\/04\/ejidatarios-sct-696x392.jpg?resize=525%2C300&ssl=1 1.5x"},"classes":[]},{"id":54781,"url":"https:\/\/www.grieta.org.mx\/index.php\/2020\/11\/04\/por-falta-de-agua-toman-manifestantes-el-libramiento-de-tepic-nayarit\/","url_meta":{"origin":30151,"position":2},"title":"Por falta de agua toman manifestantes el Libramiento de Tepic (Nayarit)","author":"grieta","date":"4 noviembre, 2020","format":false,"excerpt":"Foto: Misalel Ulloa Isiordia Los manifestantes exigen el servicio de agua potable y solicitan la presencia del titular del SIAPA Tepic, Oscar Medina para el funcionario municipal cumpla su palabra. Fernando Ulloa P\u00e9rez \/ Meridiano.mx Ante la falta del servicio de agua potable desde hace m\u00e1s de 8 d\u00edas, la\u2026","rel":"","context":"En &quot;CINTILLO&quot;","block_context":{"text":"CINTILLO","link":"https:\/\/www.grieta.org.mx\/index.php\/category\/cintillo\/"},"img":{"alt_text":"","src":"https:\/\/i0.wp.com\/www.grieta.org.mx\/wp-content\/uploads\/2020\/11\/1604535109_1604533679_valle_real.jpg?resize=350%2C200&ssl=1","width":350,"height":200,"srcset":"https:\/\/i0.wp.com\/www.grieta.org.mx\/wp-content\/uploads\/2020\/11\/1604535109_1604533679_valle_real.jpg?resize=350%2C200&ssl=1 1x, https:\/\/i0.wp.com\/www.grieta.org.mx\/wp-content\/uploads\/2020\/11\/1604535109_1604533679_valle_real.jpg?resize=525%2C300&ssl=1 1.5x, https:\/\/i0.wp.com\/www.grieta.org.mx\/wp-content\/uploads\/2020\/11\/1604535109_1604533679_valle_real.jpg?resize=700%2C400&ssl=1 2x"},"classes":[]},{"id":35913,"url":"https:\/\/www.grieta.org.mx\/index.php\/2019\/07\/02\/preven-crisis-migratoria-en-tamaulipas\/","url_meta":{"origin":30151,"position":3},"title":"Prev\u00e9n crisis migratoria en Tamaulipas","author":"grieta","date":"2 julio, 2019","format":false,"excerpt":"El Bravo Una situaci\u00f3n de alarma y caos es la que espera Tamaulipas para este este mes o inicios de Agosto, cuando poco m\u00e1s de 10 mil migrantes puedan arribar a la frontera de la entidad, principalmente Reynosa y Nuevo Laredo, para solicitar una visa humanitaria o de asilo a\u2026","rel":"","context":"En &quot;CINTILLO&quot;","block_context":{"text":"CINTILLO","link":"https:\/\/www.grieta.org.mx\/index.php\/category\/cintillo\/"},"img":{"alt_text":"","src":"https:\/\/i0.wp.com\/www.grieta.org.mx\/wp-content\/uploads\/2019\/07\/Prev%C3%A9n-crisis-migratoria-en-Tamaulipas-jul.jpg?resize=350%2C200&ssl=1","width":350,"height":200,"srcset":"https:\/\/i0.wp.com\/www.grieta.org.mx\/wp-content\/uploads\/2019\/07\/Prev%C3%A9n-crisis-migratoria-en-Tamaulipas-jul.jpg?resize=350%2C200&ssl=1 1x, https:\/\/i0.wp.com\/www.grieta.org.mx\/wp-content\/uploads\/2019\/07\/Prev%C3%A9n-crisis-migratoria-en-Tamaulipas-jul.jpg?resize=525%2C300&ssl=1 1.5x"},"classes":[]},{"id":32448,"url":"https:\/\/www.grieta.org.mx\/index.php\/2019\/04\/23\/saturan-albergue-para-migrantes-en-reynosa-tamaulipas\/","url_meta":{"origin":30151,"position":4},"title":"Saturan albergue para migrantes en Reynosa (Tamaulipas)","author":"grieta","date":"23 abril, 2019","format":false,"excerpt":"Carolina Garza \/ Milenio Derivado a la reciente crisis migratoria en la frontera entre M\u00e9xico y Estados Unidos. El albergue Nuestra Se\u00f1ora de Guadalupe en Reynosa tambi\u00e9n se ha visto afectado por la reciente crisis migratoria en la frontera entre M\u00e9xico y Estados Unidos, dejando como resultado que en promedio\u2026","rel":"","context":"En &quot;CINTILLO&quot;","block_context":{"text":"CINTILLO","link":"https:\/\/www.grieta.org.mx\/index.php\/category\/cintillo\/"},"img":{"alt_text":"","src":"https:\/\/i0.wp.com\/www.grieta.org.mx\/wp-content\/uploads\/2019\/04\/Saturan-albergue-para-migrantes-en-Reynosa-tama-abr.jpg?resize=350%2C200&ssl=1","width":350,"height":200,"srcset":"https:\/\/i0.wp.com\/www.grieta.org.mx\/wp-content\/uploads\/2019\/04\/Saturan-albergue-para-migrantes-en-Reynosa-tama-abr.jpg?resize=350%2C200&ssl=1 1x, https:\/\/i0.wp.com\/www.grieta.org.mx\/wp-content\/uploads\/2019\/04\/Saturan-albergue-para-migrantes-en-Reynosa-tama-abr.jpg?resize=525%2C300&ssl=1 1.5x, https:\/\/i0.wp.com\/www.grieta.org.mx\/wp-content\/uploads\/2019\/04\/Saturan-albergue-para-migrantes-en-Reynosa-tama-abr.jpg?resize=700%2C400&ssl=1 2x"},"classes":[]},{"id":59349,"url":"https:\/\/www.grieta.org.mx\/index.php\/2021\/05\/08\/con-marcha-exigen-a-autoridades-avances-en-la-investigacion-por-desaparicion-de-wendy-nayarit\/","url_meta":{"origin":30151,"position":5},"title":"Con marcha exigen a autoridades avances en la investigaci\u00f3n por desaparici\u00f3n de Wendy (Nayarit)","author":"grieta","date":"8 mayo, 2021","format":false,"excerpt":"Foto: Crys Ben\u00edtez Crys Ben\u00edtez\/ El Occidental TEPIC, Nayarit (OEM-Informex).-Este s\u00e1bado por la tarde se llev\u00f3 a cabo una marcha desde la avenida Las Palmas hasta el Centro de Justicia para la Mujer, ubicada en Bucer\u00edas, municipio de Bah\u00eda de Banderas con el objetivo de exigir a las autoridades resultados\u2026","rel":"","context":"En &quot;CINTILLO&quot;","block_context":{"text":"CINTILLO","link":"https:\/\/www.grieta.org.mx\/index.php\/category\/cintillo\/"},"img":{"alt_text":"","src":"https:\/\/i0.wp.com\/www.grieta.org.mx\/wp-content\/uploads\/2021\/05\/Marcha-por-Wendy-e1620592686420.jpg?resize=350%2C200&ssl=1","width":350,"height":200,"srcset":"https:\/\/i0.wp.com\/www.grieta.org.mx\/wp-content\/uploads\/2021\/05\/Marcha-por-Wendy-e1620592686420.jpg?resize=350%2C200&ssl=1 1x, https:\/\/i0.wp.com\/www.grieta.org.mx\/wp-content\/uploads\/2021\/05\/Marcha-por-Wendy-e1620592686420.jpg?resize=525%2C300&ssl=1 1.5x, https:\/\/i0.wp.com\/www.grieta.org.mx\/wp-content\/uploads\/2021\/05\/Marcha-por-Wendy-e1620592686420.jpg?resize=700%2C400&ssl=1 2x"},"classes":[]}],"_links":{"self":[{"href":"https:\/\/www.grieta.org.mx\/index.php\/wp-json\/wp\/v2\/posts\/30151","targetHints":{"allow":["GET"]}}],"collection":[{"href":"https:\/\/www.grieta.org.mx\/index.php\/wp-json\/wp\/v2\/posts"}],"about":[{"href":"https:\/\/www.grieta.org.mx\/index.php\/wp-json\/wp\/v2\/types\/post"}],"author":[{"embeddable":true,"href":"https:\/\/www.grieta.org.mx\/index.php\/wp-json\/wp\/v2\/users\/2"}],"replies":[{"embeddable":true,"href":"https:\/\/www.grieta.org.mx\/index.php\/wp-json\/wp\/v2\/comments?post=30151"}],"version-history":[{"count":1,"href":"https:\/\/www.grieta.org.mx\/index.php\/wp-json\/wp\/v2\/posts\/30151\/revisions"}],"predecessor-version":[{"id":30155,"href":"https:\/\/www.grieta.org.mx\/index.php\/wp-json\/wp\/v2\/posts\/30151\/revisions\/30155"}],"wp:featuredmedia":[{"embeddable":true,"href":"https:\/\/www.grieta.org.mx\/index.php\/wp-json\/wp\/v2\/media\/30152"}],"wp:attachment":[{"href":"https:\/\/www.grieta.org.mx\/index.php\/wp-json\/wp\/v2\/media?parent=30151"}],"wp:term":[{"taxonomy":"category","embeddable":true,"href":"https:\/\/www.grieta.org.mx\/index.php\/wp-json\/wp\/v2\/categories?post=30151"},{"taxonomy":"post_tag","embeddable":true,"href":"https:\/\/www.grieta.org.mx\/index.php\/wp-json\/wp\/v2\/tags?post=30151"}],"curies":[{"name":"wp","href":"https:\/\/api.w.org\/{rel}","templated":true}]}}