{"id":30142,"date":"2019-03-04T17:40:55","date_gmt":"2019-03-04T23:40:55","guid":{"rendered":"http:\/\/www.grieta.org.mx\/?p=30142"},"modified":"2019-03-04T17:51:19","modified_gmt":"2019-03-04T23:51:19","slug":"ecocidio-en-huentitan-continua-lo-que-sobrevivio-a-la-tala-fue-quemado-jalisco","status":"publish","type":"post","link":"https:\/\/www.grieta.org.mx\/index.php\/2019\/03\/04\/ecocidio-en-huentitan-continua-lo-que-sobrevivio-a-la-tala-fue-quemado-jalisco\/","title":{"rendered":"Ecocidio en Huentit\u00e1n contin\u00faa: lo que sobrevivi\u00f3 a la tala, fue quemado (Jalisco)"},"content":{"rendered":"<p><img loading=\"lazy\" decoding=\"async\" data-attachment-id=\"30143\" data-permalink=\"https:\/\/www.grieta.org.mx\/index.php\/2019\/03\/04\/ecocidio-en-huentitan-continua-lo-que-sobrevivio-a-la-tala-fue-quemado-jalisco\/ecojal\/\" data-orig-file=\"https:\/\/www.grieta.org.mx\/wp-content\/uploads\/2019\/03\/ecojal.jpg\" data-orig-size=\"482,329\" data-comments-opened=\"0\" data-image-meta=\"{&quot;aperture&quot;:&quot;0&quot;,&quot;credit&quot;:&quot;&quot;,&quot;camera&quot;:&quot;&quot;,&quot;caption&quot;:&quot;&quot;,&quot;created_timestamp&quot;:&quot;0&quot;,&quot;copyright&quot;:&quot;&quot;,&quot;focal_length&quot;:&quot;0&quot;,&quot;iso&quot;:&quot;0&quot;,&quot;shutter_speed&quot;:&quot;0&quot;,&quot;title&quot;:&quot;&quot;,&quot;orientation&quot;:&quot;0&quot;}\" data-image-title=\"ecojal\" data-image-description=\"\" data-image-caption=\"\" data-medium-file=\"https:\/\/www.grieta.org.mx\/wp-content\/uploads\/2019\/03\/ecojal-300x205.jpg\" data-large-file=\"https:\/\/www.grieta.org.mx\/wp-content\/uploads\/2019\/03\/ecojal.jpg\" class=\"aligncenter wp-image-30143\" src=\"http:\/\/www.grieta.org.mx\/wp-content\/uploads\/2019\/03\/ecojal-300x205.jpg\" alt=\"\" width=\"760\" height=\"519\" srcset=\"https:\/\/www.grieta.org.mx\/wp-content\/uploads\/2019\/03\/ecojal-300x205.jpg 300w, https:\/\/www.grieta.org.mx\/wp-content\/uploads\/2019\/03\/ecojal.jpg 482w\" sizes=\"auto, (max-width: 760px) 100vw, 760px\" \/><\/p>\n<p><strong>Ignacio P\u00e9rez Vega \/Cr\u00f3nica Jalisco<\/strong><\/p>\n<p>El \u201cecocidio\u201d denunciado por colonos de Huentit\u00e1n el Bajo, al norte de la ciudad, sigui\u00f3 este fin de semana, luego de que la tarde del s\u00e1bado los constructores de la Arena Guadalajara, que servir\u00e1 como sede de las Fiestas de Octubre, realizaron una quema para terminar con todo lo que quedaba de arbustos e incluso de fauna.<\/p>\n<p>El colectivo \u00danete Huentit\u00e1n dijo que desde 40 a\u00f1os, las autoridades municipales y estatales no han construido ni escuelas, centros de salud o guarder\u00edas, en cambio, autorizaron la edificaci\u00f3n de un centro de espect\u00e1culos, que se convertir\u00e1 \u201cen una gran cantina\u201d, que generar\u00e1 basura, caos vial en Perif\u00e9rico Norte y la calzada Independencia y saturaci\u00f3n de las redes de agua potable y alcantarillado, expuso Arturo Mendoza Monta\u00f1o, vocero de la agrupaci\u00f3n de colonos.<\/p>\n<p>Entre el domingo y el jueves de la semana pasada, los constructores talaron 280 \u00e1rboles, seg\u00fan el conteo del colectivo \u00danete Huentit\u00e1n, quien este fin de semana afirm\u00f3 que \u201cla comunidad de Huentit\u00e1n el Bajo est\u00e1 de luto\u201d, ya que no solo se realiz\u00f3 la tala de los \u00e1rboles, sino que ahora se prendi\u00f3 fuego y ahora los que pagaron el precio fueron los animales que viv\u00edan en el lugar, sobre todo tejones y ardillas, report\u00f3 Arturo Mendoza, quien tambi\u00e9n es presidente del Consejo Social Huentit\u00e1n el Bajo, secci\u00f3n 2.<\/p>\n<p>\u201cEsa parte pertenece a los que se le conoce como Unidad de Gesti\u00f3n Ambiental n\u00famero 209 (UGA), implantada en el Plan de Ordenamiento Territorial del estado, es decir, es una reserva ecol\u00f3gica. No dicho por m\u00ed, no dicho por nadie, est\u00e1 reconocido por el Programa de Ordenamiento Territorial del estado de Jalisco. Sin embargo, los gobiernos panistas, priistas y ahora los naranjas, han pisoteado esa situaci\u00f3n, les ha valido gorro\u201d, lament\u00f3.<\/p>\n<p>La pregunta que se hacen los colonos es si esta quema fue autorizada por el Ayuntamiento de Guadalajara, con la afectaci\u00f3n a la fauna del lugar y la contaminaci\u00f3n que gener\u00f3 la quema, ya que el jueves anterior, la directora de Medio Ambiente, Paulina Cervantes Flores, dio a conocer que s\u00ed se autoriz\u00f3 el derribo de 203 \u00e1rboles, para construir la Arena Guadalajara, a la empresa S\u00faper Espect\u00e1culos SA de CV.<\/p>\n<p>En la zona a\u00fan quedan 700 \u00e1rboles y los vecinos temen que el \u201cecocidio\u201d contin\u00fae, aunque el Ayuntamiento tapat\u00edo se\u00f1al\u00f3 que ya no hay autorizadas m\u00e1s talas de \u00e1rboles.<\/p>\n<p>La zona del derribo de \u00e1rboles se localiza en Perif\u00e9rico Norte, a la altura donde estuvo el Planetario de Guadalajara.<\/p>\n<p>La Direcci\u00f3n de Medio Ambiente se\u00f1al\u00f3 que la empresa tendr\u00e1 que donar 840 \u00e1rboles para plantar en la zona aleda\u00f1a y 1,178 ejemplares para plantar dentro del predio.<\/p>\n<p>La obra implica una inversi\u00f3n de $800 millones y la Arena de espect\u00e1culos tendr\u00e1 cupo para 20 mil personas. Sitios similares los opera la misma empresa en ciudad de M\u00e9xico y Monterrey, donde existen tambi\u00e9n arenas similares a la que se va a construir en Guadalajara.<\/p>\n<p>Los colonos han hecho pintas en los muros de Huentit\u00e1n el Bajo, donde se lee: \u201cQueremos escuelas y hospitales, no cantinas (de Fiestas de Octubre)\u201d.<\/p>\n<p><a href=\"http:\/\/www.cronicajalisco.com\/notas\/2019\/92451.html\">http:\/\/www.cronicajalisco.com\/notas\/2019\/92451.html<\/a><\/p>\n","protected":false},"excerpt":{"rendered":"<p>Ignacio P\u00e9rez Vega \/Cr\u00f3nica Jalisco El \u201cecocidio\u201d denunciado por colonos de Huentit\u00e1n el Bajo, al norte de la ciudad, sigui\u00f3 este fin de semana, luego de que la tarde del &hellip; <a href=\"https:\/\/www.grieta.org.mx\/index.php\/2019\/03\/04\/ecocidio-en-huentitan-continua-lo-que-sobrevivio-a-la-tala-fue-quemado-jalisco\/\" class=\"more-link\">Leer m\u00e1s<\/a><\/p>\n","protected":false},"author":2,"featured_media":30143,"comment_status":"closed","ping_status":"closed","sticky":false,"template":"","format":"standard","meta":{"ngg_post_thumbnail":0,"_jetpack_newsletter_access":"","_jetpack_dont_email_post_to_subs":false,"_jetpack_newsletter_tier_id":0,"_jetpack_memberships_contains_paywalled_content":false,"_jetpack_memberships_contains_paid_content":false,"footnotes":""},"categories":[80,20,1782,2],"tags":[],"class_list":["post-30142","post","type-post","status-publish","format-standard","has-post-thumbnail","hentry","category-cintillo","category-jalisco","category-lucha-y-resistencia-del-pueblo-en-jalisco","category-noticias-nacionales","entry"],"jetpack_featured_media_url":"https:\/\/www.grieta.org.mx\/wp-content\/uploads\/2019\/03\/ecojal.jpg","jetpack_sharing_enabled":true,"jetpack_shortlink":"https:\/\/wp.me\/p7ZJR4-7Qa","jetpack_likes_enabled":false,"jetpack-related-posts":[{"id":29868,"url":"https:\/\/www.grieta.org.mx\/index.php\/2019\/02\/28\/vecinos-de-huentitan-se-oponen-a-ecocidio-para-desarrollar-fiestas-de-octubre-jalisco\/","url_meta":{"origin":30142,"position":0},"title":"Vecinos de Huentit\u00e1n se oponen a ecocidio para desarrollar Fiestas de Octubre (Jalisco)","author":"grieta","date":"28 febrero, 2019","format":false,"excerpt":"V\u00edctor Ram\u00edrez \/ El Occidental Vecinos de la zona de Huentit\u00e1n El Bajo levantan la voz y se\u00f1alan que \u201cno queremos cantinas, no queremos juegos ni espect\u00e1culos, queremos estar tranquilos y que no se haga este ecocidio, defenderemos el \u00e1rea verde hasta el final, en esta \u00e1rea no se construye\u2026","rel":"","context":"En &quot;CINTILLO&quot;","block_context":{"text":"CINTILLO","link":"https:\/\/www.grieta.org.mx\/index.php\/category\/cintillo\/"},"img":{"alt_text":"","src":"https:\/\/i0.wp.com\/www.grieta.org.mx\/wp-content\/uploads\/2018\/03\/14524434_1106112876131411_958039263622046936_o.jpg?resize=350%2C200&ssl=1","width":350,"height":200,"srcset":"https:\/\/i0.wp.com\/www.grieta.org.mx\/wp-content\/uploads\/2018\/03\/14524434_1106112876131411_958039263622046936_o.jpg?resize=350%2C200&ssl=1 1x, https:\/\/i0.wp.com\/www.grieta.org.mx\/wp-content\/uploads\/2018\/03\/14524434_1106112876131411_958039263622046936_o.jpg?resize=525%2C300&ssl=1 1.5x, https:\/\/i0.wp.com\/www.grieta.org.mx\/wp-content\/uploads\/2018\/03\/14524434_1106112876131411_958039263622046936_o.jpg?resize=700%2C400&ssl=1 2x"},"classes":[]},{"id":45606,"url":"https:\/\/www.grieta.org.mx\/index.php\/2020\/03\/03\/denuncian-construcciones-irregulares-en-huentitan-jalisco\/","url_meta":{"origin":30142,"position":1},"title":"Denuncian construcciones irregulares en Huentit\u00e1n (Jalisco)","author":"grieta","date":"3 marzo, 2020","format":false,"excerpt":"Foto: Semarnat Jalisco El Colectivo \u00danete Huentit\u00e1n sostuvo que muchas constructoras han iniciado proyectos de casas y departamentos que violan los planes parciales del municipio Rafael Hern\u00e1ndez \/ UDGTV Integrantes del colectivo \u00danete Huentit\u00e1n, advirtieron de lo que ellos consideran el colapso de los servicios p\u00fablicos municipales\u00a0en esta zona de\u2026","rel":"","context":"En &quot;CINTILLO&quot;","block_context":{"text":"CINTILLO","link":"https:\/\/www.grieta.org.mx\/index.php\/category\/cintillo\/"},"img":{"alt_text":"","src":"https:\/\/i0.wp.com\/www.grieta.org.mx\/wp-content\/uploads\/2020\/03\/Barranca-de-Huentit%C3%A1n-Semadet-Jalisco-696x464.jpg?resize=350%2C200&ssl=1","width":350,"height":200,"srcset":"https:\/\/i0.wp.com\/www.grieta.org.mx\/wp-content\/uploads\/2020\/03\/Barranca-de-Huentit%C3%A1n-Semadet-Jalisco-696x464.jpg?resize=350%2C200&ssl=1 1x, https:\/\/i0.wp.com\/www.grieta.org.mx\/wp-content\/uploads\/2020\/03\/Barranca-de-Huentit%C3%A1n-Semadet-Jalisco-696x464.jpg?resize=525%2C300&ssl=1 1.5x"},"classes":[]},{"id":62670,"url":"https:\/\/www.grieta.org.mx\/index.php\/2021\/11\/12\/iconia-mantiene-en-vilo-a-huentitan-jalisco\/","url_meta":{"origin":30142,"position":2},"title":"Iconia mantiene en vilo a Huentit\u00e1n (Jalisco)","author":"grieta","date":"12 noviembre, 2021","format":false,"excerpt":"Foto: Jorge Albert Mendoza Lauro Rodr\u00edguez \/ El Diario NTR Pobladores de Huentit\u00e1n se\u00f1alaron ayer que el gobierno municipal de Guadalajara, actualmente encabezado por Pablo Lemus Navarro, contin\u00faa con una actitud complaciente hacia el proyecto inmobiliario\u00a0Iconia, lo cual lamentaron, pues el alcalde ha declarado a medios de comunicaci\u00f3n que tiene\u2026","rel":"","context":"En &quot;CINTILLO&quot;","block_context":{"text":"CINTILLO","link":"https:\/\/www.grieta.org.mx\/index.php\/category\/cintillo\/"},"img":{"alt_text":"","src":"https:\/\/i0.wp.com\/www.grieta.org.mx\/wp-content\/uploads\/2021\/11\/2021-11-11_11-11-25___7588.jpg?resize=350%2C200&ssl=1","width":350,"height":200,"srcset":"https:\/\/i0.wp.com\/www.grieta.org.mx\/wp-content\/uploads\/2021\/11\/2021-11-11_11-11-25___7588.jpg?resize=350%2C200&ssl=1 1x, https:\/\/i0.wp.com\/www.grieta.org.mx\/wp-content\/uploads\/2021\/11\/2021-11-11_11-11-25___7588.jpg?resize=525%2C300&ssl=1 1.5x, https:\/\/i0.wp.com\/www.grieta.org.mx\/wp-content\/uploads\/2021\/11\/2021-11-11_11-11-25___7588.jpg?resize=700%2C400&ssl=1 2x"},"classes":[]},{"id":30965,"url":"https:\/\/www.grieta.org.mx\/index.php\/2019\/03\/20\/enrique-alfaro-un-cabron-que-no-respeta-amparos-jalisco\/","url_meta":{"origin":30142,"position":3},"title":"Enrique Alfaro, \u201cun cabr\u00f3n que no respeta amparos\u201d (Jalisco)","author":"grieta","date":"20 marzo, 2019","format":false,"excerpt":"Se empecina en construir el complejo de las Fiestas de Octubre en esta parte de Guadalajara, causando un ecocidio; lo peor, impunemente Rafael Hern\u00e1ndez Gu\u00edzar \/ P\u00e1gina 24 Habitantes de la zona de Huentit\u00e1n en Guadalaja\u00adra denunciaron que Enrique Alfaro Ram\u00edrez, gobernador de Jalisco est\u00e1 cayendo recu\u00adrrentemente en desacato al\u2026","rel":"","context":"En &quot;CINTILLO&quot;","block_context":{"text":"CINTILLO","link":"https:\/\/www.grieta.org.mx\/index.php\/category\/cintillo\/"},"img":{"alt_text":"","src":"https:\/\/i0.wp.com\/www.grieta.org.mx\/wp-content\/uploads\/2018\/03\/14524434_1106112876131411_958039263622046936_o.jpg?resize=350%2C200&ssl=1","width":350,"height":200,"srcset":"https:\/\/i0.wp.com\/www.grieta.org.mx\/wp-content\/uploads\/2018\/03\/14524434_1106112876131411_958039263622046936_o.jpg?resize=350%2C200&ssl=1 1x, https:\/\/i0.wp.com\/www.grieta.org.mx\/wp-content\/uploads\/2018\/03\/14524434_1106112876131411_958039263622046936_o.jpg?resize=525%2C300&ssl=1 1.5x, https:\/\/i0.wp.com\/www.grieta.org.mx\/wp-content\/uploads\/2018\/03\/14524434_1106112876131411_958039263622046936_o.jpg?resize=700%2C400&ssl=1 2x"},"classes":[]},{"id":61586,"url":"https:\/\/www.grieta.org.mx\/index.php\/2021\/09\/08\/parque-resistencia-huentitan-la-lucha-no-termina-jalisco\/","url_meta":{"origin":30142,"position":4},"title":"Parque Resistencia Huentit\u00e1n: La lucha no termina (Jalisco)","author":"grieta","date":"8 septiembre, 2021","format":false,"excerpt":"Foto: Parque Resistencia Huentit\u00e1n Pese a los actos de represi\u00f3n cometidos contra quienes se encontraban en guardia nocturna en el Parque Resistencia Huentit\u00e1n, el pasado 20 de agosto, la lucha por recuperar este espacio urbano de los intereses inmobiliarios no ha cesado. Arturo Mendoza Monta\u00f1o, presidente del consejo social de\u2026","rel":"","context":"En &quot;CINTILLO&quot;","block_context":{"text":"CINTILLO","link":"https:\/\/www.grieta.org.mx\/index.php\/category\/cintillo\/"},"img":{"alt_text":"","src":"https:\/\/i0.wp.com\/www.grieta.org.mx\/wp-content\/uploads\/2021\/09\/E-tQr3jX0AMVOXb-1068x801-1.jpeg?resize=350%2C200&ssl=1","width":350,"height":200,"srcset":"https:\/\/i0.wp.com\/www.grieta.org.mx\/wp-content\/uploads\/2021\/09\/E-tQr3jX0AMVOXb-1068x801-1.jpeg?resize=350%2C200&ssl=1 1x, https:\/\/i0.wp.com\/www.grieta.org.mx\/wp-content\/uploads\/2021\/09\/E-tQr3jX0AMVOXb-1068x801-1.jpeg?resize=525%2C300&ssl=1 1.5x, https:\/\/i0.wp.com\/www.grieta.org.mx\/wp-content\/uploads\/2021\/09\/E-tQr3jX0AMVOXb-1068x801-1.jpeg?resize=700%2C400&ssl=1 2x, https:\/\/i0.wp.com\/www.grieta.org.mx\/wp-content\/uploads\/2021\/09\/E-tQr3jX0AMVOXb-1068x801-1.jpeg?resize=1050%2C600&ssl=1 3x"},"classes":[]},{"id":59340,"url":"https:\/\/www.grieta.org.mx\/index.php\/2021\/05\/03\/vecinos-y-activistas-de-huentitan-preparan-explanada-cultural-en-predio-de-iconia-jalisco\/","url_meta":{"origin":30142,"position":5},"title":"Vecinos y activistas de Huentit\u00e1n preparan explanada cultural en predio de Iconia (Jalisco)","author":"grieta","date":"3 mayo, 2021","format":false,"excerpt":"Foto: F\u00e1tima Aguilar F\u00e1tima Aguilar \/ UDGTV A cinco semanas de resistencia contra el proyecto inmobiliario de Iconia,\u00a0los vecinos y activistas de Huentit\u00e1n contin\u00faan con acciones para rehabilitar el predio\u00a0de 13.5 hect\u00e1reas donde se quiere desarrollar un complejo de mil 600 departamentos, y al que los ciudadanos han bautizado como\u2026","rel":"","context":"En &quot;CINTILLO&quot;","block_context":{"text":"CINTILLO","link":"https:\/\/www.grieta.org.mx\/index.php\/category\/cintillo\/"},"img":{"alt_text":"","src":"https:\/\/i0.wp.com\/www.grieta.org.mx\/wp-content\/uploads\/2021\/05\/Hentitan-Fatima-Aguilar-696x522-1-e1620588322877.jpeg?resize=350%2C200&ssl=1","width":350,"height":200,"srcset":"https:\/\/i0.wp.com\/www.grieta.org.mx\/wp-content\/uploads\/2021\/05\/Hentitan-Fatima-Aguilar-696x522-1-e1620588322877.jpeg?resize=350%2C200&ssl=1 1x, https:\/\/i0.wp.com\/www.grieta.org.mx\/wp-content\/uploads\/2021\/05\/Hentitan-Fatima-Aguilar-696x522-1-e1620588322877.jpeg?resize=525%2C300&ssl=1 1.5x"},"classes":[]}],"_links":{"self":[{"href":"https:\/\/www.grieta.org.mx\/index.php\/wp-json\/wp\/v2\/posts\/30142","targetHints":{"allow":["GET"]}}],"collection":[{"href":"https:\/\/www.grieta.org.mx\/index.php\/wp-json\/wp\/v2\/posts"}],"about":[{"href":"https:\/\/www.grieta.org.mx\/index.php\/wp-json\/wp\/v2\/types\/post"}],"author":[{"embeddable":true,"href":"https:\/\/www.grieta.org.mx\/index.php\/wp-json\/wp\/v2\/users\/2"}],"replies":[{"embeddable":true,"href":"https:\/\/www.grieta.org.mx\/index.php\/wp-json\/wp\/v2\/comments?post=30142"}],"version-history":[{"count":1,"href":"https:\/\/www.grieta.org.mx\/index.php\/wp-json\/wp\/v2\/posts\/30142\/revisions"}],"predecessor-version":[{"id":30150,"href":"https:\/\/www.grieta.org.mx\/index.php\/wp-json\/wp\/v2\/posts\/30142\/revisions\/30150"}],"wp:featuredmedia":[{"embeddable":true,"href":"https:\/\/www.grieta.org.mx\/index.php\/wp-json\/wp\/v2\/media\/30143"}],"wp:attachment":[{"href":"https:\/\/www.grieta.org.mx\/index.php\/wp-json\/wp\/v2\/media?parent=30142"}],"wp:term":[{"taxonomy":"category","embeddable":true,"href":"https:\/\/www.grieta.org.mx\/index.php\/wp-json\/wp\/v2\/categories?post=30142"},{"taxonomy":"post_tag","embeddable":true,"href":"https:\/\/www.grieta.org.mx\/index.php\/wp-json\/wp\/v2\/tags?post=30142"}],"curies":[{"name":"wp","href":"https:\/\/api.w.org\/{rel}","templated":true}]}}