{"id":30121,"date":"2019-02-27T21:22:52","date_gmt":"2019-02-28T03:22:52","guid":{"rendered":"http:\/\/www.grieta.org.mx\/?p=30121"},"modified":"2019-03-03T22:07:23","modified_gmt":"2019-03-04T04:07:23","slug":"habitantes-denuncian-cierre-de-centro-de-salud-en-aguascalientes","status":"publish","type":"post","link":"https:\/\/www.grieta.org.mx\/index.php\/2019\/02\/27\/habitantes-denuncian-cierre-de-centro-de-salud-en-aguascalientes\/","title":{"rendered":"Habitantes denuncian cierre de Centro de Salud en Aguascalientes"},"content":{"rendered":"<p>Karla M\u00e9ndez\/Exc\u00e9lsior<br \/>\n<img loading=\"lazy\" decoding=\"async\" data-attachment-id=\"30124\" data-permalink=\"https:\/\/www.grieta.org.mx\/index.php\/2019\/02\/27\/habitantes-denuncian-cierre-de-centro-de-salud-en-aguascalientes\/1-23\/\" data-orig-file=\"https:\/\/www.grieta.org.mx\/wp-content\/uploads\/2019\/03\/1.jpg\" data-orig-size=\"664,498\" data-comments-opened=\"0\" data-image-meta=\"{&quot;aperture&quot;:&quot;0&quot;,&quot;credit&quot;:&quot;&quot;,&quot;camera&quot;:&quot;&quot;,&quot;caption&quot;:&quot;&quot;,&quot;created_timestamp&quot;:&quot;0&quot;,&quot;copyright&quot;:&quot;&quot;,&quot;focal_length&quot;:&quot;0&quot;,&quot;iso&quot;:&quot;0&quot;,&quot;shutter_speed&quot;:&quot;0&quot;,&quot;title&quot;:&quot;&quot;,&quot;orientation&quot;:&quot;0&quot;}\" data-image-title=\"1\" data-image-description=\"\" data-image-caption=\"\" data-medium-file=\"https:\/\/www.grieta.org.mx\/wp-content\/uploads\/2019\/03\/1-300x225.jpg\" data-large-file=\"https:\/\/www.grieta.org.mx\/wp-content\/uploads\/2019\/03\/1.jpg\" src=\"http:\/\/www.grieta.org.mx\/wp-content\/uploads\/2019\/03\/1-300x225.jpg\" alt=\"\" width=\"300\" height=\"225\" class=\"aligncenter size-medium wp-image-30124\" srcset=\"https:\/\/www.grieta.org.mx\/wp-content\/uploads\/2019\/03\/1-300x225.jpg 300w, https:\/\/www.grieta.org.mx\/wp-content\/uploads\/2019\/03\/1.jpg 664w\" sizes=\"auto, (max-width: 300px) 100vw, 300px\" \/><\/p>\n<blockquote><p>Pobladores de la comunidad de Guadalupe de Atlas, en Asientos, que no tienen m\u00e9dicos ni Centro de Salud, ya que \u2018el mismo gobierno se llev\u00f3 todo\u2019 a la localidad de Jarillas<\/p><\/blockquote>\n<p>En la comunidad de Guadalupe de Atlas, en Asientos, la poblaci\u00f3n se encuentra inconforme, luego de que les cerrar\u00e1n el Centro de Salud.<\/p>\n<p>&#8220;No tenemos un m\u00e9dico, el Centro de salud nos lo desmantelaron, el mismo gobierno para llevarse todo a Jarrillas, no tenemos nada de seguridad sobre medicinas, porque nos quitaron los m\u00e9dicos que ten\u00edamos, que porque todo era un Centro Regional en Jarrillas y no era aqu\u00ed en Guadalupe, siendo aqu\u00ed una comunidad m\u00e1s grande\u201d, dijo el delegado de la comunidad, Ricardo Mart\u00ednez.<\/p>\n<p>Ahora los pobladores tienen que ir a la comunidad de Jarrillas, Aguascalientes o trasladarse incluso a Zacatecas, con el peligro que representa sobre todo por las noches.<\/p>\n<p>&#8220;Ah\u00ed acaban de darles parece que 12 millones de pesos, para el centro de salud de Jarillas y nos dicen que todo el personal que hab\u00eda aqu\u00ed era prestado porque no ten\u00edan donde ponerlo all\u00e1 y ahora que ya tuvieron m\u00e1s grande ya se lo llevaron para Jarillas, o sea nosotros bailando con la m\u00e1s fea\u201d, Ricardo Mart\u00ednez, delegado de la comunidad de Guadalupe de Atlas&#8221;<\/p>\n<p>Los habitantes de Guadalupe de Atlas como Mar\u00eda Vel\u00e1zquez, resaltan que se sienten desprotegidos ante una emergencia.<\/p>\n<p>&#8220;Se imagina cuando se enferma alguien y una emergencia y que van a donde hay y no atienden tampoco\u201d.<br \/>\n<img loading=\"lazy\" decoding=\"async\" data-attachment-id=\"30125\" data-permalink=\"https:\/\/www.grieta.org.mx\/index.php\/2019\/02\/27\/habitantes-denuncian-cierre-de-centro-de-salud-en-aguascalientes\/2-18\/\" data-orig-file=\"https:\/\/www.grieta.org.mx\/wp-content\/uploads\/2019\/03\/2.jpg\" data-orig-size=\"1200,900\" data-comments-opened=\"0\" data-image-meta=\"{&quot;aperture&quot;:&quot;0&quot;,&quot;credit&quot;:&quot;&quot;,&quot;camera&quot;:&quot;&quot;,&quot;caption&quot;:&quot;&quot;,&quot;created_timestamp&quot;:&quot;0&quot;,&quot;copyright&quot;:&quot;&quot;,&quot;focal_length&quot;:&quot;0&quot;,&quot;iso&quot;:&quot;0&quot;,&quot;shutter_speed&quot;:&quot;0&quot;,&quot;title&quot;:&quot;&quot;,&quot;orientation&quot;:&quot;0&quot;}\" data-image-title=\"2\" data-image-description=\"\" data-image-caption=\"\" data-medium-file=\"https:\/\/www.grieta.org.mx\/wp-content\/uploads\/2019\/03\/2-300x225.jpg\" data-large-file=\"https:\/\/www.grieta.org.mx\/wp-content\/uploads\/2019\/03\/2-1024x768.jpg\" src=\"http:\/\/www.grieta.org.mx\/wp-content\/uploads\/2019\/03\/2-300x225.jpg\" alt=\"\" width=\"300\" height=\"225\" class=\"aligncenter size-medium wp-image-30125\" srcset=\"https:\/\/www.grieta.org.mx\/wp-content\/uploads\/2019\/03\/2-300x225.jpg 300w, https:\/\/www.grieta.org.mx\/wp-content\/uploads\/2019\/03\/2-768x576.jpg 768w, https:\/\/www.grieta.org.mx\/wp-content\/uploads\/2019\/03\/2-1024x768.jpg 1024w, https:\/\/www.grieta.org.mx\/wp-content\/uploads\/2019\/03\/2-667x500.jpg 667w, https:\/\/www.grieta.org.mx\/wp-content\/uploads\/2019\/03\/2.jpg 1200w\" sizes=\"auto, (max-width: 300px) 100vw, 300px\" \/><br \/>\n&#8220;Yo tengo un hijo m\u00edo en la secundaria, le pico un mosco y se estaba ahogando y no me lo quiso atender porque no ten\u00eda ficha, tuve que agarrar mi camioneta y llevarlo a Ci\u00e9nega a que me lo atendiera, \u00f3sea que nom\u00e1s atend\u00eda las 10 fichas que daba y ya no atend\u00eda m\u00e1s\u201d, expres\u00f3 el delegado de la comunidad de Guadalupe de Atlas.<\/p>\n<p>Algunos de los pobladores indican que Loreto, Zacatecas, es una opci\u00f3n, pero tienen temor al trasladado.<\/p>\n<p>&#8220;Pues pa que le cerraban y todo eso, porque si hace mucha falta cuando uno se pone mal, para ir hasta Loreto en que, mi hija dice no mam\u00e1 yo no voy a Loreto porque me da miedo\u201d.<\/p>\n<p>El delegado de la comunidad hizo un llamado para que vuelva a abrir el Centro de Salud<\/p>\n<p>&#8220;La gente ha querido manifestarse y el otro d\u00eda venia el se\u00f1or gobernador y me dijo gente que si \u00edbamos, aqu\u00ed a Jarillas a inaugurar ese Centro de Salud y luego me avisaron que no vino o que no iba a venir y ya no nos pudimos mover, pero la gente si est\u00e1 muy inconforme\u201d, sostuvo el delegado.&#8221;<\/p>\n<p><img loading=\"lazy\" decoding=\"async\" data-attachment-id=\"30126\" data-permalink=\"https:\/\/www.grieta.org.mx\/index.php\/2019\/02\/27\/habitantes-denuncian-cierre-de-centro-de-salud-en-aguascalientes\/3-11\/\" data-orig-file=\"https:\/\/www.grieta.org.mx\/wp-content\/uploads\/2019\/03\/3.jpg\" data-orig-size=\"1200,900\" data-comments-opened=\"0\" data-image-meta=\"{&quot;aperture&quot;:&quot;0&quot;,&quot;credit&quot;:&quot;&quot;,&quot;camera&quot;:&quot;&quot;,&quot;caption&quot;:&quot;&quot;,&quot;created_timestamp&quot;:&quot;0&quot;,&quot;copyright&quot;:&quot;&quot;,&quot;focal_length&quot;:&quot;0&quot;,&quot;iso&quot;:&quot;0&quot;,&quot;shutter_speed&quot;:&quot;0&quot;,&quot;title&quot;:&quot;&quot;,&quot;orientation&quot;:&quot;0&quot;}\" data-image-title=\"3\" data-image-description=\"\" data-image-caption=\"\" data-medium-file=\"https:\/\/www.grieta.org.mx\/wp-content\/uploads\/2019\/03\/3-300x225.jpg\" data-large-file=\"https:\/\/www.grieta.org.mx\/wp-content\/uploads\/2019\/03\/3-1024x768.jpg\" src=\"http:\/\/www.grieta.org.mx\/wp-content\/uploads\/2019\/03\/3-300x225.jpg\" alt=\"\" width=\"300\" height=\"225\" class=\"aligncenter size-medium wp-image-30126\" srcset=\"https:\/\/www.grieta.org.mx\/wp-content\/uploads\/2019\/03\/3-300x225.jpg 300w, https:\/\/www.grieta.org.mx\/wp-content\/uploads\/2019\/03\/3-768x576.jpg 768w, https:\/\/www.grieta.org.mx\/wp-content\/uploads\/2019\/03\/3-1024x768.jpg 1024w, https:\/\/www.grieta.org.mx\/wp-content\/uploads\/2019\/03\/3-667x500.jpg 667w, https:\/\/www.grieta.org.mx\/wp-content\/uploads\/2019\/03\/3.jpg 1200w\" sizes=\"auto, (max-width: 300px) 100vw, 300px\" \/><\/p>\n<p><a href=\"https:\/\/www.excelsior.com.mx\/nacional\/habitantes-denuncian-cierre-de-centro-de-salud-en-aguascalientes\/1298788\" rel=\"noopener\" target=\"_blank\">https:\/\/www.excelsior.com.mx\/nacional\/habitantes-denuncian-cierre-de-centro-de-salud-en-aguascalientes\/1298788<\/a><\/p>\n","protected":false},"excerpt":{"rendered":"<p>Karla M\u00e9ndez\/Exc\u00e9lsior Pobladores de la comunidad de Guadalupe de Atlas, en Asientos, que no tienen m\u00e9dicos ni Centro de Salud, ya que \u2018el mismo gobierno se llev\u00f3 todo\u2019 a la &hellip; <a href=\"https:\/\/www.grieta.org.mx\/index.php\/2019\/02\/27\/habitantes-denuncian-cierre-de-centro-de-salud-en-aguascalientes\/\" class=\"more-link\">Leer m\u00e1s<\/a><\/p>\n","protected":false},"author":2,"featured_media":30125,"comment_status":"closed","ping_status":"closed","sticky":false,"template":"","format":"standard","meta":{"ngg_post_thumbnail":0,"_jetpack_newsletter_access":"","_jetpack_dont_email_post_to_subs":false,"_jetpack_newsletter_tier_id":0,"_jetpack_memberships_contains_paywalled_content":false,"_jetpack_memberships_contains_paid_content":false,"footnotes":""},"categories":[4,80,918,1747,2,83],"tags":[893],"class_list":["post-30121","post","type-post","status-publish","format-standard","has-post-thumbnail","hentry","category-aguascalientes","category-cintillo","category-privatizacion-del-sector-salud","category-crisis-en-el-sector-salud-en-aguascalientes","category-noticias-nacionales","category-temas-nacionales","tag-privatizacion-de-la-salud","entry"],"jetpack_featured_media_url":"https:\/\/www.grieta.org.mx\/wp-content\/uploads\/2019\/03\/2.jpg","jetpack_sharing_enabled":true,"jetpack_shortlink":"https:\/\/wp.me\/p7ZJR4-7PP","jetpack_likes_enabled":false,"jetpack-related-posts":[{"id":15183,"url":"https:\/\/www.grieta.org.mx\/index.php\/2016\/06\/23\/movilizaciones-contra-la-reforma-al-sector-salud-en-aguascalientes\/","url_meta":{"origin":30121,"position":0},"title":"Movilizaciones del sector salud en Aguascalientes","author":"grieta","date":"23 junio, 2016","format":false,"excerpt":"23\/06\/16. Ante puertas cerradas, se manifiestan m\u00e9dicos y maestros La Jornada Aguascalientes 22\/06\/16. Denuncian m\u00e9dicos locales falta de insumos y personal Aguas Digital 22\/06\/16. Personal de salud se moviliza tambi\u00e9n en Aguascalientes El Universal","rel":"","context":"En &quot;Aguascalientes&quot;","block_context":{"text":"Aguascalientes","link":"https:\/\/www.grieta.org.mx\/index.php\/category\/noticias-nacionales\/aguascalientes\/"},"img":{"alt_text":"","src":"https:\/\/i0.wp.com\/www.grieta.org.mx\/wp-content\/uploads\/2018\/03\/14524434_1106112876131411_958039263622046936_o.jpg?resize=350%2C200&ssl=1","width":350,"height":200,"srcset":"https:\/\/i0.wp.com\/www.grieta.org.mx\/wp-content\/uploads\/2018\/03\/14524434_1106112876131411_958039263622046936_o.jpg?resize=350%2C200&ssl=1 1x, https:\/\/i0.wp.com\/www.grieta.org.mx\/wp-content\/uploads\/2018\/03\/14524434_1106112876131411_958039263622046936_o.jpg?resize=525%2C300&ssl=1 1.5x, https:\/\/i0.wp.com\/www.grieta.org.mx\/wp-content\/uploads\/2018\/03\/14524434_1106112876131411_958039263622046936_o.jpg?resize=700%2C400&ssl=1 2x"},"classes":[]},{"id":57987,"url":"https:\/\/www.grieta.org.mx\/index.php\/2021\/03\/21\/por-inseguridad-personal-medico-abandona-centro-de-salud-en-san-andres-cohamiata-jalisco\/","url_meta":{"origin":30121,"position":1},"title":"Por inseguridad personal m\u00e9dico abandona Centro de Salud en San Andr\u00e9s Cohamiata (Jalisco)","author":"grieta","date":"21 marzo, 2021","format":false,"excerpt":"Foto: Cortes\u00eda En la comunidad de San Andr\u00e9s Cohamiata, una de las tres que conforman la regi\u00f3n wix\u00e1rika, existen 21 localidades, las cuales se quedaron sin la atenci\u00f3n m\u00e9dica del centro de salud y de las casas de salud, por lo que no pueden atenderse ni situaciones de urgencia, ni\u2026","rel":"","context":"En &quot;CINTILLO&quot;","block_context":{"text":"CINTILLO","link":"https:\/\/www.grieta.org.mx\/index.php\/category\/cintillo\/"},"img":{"alt_text":"","src":"https:\/\/i0.wp.com\/www.grieta.org.mx\/wp-content\/uploads\/2021\/03\/WhatsApp-Image-2021-03-21-at-13.31.04-696x330-1.jpeg?resize=350%2C200&ssl=1","width":350,"height":200,"srcset":"https:\/\/i0.wp.com\/www.grieta.org.mx\/wp-content\/uploads\/2021\/03\/WhatsApp-Image-2021-03-21-at-13.31.04-696x330-1.jpeg?resize=350%2C200&ssl=1 1x, https:\/\/i0.wp.com\/www.grieta.org.mx\/wp-content\/uploads\/2021\/03\/WhatsApp-Image-2021-03-21-at-13.31.04-696x330-1.jpeg?resize=525%2C300&ssl=1 1.5x"},"classes":[]},{"id":15267,"url":"https:\/\/www.grieta.org.mx\/index.php\/2016\/06\/22\/personal-de-salud-se-moviliza-tambien-en-aguascalientes\/","url_meta":{"origin":30121,"position":2},"title":"Personal de salud se moviliza tambi\u00e9n en Aguascalientes","author":"grieta","date":"22 junio, 2016","format":false,"excerpt":"Xochitl Alvarez, Aguascalientes. Este mediod\u00eda, alrededor de 180 m\u00e9dicos y enfermeras y enfermeros se instalaron frente a Palacio de Gobierno despu\u00e9s de realizar una marcha por la zona centro de esta ciudad, en contra de la universalizaci\u00f3n de los servicios de Salud. La protesta del Movimiento #YoSoyM\u00e9dico17 en la Plaza\u2026","rel":"","context":"En &quot;aguascalientes&quot;","block_context":{"text":"aguascalientes","link":"https:\/\/www.grieta.org.mx\/index.php\/category\/aguascalientes\/"},"img":{"alt_text":"","src":"https:\/\/i0.wp.com\/www.grieta.org.mx\/wp-content\/uploads\/2018\/03\/14524434_1106112876131411_958039263622046936_o.jpg?resize=350%2C200&ssl=1","width":350,"height":200,"srcset":"https:\/\/i0.wp.com\/www.grieta.org.mx\/wp-content\/uploads\/2018\/03\/14524434_1106112876131411_958039263622046936_o.jpg?resize=350%2C200&ssl=1 1x, https:\/\/i0.wp.com\/www.grieta.org.mx\/wp-content\/uploads\/2018\/03\/14524434_1106112876131411_958039263622046936_o.jpg?resize=525%2C300&ssl=1 1.5x, https:\/\/i0.wp.com\/www.grieta.org.mx\/wp-content\/uploads\/2018\/03\/14524434_1106112876131411_958039263622046936_o.jpg?resize=700%2C400&ssl=1 2x"},"classes":[]},{"id":52322,"url":"https:\/\/www.grieta.org.mx\/index.php\/2020\/07\/29\/protestan-pacientes-con-vih-en-aguascalientes-exigen-tratamientos\/","url_meta":{"origin":30121,"position":3},"title":"Protestan pacientes con VIH en Aguascalientes; exigen tratamientos","author":"grieta","date":"29 julio, 2020","format":false,"excerpt":"La Jornada\/Head Topics M\u00e9xico 29 julio 2020 Se han cancelado todas las consultas m\u00e9dicas para nosotros, nuestra salud est\u00e1 en riesgo' expuso Gonz\u00e1lez Muro dirigente del CAVA Foto: Claudio Bola\u00f1os Pacientes con VIH se manifestaron, enmascarados, a las puertas del Instituto de Servicios de Salud del Estado (ISSEA) para exigir\u2026","rel":"","context":"En &quot;Aguascalientes&quot;","block_context":{"text":"Aguascalientes","link":"https:\/\/www.grieta.org.mx\/index.php\/category\/noticias-nacionales\/aguascalientes\/"},"img":{"alt_text":"","src":"https:\/\/i0.wp.com\/www.grieta.org.mx\/wp-content\/uploads\/2020\/08\/vih.png?resize=350%2C200&ssl=1","width":350,"height":200,"srcset":"https:\/\/i0.wp.com\/www.grieta.org.mx\/wp-content\/uploads\/2020\/08\/vih.png?resize=350%2C200&ssl=1 1x, https:\/\/i0.wp.com\/www.grieta.org.mx\/wp-content\/uploads\/2020\/08\/vih.png?resize=525%2C300&ssl=1 1.5x, https:\/\/i0.wp.com\/www.grieta.org.mx\/wp-content\/uploads\/2020\/08\/vih.png?resize=700%2C400&ssl=1 2x"},"classes":[]},{"id":56793,"url":"https:\/\/www.grieta.org.mx\/index.php\/2021\/02\/01\/habitantes-de-el-colorado-denuncian-falta-de-servicios-medicos\/","url_meta":{"origin":30121,"position":4},"title":"Habitantes de El Colorado denuncian falta de servicios m\u00e9dicos (Jalisco)","author":"grieta","date":"1 febrero, 2021","format":false,"excerpt":"Foto: Tribuna de la Bah\u00eda Alberto Garc\u00eda \/ Tribuna de la Bah\u00eda La semana pasada, las autoridades municipales y de salud estatal realizaron un evento en el rancho el Colorado, Jalisco para nombrarlo comunidad saludable, casi de inmediato los vecinos de la comunidad renegaron de ese hecho considerando que se\u2026","rel":"","context":"En &quot;CINTILLO&quot;","block_context":{"text":"CINTILLO","link":"https:\/\/www.grieta.org.mx\/index.php\/category\/cintillo\/"},"img":{"alt_text":"","src":"https:\/\/i0.wp.com\/www.grieta.org.mx\/wp-content\/uploads\/2021\/02\/2Semka3XQfM1Pw3xEGZNpr5RbyJgCHMRC7o0gCqt-portada.jpg?resize=350%2C200&ssl=1","width":350,"height":200,"srcset":"https:\/\/i0.wp.com\/www.grieta.org.mx\/wp-content\/uploads\/2021\/02\/2Semka3XQfM1Pw3xEGZNpr5RbyJgCHMRC7o0gCqt-portada.jpg?resize=350%2C200&ssl=1 1x, https:\/\/i0.wp.com\/www.grieta.org.mx\/wp-content\/uploads\/2021\/02\/2Semka3XQfM1Pw3xEGZNpr5RbyJgCHMRC7o0gCqt-portada.jpg?resize=525%2C300&ssl=1 1.5x, https:\/\/i0.wp.com\/www.grieta.org.mx\/wp-content\/uploads\/2021\/02\/2Semka3XQfM1Pw3xEGZNpr5RbyJgCHMRC7o0gCqt-portada.jpg?resize=700%2C400&ssl=1 2x"},"classes":[]},{"id":58179,"url":"https:\/\/www.grieta.org.mx\/index.php\/2021\/03\/31\/casi-7-mil-trabajadores-de-la-salud-no-han-recibido-vacuna-en-aguascalientes-medicos\/","url_meta":{"origin":30121,"position":5},"title":"Casi 7 mil trabajadores de la salud no han recibido vacuna en Aguascalientes: m\u00e9dicos","author":"grieta","date":"31 marzo, 2021","format":false,"excerpt":"Alejandro Romo\/ NewsWeek Aguascalientes 31 marzo 2021 En rueda de prensa, integrantes de la organizaci\u00f3n \u201cTodos somos primera l\u00ednea\u201d, que aglutina a m\u00e9dicos, enfermeros y dem\u00e1s personal de salud del Instituto Mexicano del Seguro Social (IMSS), Instituto de Seguridad y Servicios Sociales para los Trabajadores del Estado (ISSSTE), el Instituto\u2026","rel":"","context":"En &quot;Aguascalientes&quot;","block_context":{"text":"Aguascalientes","link":"https:\/\/www.grieta.org.mx\/index.php\/category\/noticias-nacionales\/aguascalientes\/"},"img":{"alt_text":"","src":"https:\/\/i0.wp.com\/www.grieta.org.mx\/wp-content\/uploads\/2021\/04\/doctores.png?resize=350%2C200&ssl=1","width":350,"height":200,"srcset":"https:\/\/i0.wp.com\/www.grieta.org.mx\/wp-content\/uploads\/2021\/04\/doctores.png?resize=350%2C200&ssl=1 1x, https:\/\/i0.wp.com\/www.grieta.org.mx\/wp-content\/uploads\/2021\/04\/doctores.png?resize=525%2C300&ssl=1 1.5x, https:\/\/i0.wp.com\/www.grieta.org.mx\/wp-content\/uploads\/2021\/04\/doctores.png?resize=700%2C400&ssl=1 2x"},"classes":[]}],"_links":{"self":[{"href":"https:\/\/www.grieta.org.mx\/index.php\/wp-json\/wp\/v2\/posts\/30121","targetHints":{"allow":["GET"]}}],"collection":[{"href":"https:\/\/www.grieta.org.mx\/index.php\/wp-json\/wp\/v2\/posts"}],"about":[{"href":"https:\/\/www.grieta.org.mx\/index.php\/wp-json\/wp\/v2\/types\/post"}],"author":[{"embeddable":true,"href":"https:\/\/www.grieta.org.mx\/index.php\/wp-json\/wp\/v2\/users\/2"}],"replies":[{"embeddable":true,"href":"https:\/\/www.grieta.org.mx\/index.php\/wp-json\/wp\/v2\/comments?post=30121"}],"version-history":[{"count":1,"href":"https:\/\/www.grieta.org.mx\/index.php\/wp-json\/wp\/v2\/posts\/30121\/revisions"}],"predecessor-version":[{"id":30127,"href":"https:\/\/www.grieta.org.mx\/index.php\/wp-json\/wp\/v2\/posts\/30121\/revisions\/30127"}],"wp:featuredmedia":[{"embeddable":true,"href":"https:\/\/www.grieta.org.mx\/index.php\/wp-json\/wp\/v2\/media\/30125"}],"wp:attachment":[{"href":"https:\/\/www.grieta.org.mx\/index.php\/wp-json\/wp\/v2\/media?parent=30121"}],"wp:term":[{"taxonomy":"category","embeddable":true,"href":"https:\/\/www.grieta.org.mx\/index.php\/wp-json\/wp\/v2\/categories?post=30121"},{"taxonomy":"post_tag","embeddable":true,"href":"https:\/\/www.grieta.org.mx\/index.php\/wp-json\/wp\/v2\/tags?post=30121"}],"curies":[{"name":"wp","href":"https:\/\/api.w.org\/{rel}","templated":true}]}}