{"id":29868,"date":"2019-02-28T19:53:16","date_gmt":"2019-03-01T01:53:16","guid":{"rendered":"http:\/\/www.grieta.org.mx\/?p=29868"},"modified":"2019-03-01T19:59:16","modified_gmt":"2019-03-02T01:59:16","slug":"vecinos-de-huentitan-se-oponen-a-ecocidio-para-desarrollar-fiestas-de-octubre-jalisco","status":"publish","type":"post","link":"https:\/\/www.grieta.org.mx\/index.php\/2019\/02\/28\/vecinos-de-huentitan-se-oponen-a-ecocidio-para-desarrollar-fiestas-de-octubre-jalisco\/","title":{"rendered":"Vecinos de Huentit\u00e1n se oponen a ecocidio para desarrollar Fiestas de Octubre (Jalisco)"},"content":{"rendered":"<p><img loading=\"lazy\" decoding=\"async\" data-attachment-id=\"29869\" data-permalink=\"https:\/\/www.grieta.org.mx\/index.php\/2019\/02\/28\/vecinos-de-huentitan-se-oponen-a-ecocidio-para-desarrollar-fiestas-de-octubre-jalisco\/trabajos-fiestas-de-octubre\/\" data-orig-file=\"https:\/\/www.grieta.org.mx\/wp-content\/uploads\/2019\/03\/Trabajos-Fiestas-de-Octubre.jpg\" data-orig-size=\"768,479\" data-comments-opened=\"0\" data-image-meta=\"{&quot;aperture&quot;:&quot;0&quot;,&quot;credit&quot;:&quot;&quot;,&quot;camera&quot;:&quot;&quot;,&quot;caption&quot;:&quot;&quot;,&quot;created_timestamp&quot;:&quot;0&quot;,&quot;copyright&quot;:&quot;&quot;,&quot;focal_length&quot;:&quot;0&quot;,&quot;iso&quot;:&quot;0&quot;,&quot;shutter_speed&quot;:&quot;0&quot;,&quot;title&quot;:&quot;&quot;,&quot;orientation&quot;:&quot;0&quot;}\" data-image-title=\"Trabajos Fiestas de Octubre\" data-image-description=\"\" data-image-caption=\"\" data-medium-file=\"https:\/\/www.grieta.org.mx\/wp-content\/uploads\/2019\/03\/Trabajos-Fiestas-de-Octubre-300x187.jpg\" data-large-file=\"https:\/\/www.grieta.org.mx\/wp-content\/uploads\/2019\/03\/Trabajos-Fiestas-de-Octubre.jpg\" class=\"aligncenter  wp-image-29869\" src=\"http:\/\/www.grieta.org.mx\/wp-content\/uploads\/2019\/03\/Trabajos-Fiestas-de-Octubre.jpg\" alt=\"\" width=\"784\" height=\"489\" srcset=\"https:\/\/www.grieta.org.mx\/wp-content\/uploads\/2019\/03\/Trabajos-Fiestas-de-Octubre.jpg 768w, https:\/\/www.grieta.org.mx\/wp-content\/uploads\/2019\/03\/Trabajos-Fiestas-de-Octubre-300x187.jpg 300w\" sizes=\"auto, (max-width: 784px) 100vw, 784px\" \/><\/p>\n<p><strong>V\u00edctor Ram\u00edrez \/ El Occidental<\/strong><\/p>\n<p>Vecinos de la zona de Huentit\u00e1n El Bajo levantan la voz y se\u00f1alan que \u201cno queremos cantinas, no queremos juegos ni espect\u00e1culos, queremos estar tranquilos y que no se haga este ecocidio, defenderemos el \u00e1rea verde hasta el final, en esta \u00e1rea no se construye una escuela desde hace 40 a\u00f1os, dijo Arturo Mendoza, al denunciar la tala de m\u00e1s de 250 \u00e1rboles para dar paso a la nueva sede de las Fiestas de Octubre.<\/p>\n<p>El presidente del Consejo de Participaci\u00f3n Social de Huentit\u00e1n El Bajo Secci\u00f3n Dos, indic\u00f3 que \u201cest\u00e1n talando, ahorita ya llevan m\u00e1s de 200 \u00e1rboles en la zona del ex planetario, aseguramos que son m\u00e1s de 200 porque como vecinos hicimos en el 2017 un inventario del arbolado en la zona, en este terreno en la parte de enfrente ten\u00edamos contabilizados 280 \u00e1rboles y en la parte de atr\u00e1s hay contabilizados 300 \u00e1rboles entre pinos y eucaliptos\u201d.<\/p>\n<p>En una visita a la zona se puede apreciar que el terreno est\u00e1 rodeado con una malla met\u00e1lica y cubierta de pl\u00e1stico verde en donde es evidente la tala de \u00e1rboles y la remoci\u00f3n de toneladas de tierra con las m\u00e1quinas y los camiones que hay en el sitio; al ver la presencia de medios de comunicaci\u00f3n los trabajadores dejaron de laborar y se fueron a otro lado, incluso uno de los encargados amenaz\u00f3 a un fot\u00f3grafo de darle \u201cun levant\u00f3n\u201d.<\/p>\n<p>El vecino quejoso se\u00f1al\u00f3 que en el interior del terreno se encuentra una m\u00e1quina que utilizan para triturar inmediatamente los \u00e1rboles que son talados y as\u00ed no dejar huella, pero lo m\u00e1s grave es que ya hay m\u00e1s de 300 que est\u00e1n en \u201cl\u00ednea formaditos como en campo de concentraci\u00f3n para ser fusilados \u201c.<\/p>\n<p>Mendoza Monta\u00f1o a nombre de sus vecinos volvi\u00f3 a rechazar la instalaci\u00f3n de la sede de las Fiestas de Octubre porque los habitantes de esa zona no quieren y sostuvo que ellos quieren m\u00e1s escuelas y \u00e1reas verdes ya que desde hace 40 a\u00f1os ninguna autoridad ha construido una sola escuela.<\/p>\n<p>\u201cEste terreno estaba destinado desde hace 30 a\u00f1os para hacer un parque metropolitano, pero el proyecto que traen en el gobierno, primero los panistas, luego los priistas y ahora los de Movimiento Naranja es la de construir las Fiestas de Octubre ver, la arena y el palenque\u201d con todo y estacionamiento, pero los vecinos dicen no conocer los efectos que tendr\u00e1 en el medio ambiente la obra.<\/p>\n<p><a href=\"https:\/\/www.eloccidental.com.mx\/local\/vecinos-de-huentitan-se-oponen-a-ecocidio-para-desarrollar-fiestas-de-octubre-3124248.html\">https:\/\/www.eloccidental.com.mx\/local\/vecinos-de-huentitan-se-oponen-a-ecocidio-para-desarrollar-fiestas-de-octubre-3124248.html<\/a><\/p>\n","protected":false},"excerpt":{"rendered":"<p>V\u00edctor Ram\u00edrez \/ El Occidental Vecinos de la zona de Huentit\u00e1n El Bajo levantan la voz y se\u00f1alan que \u201cno queremos cantinas, no queremos juegos ni espect\u00e1culos, queremos estar tranquilos &hellip; <a href=\"https:\/\/www.grieta.org.mx\/index.php\/2019\/02\/28\/vecinos-de-huentitan-se-oponen-a-ecocidio-para-desarrollar-fiestas-de-octubre-jalisco\/\" class=\"more-link\">Leer m\u00e1s<\/a><\/p>\n","protected":false},"author":2,"featured_media":21928,"comment_status":"closed","ping_status":"closed","sticky":false,"template":"","format":"standard","meta":{"ngg_post_thumbnail":0,"_jetpack_newsletter_access":"","_jetpack_dont_email_post_to_subs":false,"_jetpack_newsletter_tier_id":0,"_jetpack_memberships_contains_paywalled_content":false,"_jetpack_memberships_contains_paid_content":false,"footnotes":""},"categories":[80,20,1782,2,2108],"tags":[],"class_list":["post-29868","post","type-post","status-publish","format-standard","has-post-thumbnail","hentry","category-cintillo","category-jalisco","category-lucha-y-resistencia-del-pueblo-en-jalisco","category-noticias-nacionales","category-violencia-contra-periodistas-en-jalisco","entry"],"jetpack_featured_media_url":"https:\/\/www.grieta.org.mx\/wp-content\/uploads\/2018\/03\/14524434_1106112876131411_958039263622046936_o.jpg","jetpack_sharing_enabled":true,"jetpack_shortlink":"https:\/\/wp.me\/p7ZJR4-7LK","jetpack_likes_enabled":false,"jetpack-related-posts":[{"id":30142,"url":"https:\/\/www.grieta.org.mx\/index.php\/2019\/03\/04\/ecocidio-en-huentitan-continua-lo-que-sobrevivio-a-la-tala-fue-quemado-jalisco\/","url_meta":{"origin":29868,"position":0},"title":"Ecocidio en Huentit\u00e1n contin\u00faa: lo que sobrevivi\u00f3 a la tala, fue quemado (Jalisco)","author":"grieta","date":"4 marzo, 2019","format":false,"excerpt":"Ignacio P\u00e9rez Vega \/Cr\u00f3nica Jalisco El \u201cecocidio\u201d denunciado por colonos de Huentit\u00e1n el Bajo, al norte de la ciudad, sigui\u00f3 este fin de semana, luego de que la tarde del s\u00e1bado los constructores de la Arena Guadalajara, que servir\u00e1 como sede de las Fiestas de Octubre, realizaron una quema para\u2026","rel":"","context":"En &quot;CINTILLO&quot;","block_context":{"text":"CINTILLO","link":"https:\/\/www.grieta.org.mx\/index.php\/category\/cintillo\/"},"img":{"alt_text":"","src":"https:\/\/i0.wp.com\/www.grieta.org.mx\/wp-content\/uploads\/2019\/03\/ecojal.jpg?resize=350%2C200&ssl=1","width":350,"height":200},"classes":[]},{"id":62670,"url":"https:\/\/www.grieta.org.mx\/index.php\/2021\/11\/12\/iconia-mantiene-en-vilo-a-huentitan-jalisco\/","url_meta":{"origin":29868,"position":1},"title":"Iconia mantiene en vilo a Huentit\u00e1n (Jalisco)","author":"grieta","date":"12 noviembre, 2021","format":false,"excerpt":"Foto: Jorge Albert Mendoza Lauro Rodr\u00edguez \/ El Diario NTR Pobladores de Huentit\u00e1n se\u00f1alaron ayer que el gobierno municipal de Guadalajara, actualmente encabezado por Pablo Lemus Navarro, contin\u00faa con una actitud complaciente hacia el proyecto inmobiliario\u00a0Iconia, lo cual lamentaron, pues el alcalde ha declarado a medios de comunicaci\u00f3n que tiene\u2026","rel":"","context":"En &quot;CINTILLO&quot;","block_context":{"text":"CINTILLO","link":"https:\/\/www.grieta.org.mx\/index.php\/category\/cintillo\/"},"img":{"alt_text":"","src":"https:\/\/i0.wp.com\/www.grieta.org.mx\/wp-content\/uploads\/2021\/11\/2021-11-11_11-11-25___7588.jpg?resize=350%2C200&ssl=1","width":350,"height":200,"srcset":"https:\/\/i0.wp.com\/www.grieta.org.mx\/wp-content\/uploads\/2021\/11\/2021-11-11_11-11-25___7588.jpg?resize=350%2C200&ssl=1 1x, https:\/\/i0.wp.com\/www.grieta.org.mx\/wp-content\/uploads\/2021\/11\/2021-11-11_11-11-25___7588.jpg?resize=525%2C300&ssl=1 1.5x, https:\/\/i0.wp.com\/www.grieta.org.mx\/wp-content\/uploads\/2021\/11\/2021-11-11_11-11-25___7588.jpg?resize=700%2C400&ssl=1 2x"},"classes":[]},{"id":61586,"url":"https:\/\/www.grieta.org.mx\/index.php\/2021\/09\/08\/parque-resistencia-huentitan-la-lucha-no-termina-jalisco\/","url_meta":{"origin":29868,"position":2},"title":"Parque Resistencia Huentit\u00e1n: La lucha no termina (Jalisco)","author":"grieta","date":"8 septiembre, 2021","format":false,"excerpt":"Foto: Parque Resistencia Huentit\u00e1n Pese a los actos de represi\u00f3n cometidos contra quienes se encontraban en guardia nocturna en el Parque Resistencia Huentit\u00e1n, el pasado 20 de agosto, la lucha por recuperar este espacio urbano de los intereses inmobiliarios no ha cesado. Arturo Mendoza Monta\u00f1o, presidente del consejo social de\u2026","rel":"","context":"En &quot;CINTILLO&quot;","block_context":{"text":"CINTILLO","link":"https:\/\/www.grieta.org.mx\/index.php\/category\/cintillo\/"},"img":{"alt_text":"","src":"https:\/\/i0.wp.com\/www.grieta.org.mx\/wp-content\/uploads\/2021\/09\/E-tQr3jX0AMVOXb-1068x801-1.jpeg?resize=350%2C200&ssl=1","width":350,"height":200,"srcset":"https:\/\/i0.wp.com\/www.grieta.org.mx\/wp-content\/uploads\/2021\/09\/E-tQr3jX0AMVOXb-1068x801-1.jpeg?resize=350%2C200&ssl=1 1x, https:\/\/i0.wp.com\/www.grieta.org.mx\/wp-content\/uploads\/2021\/09\/E-tQr3jX0AMVOXb-1068x801-1.jpeg?resize=525%2C300&ssl=1 1.5x, https:\/\/i0.wp.com\/www.grieta.org.mx\/wp-content\/uploads\/2021\/09\/E-tQr3jX0AMVOXb-1068x801-1.jpeg?resize=700%2C400&ssl=1 2x, https:\/\/i0.wp.com\/www.grieta.org.mx\/wp-content\/uploads\/2021\/09\/E-tQr3jX0AMVOXb-1068x801-1.jpeg?resize=1050%2C600&ssl=1 3x"},"classes":[]},{"id":50436,"url":"https:\/\/www.grieta.org.mx\/index.php\/2020\/06\/04\/colectivo-denuncia-tala-ayuntamiento-lo-niega-jalisco\/","url_meta":{"origin":29868,"position":3},"title":"Colectivo denuncia tala; ayuntamiento lo niega (Jalisco)","author":"grieta","date":"4 junio, 2020","format":false,"excerpt":"Foto: Jorge Alberto Mendoza Edgar Flores \/ El Diario NTR El colectivo\u00a0\u00danete\u00a0Huentit\u00e1n, liderado\u00a0por el activista Arturo Mendoza Monta\u00f1o, denunci\u00f3 que\u00a0durante el periodo de\u00a0aislamiento a causa\u00a0del Covid-19 se han talado \u00e1rboles de un\u00a0predio\u00a0que se ubica en los cruces de calzada Independencia y Perif\u00e9rico, en donde se tiene\u00a0planeado\u00a0construir\u00a0el proyecto inmobiliario\u00a0Iconia\u00a0y un complejo\u2026","rel":"","context":"En &quot;CINTILLO&quot;","block_context":{"text":"CINTILLO","link":"https:\/\/www.grieta.org.mx\/index.php\/category\/cintillo\/"},"img":{"alt_text":"","src":"https:\/\/i0.wp.com\/www.grieta.org.mx\/wp-content\/uploads\/2020\/06\/2020-06-03_09-06-57___1335.jpg?resize=350%2C200&ssl=1","width":350,"height":200,"srcset":"https:\/\/i0.wp.com\/www.grieta.org.mx\/wp-content\/uploads\/2020\/06\/2020-06-03_09-06-57___1335.jpg?resize=350%2C200&ssl=1 1x, https:\/\/i0.wp.com\/www.grieta.org.mx\/wp-content\/uploads\/2020\/06\/2020-06-03_09-06-57___1335.jpg?resize=525%2C300&ssl=1 1.5x, https:\/\/i0.wp.com\/www.grieta.org.mx\/wp-content\/uploads\/2020\/06\/2020-06-03_09-06-57___1335.jpg?resize=700%2C400&ssl=1 2x"},"classes":[]},{"id":54427,"url":"https:\/\/www.grieta.org.mx\/index.php\/2020\/10\/21\/vecinos-de-huentitan-anuncian-nuevo-frente-contra-distrito-iconia-jalisco\/","url_meta":{"origin":29868,"position":4},"title":"Vecinos de Huentit\u00e1n anuncian nuevo frente contra Distrito Iconia (Jalisco)","author":"grieta","date":"21 octubre, 2020","format":false,"excerpt":"Foto: Semarnat Jalisco De acuerdo con Arturo Mendoza, representante de la asociaci\u00f3n, la falta de un juez especializado en materia ambiental ha perjudicado la defensa de la zona Violeta Mel\u00e9ndez \/ UDGTV Vecinos organizados a trav\u00e9s de la agrupaci\u00f3n \u00danete Huentit\u00e1n\u00a0anunciaron un nuevo frente legal contra Distrito Iconia,\u00a0un megaproyecto inmobiliario\u2026","rel":"","context":"En &quot;CINTILLO&quot;","block_context":{"text":"CINTILLO","link":"https:\/\/www.grieta.org.mx\/index.php\/category\/cintillo\/"},"img":{"alt_text":"","src":"https:\/\/i0.wp.com\/www.grieta.org.mx\/wp-content\/uploads\/2020\/10\/Barranca-de-Huentitan-Semadet-Jalisco-630x420-1.jpg?resize=350%2C200&ssl=1","width":350,"height":200,"srcset":"https:\/\/i0.wp.com\/www.grieta.org.mx\/wp-content\/uploads\/2020\/10\/Barranca-de-Huentitan-Semadet-Jalisco-630x420-1.jpg?resize=350%2C200&ssl=1 1x, https:\/\/i0.wp.com\/www.grieta.org.mx\/wp-content\/uploads\/2020\/10\/Barranca-de-Huentitan-Semadet-Jalisco-630x420-1.jpg?resize=525%2C300&ssl=1 1.5x"},"classes":[]},{"id":30965,"url":"https:\/\/www.grieta.org.mx\/index.php\/2019\/03\/20\/enrique-alfaro-un-cabron-que-no-respeta-amparos-jalisco\/","url_meta":{"origin":29868,"position":5},"title":"Enrique Alfaro, \u201cun cabr\u00f3n que no respeta amparos\u201d (Jalisco)","author":"grieta","date":"20 marzo, 2019","format":false,"excerpt":"Se empecina en construir el complejo de las Fiestas de Octubre en esta parte de Guadalajara, causando un ecocidio; lo peor, impunemente Rafael Hern\u00e1ndez Gu\u00edzar \/ P\u00e1gina 24 Habitantes de la zona de Huentit\u00e1n en Guadalaja\u00adra denunciaron que Enrique Alfaro Ram\u00edrez, gobernador de Jalisco est\u00e1 cayendo recu\u00adrrentemente en desacato al\u2026","rel":"","context":"En &quot;CINTILLO&quot;","block_context":{"text":"CINTILLO","link":"https:\/\/www.grieta.org.mx\/index.php\/category\/cintillo\/"},"img":{"alt_text":"","src":"https:\/\/i0.wp.com\/www.grieta.org.mx\/wp-content\/uploads\/2018\/03\/14524434_1106112876131411_958039263622046936_o.jpg?resize=350%2C200&ssl=1","width":350,"height":200,"srcset":"https:\/\/i0.wp.com\/www.grieta.org.mx\/wp-content\/uploads\/2018\/03\/14524434_1106112876131411_958039263622046936_o.jpg?resize=350%2C200&ssl=1 1x, https:\/\/i0.wp.com\/www.grieta.org.mx\/wp-content\/uploads\/2018\/03\/14524434_1106112876131411_958039263622046936_o.jpg?resize=525%2C300&ssl=1 1.5x, https:\/\/i0.wp.com\/www.grieta.org.mx\/wp-content\/uploads\/2018\/03\/14524434_1106112876131411_958039263622046936_o.jpg?resize=700%2C400&ssl=1 2x"},"classes":[]}],"_links":{"self":[{"href":"https:\/\/www.grieta.org.mx\/index.php\/wp-json\/wp\/v2\/posts\/29868","targetHints":{"allow":["GET"]}}],"collection":[{"href":"https:\/\/www.grieta.org.mx\/index.php\/wp-json\/wp\/v2\/posts"}],"about":[{"href":"https:\/\/www.grieta.org.mx\/index.php\/wp-json\/wp\/v2\/types\/post"}],"author":[{"embeddable":true,"href":"https:\/\/www.grieta.org.mx\/index.php\/wp-json\/wp\/v2\/users\/2"}],"replies":[{"embeddable":true,"href":"https:\/\/www.grieta.org.mx\/index.php\/wp-json\/wp\/v2\/comments?post=29868"}],"version-history":[{"count":1,"href":"https:\/\/www.grieta.org.mx\/index.php\/wp-json\/wp\/v2\/posts\/29868\/revisions"}],"predecessor-version":[{"id":29871,"href":"https:\/\/www.grieta.org.mx\/index.php\/wp-json\/wp\/v2\/posts\/29868\/revisions\/29871"}],"wp:featuredmedia":[{"embeddable":true,"href":"https:\/\/www.grieta.org.mx\/index.php\/wp-json\/wp\/v2\/media\/21928"}],"wp:attachment":[{"href":"https:\/\/www.grieta.org.mx\/index.php\/wp-json\/wp\/v2\/media?parent=29868"}],"wp:term":[{"taxonomy":"category","embeddable":true,"href":"https:\/\/www.grieta.org.mx\/index.php\/wp-json\/wp\/v2\/categories?post=29868"},{"taxonomy":"post_tag","embeddable":true,"href":"https:\/\/www.grieta.org.mx\/index.php\/wp-json\/wp\/v2\/tags?post=29868"}],"curies":[{"name":"wp","href":"https:\/\/api.w.org\/{rel}","templated":true}]}}