{"id":29727,"date":"2019-02-27T01:27:56","date_gmt":"2019-02-27T07:27:56","guid":{"rendered":"http:\/\/www.grieta.org.mx\/?p=29727"},"modified":"2019-02-27T01:27:56","modified_gmt":"2019-02-27T07:27:56","slug":"ante-ola-de-violencia-regresan-patrullajes-de-militares-a-san-pedro-nuevo-leon","status":"publish","type":"post","link":"https:\/\/www.grieta.org.mx\/index.php\/2019\/02\/27\/ante-ola-de-violencia-regresan-patrullajes-de-militares-a-san-pedro-nuevo-leon\/","title":{"rendered":"Ante ola de violencia, regresan patrullajes de militares a San Pedro, Nuevo Le\u00f3n"},"content":{"rendered":"<p><img loading=\"lazy\" decoding=\"async\" data-attachment-id=\"29728\" data-permalink=\"https:\/\/www.grieta.org.mx\/index.php\/2019\/02\/27\/ante-ola-de-violencia-regresan-patrullajes-de-militares-a-san-pedro-nuevo-leon\/ante-ola-de-violencia-regresan-patrullajes-de-militares-a-san-pedro-nuevo-leon-nl-feb\/\" data-orig-file=\"https:\/\/www.grieta.org.mx\/wp-content\/uploads\/2019\/02\/Ante-ola-de-violencia-regresan-patrullajes-de-militares-a-San-Pedro-Nuevo-Le\u00f3n-nl-feb.jpg\" data-orig-size=\"980,735\" data-comments-opened=\"0\" data-image-meta=\"{&quot;aperture&quot;:&quot;0&quot;,&quot;credit&quot;:&quot;&quot;,&quot;camera&quot;:&quot;&quot;,&quot;caption&quot;:&quot;&quot;,&quot;created_timestamp&quot;:&quot;0&quot;,&quot;copyright&quot;:&quot;&quot;,&quot;focal_length&quot;:&quot;0&quot;,&quot;iso&quot;:&quot;0&quot;,&quot;shutter_speed&quot;:&quot;0&quot;,&quot;title&quot;:&quot;&quot;,&quot;orientation&quot;:&quot;0&quot;}\" data-image-title=\"Ante ola de violencia, regresan patrullajes de militares a San Pedro, Nuevo Le\u00f3n nl feb\" data-image-description=\"\" data-image-caption=\"\" data-medium-file=\"https:\/\/www.grieta.org.mx\/wp-content\/uploads\/2019\/02\/Ante-ola-de-violencia-regresan-patrullajes-de-militares-a-San-Pedro-Nuevo-Le\u00f3n-nl-feb-300x225.jpg\" data-large-file=\"https:\/\/www.grieta.org.mx\/wp-content\/uploads\/2019\/02\/Ante-ola-de-violencia-regresan-patrullajes-de-militares-a-San-Pedro-Nuevo-Le\u00f3n-nl-feb.jpg\" class=\"aligncenter  wp-image-29728\" src=\"http:\/\/www.grieta.org.mx\/wp-content\/uploads\/2019\/02\/Ante-ola-de-violencia-regresan-patrullajes-de-militares-a-San-Pedro-Nuevo-Le\u00f3n-nl-feb-300x225.jpg\" alt=\"\" width=\"372\" height=\"279\" srcset=\"https:\/\/www.grieta.org.mx\/wp-content\/uploads\/2019\/02\/Ante-ola-de-violencia-regresan-patrullajes-de-militares-a-San-Pedro-Nuevo-Le\u00f3n-nl-feb-300x225.jpg 300w, https:\/\/www.grieta.org.mx\/wp-content\/uploads\/2019\/02\/Ante-ola-de-violencia-regresan-patrullajes-de-militares-a-San-Pedro-Nuevo-Le\u00f3n-nl-feb-768x576.jpg 768w, https:\/\/www.grieta.org.mx\/wp-content\/uploads\/2019\/02\/Ante-ola-de-violencia-regresan-patrullajes-de-militares-a-San-Pedro-Nuevo-Le\u00f3n-nl-feb-667x500.jpg 667w, https:\/\/www.grieta.org.mx\/wp-content\/uploads\/2019\/02\/Ante-ola-de-violencia-regresan-patrullajes-de-militares-a-San-Pedro-Nuevo-Le\u00f3n-nl-feb.jpg 980w\" sizes=\"auto, (max-width: 372px) 100vw, 372px\" \/><br \/>\nVanguardia<\/p>\n<blockquote><p>Los militares permanecer\u00e1n en el municipio de San Pedro brindando apoyo en patrullajes y labores de inteligencia<\/p><\/blockquote>\n<p>Monterrey, Nuevo Le\u00f3n.- En medio de la ola de violencia que vive el municipio de San Pedro,\u00a0este martes regresaron los patrullajes militares a ese municipio.<\/p>\n<p>A trav\u00e9s de un convenio de colaboraci\u00f3n con el Ej\u00e9rcito se consigui\u00f3 que las fuerzas castrenses permanezcan en el ayuntamiento apoyando en patrullajes y labores de inteligencia.<\/p>\n<p>La presencia de las fuerzas castrenses no se daba desde que concluy\u00f3 la administraci\u00f3n del panista, Mauricio Fern\u00e1ndez Garza.<\/p>\n<p>El Secretario del ayuntamiento, Jos\u00e9 D\u00e1valos Siller fue el encargado de darles la bienvenida al cuartel que se ubica en la colonia La Leona, que en su momento fue construido por Fern\u00e1ndez Garza.<\/p>\n<p>En recientes semanas, el municipio ha vivido una serie de hechos violentos que mantienen preocupados y molestos a los sampetrinos porque si de algo presum\u00edan era de la tranquilidad que se respiraba en sus calles.<\/p>\n<p>Entre los sucesos, se han registrado una serie de ataques incendiarios en contra de veh\u00edculos estacionados. El primer evento fue a finales de enero cuando desconocidos quemaron seis veh\u00edculos en tres puntos distintos del municipio.<\/p>\n<p>La semana pasada, dos hombres aventaron una bomba molotov en contra del estacionamiento de una agencia de autos con saldo de cinco unidades calcinadas.<\/p>\n<p>Tambi\u00e9n se registraron una serie de asaltos con violencia que fueron adjudicados a una banda de sudamericanos. En uno de los hechos fue asesinado un joven de 24 a\u00f1os cuando opuso resistencia al robo de un reloj, en el estacionamiento de la plaza Tanarah.<\/p>\n<p>Por ahora la presencia de los militares ya comienza a ser notoria.<\/p>\n<p>Hasta el momento, se desconoce el n\u00famero de los elementos, sin embargo se dijo que los patrullajes ser\u00e1n permanentes.<\/p>\n<p>El fin de semana, sampetrinos protagonizaron una marcha pacifica para exigir a las autoridades un alto a la violencia en ese ayuntamiento.<\/p>\n<p>Participaron ciudadanos vestidos de blanco con pancartas con dibujos de la paloma de la paz.<\/p>\n<p><a href=\"https:\/\/vanguardia.com.mx\/articulo\/regresan-patrullajes-militares-san-pedro-nuevo-leon\" target=\"_blank\" rel=\"noopener\">https:\/\/vanguardia.com.mx\/articulo\/regresan-patrullajes-militares-san-pedro-nuevo-leon<\/a><\/p>\n","protected":false},"excerpt":{"rendered":"<p>Vanguardia Los militares permanecer\u00e1n en el municipio de San Pedro brindando apoyo en patrullajes y labores de inteligencia Monterrey, Nuevo Le\u00f3n.- En medio de la ola de violencia que vive &hellip; <a href=\"https:\/\/www.grieta.org.mx\/index.php\/2019\/02\/27\/ante-ola-de-violencia-regresan-patrullajes-de-militares-a-san-pedro-nuevo-leon\/\" class=\"more-link\">Leer m\u00e1s<\/a><\/p>\n","protected":false},"author":2,"featured_media":29728,"comment_status":"closed","ping_status":"closed","sticky":false,"template":"","format":"standard","meta":{"ngg_post_thumbnail":0,"_jetpack_newsletter_access":"","_jetpack_dont_email_post_to_subs":false,"_jetpack_newsletter_tier_id":0,"_jetpack_memberships_contains_paywalled_content":false,"_jetpack_memberships_contains_paid_content":false,"footnotes":""},"categories":[80,912,2196,2,24,202,83],"tags":[614],"class_list":{"0":"post-29727","1":"post","2":"type-post","3":"status-publish","4":"format-standard","5":"has-post-thumbnail","6":"hentry","7":"category-cintillo","8":"category-militarizacion","9":"category-militarizacion-en-nuevo-leon","10":"category-noticias-nacionales","11":"category-nuevo-leon","13":"category-temas-nacionales","14":"tag-militarizacion","15":"entry"},"jetpack_featured_media_url":"https:\/\/www.grieta.org.mx\/wp-content\/uploads\/2019\/02\/Ante-ola-de-violencia-regresan-patrullajes-de-militares-a-San-Pedro-Nuevo-Le\u00f3n-nl-feb.jpg","jetpack_sharing_enabled":true,"jetpack_shortlink":"https:\/\/wp.me\/p7ZJR4-7Jt","jetpack_likes_enabled":false,"jetpack-related-posts":[{"id":46477,"url":"https:\/\/www.grieta.org.mx\/index.php\/2020\/03\/12\/llegan-nuevos-elementos-de-la-guardia-nacional-a-slp\/","url_meta":{"origin":29727,"position":0},"title":"Llegan nuevos elementos de la Guardia Nacional a SLP","author":"grieta","date":"12 marzo, 2020","format":false,"excerpt":"Bertha Escalante\/El Sol de San Luis 12 marzo 2020 Esperan que \"efecto cucaracha\" no impacte en territorio potosino ante acciones de seguridad en Guanajuato y Zacatecas En San Luis Potos\u00ed trabajan de manera coordinada los tres \u00f3rdenes de gobierno a trav\u00e9s de sus dependencias de seguridad, para que el efecto\u2026","rel":"","context":"En &quot;CINTILLO&quot;","block_context":{"text":"CINTILLO","link":"https:\/\/www.grieta.org.mx\/index.php\/category\/cintillo\/"},"img":{"alt_text":"","src":"https:\/\/i0.wp.com\/www.grieta.org.mx\/wp-content\/uploads\/2020\/03\/Guzmar-Angel-Gonz%C3%A1lez.jpeg?resize=350%2C200&ssl=1","width":350,"height":200,"srcset":"https:\/\/i0.wp.com\/www.grieta.org.mx\/wp-content\/uploads\/2020\/03\/Guzmar-Angel-Gonz%C3%A1lez.jpeg?resize=350%2C200&ssl=1 1x, https:\/\/i0.wp.com\/www.grieta.org.mx\/wp-content\/uploads\/2020\/03\/Guzmar-Angel-Gonz%C3%A1lez.jpeg?resize=525%2C300&ssl=1 1.5x, https:\/\/i0.wp.com\/www.grieta.org.mx\/wp-content\/uploads\/2020\/03\/Guzmar-Angel-Gonz%C3%A1lez.jpeg?resize=700%2C400&ssl=1 2x"},"classes":[]},{"id":13388,"url":"https:\/\/www.grieta.org.mx\/index.php\/2016\/05\/27\/600-militares-cuidaran-la-sierra-instalan-base-en-guachochi\/","url_meta":{"origin":29727,"position":1},"title":"600 militares cuidar\u00e1n la Sierra; instalan base en Guachochi","author":"grieta","date":"27 mayo, 2016","format":false,"excerpt":"Tiempo Pedro Fierro S. A varios kil\u00f3metros de la cabecera municipal, estos elementos realizar\u00e1n patrullajes con el fin del combate al narcotr\u00e1fico, luego de diferentes situaciones que ocurren desde los \u00faltimos meses. C\u00e9sar Duarte, gobernador de Chihuahua afirm\u00f3 que ser\u00e1 la Polic\u00eda Militar quien ejerza estas funciones y afirm\u00f3 que\u2026","rel":"","context":"En &quot;chihuahua&quot;","block_context":{"text":"chihuahua","link":"https:\/\/www.grieta.org.mx\/index.php\/category\/chihuahua\/"},"img":{"alt_text":"","src":"https:\/\/i0.wp.com\/www.grieta.org.mx\/wp-content\/uploads\/2018\/03\/14524434_1106112876131411_958039263622046936_o.jpg?resize=350%2C200&ssl=1","width":350,"height":200,"srcset":"https:\/\/i0.wp.com\/www.grieta.org.mx\/wp-content\/uploads\/2018\/03\/14524434_1106112876131411_958039263622046936_o.jpg?resize=350%2C200&ssl=1 1x, https:\/\/i0.wp.com\/www.grieta.org.mx\/wp-content\/uploads\/2018\/03\/14524434_1106112876131411_958039263622046936_o.jpg?resize=525%2C300&ssl=1 1.5x, https:\/\/i0.wp.com\/www.grieta.org.mx\/wp-content\/uploads\/2018\/03\/14524434_1106112876131411_958039263622046936_o.jpg?resize=700%2C400&ssl=1 2x"},"classes":[]},{"id":41478,"url":"https:\/\/www.grieta.org.mx\/index.php\/2019\/11\/21\/construyen-2-bases-para-la-guardia-nacional-en-tlajomulco-jalisco\/","url_meta":{"origin":29727,"position":2},"title":"Construyen 2 bases para la Guardia Nacional en Tlajomulco (Jalisco)","author":"grieta","date":"21 noviembre, 2019","format":false,"excerpt":"Foto: Archivo El Occidental Se ha dado a conocer que en Jalisco hay desplegados 2 mil 273 elementos de los 3 mil 600 que llegar\u00e1n a la entidad Elizabeth Ibal \/ El Occidental El municipio de Tlajomulco de Z\u00fa\u00f1iga albergar\u00e1 dos bases operativas para la Guardia Nacional. Una de las\u2026","rel":"","context":"En &quot;CINTILLO&quot;","block_context":{"text":"CINTILLO","link":"https:\/\/www.grieta.org.mx\/index.php\/category\/cintillo\/"},"img":{"alt_text":"","src":"https:\/\/i0.wp.com\/www.grieta.org.mx\/wp-content\/uploads\/2019\/11\/Policiaca.jpg?resize=350%2C200&ssl=1","width":350,"height":200,"srcset":"https:\/\/i0.wp.com\/www.grieta.org.mx\/wp-content\/uploads\/2019\/11\/Policiaca.jpg?resize=350%2C200&ssl=1 1x, https:\/\/i0.wp.com\/www.grieta.org.mx\/wp-content\/uploads\/2019\/11\/Policiaca.jpg?resize=525%2C300&ssl=1 1.5x, https:\/\/i0.wp.com\/www.grieta.org.mx\/wp-content\/uploads\/2019\/11\/Policiaca.jpg?resize=700%2C400&ssl=1 2x"},"classes":[]},{"id":38245,"url":"https:\/\/www.grieta.org.mx\/index.php\/2019\/08\/24\/arriban-400-militares-mas-para-reforzar-seguridad-en-metropoli-jalisco\/","url_meta":{"origin":29727,"position":3},"title":"Arriban 400 militares m\u00e1s para reforzar seguridad en metr\u00f3poli (Jalisco)","author":"grieta","date":"24 agosto, 2019","format":false,"excerpt":"Foto: Archivo \/ El Informador Redacci\u00f3n \/ El Informador Para reforzar la seguridad en el \u00c1rea Metropolitana de Guadalajara, 400 elementos m\u00e1s de la Secretar\u00eda de la Defensa Nacional (Sedena) llegaron a la Entidad, inform\u00f3 Pedro Felipe Gurrola Ram\u00edrez, comandante de la V Regi\u00f3n Militar. Se trata de personal del\u2026","rel":"","context":"En &quot;CINTILLO&quot;","block_context":{"text":"CINTILLO","link":"https:\/\/www.grieta.org.mx\/index.php\/category\/cintillo\/"},"img":{"alt_text":"","src":"https:\/\/i0.wp.com\/www.grieta.org.mx\/wp-content\/uploads\/2019\/08\/rs3232399_dig-2019-07-05-23-07-57_crop1566637798391.jpg_1970638775.jpg?resize=350%2C200&ssl=1","width":350,"height":200,"srcset":"https:\/\/i0.wp.com\/www.grieta.org.mx\/wp-content\/uploads\/2019\/08\/rs3232399_dig-2019-07-05-23-07-57_crop1566637798391.jpg_1970638775.jpg?resize=350%2C200&ssl=1 1x, https:\/\/i0.wp.com\/www.grieta.org.mx\/wp-content\/uploads\/2019\/08\/rs3232399_dig-2019-07-05-23-07-57_crop1566637798391.jpg_1970638775.jpg?resize=525%2C300&ssl=1 1.5x, https:\/\/i0.wp.com\/www.grieta.org.mx\/wp-content\/uploads\/2019\/08\/rs3232399_dig-2019-07-05-23-07-57_crop1566637798391.jpg_1970638775.jpg?resize=700%2C400&ssl=1 2x"},"classes":[]},{"id":28964,"url":"https:\/\/www.grieta.org.mx\/index.php\/2019\/02\/14\/paran-labores-en-semarnat-de-nl-nuevo-leon\/","url_meta":{"origin":29727,"position":4},"title":"Paran labores en Semarnat de NL (Nuevo Le\u00f3n)","author":"grieta","date":"14 febrero, 2019","format":false,"excerpt":"Redacci\u00f3n Posta Protestan por despidos y falta de prestaciones. NUEVO LE\u00d3N.- En protesta por el despido de 50 empleados sin las liquidaciones de ley, la Semarnat en Nuevo Le\u00f3n inici\u00f3 un paro de labores este lunes. Los trabajadores inconformes se\u00f1alaron que los problemas iniciaron con el nuevo Gobierno Federal. Mencionaron\u2026","rel":"","context":"En &quot;CINTILLO&quot;","block_context":{"text":"CINTILLO","link":"https:\/\/www.grieta.org.mx\/index.php\/category\/cintillo\/"},"img":{"alt_text":"","src":"https:\/\/i0.wp.com\/www.grieta.org.mx\/wp-content\/uploads\/2019\/02\/Paran-labores-en-Semarnat-de-NL-feb.jpg?resize=350%2C200&ssl=1","width":350,"height":200,"srcset":"https:\/\/i0.wp.com\/www.grieta.org.mx\/wp-content\/uploads\/2019\/02\/Paran-labores-en-Semarnat-de-NL-feb.jpg?resize=350%2C200&ssl=1 1x, https:\/\/i0.wp.com\/www.grieta.org.mx\/wp-content\/uploads\/2019\/02\/Paran-labores-en-Semarnat-de-NL-feb.jpg?resize=525%2C300&ssl=1 1.5x"},"classes":[]},{"id":56784,"url":"https:\/\/www.grieta.org.mx\/index.php\/2021\/02\/01\/operativos-del-ejercito-regresan-a-la-zona-metropolitana-de-nuevo-leon\/","url_meta":{"origin":29727,"position":5},"title":"Operativos del Ej\u00e9rcito regresan a la zona metropolitana de Nuevo Le\u00f3n","author":"grieta","date":"1 febrero, 2021","format":false,"excerpt":"Nuevo Le\u00f3n ha sufrido eventos violentos en los \u00faltimos a\u00f1os. De acuerdo con estad\u00edsticas de la Fiscal\u00eda de Justicia estatal, en 2017 se registraron 656 homicidios dolosos y para 2020 la cifra subi\u00f3 a 914. Luciano Campos Garza\/ PROCESO \u00a0 MONTERREY, N.L. (apro).- La Secretar\u00eda de la Defensa Nacional (Sedena)\u2026","rel":"","context":"En &quot;CINTILLO&quot;","block_context":{"text":"CINTILLO","link":"https:\/\/www.grieta.org.mx\/index.php\/category\/cintillo\/"},"img":{"alt_text":"","src":"https:\/\/i0.wp.com\/www.grieta.org.mx\/wp-content\/uploads\/2021\/02\/helicopf800x450-129435_180881_5050.jpg?resize=350%2C200&ssl=1","width":350,"height":200,"srcset":"https:\/\/i0.wp.com\/www.grieta.org.mx\/wp-content\/uploads\/2021\/02\/helicopf800x450-129435_180881_5050.jpg?resize=350%2C200&ssl=1 1x, https:\/\/i0.wp.com\/www.grieta.org.mx\/wp-content\/uploads\/2021\/02\/helicopf800x450-129435_180881_5050.jpg?resize=525%2C300&ssl=1 1.5x, https:\/\/i0.wp.com\/www.grieta.org.mx\/wp-content\/uploads\/2021\/02\/helicopf800x450-129435_180881_5050.jpg?resize=700%2C400&ssl=1 2x"},"classes":[]}],"_links":{"self":[{"href":"https:\/\/www.grieta.org.mx\/index.php\/wp-json\/wp\/v2\/posts\/29727","targetHints":{"allow":["GET"]}}],"collection":[{"href":"https:\/\/www.grieta.org.mx\/index.php\/wp-json\/wp\/v2\/posts"}],"about":[{"href":"https:\/\/www.grieta.org.mx\/index.php\/wp-json\/wp\/v2\/types\/post"}],"author":[{"embeddable":true,"href":"https:\/\/www.grieta.org.mx\/index.php\/wp-json\/wp\/v2\/users\/2"}],"replies":[{"embeddable":true,"href":"https:\/\/www.grieta.org.mx\/index.php\/wp-json\/wp\/v2\/comments?post=29727"}],"version-history":[{"count":1,"href":"https:\/\/www.grieta.org.mx\/index.php\/wp-json\/wp\/v2\/posts\/29727\/revisions"}],"predecessor-version":[{"id":29729,"href":"https:\/\/www.grieta.org.mx\/index.php\/wp-json\/wp\/v2\/posts\/29727\/revisions\/29729"}],"wp:featuredmedia":[{"embeddable":true,"href":"https:\/\/www.grieta.org.mx\/index.php\/wp-json\/wp\/v2\/media\/29728"}],"wp:attachment":[{"href":"https:\/\/www.grieta.org.mx\/index.php\/wp-json\/wp\/v2\/media?parent=29727"}],"wp:term":[{"taxonomy":"category","embeddable":true,"href":"https:\/\/www.grieta.org.mx\/index.php\/wp-json\/wp\/v2\/categories?post=29727"},{"taxonomy":"post_tag","embeddable":true,"href":"https:\/\/www.grieta.org.mx\/index.php\/wp-json\/wp\/v2\/tags?post=29727"}],"curies":[{"name":"wp","href":"https:\/\/api.w.org\/{rel}","templated":true}]}}