{"id":29724,"date":"2019-02-27T01:19:42","date_gmt":"2019-02-27T07:19:42","guid":{"rendered":"http:\/\/www.grieta.org.mx\/?p=29724"},"modified":"2019-02-27T01:19:42","modified_gmt":"2019-02-27T07:19:42","slug":"tras-paro-nacional-cecyte-en-nuevo-leon-detiene-operaciones","status":"publish","type":"post","link":"https:\/\/www.grieta.org.mx\/index.php\/2019\/02\/27\/tras-paro-nacional-cecyte-en-nuevo-leon-detiene-operaciones\/","title":{"rendered":"Tras paro nacional, CECyTE en Nuevo Le\u00f3n detiene operaciones"},"content":{"rendered":"<p><img loading=\"lazy\" decoding=\"async\" data-attachment-id=\"29725\" data-permalink=\"https:\/\/www.grieta.org.mx\/index.php\/2019\/02\/27\/tras-paro-nacional-cecyte-en-nuevo-leon-detiene-operaciones\/tras-paro-nacional-cecyte-en-nuevo-leon-detiene-operaciones-nl-feb\/\" data-orig-file=\"https:\/\/www.grieta.org.mx\/wp-content\/uploads\/2019\/02\/Tras-paro-nacional-CECyTE-en-Nuevo-Le\u00f3n-detiene-operaciones-nl-feb.jpg\" data-orig-size=\"620,282\" data-comments-opened=\"0\" data-image-meta=\"{&quot;aperture&quot;:&quot;0&quot;,&quot;credit&quot;:&quot;&quot;,&quot;camera&quot;:&quot;&quot;,&quot;caption&quot;:&quot;&quot;,&quot;created_timestamp&quot;:&quot;0&quot;,&quot;copyright&quot;:&quot;&quot;,&quot;focal_length&quot;:&quot;0&quot;,&quot;iso&quot;:&quot;0&quot;,&quot;shutter_speed&quot;:&quot;0&quot;,&quot;title&quot;:&quot;&quot;,&quot;orientation&quot;:&quot;0&quot;}\" data-image-title=\"Tras paro nacional, CECyTE en Nuevo Le\u00f3n detiene operaciones nl feb\" data-image-description=\"\" data-image-caption=\"\" data-medium-file=\"https:\/\/www.grieta.org.mx\/wp-content\/uploads\/2019\/02\/Tras-paro-nacional-CECyTE-en-Nuevo-Le\u00f3n-detiene-operaciones-nl-feb-300x136.jpg\" data-large-file=\"https:\/\/www.grieta.org.mx\/wp-content\/uploads\/2019\/02\/Tras-paro-nacional-CECyTE-en-Nuevo-Le\u00f3n-detiene-operaciones-nl-feb.jpg\" class=\"aligncenter  wp-image-29725\" src=\"http:\/\/www.grieta.org.mx\/wp-content\/uploads\/2019\/02\/Tras-paro-nacional-CECyTE-en-Nuevo-Le\u00f3n-detiene-operaciones-nl-feb-300x136.jpg\" alt=\"\" width=\"406\" height=\"184\" srcset=\"https:\/\/www.grieta.org.mx\/wp-content\/uploads\/2019\/02\/Tras-paro-nacional-CECyTE-en-Nuevo-Le\u00f3n-detiene-operaciones-nl-feb-300x136.jpg 300w, https:\/\/www.grieta.org.mx\/wp-content\/uploads\/2019\/02\/Tras-paro-nacional-CECyTE-en-Nuevo-Le\u00f3n-detiene-operaciones-nl-feb.jpg 620w\" sizes=\"auto, (max-width: 406px) 100vw, 406px\" \/><br \/>\nAlejandro Ram\u00edrez \/ El Porvenir<\/p>\n<blockquote><p>Tras paro nacional, CECyTE en Nuevo Le\u00f3n detiene operaciones<\/p><\/blockquote>\n<p>Personal administrativo y docente, aplicaron este lunes un paro a las actividades del Colegio de Estudios Cient\u00edficos y Tecnol\u00f3gicos (CECyTE) a nivel nacional, esto tras la reducci\u00f3n al presupuesto de la educaci\u00f3n media superior que aplic\u00f3 el Gobierno Federal, afectando as\u00ed, a un alrededor de 14 mil alumnos en Nuevo Le\u00f3n.<\/p>\n<p>Fue a trav\u00e9s de un comunicado emitido por el sindicato, que se procur\u00f3 el paro nacional a todos los trabajadores en la CECyTE, por lo que el Secretario General del Sindicato de CECyTE, V\u00edctor Hugo Hern\u00e1ndez, destac\u00f3 un recorte de 50 millones de pesos para el estado, afectando directamente en el salario de los docentes, as\u00ed como prestaciones e insumos de los planteles.<\/p>\n<p>\u201cEn pl\u00e1ticas de manera no oficial, nos comentan que es un problema de la Secretar\u00eda de Hacienda y Cr\u00e9dito P\u00fablico. El d\u00eda de ma\u00f1ana tenemos una reuni\u00f3n en la CDMX a partir de las 4 de la tarde, nos va recibir el subsecretario de educaci\u00f3n tecnol\u00f3gica, el maestro Juan Pablo Arroyo, esperemos que salgan cosas positivas a nuestra demanda\u201d, mencion\u00f3 V\u00edctor Hugo.<\/p>\n<p>Nuevo Le\u00f3n cuenta con 32 planteles educativos, y alrededor de 850 personas de personal administrativo y docente; mientras que, a nivel nacional, el paro afecto a 25 estados, considerando alrededor de mil 300 planteles, 30 mil administrativos docentes, y un poco m\u00e1s de medio mill\u00f3n de alumnos.<\/p>\n<p>V\u00edctor Hugo destac\u00f3 que el paro fue acordado d\u00edas anteriores a trav\u00e9s de una reuni\u00f3n de la Confederaci\u00f3n de Sindicatos, aplic\u00e1ndolo este lunes desde las 6:00 horas de la ma\u00f1ana en los planteles educativos, en sus turnos matutino y vespertino; mientras que, en la Oficina del distrito escolar ubicada en el Obispado, se mantuvo desde las 8:00 hasta las 17:00 horas.<\/p>\n<p>\u201cTodo depender\u00e1 de las pl\u00e1ticas del d\u00eda de ma\u00f1ana en la ciudad de M\u00e9xico, si salen positivas se termina, y si no, solicitaremos la intervenci\u00f3n del gobernador para apoyar a gestionar los recursos en la ciudad de M\u00e9xico\u201d, dijo.<\/p>\n<p>As\u00ed mismo, se mostr\u00f3 consternado por la reducci\u00f3n presupuestal, pues asever\u00f3 que a\u00f1o tras a\u00f1o cuentan con m\u00e1s matriculas de j\u00f3venes.<\/p>\n<p>Destac\u00f3 que para el martes ya tendr\u00e1n actividades de manera normal, y que en los pr\u00f3ximos d\u00edas estar\u00e1n informando de nuevas medidas.<\/p>\n<p><a href=\"http:\/\/www.elporvenir.mx\/?content=noticia&amp;id=135314\" target=\"_blank\" rel=\"noopener\">http:\/\/www.elporvenir.mx\/?content=noticia&amp;id=135314<\/a><\/p>\n","protected":false},"excerpt":{"rendered":"<p>Alejandro Ram\u00edrez \/ El Porvenir Tras paro nacional, CECyTE en Nuevo Le\u00f3n detiene operaciones Personal administrativo y docente, aplicaron este lunes un paro a las actividades del Colegio de Estudios &hellip; <a href=\"https:\/\/www.grieta.org.mx\/index.php\/2019\/02\/27\/tras-paro-nacional-cecyte-en-nuevo-leon-detiene-operaciones\/\" class=\"more-link\">Leer m\u00e1s<\/a><\/p>\n","protected":false},"author":2,"featured_media":29725,"comment_status":"closed","ping_status":"closed","sticky":false,"template":"","format":"standard","meta":{"ngg_post_thumbnail":0,"_jetpack_newsletter_access":"","_jetpack_dont_email_post_to_subs":false,"_jetpack_newsletter_tier_id":0,"_jetpack_memberships_contains_paywalled_content":false,"_jetpack_memberships_contains_paid_content":false,"footnotes":""},"categories":[80,2095,2,24,202],"tags":[241,1290,2197],"class_list":{"0":"post-29724","1":"post","2":"type-post","3":"status-publish","4":"format-standard","5":"has-post-thumbnail","6":"hentry","7":"category-cintillo","8":"category-explotacion-y-precariedad-laboral-en-nuevo-leon","9":"category-noticias-nacionales","10":"category-nuevo-leon","12":"tag-paro","13":"tag-precariedad-laboral","14":"tag-reduccion-presupuesto-educacion","15":"entry"},"jetpack_featured_media_url":"https:\/\/www.grieta.org.mx\/wp-content\/uploads\/2019\/02\/Tras-paro-nacional-CECyTE-en-Nuevo-Le\u00f3n-detiene-operaciones-nl-feb.jpg","jetpack_sharing_enabled":true,"jetpack_shortlink":"https:\/\/wp.me\/p7ZJR4-7Jq","jetpack_likes_enabled":false,"jetpack-related-posts":[{"id":29650,"url":"https:\/\/www.grieta.org.mx\/index.php\/2019\/02\/25\/paran-los-cecyte-de-guanajuato-ante-recorte-del-gobierno-federal\/","url_meta":{"origin":29724,"position":0},"title":"\u2018Paran\u2019 los CECyTE de Guanajuato ante recorte del gobierno federal","author":"grieta","date":"25 febrero, 2019","format":false,"excerpt":"\u00a0 Maestros del Centro de Estudios Cient\u00edficos y Tecnol\u00f3gicos del Estado de la capital del estado y de P\u00e9njamo, se manifestaron. En Guanajuato y Le\u00f3n pararon labores, mientras que en el municipio penjamense protestaron en su tiempo libre Peri\u00f3dico Correo\/ 25 de febrero de 2019 Estado.- Profesores del Centro de\u2026","rel":"","context":"En &quot;CINTILLO&quot;","block_context":{"text":"CINTILLO","link":"https:\/\/www.grieta.org.mx\/index.php\/category\/cintillo\/"},"img":{"alt_text":"","src":"https:\/\/i0.wp.com\/www.grieta.org.mx\/wp-content\/uploads\/2019\/02\/CECyTE-Guanajuato.jpg?resize=350%2C200&ssl=1","width":350,"height":200,"srcset":"https:\/\/i0.wp.com\/www.grieta.org.mx\/wp-content\/uploads\/2019\/02\/CECyTE-Guanajuato.jpg?resize=350%2C200&ssl=1 1x, https:\/\/i0.wp.com\/www.grieta.org.mx\/wp-content\/uploads\/2019\/02\/CECyTE-Guanajuato.jpg?resize=525%2C300&ssl=1 1.5x, https:\/\/i0.wp.com\/www.grieta.org.mx\/wp-content\/uploads\/2019\/02\/CECyTE-Guanajuato.jpg?resize=700%2C400&ssl=1 2x, https:\/\/i0.wp.com\/www.grieta.org.mx\/wp-content\/uploads\/2019\/02\/CECyTE-Guanajuato.jpg?resize=1050%2C600&ssl=1 3x"},"classes":[]},{"id":65570,"url":"https:\/\/www.grieta.org.mx\/index.php\/2022\/10\/19\/docentes-de-cecyte-inician-paro-indefinido-de-labores-en-q-roo\/","url_meta":{"origin":29724,"position":1},"title":"Docentes de Cecyte inician paro indefinido de labores en Q. Roo","author":"grieta","date":"19 octubre, 2022","format":false,"excerpt":"Selene Tamayo \/ Yucat\u00e1n a la Mano Alrededor de 50 maestros y administrativos se manifestaron ayer a las afueras de las oficinas del SAT. A partir de hoy, 14 mil 181 alumnos de nueve planteles del Colegio de Estudios Cient\u00edficos y Tecnol\u00f3gicos (Cecyte) en Quintana Roo se quedar\u00e1n sin clases,\u2026","rel":"","context":"En &quot;CINTILLO&quot;","block_context":{"text":"CINTILLO","link":"https:\/\/www.grieta.org.mx\/index.php\/category\/cintillo\/"},"img":{"alt_text":"","src":"https:\/\/i0.wp.com\/www.grieta.org.mx\/wp-content\/uploads\/2022\/10\/Cecyte-e1666391490247.jpg?resize=350%2C200&ssl=1","width":350,"height":200,"srcset":"https:\/\/i0.wp.com\/www.grieta.org.mx\/wp-content\/uploads\/2022\/10\/Cecyte-e1666391490247.jpg?resize=350%2C200&ssl=1 1x, https:\/\/i0.wp.com\/www.grieta.org.mx\/wp-content\/uploads\/2022\/10\/Cecyte-e1666391490247.jpg?resize=525%2C300&ssl=1 1.5x, https:\/\/i0.wp.com\/www.grieta.org.mx\/wp-content\/uploads\/2022\/10\/Cecyte-e1666391490247.jpg?resize=700%2C400&ssl=1 2x"},"classes":[]},{"id":27726,"url":"https:\/\/www.grieta.org.mx\/index.php\/2018\/11\/27\/sin-clases-27-mil-alumnos-del-cecyte-bc-por-falta-de-pago-a-docentes\/","url_meta":{"origin":29724,"position":2},"title":"Sin clases, 27 mil alumnos del Cecyte BC por falta de pago a docentes","author":"grieta","date":"27 noviembre, 2018","format":false,"excerpt":"Dirigentes sindicales afirmaron que hay trabajadores que no tienen dinero para llevar comida a su familia y ni siquiera para transportarse, por lo que reclamaron la intervenci\u00f3n del gobernador Francisco Vega para que se resuelva la situaci\u00f3n. Foto Luis Arellano Sarmiento Por Luis Arellano Sarmiento Mexicali, 27 de noviembre.- M\u00e1s\u2026","rel":"","context":"En &quot;Baja California&quot;","block_context":{"text":"Baja California","link":"https:\/\/www.grieta.org.mx\/index.php\/category\/noticias-nacionales\/baja-california\/"},"img":{"alt_text":"","src":"https:\/\/i0.wp.com\/www.grieta.org.mx\/wp-content\/uploads\/2018\/11\/paro_cecyte.jpg?resize=350%2C200&ssl=1","width":350,"height":200,"srcset":"https:\/\/i0.wp.com\/www.grieta.org.mx\/wp-content\/uploads\/2018\/11\/paro_cecyte.jpg?resize=350%2C200&ssl=1 1x, https:\/\/i0.wp.com\/www.grieta.org.mx\/wp-content\/uploads\/2018\/11\/paro_cecyte.jpg?resize=525%2C300&ssl=1 1.5x"},"classes":[]},{"id":27698,"url":"https:\/\/www.grieta.org.mx\/index.php\/2018\/11\/23\/aplica-paro-estatal-de-labores-cecyte-bc\/","url_meta":{"origin":29724,"position":3},"title":"Aplica paro estatal de labores Cecyte BC","author":"grieta","date":"23 noviembre, 2018","format":false,"excerpt":"Foto: Archivo Lourdes Loza Romero Ante el incumplimiento del pago de la catorcena #24, el Sindicato Poder Obrero de Trabajadores de BC (Sinpot) convoc\u00f3 a un paro de labores a nivel estatal en todos los planteles Cecyte a partir de la tarde de este viernes 23 de noviembre. De acuerdo\u2026","rel":"","context":"En &quot;Baja California&quot;","block_context":{"text":"Baja California","link":"https:\/\/www.grieta.org.mx\/index.php\/category\/noticias-nacionales\/baja-california\/"},"img":{"alt_text":"","src":"https:\/\/i0.wp.com\/www.grieta.org.mx\/wp-content\/uploads\/2018\/11\/cecyte18-750x400.jpg?resize=350%2C200&ssl=1","width":350,"height":200,"srcset":"https:\/\/i0.wp.com\/www.grieta.org.mx\/wp-content\/uploads\/2018\/11\/cecyte18-750x400.jpg?resize=350%2C200&ssl=1 1x, https:\/\/i0.wp.com\/www.grieta.org.mx\/wp-content\/uploads\/2018\/11\/cecyte18-750x400.jpg?resize=525%2C300&ssl=1 1.5x, https:\/\/i0.wp.com\/www.grieta.org.mx\/wp-content\/uploads\/2018\/11\/cecyte18-750x400.jpg?resize=700%2C400&ssl=1 2x"},"classes":[]},{"id":42982,"url":"https:\/\/www.grieta.org.mx\/index.php\/2020\/01\/10\/trabajadores-del-cecyte-quintana-roo-en-paro-de-brazos-caidos\/","url_meta":{"origin":29724,"position":4},"title":"Trabajadores del Cecyte Quintana Roo, en paro de brazos ca\u00eddos","author":"grieta","date":"10 enero, 2020","format":false,"excerpt":"Fernanda Duque\/SIPSE CANC\u00daN, Q. Roo.- Los 422 trabajadores del Colegio de Estudios Cient\u00edficos y Tecnol\u00f3gicos del estado de Quintana Roo comenzaron el a\u00f1o con un paro de brazos ca\u00eddos que afecta a alrededor de mil 500 alumnos que est\u00e1n en proceso de regularizaci\u00f3n. Cristina Berlanga Enr\u00edquez, secretaria general del Sindicato\u2026","rel":"","context":"En &quot;CINTILLO&quot;","block_context":{"text":"CINTILLO","link":"https:\/\/www.grieta.org.mx\/index.php\/category\/cintillo\/"},"img":{"alt_text":"","src":"https:\/\/i0.wp.com\/www.grieta.org.mx\/wp-content\/uploads\/2020\/01\/1578614157129.jpg?resize=350%2C200&ssl=1","width":350,"height":200,"srcset":"https:\/\/i0.wp.com\/www.grieta.org.mx\/wp-content\/uploads\/2020\/01\/1578614157129.jpg?resize=350%2C200&ssl=1 1x, https:\/\/i0.wp.com\/www.grieta.org.mx\/wp-content\/uploads\/2020\/01\/1578614157129.jpg?resize=525%2C300&ssl=1 1.5x, https:\/\/i0.wp.com\/www.grieta.org.mx\/wp-content\/uploads\/2020\/01\/1578614157129.jpg?resize=700%2C400&ssl=1 2x"},"classes":[]},{"id":28964,"url":"https:\/\/www.grieta.org.mx\/index.php\/2019\/02\/14\/paran-labores-en-semarnat-de-nl-nuevo-leon\/","url_meta":{"origin":29724,"position":5},"title":"Paran labores en Semarnat de NL (Nuevo Le\u00f3n)","author":"grieta","date":"14 febrero, 2019","format":false,"excerpt":"Redacci\u00f3n Posta Protestan por despidos y falta de prestaciones. NUEVO LE\u00d3N.- En protesta por el despido de 50 empleados sin las liquidaciones de ley, la Semarnat en Nuevo Le\u00f3n inici\u00f3 un paro de labores este lunes. Los trabajadores inconformes se\u00f1alaron que los problemas iniciaron con el nuevo Gobierno Federal. Mencionaron\u2026","rel":"","context":"En &quot;CINTILLO&quot;","block_context":{"text":"CINTILLO","link":"https:\/\/www.grieta.org.mx\/index.php\/category\/cintillo\/"},"img":{"alt_text":"","src":"https:\/\/i0.wp.com\/www.grieta.org.mx\/wp-content\/uploads\/2019\/02\/Paran-labores-en-Semarnat-de-NL-feb.jpg?resize=350%2C200&ssl=1","width":350,"height":200,"srcset":"https:\/\/i0.wp.com\/www.grieta.org.mx\/wp-content\/uploads\/2019\/02\/Paran-labores-en-Semarnat-de-NL-feb.jpg?resize=350%2C200&ssl=1 1x, https:\/\/i0.wp.com\/www.grieta.org.mx\/wp-content\/uploads\/2019\/02\/Paran-labores-en-Semarnat-de-NL-feb.jpg?resize=525%2C300&ssl=1 1.5x"},"classes":[]}],"_links":{"self":[{"href":"https:\/\/www.grieta.org.mx\/index.php\/wp-json\/wp\/v2\/posts\/29724","targetHints":{"allow":["GET"]}}],"collection":[{"href":"https:\/\/www.grieta.org.mx\/index.php\/wp-json\/wp\/v2\/posts"}],"about":[{"href":"https:\/\/www.grieta.org.mx\/index.php\/wp-json\/wp\/v2\/types\/post"}],"author":[{"embeddable":true,"href":"https:\/\/www.grieta.org.mx\/index.php\/wp-json\/wp\/v2\/users\/2"}],"replies":[{"embeddable":true,"href":"https:\/\/www.grieta.org.mx\/index.php\/wp-json\/wp\/v2\/comments?post=29724"}],"version-history":[{"count":1,"href":"https:\/\/www.grieta.org.mx\/index.php\/wp-json\/wp\/v2\/posts\/29724\/revisions"}],"predecessor-version":[{"id":29726,"href":"https:\/\/www.grieta.org.mx\/index.php\/wp-json\/wp\/v2\/posts\/29724\/revisions\/29726"}],"wp:featuredmedia":[{"embeddable":true,"href":"https:\/\/www.grieta.org.mx\/index.php\/wp-json\/wp\/v2\/media\/29725"}],"wp:attachment":[{"href":"https:\/\/www.grieta.org.mx\/index.php\/wp-json\/wp\/v2\/media?parent=29724"}],"wp:term":[{"taxonomy":"category","embeddable":true,"href":"https:\/\/www.grieta.org.mx\/index.php\/wp-json\/wp\/v2\/categories?post=29724"},{"taxonomy":"post_tag","embeddable":true,"href":"https:\/\/www.grieta.org.mx\/index.php\/wp-json\/wp\/v2\/tags?post=29724"}],"curies":[{"name":"wp","href":"https:\/\/api.w.org\/{rel}","templated":true}]}}