{"id":29545,"date":"2019-02-24T01:11:06","date_gmt":"2019-02-24T07:11:06","guid":{"rendered":"http:\/\/www.grieta.org.mx\/?p=29545"},"modified":"2019-02-24T01:11:06","modified_gmt":"2019-02-24T07:11:06","slug":"enferma-a-vecinos-desabasto-de-agua-por-mas-de-7-dias-san-luis-potosi","status":"publish","type":"post","link":"https:\/\/www.grieta.org.mx\/index.php\/2019\/02\/24\/enferma-a-vecinos-desabasto-de-agua-por-mas-de-7-dias-san-luis-potosi\/","title":{"rendered":"Enferma a vecinos desabasto de agua por m\u00e1s de 7 d\u00edas (San Luis Potos\u00ed)"},"content":{"rendered":"<p><img loading=\"lazy\" decoding=\"async\" data-attachment-id=\"29546\" data-permalink=\"https:\/\/www.grieta.org.mx\/index.php\/2019\/02\/24\/enferma-a-vecinos-desabasto-de-agua-por-mas-de-7-dias-san-luis-potosi\/enferma-a-vecinos-desabasto-de-agua-por-mas-de-7-dias-slp-feb\/\" data-orig-file=\"https:\/\/www.grieta.org.mx\/wp-content\/uploads\/2019\/02\/Enferma-a-vecinos-desabasto-de-agua-por-m\u00e1s-de-7-d\u00edas-slp-feb.jpg\" data-orig-size=\"680,330\" data-comments-opened=\"0\" data-image-meta=\"{&quot;aperture&quot;:&quot;0&quot;,&quot;credit&quot;:&quot;&quot;,&quot;camera&quot;:&quot;&quot;,&quot;caption&quot;:&quot;&quot;,&quot;created_timestamp&quot;:&quot;0&quot;,&quot;copyright&quot;:&quot;&quot;,&quot;focal_length&quot;:&quot;0&quot;,&quot;iso&quot;:&quot;0&quot;,&quot;shutter_speed&quot;:&quot;0&quot;,&quot;title&quot;:&quot;&quot;,&quot;orientation&quot;:&quot;0&quot;}\" data-image-title=\"Enferma a vecinos desabasto de agua por m\u00e1s de 7 d\u00edas slp feb\" data-image-description=\"\" data-image-caption=\"\" data-medium-file=\"https:\/\/www.grieta.org.mx\/wp-content\/uploads\/2019\/02\/Enferma-a-vecinos-desabasto-de-agua-por-m\u00e1s-de-7-d\u00edas-slp-feb-300x146.jpg\" data-large-file=\"https:\/\/www.grieta.org.mx\/wp-content\/uploads\/2019\/02\/Enferma-a-vecinos-desabasto-de-agua-por-m\u00e1s-de-7-d\u00edas-slp-feb.jpg\" class=\"aligncenter  wp-image-29546\" src=\"http:\/\/www.grieta.org.mx\/wp-content\/uploads\/2019\/02\/Enferma-a-vecinos-desabasto-de-agua-por-m\u00e1s-de-7-d\u00edas-slp-feb-300x146.jpg\" alt=\"\" width=\"397\" height=\"193\" srcset=\"https:\/\/www.grieta.org.mx\/wp-content\/uploads\/2019\/02\/Enferma-a-vecinos-desabasto-de-agua-por-m\u00e1s-de-7-d\u00edas-slp-feb-300x146.jpg 300w, https:\/\/www.grieta.org.mx\/wp-content\/uploads\/2019\/02\/Enferma-a-vecinos-desabasto-de-agua-por-m\u00e1s-de-7-d\u00edas-slp-feb.jpg 680w\" sizes=\"auto, (max-width: 397px) 100vw, 397px\" \/><br \/>\nImelda Hern\u00e1ndez \/ Pulso<\/p>\n<blockquote><p>En hogares de cuatro colonias, se vive en condiciones insalubres debido a la falta de vital l\u00edquido<\/p><\/blockquote>\n<p>Habitantes de cuatro colonias de diferentes rumbos de la ciudad reportaron la falta de agua que prevalece en sus hogares desde hace m\u00e1s de una semana, situaci\u00f3n que ha propiciado da\u00f1os a la salud de los residentes del lugar, as\u00ed como insalubridad en sus domicilios, ya que los inodoros se mantienen con heces fecales desde que comenz\u00f3 la escasez del vital l\u00edquido.<\/p>\n<p>En un documento que se hizo llegar a la redacci\u00f3n de Pulso, el cual fue previamente entregado a la direcci\u00f3n general de Interapas, vecinos de la zona centro de San Luis Potos\u00ed denunciaron que la falta de l\u00edquido en sus hogares ha propiciado insalubridad, prueba de esto es que los inodoros se mantienen con heces fecales, adem\u00e1s de que no les ha sido posible tomar el ba\u00f1o diario, ni lavar ropa, situaci\u00f3n que ha derivado en problemas a la salud de los avecindados en el per\u00edmetro.<\/p>\n<p>El documento lo hicieron llegar junto con la respectiva firma de por lo menos 50 vecinos de la zona centro, espec\u00edficamente de calles entre las que destaca Melchor O. Campo, Iturbide, Manuel del Conde, Independencia, entre otras.<\/p>\n<p>En el documento, los firmantes solicitan al titular de Interapas el restablecimiento inmediato del suministro de agua potable, a la vez solicitaron una audiencia a fin de que se encuentren las soluciones inmediatas que pongan fin a la falta de agua en dicho sector.<\/p>\n<p>Aunado a la zona centro, vecinos de la colonia Juli\u00e1n Carrillo, Pedroza y Zona de San Miguelito han reportado fallas en el suministro de agua potable, situacion que consideraron una violaci\u00f3n a sus derechos humanos.<\/p>\n<p><a href=\"https:\/\/pulsoslp.com.mx\/2019\/02\/23\/enferma-a-vecinos-desabasto-de-agua-por-mas-de-7-dias\/\" target=\"_blank\" rel=\"noopener\">https:\/\/pulsoslp.com.mx\/2019\/02\/23\/enferma-a-vecinos-desabasto-de-agua-por-mas-de-7-dias\/<\/a><\/p>\n","protected":false},"excerpt":{"rendered":"<p>Imelda Hern\u00e1ndez \/ Pulso En hogares de cuatro colonias, se vive en condiciones insalubres debido a la falta de vital l\u00edquido Habitantes de cuatro colonias de diferentes rumbos de la &hellip; <a href=\"https:\/\/www.grieta.org.mx\/index.php\/2019\/02\/24\/enferma-a-vecinos-desabasto-de-agua-por-mas-de-7-dias-san-luis-potosi\/\" class=\"more-link\">Leer m\u00e1s<\/a><\/p>\n","protected":false},"author":2,"featured_media":29546,"comment_status":"closed","ping_status":"closed","sticky":false,"template":"","format":"standard","meta":{"ngg_post_thumbnail":0,"_jetpack_newsletter_access":"","_jetpack_dont_email_post_to_subs":false,"_jetpack_newsletter_tier_id":0,"_jetpack_memberships_contains_paywalled_content":false,"_jetpack_memberships_contains_paid_content":false,"footnotes":""},"categories":[80,1515,2,29,141],"tags":[2171,2170,1558],"class_list":{"0":"post-29545","1":"post","2":"type-post","3":"status-publish","4":"format-standard","5":"has-post-thumbnail","6":"hentry","7":"category-cintillo","8":"category-desabasto-de-agua-en-san-luis-potosi","9":"category-noticias-nacionales","10":"category-san-luis-potosi","12":"tag-agua-insalubre","13":"tag-danos-a-la-salud","14":"tag-desabasto-de-agua","15":"entry"},"jetpack_featured_media_url":"https:\/\/www.grieta.org.mx\/wp-content\/uploads\/2019\/02\/Enferma-a-vecinos-desabasto-de-agua-por-m\u00e1s-de-7-d\u00edas-slp-feb.jpg","jetpack_sharing_enabled":true,"jetpack_shortlink":"https:\/\/wp.me\/p7ZJR4-7Gx","jetpack_likes_enabled":false,"jetpack-related-posts":[{"id":47491,"url":"https:\/\/www.grieta.org.mx\/index.php\/2020\/04\/06\/falta-de-agua-en-12-colonias-en-la-ciudad-de-san-luis-potosi\/","url_meta":{"origin":29545,"position":0},"title":"Falta de agua en 12 colonias en la ciudad de San Luis Potos\u00ed","author":"grieta","date":"6 abril, 2020","format":false,"excerpt":"Miguel \u00c1ngel Mora El Sol de San Luis\/La Prensa 6 abril 2020 Autoridades lo atribuyen a una fuga que oblig\u00f3 a suspender un pozo Miguel \u00c1ngel Mora San Luis Potos\u00ed, S.L.P., 6 de abril.- Vecinos de 12 colonias de la zona metropolitana de esta capital, se manifestaron en la Unidad\u2026","rel":"","context":"En &quot;CINTILLO&quot;","block_context":{"text":"CINTILLO","link":"https:\/\/www.grieta.org.mx\/index.php\/category\/cintillo\/"},"img":{"alt_text":"","src":"https:\/\/i0.wp.com\/www.grieta.org.mx\/wp-content\/uploads\/2020\/04\/S.L.P..jpg?resize=350%2C200&ssl=1","width":350,"height":200,"srcset":"https:\/\/i0.wp.com\/www.grieta.org.mx\/wp-content\/uploads\/2020\/04\/S.L.P..jpg?resize=350%2C200&ssl=1 1x, https:\/\/i0.wp.com\/www.grieta.org.mx\/wp-content\/uploads\/2020\/04\/S.L.P..jpg?resize=525%2C300&ssl=1 1.5x, https:\/\/i0.wp.com\/www.grieta.org.mx\/wp-content\/uploads\/2020\/04\/S.L.P..jpg?resize=700%2C400&ssl=1 2x"},"classes":[]},{"id":31645,"url":"https:\/\/www.grieta.org.mx\/index.php\/2019\/04\/02\/manifestantes-bloquean-el-bulevar-rocha-cordero-san-luis-potosi\/","url_meta":{"origin":29545,"position":1},"title":"Manifestantes bloquean el bulevar Rocha Cordero (San Luis Potos\u00ed)","author":"grieta","date":"2 abril, 2019","format":false,"excerpt":"Pulso Vecinos realizaron un bloqueo durante la ma\u00f1ana de este martes en el bulevar Antonio Rocha Cordero. La manifestaci\u00f3n se registr\u00f3 a la altura de Tierra Blanca, por la entrada a la Ca\u00f1ada del Lobo, donde decenas de personas obstruyeron el paso en los carriles de ambos sentidos. Los inconformes,\u2026","rel":"","context":"En &quot;CINTILLO&quot;","block_context":{"text":"CINTILLO","link":"https:\/\/www.grieta.org.mx\/index.php\/category\/cintillo\/"},"img":{"alt_text":"","src":"https:\/\/i0.wp.com\/www.grieta.org.mx\/wp-content\/uploads\/2019\/04\/Manifestantes-bloquean-el-bulevar-Rocha-Cordero-slp-abr.jpg?resize=350%2C200&ssl=1","width":350,"height":200,"srcset":"https:\/\/i0.wp.com\/www.grieta.org.mx\/wp-content\/uploads\/2019\/04\/Manifestantes-bloquean-el-bulevar-Rocha-Cordero-slp-abr.jpg?resize=350%2C200&ssl=1 1x, https:\/\/i0.wp.com\/www.grieta.org.mx\/wp-content\/uploads\/2019\/04\/Manifestantes-bloquean-el-bulevar-Rocha-Cordero-slp-abr.jpg?resize=525%2C300&ssl=1 1.5x"},"classes":[]},{"id":32868,"url":"https:\/\/www.grieta.org.mx\/index.php\/2019\/04\/15\/protesta-por-falta-de-agua-causa-caos-vial-en-avenida-universidad-san-luis-potosi\/","url_meta":{"origin":29545,"position":2},"title":"Protesta por falta de agua causa caos vial en avenida Universidad. (San Luis Potos\u00ed)","author":"grieta","date":"15 abril, 2019","format":false,"excerpt":"Antena San Luis Decenas de personas se manifestaron hoy en avenida Universidad, para exigir agua en sus colonias. La protesta provoc\u00f3 gran caos vial desde el distribuidor Ju\u00e1rez, mientras el contingente avanzaba con direcci\u00f3n hacia el primer cuadro de la ciudad. En la protesta participaron habitantes de colonias como La\u2026","rel":"","context":"En &quot;CINTILLO&quot;","block_context":{"text":"CINTILLO","link":"https:\/\/www.grieta.org.mx\/index.php\/category\/cintillo\/"},"img":{"alt_text":"","src":"https:\/\/i0.wp.com\/www.grieta.org.mx\/wp-content\/uploads\/2019\/05\/Protesta-por-falta-de-agua-causa-caos-vial-en-avenida-Universidad.-slp-may.jpeg?resize=350%2C200&ssl=1","width":350,"height":200,"srcset":"https:\/\/i0.wp.com\/www.grieta.org.mx\/wp-content\/uploads\/2019\/05\/Protesta-por-falta-de-agua-causa-caos-vial-en-avenida-Universidad.-slp-may.jpeg?resize=350%2C200&ssl=1 1x, https:\/\/i0.wp.com\/www.grieta.org.mx\/wp-content\/uploads\/2019\/05\/Protesta-por-falta-de-agua-causa-caos-vial-en-avenida-Universidad.-slp-may.jpeg?resize=525%2C300&ssl=1 1.5x, https:\/\/i0.wp.com\/www.grieta.org.mx\/wp-content\/uploads\/2019\/05\/Protesta-por-falta-de-agua-causa-caos-vial-en-avenida-Universidad.-slp-may.jpeg?resize=700%2C400&ssl=1 2x"},"classes":[]},{"id":33097,"url":"https:\/\/www.grieta.org.mx\/index.php\/2019\/05\/06\/carencia-de-agua-un-problema-cada-vez-mas-constante-san-luis-potosi\/","url_meta":{"origin":29545,"position":3},"title":"Carencia de agua, un problema cada vez m\u00e1s constante (San Luis Potos\u00ed)","author":"grieta","date":"6 mayo, 2019","format":false,"excerpt":"Alicia Lim\u00f3n \/ Plano Informativo Al menos 140 familias est\u00e1n sin el vital l\u00edquido desde hace varios meses. Rioverde, SLP.- Habitantes de la Colonia Santa Mar\u00eda de Los Llanitos, exigen al ayuntamiento de Rioverde ponga una soluci\u00f3n a la carencia de agua ya que tienen un mes sin el vital\u2026","rel":"","context":"En &quot;CINTILLO&quot;","block_context":{"text":"CINTILLO","link":"https:\/\/www.grieta.org.mx\/index.php\/category\/cintillo\/"},"img":{"alt_text":"","src":"https:\/\/i0.wp.com\/www.grieta.org.mx\/wp-content\/uploads\/2019\/05\/Carencia-de-agua-un-problema-cada-vez-m%C3%A1s-constante-slp-may.jpg?resize=350%2C200&ssl=1","width":350,"height":200,"srcset":"https:\/\/i0.wp.com\/www.grieta.org.mx\/wp-content\/uploads\/2019\/05\/Carencia-de-agua-un-problema-cada-vez-m%C3%A1s-constante-slp-may.jpg?resize=350%2C200&ssl=1 1x, https:\/\/i0.wp.com\/www.grieta.org.mx\/wp-content\/uploads\/2019\/05\/Carencia-de-agua-un-problema-cada-vez-m%C3%A1s-constante-slp-may.jpg?resize=525%2C300&ssl=1 1.5x, https:\/\/i0.wp.com\/www.grieta.org.mx\/wp-content\/uploads\/2019\/05\/Carencia-de-agua-un-problema-cada-vez-m%C3%A1s-constante-slp-may.jpg?resize=700%2C400&ssl=1 2x"},"classes":[]},{"id":35776,"url":"https:\/\/www.grieta.org.mx\/index.php\/2019\/06\/24\/claman-por-agua-colonos-de-morales-san-luis-potosi\/","url_meta":{"origin":29545,"position":4},"title":"Claman por agua colonos de Morales (San Luis Potos\u00ed)","author":"grieta","date":"24 junio, 2019","format":false,"excerpt":"El Heraldo SLP Aseguran que llevan m\u00e1s de tres semanas sin una gota del vital l\u00edquido Vecinos de la Fracci\u00f3n de Morales, pidieron al organismo intermunicipal de agua potable Interapas, que les proporcione el vital l\u00edquido, ya que llevan m\u00e1s de tres semanas sin gota de agua y las pipas\u2026","rel":"","context":"En &quot;CINTILLO&quot;","block_context":{"text":"CINTILLO","link":"https:\/\/www.grieta.org.mx\/index.php\/category\/cintillo\/"},"img":{"alt_text":"","src":"https:\/\/i0.wp.com\/www.grieta.org.mx\/wp-content\/uploads\/2019\/07\/Claman-por-agua-colonos-de-Morales-slp-jul-268x300.jpg?resize=350%2C200","width":350,"height":200,"srcset":"https:\/\/i0.wp.com\/www.grieta.org.mx\/wp-content\/uploads\/2019\/07\/Claman-por-agua-colonos-de-Morales-slp-jul-268x300.jpg?resize=350%2C200 1x, https:\/\/i0.wp.com\/www.grieta.org.mx\/wp-content\/uploads\/2019\/07\/Claman-por-agua-colonos-de-Morales-slp-jul-268x300.jpg?resize=525%2C300 1.5x, https:\/\/i0.wp.com\/www.grieta.org.mx\/wp-content\/uploads\/2019\/07\/Claman-por-agua-colonos-de-Morales-slp-jul-268x300.jpg?resize=700%2C400 2x"},"classes":[]},{"id":33115,"url":"https:\/\/www.grieta.org.mx\/index.php\/2019\/05\/07\/declaratoria-de-emergencia-piden-por-falta-de-agua-jgt-san-luis-potosi\/","url_meta":{"origin":29545,"position":5},"title":"DECLARATORIA DE EMERGENCIA PIDEN POR FALTA DE AGUA: JGT (San Luis Potos\u00ed)","author":"grieta","date":"7 mayo, 2019","format":false,"excerpt":"Javier Rivera \/ Zunoticia \"El alcalde debe buscar alternativas para solucionar el problema o en su defecto realizar la declaratoria de emergencia\u201d; Jos\u00e9 Guadalupe Tecillos San Mart\u00edn Chalchicuautla, S.L.P.- Por el desabasto de agua que hay en el municipio el juez del barrio del Carmen Jos\u00e9 Guadalupe Tecillos pide al\u2026","rel":"","context":"En &quot;CINTILLO&quot;","block_context":{"text":"CINTILLO","link":"https:\/\/www.grieta.org.mx\/index.php\/category\/cintillo\/"},"img":{"alt_text":"","src":"https:\/\/i0.wp.com\/www.grieta.org.mx\/wp-content\/uploads\/2019\/05\/DECLARATORIA-DE-EMERGENCIA-PIDEN-POR-FALTA-DE-AGUA-JGT-slp-may.jpg?resize=350%2C200&ssl=1","width":350,"height":200,"srcset":"https:\/\/i0.wp.com\/www.grieta.org.mx\/wp-content\/uploads\/2019\/05\/DECLARATORIA-DE-EMERGENCIA-PIDEN-POR-FALTA-DE-AGUA-JGT-slp-may.jpg?resize=350%2C200&ssl=1 1x, https:\/\/i0.wp.com\/www.grieta.org.mx\/wp-content\/uploads\/2019\/05\/DECLARATORIA-DE-EMERGENCIA-PIDEN-POR-FALTA-DE-AGUA-JGT-slp-may.jpg?resize=525%2C300&ssl=1 1.5x"},"classes":[]}],"_links":{"self":[{"href":"https:\/\/www.grieta.org.mx\/index.php\/wp-json\/wp\/v2\/posts\/29545","targetHints":{"allow":["GET"]}}],"collection":[{"href":"https:\/\/www.grieta.org.mx\/index.php\/wp-json\/wp\/v2\/posts"}],"about":[{"href":"https:\/\/www.grieta.org.mx\/index.php\/wp-json\/wp\/v2\/types\/post"}],"author":[{"embeddable":true,"href":"https:\/\/www.grieta.org.mx\/index.php\/wp-json\/wp\/v2\/users\/2"}],"replies":[{"embeddable":true,"href":"https:\/\/www.grieta.org.mx\/index.php\/wp-json\/wp\/v2\/comments?post=29545"}],"version-history":[{"count":1,"href":"https:\/\/www.grieta.org.mx\/index.php\/wp-json\/wp\/v2\/posts\/29545\/revisions"}],"predecessor-version":[{"id":29547,"href":"https:\/\/www.grieta.org.mx\/index.php\/wp-json\/wp\/v2\/posts\/29545\/revisions\/29547"}],"wp:featuredmedia":[{"embeddable":true,"href":"https:\/\/www.grieta.org.mx\/index.php\/wp-json\/wp\/v2\/media\/29546"}],"wp:attachment":[{"href":"https:\/\/www.grieta.org.mx\/index.php\/wp-json\/wp\/v2\/media?parent=29545"}],"wp:term":[{"taxonomy":"category","embeddable":true,"href":"https:\/\/www.grieta.org.mx\/index.php\/wp-json\/wp\/v2\/categories?post=29545"},{"taxonomy":"post_tag","embeddable":true,"href":"https:\/\/www.grieta.org.mx\/index.php\/wp-json\/wp\/v2\/tags?post=29545"}],"curies":[{"name":"wp","href":"https:\/\/api.w.org\/{rel}","templated":true}]}}