{"id":29509,"date":"2019-02-22T16:17:11","date_gmt":"2019-02-22T22:17:11","guid":{"rendered":"http:\/\/www.grieta.org.mx\/?p=29509"},"modified":"2019-02-23T16:23:15","modified_gmt":"2019-02-23T22:23:15","slug":"migrantes-que-llegaron-a-bc-sin-caravana-son-asaltados-por-bandas-y-autoridades-mexicanas-denuncian-hondurenos-baja-california","status":"publish","type":"post","link":"https:\/\/www.grieta.org.mx\/index.php\/2019\/02\/22\/migrantes-que-llegaron-a-bc-sin-caravana-son-asaltados-por-bandas-y-autoridades-mexicanas-denuncian-hondurenos-baja-california\/","title":{"rendered":"Migrantes que llegaron a BC sin Caravana son asaltados por bandas y autoridades mexicanas, denuncian hondure\u00f1os (Baja California)"},"content":{"rendered":"<p>Lindero Norte.<\/p>\n<p><img loading=\"lazy\" decoding=\"async\" data-attachment-id=\"29303\" data-permalink=\"https:\/\/www.grieta.org.mx\/index.php\/2019\/01\/02\/enfrentamiento-entre-migrantes-y-agentes-fronterizos-en-tijuana-fotoreportaje-baja-california\/7-3\/\" data-orig-file=\"https:\/\/www.grieta.org.mx\/wp-content\/uploads\/2019\/02\/7.jpg\" data-orig-size=\"980,653\" data-comments-opened=\"0\" data-image-meta=\"{&quot;aperture&quot;:&quot;0&quot;,&quot;credit&quot;:&quot;&quot;,&quot;camera&quot;:&quot;&quot;,&quot;caption&quot;:&quot;&quot;,&quot;created_timestamp&quot;:&quot;0&quot;,&quot;copyright&quot;:&quot;&quot;,&quot;focal_length&quot;:&quot;0&quot;,&quot;iso&quot;:&quot;0&quot;,&quot;shutter_speed&quot;:&quot;0&quot;,&quot;title&quot;:&quot;&quot;,&quot;orientation&quot;:&quot;0&quot;}\" data-image-title=\"7\" data-image-description=\"\" data-image-caption=\"\" data-medium-file=\"https:\/\/www.grieta.org.mx\/wp-content\/uploads\/2019\/02\/7-300x200.jpg\" data-large-file=\"https:\/\/www.grieta.org.mx\/wp-content\/uploads\/2019\/02\/7.jpg\" src=\"http:\/\/www.grieta.org.mx\/wp-content\/uploads\/2019\/02\/7-300x200.jpg\" alt=\"\" width=\"300\" height=\"200\" class=\"aligncenter size-medium wp-image-29303\" srcset=\"https:\/\/www.grieta.org.mx\/wp-content\/uploads\/2019\/02\/7-300x200.jpg 300w, https:\/\/www.grieta.org.mx\/wp-content\/uploads\/2019\/02\/7-768x512.jpg 768w, https:\/\/www.grieta.org.mx\/wp-content\/uploads\/2019\/02\/7-750x500.jpg 750w, https:\/\/www.grieta.org.mx\/wp-content\/uploads\/2019\/02\/7.jpg 980w\" sizes=\"auto, (max-width: 300px) 100vw, 300px\" \/><\/p>\n<p>*En los \u00faltimos tres d\u00edas han arribado a Mexicali 140 centroamericanos en tres diferentes grupos, en su mayor\u00eda j\u00f3venes.<\/p>\n<div class=\"jetpack-video-wrapper\"><iframe loading=\"lazy\" title=\"Sin Caravana comienza llegar nutrido grupo de migrantes de Honduras a BC\" width=\"1170\" height=\"658\" src=\"https:\/\/www.youtube.com\/embed\/2ks7UCrKDuQ?feature=oembed\" frameborder=\"0\" allow=\"accelerometer; autoplay; clipboard-write; encrypted-media; gyroscope; picture-in-picture\" allowfullscreen><\/iframe><\/div>\n<p>Jorge Heras,<\/p>\n<p>Mexicali.- Asaltos y discriminaci\u00f3n es el com\u00fan denominador de la mayor\u00eda de los cerca de 140 personas en contexto de migraci\u00f3n que han arribado a Baja California sin la custodia de polic\u00eda federal y apoyo de gobiernos estatales, a diferencia de sus compatriotas que llegaron a esta frontera en dos caravanas el a\u00f1o pasado.<\/p>\n<p>Jes\u00fas de 25 a\u00f1os de edad ingres\u00f3 a territorio mexicano por la frontera sur con Guatemala el 18 de enero, despu\u00e9s de que el Instituto Nacional de Migraci\u00f3n (INAMI) le otorgara el permiso de libre tr\u00e1nsito por el pa\u00eds fue asaltado por polic\u00edas municipales.<\/p>\n<p>El joven obrero narra a Lindero Norte que por comida no han batallado gracias a la solidaridad de albergues y familias mexicanas, \u201cel viaje se vuelve demasiado dif\u00edcil mas que todo por los polic\u00edas malos, nos roban y nos insultan cuando creen que nos metemos en su territorio, son muy bravos\u201d,<\/p>\n<p>Adem\u00e1s de esta mala experiencia, estuvo a punto de ser v\u00edctima del crimen organizado cuando viajaba en el tren carguero que denominan como \u201cLa Bestia\u201d, pero la libraron al viajar en el techo de los primeros vagones.<br \/>\nJes\u00fas viaja junto con siete hondure\u00f1os de similar edad, toda vez que su esposa e hijas viajaron en la Caravana de Migrante en noviembre del 2018.<br \/>\nSu esposa, una joven de 22 a\u00f1os de edad y sus hijas de 3 y 4 a\u00f1os fueron parte del 8 por ciento de peticionarios de asilo al Gobierno de Estados Unidos que les concedieron la protecci\u00f3n por la violencia que se registra en su pa\u00eds. Actualmente, comenta Jes\u00fas, su familia est\u00e1 residiendo en Miami a la espera de que se una con ella.<\/p>\n<p>\u201cHablo con ellas todos los d\u00edas, me dicen que est\u00e1n bien y que me extra\u00f1an, por eso voy a reunirme con ellos, pero no estoy seguro de pedir asilo, intentar\u00e9 cruzar con la bendici\u00f3n de Dios\u201d, asegur\u00f3.<\/p>\n<p>Iv\u00e1n y Carlos, dos j\u00f3venes de 21 a\u00f1os de edad que desde 42 d\u00edas iniciaron su traves\u00eda por M\u00e9xico en b\u00fasqueda de mejores condiciones de vida, llegaron al albergue Alfa y Omega de Mexicali desde el lunes 18 de febrero.<\/p>\n<p>Ambos declaran que polic\u00edas \u201cgarroteros\u201d los bajaron a golpes de los vagones de La Bestia para quitarles sus pertenencias: tel\u00e9fono celular y dinero.<\/p>\n<p>De acuerdo a sus testimonios, los hechos ocurrieron en Orizaba, Veracruz, en donde sin ellos mediar palabra fueron insultados, amenazados y robados.<\/p>\n<p>\u201cMe amenazaron de muerte, me dijeron que me iban a llevar de regreso a mi pa\u00eds; me hicieron hincarme en la l\u00ednea del tren, me esculcaron, me pegaron en la cabeza y nada m\u00e1s me regresaron 200 pesos\u201d, manifest\u00f3 Iv\u00e1n, quien se dedicaba en su natal Mezapa a trabajar en viveros.<\/p>\n<p>Carlos mencion\u00f3 que tambi\u00e9n fue amenazado por agentes polic\u00edacos y le robaron sus pertenencias en una ciudad pegada a la frontera.<\/p>\n<p>Al igual que el grupo de cerca de 20 jovenes que llegaron a Baja California hace 4 d\u00edas, Carlos e Iv\u00e1n esperan conseguir trabajo en Mexicali porque consideran que es imposible conseguir asilo del Gobierno republicano norteamericano.<\/p>\n<p>Durante los primeros minutos de este jueves arribaron 48 migrantes centroamericanos a Mexicali: 41 hondure\u00f1os y 7 guatemaltecos<\/p>\n<p>Los migrantes llegaron al albergue Alfa y Omega en un cami\u00f3n de la empresa Transporte del sur de sonora S.A. de C.V. con n\u00famero econ\u00f3mico 83, con placas del estado de Sonora.<\/p>\n<p><a href=\"https:\/\/linderonorte.com\/2019\/02\/21\/migrantes-que-llegaron-a-bc-sin-caravana-son-asaltados-por-bandas-y-autoridades-mexicanas-denuncian-hondurenos\/\" rel=\"noopener\" target=\"_blank\">https:\/\/linderonorte.com\/2019\/02\/21\/migrantes-que-llegaron-a-bc-sin-caravana-son-asaltados-por-bandas-y-autoridades-mexicanas-denuncian-hondurenos\/<\/a><\/p>\n","protected":false},"excerpt":{"rendered":"<p>Lindero Norte. *En los \u00faltimos tres d\u00edas han arribado a Mexicali 140 centroamericanos en tres diferentes grupos, en su mayor\u00eda j\u00f3venes. Jorge Heras, Mexicali.- Asaltos y discriminaci\u00f3n es el com\u00fan &hellip; <a href=\"https:\/\/www.grieta.org.mx\/index.php\/2019\/02\/22\/migrantes-que-llegaron-a-bc-sin-caravana-son-asaltados-por-bandas-y-autoridades-mexicanas-denuncian-hondurenos-baja-california\/\" class=\"more-link\">Leer m\u00e1s<\/a><\/p>\n","protected":false},"author":2,"featured_media":29303,"comment_status":"closed","ping_status":"closed","sticky":false,"template":"","format":"standard","meta":{"ngg_post_thumbnail":0,"_jetpack_newsletter_access":"","_jetpack_dont_email_post_to_subs":false,"_jetpack_newsletter_tier_id":0,"_jetpack_memberships_contains_paywalled_content":false,"_jetpack_memberships_contains_paid_content":false,"footnotes":""},"categories":[5,80,1166,2],"tags":[],"class_list":["post-29509","post","type-post","status-publish","format-standard","has-post-thumbnail","hentry","category-baja-california","category-cintillo","category-muros-y-poblaciones-migrantes-en-baja-california","category-noticias-nacionales","entry"],"jetpack_featured_media_url":"https:\/\/www.grieta.org.mx\/wp-content\/uploads\/2019\/02\/7.jpg","jetpack_sharing_enabled":true,"jetpack_shortlink":"https:\/\/wp.me\/p7ZJR4-7FX","jetpack_likes_enabled":false,"jetpack-related-posts":[{"id":27645,"url":"https:\/\/www.grieta.org.mx\/index.php\/2018\/11\/19\/llegan-mil-500-integrantes-de-la-caravana-del-migrante-al-centro-de-mexicali-baja-california\/","url_meta":{"origin":29509,"position":0},"title":"Llegan mil 500 integrantes de la caravana del migrante al centro de Mexicali (Baja California)","author":"grieta","date":"19 noviembre, 2018","format":false,"excerpt":"Antonio Heras Mexicali.-Un contingente de mil 500 migrantes, la mayoria hondure\u00f1os, llegaron al centro de Mexicali donde anunciaron que permaneceran dos dias. Integrantes de la Caravana del Migrante arribaron a esta frontera durante el domingo donde permanecieron en un albergue improvisado en la colonia Abasolo en el Valle de Mexicali.\u2026","rel":"","context":"En &quot;Baja California&quot;","block_context":{"text":"Baja California","link":"https:\/\/www.grieta.org.mx\/index.php\/category\/noticias-nacionales\/baja-california\/"},"img":{"alt_text":"","src":"https:\/\/i0.wp.com\/www.grieta.org.mx\/wp-content\/uploads\/2018\/11\/img-20181119-wa00227479176288765151818.jpg?resize=350%2C200&ssl=1","width":350,"height":200,"srcset":"https:\/\/i0.wp.com\/www.grieta.org.mx\/wp-content\/uploads\/2018\/11\/img-20181119-wa00227479176288765151818.jpg?resize=350%2C200&ssl=1 1x, https:\/\/i0.wp.com\/www.grieta.org.mx\/wp-content\/uploads\/2018\/11\/img-20181119-wa00227479176288765151818.jpg?resize=525%2C300&ssl=1 1.5x"},"classes":[]},{"id":35724,"url":"https:\/\/www.grieta.org.mx\/index.php\/2019\/06\/30\/quedan-varados-49-migrantes-afroamericanos-en-carretera-slrc-mexicali-baja-california\/","url_meta":{"origin":29509,"position":1},"title":"Quedan varados 49 migrantes afroamericanos en carretera SLRC-Mexicali (Baja California)","author":"grieta","date":"30 junio, 2019","format":false,"excerpt":"Antonio Heras \/ Lindero Norte. Mexicali.- Medio centenar de migrantes afroamericanos quedaron varados en la carretera a Mexicali despu\u00e9s de cruzar el puente de peaje de San Lu\u00eds R\u00edo Colorado, Sonora. De manera inicial se report\u00f3 un accidente carretero la tarde de este s\u00e1bado, alredeor de las 17.30 horas, a\u2026","rel":"","context":"En &quot;Baja California&quot;","block_context":{"text":"Baja California","link":"https:\/\/www.grieta.org.mx\/index.php\/category\/noticias-nacionales\/baja-california\/"},"img":{"alt_text":"","src":"https:\/\/i0.wp.com\/www.grieta.org.mx\/wp-content\/uploads\/2019\/07\/IMG-20190629-WA0028.jpg?resize=350%2C200&ssl=1","width":350,"height":200,"srcset":"https:\/\/i0.wp.com\/www.grieta.org.mx\/wp-content\/uploads\/2019\/07\/IMG-20190629-WA0028.jpg?resize=350%2C200&ssl=1 1x, https:\/\/i0.wp.com\/www.grieta.org.mx\/wp-content\/uploads\/2019\/07\/IMG-20190629-WA0028.jpg?resize=525%2C300&ssl=1 1.5x, https:\/\/i0.wp.com\/www.grieta.org.mx\/wp-content\/uploads\/2019\/07\/IMG-20190629-WA0028.jpg?resize=700%2C400&ssl=1 2x"},"classes":[]},{"id":31144,"url":"https:\/\/www.grieta.org.mx\/index.php\/2019\/03\/21\/continua-exodo-de-migrantes-centroamericanos-a-mexicali-baja-california\/","url_meta":{"origin":29509,"position":2},"title":"Contin\u00faa \u00e9xodo de migrantes centroamericanos a Mexicali (Baja California)","author":"grieta","date":"21 marzo, 2019","format":false,"excerpt":"Lindero Norte. Antonio Heras Mexicali.- Varios grupos de centroamericanos de la Caravana del Migrante han llegado a los albergues de Mexicali durante los \u00faltimos tres d\u00edas, de acuerdo a la Direcci\u00f3n de Atenci\u00f3n del Migrante del gobierno de Baja California. En estos dias arribaron a esta ciudad fronteriza 200 hombres,\u2026","rel":"","context":"En &quot;Baja California&quot;","block_context":{"text":"Baja California","link":"https:\/\/www.grieta.org.mx\/index.php\/category\/noticias-nacionales\/baja-california\/"},"img":{"alt_text":"","src":"https:\/\/i0.wp.com\/www.grieta.org.mx\/wp-content\/uploads\/2018\/03\/14524434_1106112876131411_958039263622046936_o.jpg?resize=350%2C200&ssl=1","width":350,"height":200,"srcset":"https:\/\/i0.wp.com\/www.grieta.org.mx\/wp-content\/uploads\/2018\/03\/14524434_1106112876131411_958039263622046936_o.jpg?resize=350%2C200&ssl=1 1x, https:\/\/i0.wp.com\/www.grieta.org.mx\/wp-content\/uploads\/2018\/03\/14524434_1106112876131411_958039263622046936_o.jpg?resize=525%2C300&ssl=1 1.5x, https:\/\/i0.wp.com\/www.grieta.org.mx\/wp-content\/uploads\/2018\/03\/14524434_1106112876131411_958039263622046936_o.jpg?resize=700%2C400&ssl=1 2x"},"classes":[]},{"id":30360,"url":"https:\/\/www.grieta.org.mx\/index.php\/2019\/03\/07\/hay-en-baja-california-mil-250-centroamericanos-de-la-tercera-caravana-de-migrantes\/","url_meta":{"origin":29509,"position":3},"title":"Hay en Baja California mil 250 centroamericanos de la tercera caravana de migrantes","author":"grieta","date":"7 marzo, 2019","format":false,"excerpt":"Lindero Norte. Antonio Heras, Mexicali.- En el nuevo \u00e9xodo de centroamericanos a la frontera noroeste de M\u00e9xico se reportan mil 250 migrantes que solicitar\u00e1n asilo pol\u00edtico al gobierno de Estados Unidos. En Mexicali se encuentran 900 personas y 350 en Tijuana Durante este mi\u00e9rcoles llegaron a Mexicali 357 integrantes de\u2026","rel":"","context":"En &quot;Baja California&quot;","block_context":{"text":"Baja California","link":"https:\/\/www.grieta.org.mx\/index.php\/category\/noticias-nacionales\/baja-california\/"},"img":{"alt_text":"","src":"https:\/\/i0.wp.com\/www.grieta.org.mx\/wp-content\/uploads\/2018\/03\/14524434_1106112876131411_958039263622046936_o.jpg?resize=350%2C200&ssl=1","width":350,"height":200,"srcset":"https:\/\/i0.wp.com\/www.grieta.org.mx\/wp-content\/uploads\/2018\/03\/14524434_1106112876131411_958039263622046936_o.jpg?resize=350%2C200&ssl=1 1x, https:\/\/i0.wp.com\/www.grieta.org.mx\/wp-content\/uploads\/2018\/03\/14524434_1106112876131411_958039263622046936_o.jpg?resize=525%2C300&ssl=1 1.5x, https:\/\/i0.wp.com\/www.grieta.org.mx\/wp-content\/uploads\/2018\/03\/14524434_1106112876131411_958039263622046936_o.jpg?resize=700%2C400&ssl=1 2x"},"classes":[]},{"id":30357,"url":"https:\/\/www.grieta.org.mx\/index.php\/2019\/03\/06\/arriba-grupo-de-400-migrantes-a-mexicali-38-son-ninos-baja-california\/","url_meta":{"origin":29509,"position":4},"title":"Arriba grupo de 400 migrantes a Mexicali; 38 son ni\u00f1os (Baja California)","author":"grieta","date":"6 marzo, 2019","format":false,"excerpt":"Zeta Tijuana. Eduardo Villa Lugo, Un grupo de alrededor de 400 centroamericanos arrib\u00f3 a Mexicali la madrugada de este mi\u00e9rcoles, confirm\u00f3 el director de Atenci\u00f3n a Migrantes, Gustavo Magallanes Cort\u00e9s. El funcionario indic\u00f3 que el grupo est\u00e1 conformado por 223 hombres, con 96 mujeres y un total de 38 ni\u00f1os,\u2026","rel":"","context":"En &quot;Baja California&quot;","block_context":{"text":"Baja California","link":"https:\/\/www.grieta.org.mx\/index.php\/category\/noticias-nacionales\/baja-california\/"},"img":{"alt_text":"","src":"https:\/\/i0.wp.com\/www.grieta.org.mx\/wp-content\/uploads\/2019\/03\/migrantes-4.jpg?resize=350%2C200&ssl=1","width":350,"height":200,"srcset":"https:\/\/i0.wp.com\/www.grieta.org.mx\/wp-content\/uploads\/2019\/03\/migrantes-4.jpg?resize=350%2C200&ssl=1 1x, https:\/\/i0.wp.com\/www.grieta.org.mx\/wp-content\/uploads\/2019\/03\/migrantes-4.jpg?resize=525%2C300&ssl=1 1.5x"},"classes":[]},{"id":27715,"url":"https:\/\/www.grieta.org.mx\/index.php\/2018\/11\/25\/la-segob-anuncia-que-el-inm-deportara-a-centroamericanos-que-intentaron-ingresar-a-estados-unidos-baja-california\/","url_meta":{"origin":29509,"position":5},"title":"La Segob anuncia que el INM deportar\u00e1 a centroamericanos que intentaron ingresar a Estados Unidos (Baja California)","author":"grieta","date":"25 noviembre, 2018","format":false,"excerpt":"FOTO: GABRIELA ELENA SU\u00c1REZ\/SOMOSELMEDIO.COM CDMX, 25 de noviembre 2018.- La Secretar\u00eda de Gobernaci\u00f3n (Segob), inform\u00f3 que, en coordinaci\u00f3n con autoridades locales del Estado de Baja California, \u201clogr\u00f3 contener\u201d al grupo de casi 500 migrantes que, intentaron cruzar la frontera de M\u00e9xico con Estados Unidos, en el paso fronterizo de El\u2026","rel":"","context":"En &quot;Baja California&quot;","block_context":{"text":"Baja California","link":"https:\/\/www.grieta.org.mx\/index.php\/category\/noticias-nacionales\/baja-california\/"},"img":{"alt_text":"","src":"https:\/\/i0.wp.com\/www.grieta.org.mx\/wp-content\/uploads\/2018\/11\/WhatsApp-Image-2018-11-25-at-14.06.34-1-696x522.jpeg?resize=350%2C200&ssl=1","width":350,"height":200,"srcset":"https:\/\/i0.wp.com\/www.grieta.org.mx\/wp-content\/uploads\/2018\/11\/WhatsApp-Image-2018-11-25-at-14.06.34-1-696x522.jpeg?resize=350%2C200&ssl=1 1x, https:\/\/i0.wp.com\/www.grieta.org.mx\/wp-content\/uploads\/2018\/11\/WhatsApp-Image-2018-11-25-at-14.06.34-1-696x522.jpeg?resize=525%2C300&ssl=1 1.5x"},"classes":[]}],"_links":{"self":[{"href":"https:\/\/www.grieta.org.mx\/index.php\/wp-json\/wp\/v2\/posts\/29509","targetHints":{"allow":["GET"]}}],"collection":[{"href":"https:\/\/www.grieta.org.mx\/index.php\/wp-json\/wp\/v2\/posts"}],"about":[{"href":"https:\/\/www.grieta.org.mx\/index.php\/wp-json\/wp\/v2\/types\/post"}],"author":[{"embeddable":true,"href":"https:\/\/www.grieta.org.mx\/index.php\/wp-json\/wp\/v2\/users\/2"}],"replies":[{"embeddable":true,"href":"https:\/\/www.grieta.org.mx\/index.php\/wp-json\/wp\/v2\/comments?post=29509"}],"version-history":[{"count":1,"href":"https:\/\/www.grieta.org.mx\/index.php\/wp-json\/wp\/v2\/posts\/29509\/revisions"}],"predecessor-version":[{"id":29510,"href":"https:\/\/www.grieta.org.mx\/index.php\/wp-json\/wp\/v2\/posts\/29509\/revisions\/29510"}],"wp:featuredmedia":[{"embeddable":true,"href":"https:\/\/www.grieta.org.mx\/index.php\/wp-json\/wp\/v2\/media\/29303"}],"wp:attachment":[{"href":"https:\/\/www.grieta.org.mx\/index.php\/wp-json\/wp\/v2\/media?parent=29509"}],"wp:term":[{"taxonomy":"category","embeddable":true,"href":"https:\/\/www.grieta.org.mx\/index.php\/wp-json\/wp\/v2\/categories?post=29509"},{"taxonomy":"post_tag","embeddable":true,"href":"https:\/\/www.grieta.org.mx\/index.php\/wp-json\/wp\/v2\/tags?post=29509"}],"curies":[{"name":"wp","href":"https:\/\/api.w.org\/{rel}","templated":true}]}}