{"id":2950,"date":"2015-08-17T21:04:53","date_gmt":"2015-08-17T21:04:53","guid":{"rendered":"http:\/\/50.22.11.12\/~grietaor\/?p=2950"},"modified":"2016-03-13T21:08:04","modified_gmt":"2016-03-13T21:08:04","slug":"piden-apoyo-contra-cimari","status":"publish","type":"post","link":"https:\/\/www.grieta.org.mx\/index.php\/2015\/08\/17\/piden-apoyo-contra-cimari\/","title":{"rendered":"Piden apoyo contra Cimari"},"content":{"rendered":"<p>Con el fin de que el presidente municipal de General Cepeda no ceda y revoque el cambio de uso de suelo para la instalaci\u00f3n de un dep\u00f3sito de desechos t\u00f3xicos, familias de los ejidos Noria de la Sabina y Pilar de Richardson acudieron a Saltillo y buscar apoyo ciudadano.<\/p>\n<p>El grupo de campesinos, quienes incluso denunciaron artima\u00f1as del edil para evitar que se entrevistaran con el gobernador Rub\u00e9n Moreira el s\u00e1bado que estuvo en el municipio rural, manifestaron la firmeza de su postura: \u201cNo a la construcci\u00f3n del Cimari en nuestra localidad.\u201d<\/p>\n<p>No se nos hace justo que quieran construir un basurero t\u00f3xico en ambas comunidades porque General Cepeda ni siquiera es generador de sustancias t\u00f3xicas industriales, dijo Carmen Almaguer, \u201csabemos que los dep\u00f3sitos de residuos t\u00f3xicos son necesarios, pero en General Cepeda no, esta problem\u00e1tica afecta a m\u00e1s de 300 familias de ambos ejidos\u201d.<\/p>\n<p>Sin el patrocinio de nadie, s\u00f3lo la b\u00fasqueda del apoyo de todos los coahuilenses a trav\u00e9s de manifestaciones pac\u00edficas, Carmen Almaguer expres\u00f3 que por eso su recorrido es el inicio de una serie de viajes a ciudades vecinas, Saltillo, Parras, Ramos Arizpe y Arteaga, porque a ellos tambi\u00e9n los afecta.<\/p>\n<p>Adem\u00e1s de presentar informaci\u00f3n y solicitar el apoyo de la comunidad para no permitir la instalaci\u00f3n del Cimari en sus comunidades, los campesinos realizaron una colecta en las afueras de cada templo donde se presentaron en Saltillo, las iglesias Rector\u00eda de la Ascensi\u00f3n, Rector\u00eda de la Santa Cruz y parroquia de Nuestra Se\u00f1ora de Sch\u00f6ensttat.<\/p>\n<p><a href=\"http:\/\/www.eldiariodecoahuila.com.mx\/notas\/2015\/8\/17\/piden-apoyo-contra-cimari-525099.asp\" target=\"_blank\">www.eldiariodecoahuila.com.mx\/notas\/2015\/8\/17\/piden-apoyo-contra-cimari-525099.asp<\/a><\/p>\n","protected":false},"excerpt":{"rendered":"<p>Con el fin de que el presidente municipal de General Cepeda no ceda y revoque el cambio de uso de suelo para la instalaci\u00f3n de un dep\u00f3sito de desechos t\u00f3xicos, &hellip; <a href=\"https:\/\/www.grieta.org.mx\/index.php\/2015\/08\/17\/piden-apoyo-contra-cimari\/\" class=\"more-link\">Leer m\u00e1s<\/a><\/p>\n","protected":false},"author":2,"featured_media":21928,"comment_status":"closed","ping_status":"open","sticky":false,"template":"","format":"standard","meta":{"ngg_post_thumbnail":0,"_jetpack_newsletter_access":"","_jetpack_dont_email_post_to_subs":false,"_jetpack_newsletter_tier_id":0,"_jetpack_memberships_contains_paywalled_content":false,"_jetpack_memberships_contains_paid_content":false,"footnotes":""},"categories":[80],"tags":[287,288,91,284],"class_list":["post-2950","post","type-post","status-publish","format-standard","has-post-thumbnail","hentry","category-cintillo","tag-basurero-toxico","tag-cimari","tag-contaminacion-ambiental","tag-general-cepeda","entry"],"jetpack_featured_media_url":"https:\/\/www.grieta.org.mx\/wp-content\/uploads\/2018\/03\/14524434_1106112876131411_958039263622046936_o.jpg","jetpack_sharing_enabled":true,"jetpack_shortlink":"https:\/\/wp.me\/p7ZJR4-LA","jetpack_likes_enabled":false,"jetpack-related-posts":[{"id":6683,"url":"https:\/\/www.grieta.org.mx\/index.php\/2016\/02\/08\/coahuilenses-se-movilizan-para-detener-construccion-de-basurero-toxico\/","url_meta":{"origin":2950,"position":0},"title":"Coahuilenses se movilizan para detener construcci\u00f3n de basurero t\u00f3xico","author":"grieta","date":"8 febrero, 2016","format":false,"excerpt":"08\/02\/16. Marchan contra basurero t\u00f3xico Reforma 28\/10\/15. Contin\u00faa la lucha contra el Cimari en General Cepeda Vanguardia 27\/10\/15. Pobladores del norte de M\u00e9xico rechazan vivir con 64,000 toneladas de desechos t\u00f3xicos La opini\u00f3n 26\/10\/15. Va SEMSA contra los allanadores del CIMARI Z\u00f3calo Saltillo 20\/10\/15. Va CIMARI contra ejidatarios Z\u00f3calo Saltillo\u2026","rel":"","context":"En &quot;Coahuila&quot;","block_context":{"text":"Coahuila","link":"https:\/\/www.grieta.org.mx\/index.php\/category\/noticias-nacionales\/coahuila\/"},"img":{"alt_text":"","src":"https:\/\/i0.wp.com\/www.grieta.org.mx\/wp-content\/uploads\/2018\/03\/14524434_1106112876131411_958039263622046936_o.jpg?resize=350%2C200&ssl=1","width":350,"height":200,"srcset":"https:\/\/i0.wp.com\/www.grieta.org.mx\/wp-content\/uploads\/2018\/03\/14524434_1106112876131411_958039263622046936_o.jpg?resize=350%2C200&ssl=1 1x, https:\/\/i0.wp.com\/www.grieta.org.mx\/wp-content\/uploads\/2018\/03\/14524434_1106112876131411_958039263622046936_o.jpg?resize=525%2C300&ssl=1 1.5x, https:\/\/i0.wp.com\/www.grieta.org.mx\/wp-content\/uploads\/2018\/03\/14524434_1106112876131411_958039263622046936_o.jpg?resize=700%2C400&ssl=1 2x"},"classes":[]},{"id":2851,"url":"https:\/\/www.grieta.org.mx\/index.php\/2015\/10\/28\/continua-la-lucha-contra-el-cimari-en-general-cepeda\/","url_meta":{"origin":2950,"position":1},"title":"Contin\u00faa la lucha contra el Cimari en General Cepeda","author":"grieta","date":"28 octubre, 2015","format":false,"excerpt":"La lucha en oposici\u00f3n a la construcci\u00f3n del confinamiento de residuos peligrosos en General Cepeda se mantiene en pie, as\u00ed lo afirm\u00f3 a VANGUARDIA una de las manifestantes originaria de Noria de la Sabina quien prefiri\u00f3 no dar su nombre debido a que las represalias no se han hecho esperar.\u2026","rel":"","context":"En &quot;CINTILLO&quot;","block_context":{"text":"CINTILLO","link":"https:\/\/www.grieta.org.mx\/index.php\/category\/cintillo\/"},"img":{"alt_text":"","src":"https:\/\/i0.wp.com\/www.grieta.org.mx\/wp-content\/uploads\/2018\/03\/14524434_1106112876131411_958039263622046936_o.jpg?resize=350%2C200&ssl=1","width":350,"height":200,"srcset":"https:\/\/i0.wp.com\/www.grieta.org.mx\/wp-content\/uploads\/2018\/03\/14524434_1106112876131411_958039263622046936_o.jpg?resize=350%2C200&ssl=1 1x, https:\/\/i0.wp.com\/www.grieta.org.mx\/wp-content\/uploads\/2018\/03\/14524434_1106112876131411_958039263622046936_o.jpg?resize=525%2C300&ssl=1 1.5x, https:\/\/i0.wp.com\/www.grieta.org.mx\/wp-content\/uploads\/2018\/03\/14524434_1106112876131411_958039263622046936_o.jpg?resize=700%2C400&ssl=1 2x"},"classes":[]},{"id":2848,"url":"https:\/\/www.grieta.org.mx\/index.php\/2016\/02\/08\/marchan-contra-basurero-toxico\/","url_meta":{"origin":2950,"position":2},"title":"Marchan contra basurero t\u00f3xico","author":"grieta","date":"8 febrero, 2016","format":false,"excerpt":"Rolando Chac\u00f3n \/ Corresponsal Saltillo, M\u00e9xico (08 febrero 2016).- Cientos de campesinos de zonas rurales y habitantes del municipio de General Cepeda, Coahuila, marcharon durante tres d\u00edas unos 60 kil\u00f3metros para reiterar su rechazo a un basurero t\u00f3xico que est\u00e1 en construcci\u00f3n en el ejido Noria de la Sabina. Se\u2026","rel":"","context":"En &quot;CINTILLO&quot;","block_context":{"text":"CINTILLO","link":"https:\/\/www.grieta.org.mx\/index.php\/category\/cintillo\/"},"img":{"alt_text":"","src":"https:\/\/i0.wp.com\/www.grieta.org.mx\/wp-content\/uploads\/2018\/03\/14524434_1106112876131411_958039263622046936_o.jpg?resize=350%2C200&ssl=1","width":350,"height":200,"srcset":"https:\/\/i0.wp.com\/www.grieta.org.mx\/wp-content\/uploads\/2018\/03\/14524434_1106112876131411_958039263622046936_o.jpg?resize=350%2C200&ssl=1 1x, https:\/\/i0.wp.com\/www.grieta.org.mx\/wp-content\/uploads\/2018\/03\/14524434_1106112876131411_958039263622046936_o.jpg?resize=525%2C300&ssl=1 1.5x, https:\/\/i0.wp.com\/www.grieta.org.mx\/wp-content\/uploads\/2018\/03\/14524434_1106112876131411_958039263622046936_o.jpg?resize=700%2C400&ssl=1 2x"},"classes":[]},{"id":2859,"url":"https:\/\/www.grieta.org.mx\/index.php\/2015\/10\/20\/canacintra-pide-ir-contra-entrometidos-del-caso-cimari\/","url_meta":{"origin":2950,"position":3},"title":"Canacintra pide ir contra \u2018entrometidos\u2019 del caso Cimari","author":"grieta","date":"20 octubre, 2015","format":false,"excerpt":"La C\u00e1mara Nacional de la Industria de Transformaci\u00f3n (Canacintra) en la Regi\u00f3n Sureste manifest\u00f3 su apoyo para la construcci\u00f3n de un confinamiento de residuos t\u00f3xicos en General Cepeda, as\u00ed como su preocupaci\u00f3n por las manifestaciones generadas en contra. A trav\u00e9s de un bolet\u00edn de prensa, se inform\u00f3 que existe preocupaci\u00f3n\u2026","rel":"","context":"En &quot;CINTILLO&quot;","block_context":{"text":"CINTILLO","link":"https:\/\/www.grieta.org.mx\/index.php\/category\/cintillo\/"},"img":{"alt_text":"","src":"https:\/\/i0.wp.com\/www.grieta.org.mx\/wp-content\/uploads\/2018\/03\/14524434_1106112876131411_958039263622046936_o.jpg?resize=350%2C200&ssl=1","width":350,"height":200,"srcset":"https:\/\/i0.wp.com\/www.grieta.org.mx\/wp-content\/uploads\/2018\/03\/14524434_1106112876131411_958039263622046936_o.jpg?resize=350%2C200&ssl=1 1x, https:\/\/i0.wp.com\/www.grieta.org.mx\/wp-content\/uploads\/2018\/03\/14524434_1106112876131411_958039263622046936_o.jpg?resize=525%2C300&ssl=1 1.5x, https:\/\/i0.wp.com\/www.grieta.org.mx\/wp-content\/uploads\/2018\/03\/14524434_1106112876131411_958039263622046936_o.jpg?resize=700%2C400&ssl=1 2x"},"classes":[]},{"id":2857,"url":"https:\/\/www.grieta.org.mx\/index.php\/2015\/10\/20\/va-cimari-contra-ejidatarios\/","url_meta":{"origin":2950,"position":4},"title":"Va CIMARI contra ejidatarios","author":"grieta","date":"20 octubre, 2015","format":false,"excerpt":"General Cepeda, Coah.- La Audiencia de Formulaci\u00f3n de Imputaci\u00f3n por el delito de despojo contra campesinos que se apropiaron de los terrenos donde se construir\u00e1 el Centro Integral para el Manejo y Almacenamiento de Residuos Industriales (CIMARI), fue cancelada debido a la ausencia de los imputados, a quienes se les\u2026","rel":"","context":"En &quot;CINTILLO&quot;","block_context":{"text":"CINTILLO","link":"https:\/\/www.grieta.org.mx\/index.php\/category\/cintillo\/"},"img":{"alt_text":"","src":"https:\/\/i0.wp.com\/www.grieta.org.mx\/wp-content\/uploads\/2018\/03\/14524434_1106112876131411_958039263622046936_o.jpg?resize=350%2C200&ssl=1","width":350,"height":200,"srcset":"https:\/\/i0.wp.com\/www.grieta.org.mx\/wp-content\/uploads\/2018\/03\/14524434_1106112876131411_958039263622046936_o.jpg?resize=350%2C200&ssl=1 1x, https:\/\/i0.wp.com\/www.grieta.org.mx\/wp-content\/uploads\/2018\/03\/14524434_1106112876131411_958039263622046936_o.jpg?resize=525%2C300&ssl=1 1.5x, https:\/\/i0.wp.com\/www.grieta.org.mx\/wp-content\/uploads\/2018\/03\/14524434_1106112876131411_958039263622046936_o.jpg?resize=700%2C400&ssl=1 2x"},"classes":[]},{"id":2944,"url":"https:\/\/www.grieta.org.mx\/index.php\/2015\/09\/04\/no-hay-marcha-atras-las-obras-del-cimari-no-se-detendran\/","url_meta":{"origin":2950,"position":5},"title":"No hay marcha atr\u00e1s, las obras del CIMARI no se detendr\u00e1n","author":"grieta","date":"4 septiembre, 2015","format":false,"excerpt":"Este viernes algunas manifestaciones se registraron en la presidencia municipal de General Cepeda, tras el inicio de la construcci\u00f3n del Centro Integral para el Manejo y Aprovechamiento de Residuos Industriales (CIMARI). Sin embargo, el alcalde de General Cepeda, Rodolfo Zamora, al parecer minimiz\u00f3 la situaci\u00f3n, pues sostuvo que los permisos\u2026","rel":"","context":"En &quot;CINTILLO&quot;","block_context":{"text":"CINTILLO","link":"https:\/\/www.grieta.org.mx\/index.php\/category\/cintillo\/"},"img":{"alt_text":"","src":"https:\/\/i0.wp.com\/www.grieta.org.mx\/wp-content\/uploads\/2018\/03\/14524434_1106112876131411_958039263622046936_o.jpg?resize=350%2C200&ssl=1","width":350,"height":200,"srcset":"https:\/\/i0.wp.com\/www.grieta.org.mx\/wp-content\/uploads\/2018\/03\/14524434_1106112876131411_958039263622046936_o.jpg?resize=350%2C200&ssl=1 1x, https:\/\/i0.wp.com\/www.grieta.org.mx\/wp-content\/uploads\/2018\/03\/14524434_1106112876131411_958039263622046936_o.jpg?resize=525%2C300&ssl=1 1.5x, https:\/\/i0.wp.com\/www.grieta.org.mx\/wp-content\/uploads\/2018\/03\/14524434_1106112876131411_958039263622046936_o.jpg?resize=700%2C400&ssl=1 2x"},"classes":[]}],"_links":{"self":[{"href":"https:\/\/www.grieta.org.mx\/index.php\/wp-json\/wp\/v2\/posts\/2950","targetHints":{"allow":["GET"]}}],"collection":[{"href":"https:\/\/www.grieta.org.mx\/index.php\/wp-json\/wp\/v2\/posts"}],"about":[{"href":"https:\/\/www.grieta.org.mx\/index.php\/wp-json\/wp\/v2\/types\/post"}],"author":[{"embeddable":true,"href":"https:\/\/www.grieta.org.mx\/index.php\/wp-json\/wp\/v2\/users\/2"}],"replies":[{"embeddable":true,"href":"https:\/\/www.grieta.org.mx\/index.php\/wp-json\/wp\/v2\/comments?post=2950"}],"version-history":[{"count":1,"href":"https:\/\/www.grieta.org.mx\/index.php\/wp-json\/wp\/v2\/posts\/2950\/revisions"}],"predecessor-version":[{"id":2951,"href":"https:\/\/www.grieta.org.mx\/index.php\/wp-json\/wp\/v2\/posts\/2950\/revisions\/2951"}],"wp:featuredmedia":[{"embeddable":true,"href":"https:\/\/www.grieta.org.mx\/index.php\/wp-json\/wp\/v2\/media\/21928"}],"wp:attachment":[{"href":"https:\/\/www.grieta.org.mx\/index.php\/wp-json\/wp\/v2\/media?parent=2950"}],"wp:term":[{"taxonomy":"category","embeddable":true,"href":"https:\/\/www.grieta.org.mx\/index.php\/wp-json\/wp\/v2\/categories?post=2950"},{"taxonomy":"post_tag","embeddable":true,"href":"https:\/\/www.grieta.org.mx\/index.php\/wp-json\/wp\/v2\/tags?post=2950"}],"curies":[{"name":"wp","href":"https:\/\/api.w.org\/{rel}","templated":true}]}}