{"id":2948,"date":"2015-08-18T21:01:27","date_gmt":"2015-08-18T21:01:27","guid":{"rendered":"http:\/\/50.22.11.12\/~grietaor\/?p=2948"},"modified":"2016-03-13T21:04:15","modified_gmt":"2016-03-13T21:04:15","slug":"pobreza-extrema-se-ensana-con-el-ejido-noria-de-la-sabina","status":"publish","type":"post","link":"https:\/\/www.grieta.org.mx\/index.php\/2015\/08\/18\/pobreza-extrema-se-ensana-con-el-ejido-noria-de-la-sabina\/","title":{"rendered":"Pobreza extrema se ensa\u00f1a con el ejido Noria de la Sabina"},"content":{"rendered":"<p>El silencio inunda al ejido Noria de la Sabina. Son las 11 de la ma\u00f1ana y el \u00fanico ruido es el motor del coche en el que vamos mi compa\u00f1ero y yo.<\/p>\n<p>Fue mala hora para visitar el ejido de General Cepeda. Todos est\u00e1n en el monte recolectando lechuguilla para obtener los 400 pesos que gana el que s\u00ed trabaja, el que s\u00ed le echa ganas y lleva m\u00e1s kilos para raspar.<\/p>\n<p>Pareciera que no hay ni un alma rondando el ejido. De una de las apenas 26 humildes casas con paredes de adobe y descarapeladas que hay habitadas, sale la se\u00f1ora de la tienda, que est\u00e1 a punto de llevar lechuguilla ya raspada, tal vez a vender.<\/p>\n<p>Ella nos manda con la se\u00f1ora Mar\u00eda de la Luz Hern\u00e1ndez Delgado, quien comenta que, a pesar de las carencias, por el agua no \u201cbatallan\u201d, aunque un estudio del Coneval dice que el 11.54 por ciento de los 92 habitantes no cuenta con agua entubada.<\/p>\n<p>La \u00fanica fuente de trabajo actualmente es recolectar y raspar lechuguilla, a lo que casi todos en el rancho se dedican, hasta los m\u00e1s j\u00f3venes, quienes al terminar la primaria prefieren ponerse a tallar (lechuguilla), que seguir estudiando.<\/p>\n<p>\u201cAqu\u00ed si trabaja la gente y va a tallar, come, si no, se la amarran, est\u00e1n al d\u00eda, s\u00ed un d\u00eda lo pierden, ese d\u00eda les falt\u00f3 ese peso (\u2026). Ahorita lo que m\u00e1s hay es lechuguilla, la candelilla casi no hay porque como ha llovido mucho, los muchachos no quieren echarla a perder, porque no tiene polvito\u201d, expresa.<\/p>\n<p>El calor de, por lo menos, 30 grados cent\u00edgrados invade el ejido y provoca que las gotas de sudor escurran por la cara y el cuerpo. Afuera el sol es peor, es un sol picante que provoca un ardor en la piel. As\u00ed los ejidatarios se salen a recolectar la lechuguilla al monte.<\/p>\n<p>Aunque el calor est\u00e1 intenso, dentro de las casas no se siente tanto. La mayor\u00eda est\u00e1 hecha de adobe, con techos de albarda, quiote, \u201czoquete\u201d y candelilla, pero tambi\u00e9n hay algunas que ya est\u00e1n construidas con material moderno que entreg\u00f3 Sedesol, pero la de la se\u00f1ora Mar\u00eda forma parte del 7.69 por ciento de casas con piso de tierra.<\/p>\n<p>En el ejido solamente hay una escuela de educaci\u00f3n Primaria con un sal\u00f3n y, por lo tanto, una maestra. Mar\u00eda de la Luz comenta que ahorita todos los ni\u00f1os van a la escuela, no obstante, Consejo Nacional de Evaluaci\u00f3n de la Pol\u00edtica de Desarrollo Social (Coneval) destaca que el 12,90 por ciento de los habitantes mayores de 15 a\u00f1os son analfabetas.<\/p>\n<p>Tambi\u00e9n hay un k\u00ednder, \u00e9se es m\u00e1s nuevo, apenas tiene unos 30 a\u00f1os en el rancho; la primaria tiene alrededor de 70.<\/p>\n<p>Cimari, tema de \u2018moda\u2019<\/p>\n<p>Durante la charla, es inevitable el tema del Cimari que construir\u00e1n a unos 5 kil\u00f3metros del ejido, as\u00ed como de la muerte del comisariado ejidal, quien se suicid\u00f3 el pasado lunes 29 de junio.<\/p>\n<p>Fue uno de sus tres hijos, y a quien ya le hab\u00eda comentado lo que har\u00eda, quien encontr\u00f3 sin vida en un \u00e1rbol y colgado con una cuerda al cuello a Antonio Hern\u00e1ndez G\u00f3mez.<\/p>\n<p>Aunque nadie sabe a ciencia cierta cu\u00e1l fue la raz\u00f3n por la que Antonio Hern\u00e1ndez decidi\u00f3 suicidarse, algunos vecinos consideran que fue por la cantidad de trabajo que ten\u00eda que realizar para que los ejidatarios tuvieran una mejor calidad de vida.<\/p>\n<p>Aunado a eso, comentaron los habitantes, ten\u00eda una presi\u00f3n muy grande por la construcci\u00f3n del Confinamiento de Residuos T\u00f3xicos que se construir\u00e1 a tan s\u00f3lo cinco kil\u00f3metros del ejido, motivo por el que en un inicio deseaba dejar el cargo, pues la mayor\u00eda de habitantes considera que afectar\u00e1 gravemente su salud.<\/p>\n<p>\u201cLe dijo a su hijo que se iba a ahorcar, pero no le dijo los motivos, a m\u00ed me dijo el muchacho que \u201cEl Tronco\u201d fue y le dio un beso a su hijo y a su nieto y le dijo: yo me voy a ahorcar. En la medianoche lo encontr\u00f3 ahorcado\u201d, manifest\u00f3 Mar\u00eda de la Luz Hern\u00e1ndez.<\/p>\n<p>Primero comer\u2026<\/p>\n<p>Aunque otros habitantes tambi\u00e9n se quejaron de que la instalaci\u00f3n del confinamiento de residuos t\u00f3xicos afectar\u00e1 en su salud, tambi\u00e9n les preocupa que, en ocasiones, las familias no tienen suficiente dinero para comprar comida y darles a sus hijos. Su men\u00fa de todos los d\u00edas son frijoles y huevo, dos de los alimentos m\u00e1s econ\u00f3micos.<\/p>\n<p>\u201cA veces no tenemos para comprar la comida, casi siempre comemos huevo y frijoles (\u2026) \u00a1nombre! Si compramos carne un d\u00eda nos quedamos sin el huevo y los frijoles de toda la semana, est\u00e1 muy cara la carne\u201d, expres\u00f3 Francisca Hern\u00e1ndez G\u00f3mez, hermana de quien en vida fuera el comisariado ejidal en Noria de la Sabina.<\/p>\n<p>\u201cSe batalla para el trabajo, en veces s\u00ed come uno, en veces se batalla. Yo ahorita estoy separada, tengo cuatro ni\u00f1os y mi pap\u00e1 es el que me est\u00e1 manteniendo. Mi pap\u00e1 y mi mam\u00e1 son los que se van a tallar\u201d, dijo Matilde Hern\u00e1ndez P\u00e9rez.<\/p>\n<p>Para Mar\u00eda de la Luz Hern\u00e1ndez Delgado, quien tiene ya 61 a\u00f1os viviendo en el rancho Noria de Sabina, es triste que el Gobierno Federal, Estatal y Municipal pongan el \u201cbasurero t\u00f3xico\u201d, pues ning\u00fan habitante tiene el suficiente dinero para irse de ah\u00ed.<\/p>\n<p>\u201cAqu\u00ed nos dejaron nuestros padres, aqu\u00ed nos moremos (sic). \u00bfPa\u2019onde nos vamos? estamos fregaditos, no tenemos ni un cinco pa\u2019irnos (\u2026) Yo soy nacida y criada aqu\u00ed, nos da tristeza que nos quieran hacer eso (construir el confinamiento), \u00bfpa\u2019onde nos arrancamos, pa\u2019onde nos vamos?, si no tenemos ni con qu\u00e9 comprar una casa, ni para comer, \u00bfd\u00f3nde? (\u2026) aqu\u00ed nacimos, aqu\u00ed nos morimos. Si el Gobierno pone eso, nos matamos\u201d, manifest\u00f3.<\/p>\n<p>La construcci\u00f3n del Cimari ya cuenta con el aval del alcalde de General Cepeda, Rodolfo Zamora Rodr\u00edguez.<\/p>\n<p><a href=\"http:\/\/www.vanguardia.com.mx\/pobrezaextremaseensanaconelejidonoriadelasabina-2365155.html\" target=\"_blank\">www.vanguardia.com.mx\/pobrezaextremaseensanaconelejidonoriadelasabina-2365155.html<\/a><\/p>\n","protected":false},"excerpt":{"rendered":"<p>El silencio inunda al ejido Noria de la Sabina. Son las 11 de la ma\u00f1ana y el \u00fanico ruido es el motor del coche en el que vamos mi compa\u00f1ero &hellip; <a href=\"https:\/\/www.grieta.org.mx\/index.php\/2015\/08\/18\/pobreza-extrema-se-ensana-con-el-ejido-noria-de-la-sabina\/\" class=\"more-link\">Leer m\u00e1s<\/a><\/p>\n","protected":false},"author":2,"featured_media":21928,"comment_status":"closed","ping_status":"open","sticky":false,"template":"","format":"standard","meta":{"ngg_post_thumbnail":0,"_jetpack_newsletter_access":"","_jetpack_dont_email_post_to_subs":false,"_jetpack_newsletter_tier_id":0,"_jetpack_memberships_contains_paywalled_content":false,"_jetpack_memberships_contains_paid_content":false,"footnotes":""},"categories":[80],"tags":[287,91,175,284],"class_list":["post-2948","post","type-post","status-publish","format-standard","has-post-thumbnail","hentry","category-cintillo","tag-basurero-toxico","tag-contaminacion-ambiental","tag-ejidatarios","tag-general-cepeda","entry"],"jetpack_featured_media_url":"https:\/\/www.grieta.org.mx\/wp-content\/uploads\/2018\/03\/14524434_1106112876131411_958039263622046936_o.jpg","jetpack_sharing_enabled":true,"jetpack_shortlink":"https:\/\/wp.me\/p7ZJR4-Ly","jetpack_likes_enabled":false,"jetpack-related-posts":[{"id":2869,"url":"https:\/\/www.grieta.org.mx\/index.php\/2015\/10\/07\/protestan-pobladores-contra-instalacion-de-un-basurero-toxico-en-ejido-de-coahuila\/","url_meta":{"origin":2948,"position":0},"title":"Protestan pobladores contra instalaci\u00f3n de un basurero t\u00f3xico en ejido de Coahuila","author":"grieta","date":"7 octubre, 2015","format":false,"excerpt":"M\u00c9XICO, D.F. (apro).- Habitantes del municipio General Cepeda, Coahuila, bloquearon el acceso principal al ejido Noria de la Sabina, para evitar la instalaci\u00f3n del Centro Integral para el Manejo y Confinamiento de Residuos Industriales (Cimari) en ese lugar. Desde las 8 de la ma\u00f1ana de este mi\u00e9rcoles, un grupo de\u2026","rel":"","context":"En &quot;CINTILLO&quot;","block_context":{"text":"CINTILLO","link":"https:\/\/www.grieta.org.mx\/index.php\/category\/cintillo\/"},"img":{"alt_text":"","src":"https:\/\/i0.wp.com\/www.grieta.org.mx\/wp-content\/uploads\/2018\/03\/14524434_1106112876131411_958039263622046936_o.jpg?resize=350%2C200&ssl=1","width":350,"height":200,"srcset":"https:\/\/i0.wp.com\/www.grieta.org.mx\/wp-content\/uploads\/2018\/03\/14524434_1106112876131411_958039263622046936_o.jpg?resize=350%2C200&ssl=1 1x, https:\/\/i0.wp.com\/www.grieta.org.mx\/wp-content\/uploads\/2018\/03\/14524434_1106112876131411_958039263622046936_o.jpg?resize=525%2C300&ssl=1 1.5x, https:\/\/i0.wp.com\/www.grieta.org.mx\/wp-content\/uploads\/2018\/03\/14524434_1106112876131411_958039263622046936_o.jpg?resize=700%2C400&ssl=1 2x"},"classes":[]},{"id":2872,"url":"https:\/\/www.grieta.org.mx\/index.php\/2015\/10\/06\/pobladores-de-general-cepeda-coahuila-impiden-construccion-del-basurero-toxico\/","url_meta":{"origin":2948,"position":1},"title":"Pobladores de General Cepeda, Coahuila, impiden construcci\u00f3n del \u201cbasurero t\u00f3xico\u201d","author":"grieta","date":"6 octubre, 2015","format":false,"excerpt":"Por Elisa Hern\u00e1ndez y Alejandro Montenegro Ciudad de M\u00e9xico, 6 de octubre (SinEmbargo\/Vanguardia).\u2013 Esta ma\u00f1ana ejidatarios de General Cepeda, Coahuila, que se oponen a la construcci\u00f3n del confinamiento de residuos peligrosos en el ejido Noria de la Sabina, tomaron las instalaciones donde actualmente se edifica el llamado \u2018basurero t\u00f3xico\u2019. Desde\u2026","rel":"","context":"En &quot;CINTILLO&quot;","block_context":{"text":"CINTILLO","link":"https:\/\/www.grieta.org.mx\/index.php\/category\/cintillo\/"},"img":{"alt_text":"","src":"https:\/\/i0.wp.com\/www.grieta.org.mx\/wp-content\/uploads\/2018\/03\/14524434_1106112876131411_958039263622046936_o.jpg?resize=350%2C200&ssl=1","width":350,"height":200,"srcset":"https:\/\/i0.wp.com\/www.grieta.org.mx\/wp-content\/uploads\/2018\/03\/14524434_1106112876131411_958039263622046936_o.jpg?resize=350%2C200&ssl=1 1x, https:\/\/i0.wp.com\/www.grieta.org.mx\/wp-content\/uploads\/2018\/03\/14524434_1106112876131411_958039263622046936_o.jpg?resize=525%2C300&ssl=1 1.5x, https:\/\/i0.wp.com\/www.grieta.org.mx\/wp-content\/uploads\/2018\/03\/14524434_1106112876131411_958039263622046936_o.jpg?resize=700%2C400&ssl=1 2x"},"classes":[]},{"id":6683,"url":"https:\/\/www.grieta.org.mx\/index.php\/2016\/02\/08\/coahuilenses-se-movilizan-para-detener-construccion-de-basurero-toxico\/","url_meta":{"origin":2948,"position":2},"title":"Coahuilenses se movilizan para detener construcci\u00f3n de basurero t\u00f3xico","author":"grieta","date":"8 febrero, 2016","format":false,"excerpt":"08\/02\/16. Marchan contra basurero t\u00f3xico Reforma 28\/10\/15. Contin\u00faa la lucha contra el Cimari en General Cepeda Vanguardia 27\/10\/15. Pobladores del norte de M\u00e9xico rechazan vivir con 64,000 toneladas de desechos t\u00f3xicos La opini\u00f3n 26\/10\/15. Va SEMSA contra los allanadores del CIMARI Z\u00f3calo Saltillo 20\/10\/15. Va CIMARI contra ejidatarios Z\u00f3calo Saltillo\u2026","rel":"","context":"En &quot;Coahuila&quot;","block_context":{"text":"Coahuila","link":"https:\/\/www.grieta.org.mx\/index.php\/category\/noticias-nacionales\/coahuila\/"},"img":{"alt_text":"","src":"https:\/\/i0.wp.com\/www.grieta.org.mx\/wp-content\/uploads\/2018\/03\/14524434_1106112876131411_958039263622046936_o.jpg?resize=350%2C200&ssl=1","width":350,"height":200,"srcset":"https:\/\/i0.wp.com\/www.grieta.org.mx\/wp-content\/uploads\/2018\/03\/14524434_1106112876131411_958039263622046936_o.jpg?resize=350%2C200&ssl=1 1x, https:\/\/i0.wp.com\/www.grieta.org.mx\/wp-content\/uploads\/2018\/03\/14524434_1106112876131411_958039263622046936_o.jpg?resize=525%2C300&ssl=1 1.5x, https:\/\/i0.wp.com\/www.grieta.org.mx\/wp-content\/uploads\/2018\/03\/14524434_1106112876131411_958039263622046936_o.jpg?resize=700%2C400&ssl=1 2x"},"classes":[]},{"id":2851,"url":"https:\/\/www.grieta.org.mx\/index.php\/2015\/10\/28\/continua-la-lucha-contra-el-cimari-en-general-cepeda\/","url_meta":{"origin":2948,"position":3},"title":"Contin\u00faa la lucha contra el Cimari en General Cepeda","author":"grieta","date":"28 octubre, 2015","format":false,"excerpt":"La lucha en oposici\u00f3n a la construcci\u00f3n del confinamiento de residuos peligrosos en General Cepeda se mantiene en pie, as\u00ed lo afirm\u00f3 a VANGUARDIA una de las manifestantes originaria de Noria de la Sabina quien prefiri\u00f3 no dar su nombre debido a que las represalias no se han hecho esperar.\u2026","rel":"","context":"En &quot;CINTILLO&quot;","block_context":{"text":"CINTILLO","link":"https:\/\/www.grieta.org.mx\/index.php\/category\/cintillo\/"},"img":{"alt_text":"","src":"https:\/\/i0.wp.com\/www.grieta.org.mx\/wp-content\/uploads\/2018\/03\/14524434_1106112876131411_958039263622046936_o.jpg?resize=350%2C200&ssl=1","width":350,"height":200,"srcset":"https:\/\/i0.wp.com\/www.grieta.org.mx\/wp-content\/uploads\/2018\/03\/14524434_1106112876131411_958039263622046936_o.jpg?resize=350%2C200&ssl=1 1x, https:\/\/i0.wp.com\/www.grieta.org.mx\/wp-content\/uploads\/2018\/03\/14524434_1106112876131411_958039263622046936_o.jpg?resize=525%2C300&ssl=1 1.5x, https:\/\/i0.wp.com\/www.grieta.org.mx\/wp-content\/uploads\/2018\/03\/14524434_1106112876131411_958039263622046936_o.jpg?resize=700%2C400&ssl=1 2x"},"classes":[]},{"id":2954,"url":"https:\/\/www.grieta.org.mx\/index.php\/2015\/07\/18\/habitantes-de-general-cepeda-coahuila-exigen-a-epn-frenar-obra-para-residuos-toxicos\/","url_meta":{"origin":2948,"position":4},"title":"Habitantes de General Cepeda, Coahuila, exigen a EPN frenar obra para residuos t\u00f3xicos","author":"grieta","date":"18 julio, 2015","format":false,"excerpt":"Habitantes del municipio de General Cepeda, Coahuila, rechazan la instalaci\u00f3n de un confinamiento de residuos t\u00f3xicos que la empresa Sociedad Ecol\u00f3gica Mexicana del Norte, S.A. pretende construir en ese lugar, y exigen la intervenci\u00f3n del Presidente Enrique Pe\u00f1a Nieto para frenar la obra, ya que aseguran fueron enga\u00f1ados por los\u2026","rel":"","context":"En &quot;CINTILLO&quot;","block_context":{"text":"CINTILLO","link":"https:\/\/www.grieta.org.mx\/index.php\/category\/cintillo\/"},"img":{"alt_text":"","src":"https:\/\/i0.wp.com\/www.grieta.org.mx\/wp-content\/uploads\/2018\/03\/14524434_1106112876131411_958039263622046936_o.jpg?resize=350%2C200&ssl=1","width":350,"height":200,"srcset":"https:\/\/i0.wp.com\/www.grieta.org.mx\/wp-content\/uploads\/2018\/03\/14524434_1106112876131411_958039263622046936_o.jpg?resize=350%2C200&ssl=1 1x, https:\/\/i0.wp.com\/www.grieta.org.mx\/wp-content\/uploads\/2018\/03\/14524434_1106112876131411_958039263622046936_o.jpg?resize=525%2C300&ssl=1 1.5x, https:\/\/i0.wp.com\/www.grieta.org.mx\/wp-content\/uploads\/2018\/03\/14524434_1106112876131411_958039263622046936_o.jpg?resize=700%2C400&ssl=1 2x"},"classes":[]},{"id":2942,"url":"https:\/\/www.grieta.org.mx\/index.php\/2015\/09\/05\/ejidatarios-piden-respeto-a-su-tierra\/","url_meta":{"origin":2948,"position":5},"title":"Ejidatarios piden respeto a su tierra","author":"grieta","date":"5 septiembre, 2015","format":false,"excerpt":"El obispo Ra\u00fal Vera L\u00f3pez, dijo los ejidatarios de la Noria en el municipio de General Cepeda sufren atropellos al pelear por la recuperaci\u00f3n de su tierra y evitar que se instale el confinamiento de residuos t\u00f3xicos. Ra\u00fal Vera ha lamentado el escaso apoyo de las autoridades estatales en el\u2026","rel":"","context":"En &quot;CINTILLO&quot;","block_context":{"text":"CINTILLO","link":"https:\/\/www.grieta.org.mx\/index.php\/category\/cintillo\/"},"img":{"alt_text":"","src":"https:\/\/i0.wp.com\/www.grieta.org.mx\/wp-content\/uploads\/2018\/03\/14524434_1106112876131411_958039263622046936_o.jpg?resize=350%2C200&ssl=1","width":350,"height":200,"srcset":"https:\/\/i0.wp.com\/www.grieta.org.mx\/wp-content\/uploads\/2018\/03\/14524434_1106112876131411_958039263622046936_o.jpg?resize=350%2C200&ssl=1 1x, https:\/\/i0.wp.com\/www.grieta.org.mx\/wp-content\/uploads\/2018\/03\/14524434_1106112876131411_958039263622046936_o.jpg?resize=525%2C300&ssl=1 1.5x, https:\/\/i0.wp.com\/www.grieta.org.mx\/wp-content\/uploads\/2018\/03\/14524434_1106112876131411_958039263622046936_o.jpg?resize=700%2C400&ssl=1 2x"},"classes":[]}],"_links":{"self":[{"href":"https:\/\/www.grieta.org.mx\/index.php\/wp-json\/wp\/v2\/posts\/2948","targetHints":{"allow":["GET"]}}],"collection":[{"href":"https:\/\/www.grieta.org.mx\/index.php\/wp-json\/wp\/v2\/posts"}],"about":[{"href":"https:\/\/www.grieta.org.mx\/index.php\/wp-json\/wp\/v2\/types\/post"}],"author":[{"embeddable":true,"href":"https:\/\/www.grieta.org.mx\/index.php\/wp-json\/wp\/v2\/users\/2"}],"replies":[{"embeddable":true,"href":"https:\/\/www.grieta.org.mx\/index.php\/wp-json\/wp\/v2\/comments?post=2948"}],"version-history":[{"count":1,"href":"https:\/\/www.grieta.org.mx\/index.php\/wp-json\/wp\/v2\/posts\/2948\/revisions"}],"predecessor-version":[{"id":2949,"href":"https:\/\/www.grieta.org.mx\/index.php\/wp-json\/wp\/v2\/posts\/2948\/revisions\/2949"}],"wp:featuredmedia":[{"embeddable":true,"href":"https:\/\/www.grieta.org.mx\/index.php\/wp-json\/wp\/v2\/media\/21928"}],"wp:attachment":[{"href":"https:\/\/www.grieta.org.mx\/index.php\/wp-json\/wp\/v2\/media?parent=2948"}],"wp:term":[{"taxonomy":"category","embeddable":true,"href":"https:\/\/www.grieta.org.mx\/index.php\/wp-json\/wp\/v2\/categories?post=2948"},{"taxonomy":"post_tag","embeddable":true,"href":"https:\/\/www.grieta.org.mx\/index.php\/wp-json\/wp\/v2\/tags?post=2948"}],"curies":[{"name":"wp","href":"https:\/\/api.w.org\/{rel}","templated":true}]}}