{"id":29427,"date":"2019-02-21T21:01:21","date_gmt":"2019-02-22T03:01:21","guid":{"rendered":"http:\/\/www.grieta.org.mx\/?p=29427"},"modified":"2019-02-22T21:12:47","modified_gmt":"2019-02-23T03:12:47","slug":"violencia-en-mexico-causa-mas-de-87-millones-de-desplazados-internos","status":"publish","type":"post","link":"https:\/\/www.grieta.org.mx\/index.php\/2019\/02\/21\/violencia-en-mexico-causa-mas-de-87-millones-de-desplazados-internos\/","title":{"rendered":"Violencia en M\u00e9xico causa m\u00e1s de 8,7 millones de desplazados internos"},"content":{"rendered":"<p><img loading=\"lazy\" decoding=\"async\" data-attachment-id=\"29428\" data-permalink=\"https:\/\/www.grieta.org.mx\/index.php\/2019\/02\/21\/violencia-en-mexico-causa-mas-de-87-millones-de-desplazados-internos\/attachment\/1066442509\/\" data-orig-file=\"https:\/\/www.grieta.org.mx\/wp-content\/uploads\/2019\/02\/1066442509.jpg\" data-orig-size=\"1000,541\" data-comments-opened=\"0\" data-image-meta=\"{&quot;aperture&quot;:&quot;0&quot;,&quot;credit&quot;:&quot;&quot;,&quot;camera&quot;:&quot;&quot;,&quot;caption&quot;:&quot;&quot;,&quot;created_timestamp&quot;:&quot;0&quot;,&quot;copyright&quot;:&quot;&quot;,&quot;focal_length&quot;:&quot;0&quot;,&quot;iso&quot;:&quot;0&quot;,&quot;shutter_speed&quot;:&quot;0&quot;,&quot;title&quot;:&quot;&quot;,&quot;orientation&quot;:&quot;0&quot;}\" data-image-title=\"1066442509\" data-image-description=\"\" data-image-caption=\"\" data-medium-file=\"https:\/\/www.grieta.org.mx\/wp-content\/uploads\/2019\/02\/1066442509-300x162.jpg\" data-large-file=\"https:\/\/www.grieta.org.mx\/wp-content\/uploads\/2019\/02\/1066442509.jpg\" src=\"http:\/\/www.grieta.org.mx\/wp-content\/uploads\/2019\/02\/1066442509-300x162.jpg\" alt=\"\" width=\"800\" height=\"362\" class=\"aligncenter size-medium wp-image-29428\" \/><\/p>\n<p>Spuntnik<\/p>\n<p>CIUDAD DE M\u00c9XICO (Sputnik) \u2014 M\u00e1s de 8,7 millones de personas dejaron sus hogares y se desplazaron internamente en busca de protecci\u00f3n ante la violencia entre 2011 y 2017, seg\u00fan dos informes presentados por la Comisi\u00f3n Mexicana de Defensa y Promoci\u00f3n de los Derechos Humanos (CMDPDH).<\/p>\n<p>Los datos de la Encuesta Nacional de Victimizaci\u00f3n y Percepci\u00f3n sobre Seguridad P\u00fablica (ENVIPE) &#8220;indican que alrededor de 8 millones 726.375 personas se han visto obligadas a abandonar su lugar de residencia para protegerse de la delincuencia entre 2011 y 2017&#8221;.<\/p>\n<p>a Comisi\u00f3n dijo en su libro &#8220;Entre la invisibilidad y el abandono&#8221; que s\u00f3lo en 2017 la cifra de personas que migraron de su lugar de origen en M\u00e9xico fue de 1,13 millones y que en promedio, desde 2011, 1,2 millones de personas fueron desplazadas al a\u00f1o.<br \/>\nEl Estado de M\u00e9xico (centro) es el que lidera en las cifras con m\u00e1s desplazados con un 18 por ciento, seguido de Jalisco (oeste), Veracruz (este), Guanajuato (centro), Nuevo Le\u00f3n (noreste) y Michoac\u00e1n (oeste).<\/p>\n<p>En todos los casos documentados, &#8220;las autoridades gubernamentales han fallado en la procuraci\u00f3n de Justicia para la poblaci\u00f3n desplazada, as\u00ed como en la identificaci\u00f3n y atenci\u00f3n efectiva de las afectaciones e impactos derivados del desplazamiento en los diferentes \u00e1mbitos que constituyen la vida de las personas&#8221;, seg\u00fan el informe.<\/p>\n<p>Uno de los informes aborda el problema desde el punto de vista cuantitativo y el otro se enfoca en el an\u00e1lisis de aspectos cualitativos del desplazamiento y sus v\u00edctimas, a trav\u00e9s del estudio de casos documentados.<br \/>\nEsas mediciones oficiales incluyen preguntas que permiten identificar a personas que fueron forzadas a cambiar de lugar de residencia dentro del pa\u00eds, por motivo de &#8220;inseguridad p\u00fablica&#8221;, &#8220;inseguridad p\u00fablica o violencia&#8221;, as\u00ed como para &#8220;protegerse de la delincuencia&#8221;, evidenciando de manera indirecta la presencia del fen\u00f3meno en el pa\u00eds.<\/p>\n<p>El informe cualitativo integra el an\u00e1lisis de un total de 104 personas en situaci\u00f3n de desplazamiento interno forzado, de cinco estados noroeste, Chihuahua, Sinaloa, Tamaulipas, Michoac\u00e1n y Nayarit.<\/p>\n<p>El organismo lanz\u00f3 adem\u00e1s un micrositio en internet construido a partir de 374 solicitudes de acceso a la informaci\u00f3n p\u00fablica ante instituciones federales y estatales, con cifras sobre el trabajo de los organismos p\u00fablicos de derechos humanos (quejas, recomendaciones, medidas cautelares), instituciones y programas relacionados con personas internamente desplazadas.<br \/>\nTambi\u00e9n contiene la informaci\u00f3n legislativa, art\u00edculos acad\u00e9micos, entre otros documentos, ante la carencia de estudios oficiales espec\u00edficos sobre la materia.<\/p>\n<p>Adem\u00e1s de los desplazados por la violencia y el crimen organizado, en los \u00faltimos 12 a\u00f1os han muerto m\u00e1s de 200.000 personas, est\u00e1n desaparecidas 40.000, hay 28.000 cad\u00e1veres sin identificar y m\u00e1s de 1.100 fosas clandestinas, seg\u00fan cifras de la secretar\u00eda de Gobernaci\u00f3n de este a\u00f1o.<\/p>\n<p><a href=\"https:\/\/mundo.sputniknews.com\/america-latina\/201902211085616900-seguridad-publica-mexico\/\">https:\/\/mundo.sputniknews.com\/america-latina\/201902211085616900-seguridad-publica-mexico\/<\/a><\/p>\n","protected":false},"excerpt":{"rendered":"<p>Spuntnik CIUDAD DE M\u00c9XICO (Sputnik) \u2014 M\u00e1s de 8,7 millones de personas dejaron sus hogares y se desplazaron internamente en busca de protecci\u00f3n ante la violencia entre 2011 y 2017, &hellip; <a href=\"https:\/\/www.grieta.org.mx\/index.php\/2019\/02\/21\/violencia-en-mexico-causa-mas-de-87-millones-de-desplazados-internos\/\" class=\"more-link\">Leer m\u00e1s<\/a><\/p>\n","protected":false},"author":2,"featured_media":29428,"comment_status":"closed","ping_status":"closed","sticky":false,"template":"","format":"standard","meta":{"ngg_post_thumbnail":0,"_jetpack_newsletter_access":"","_jetpack_dont_email_post_to_subs":false,"_jetpack_newsletter_tier_id":0,"_jetpack_memberships_contains_paywalled_content":false,"_jetpack_memberships_contains_paid_content":false,"footnotes":""},"categories":[80,2144,2146,2145,2147,2148,1303,16,17,20,21,2,24,35],"tags":[2149,1092],"class_list":["post-29427","post","type-post","status-publish","format-standard","has-post-thumbnail","hentry","category-cintillo","category-desplazados-por-violencia-en-el-estado-de-mexico","category-desplazados-por-violencia-en-guanajuato","category-desplazados-por-violencia-en-jalisco","category-desplazados-por-violencia-en-michoacan","category-desplazados-por-violencia-en-nuevo-leon","category-desplazados-por-violencia-en-veracruz","category-estado-de-mexico","category-guanajuato","category-jalisco","category-michoacan","category-noticias-nacionales","category-nuevo-leon","category-veracruz","tag-desplazados-en-mexico","tag-desplazados-por-la-violencia","entry"],"jetpack_featured_media_url":"https:\/\/www.grieta.org.mx\/wp-content\/uploads\/2019\/02\/1066442509.jpg","jetpack_sharing_enabled":true,"jetpack_shortlink":"https:\/\/wp.me\/p7ZJR4-7ED","jetpack_likes_enabled":false,"jetpack-related-posts":[{"id":9451,"url":"https:\/\/www.grieta.org.mx\/index.php\/2016\/09\/09\/desplazados-por-la-violencia-en-guerrero\/","url_meta":{"origin":29427,"position":0},"title":"Desplazados por la violencia en Guerrero","author":"grieta","date":"9 septiembre, 2016","format":false,"excerpt":"09\/09\/16. Aumentan desplazados por violencia en Guerrero y Michoac\u00e1nMilenio 08\/08\/16. Huyen familias de Guerrero por crimen organizado Vanguardia 22\/06\/16. Desplazados en Guerrero, viven en el olvido Bajo Palabra 02\/04\/16. 12 mil 590 desplazados por inseguridad en Guerrero de 2009 a 2014: Inegi El Sur 28\/02\/16. Desplazados por la violencia en\u2026","rel":"","context":"En &quot;Guerrero&quot;","block_context":{"text":"Guerrero","link":"https:\/\/www.grieta.org.mx\/index.php\/category\/noticias-nacionales\/guerrero\/"},"img":{"alt_text":"","src":"https:\/\/i0.wp.com\/www.grieta.org.mx\/wp-content\/uploads\/2018\/03\/14524434_1106112876131411_958039263622046936_o.jpg?resize=350%2C200&ssl=1","width":350,"height":200,"srcset":"https:\/\/i0.wp.com\/www.grieta.org.mx\/wp-content\/uploads\/2018\/03\/14524434_1106112876131411_958039263622046936_o.jpg?resize=350%2C200&ssl=1 1x, https:\/\/i0.wp.com\/www.grieta.org.mx\/wp-content\/uploads\/2018\/03\/14524434_1106112876131411_958039263622046936_o.jpg?resize=525%2C300&ssl=1 1.5x, https:\/\/i0.wp.com\/www.grieta.org.mx\/wp-content\/uploads\/2018\/03\/14524434_1106112876131411_958039263622046936_o.jpg?resize=700%2C400&ssl=1 2x"},"classes":[]},{"id":23426,"url":"https:\/\/www.grieta.org.mx\/index.php\/2017\/08\/29\/veracruz-en-el-mapa-nacional-de-los-desplazados-por-conflictos-de-violencia\/","url_meta":{"origin":29427,"position":1},"title":"Veracruz, en el mapa nacional de los desplazados por conflictos de violencia","author":"grieta","date":"29 agosto, 2017","format":false,"excerpt":"Redacci\u00f3n \/ horaceromx Debido a conflictos de violencia, 311 mil mexicanos han sido obligados a desplazarse. En el mapa nacional de los desplazados por problemas relacionados con la violencia figuran entidades como Michoac\u00e1n, Guerrero, Sinaloa, Chihuahua y Veracruz, de acuerdo con cifras del Centro de Monitoreo de Desplazamiento Interno (IDMC,\u2026","rel":"","context":"En &quot;CINTILLO&quot;","block_context":{"text":"CINTILLO","link":"https:\/\/www.grieta.org.mx\/index.php\/category\/cintillo\/"},"img":{"alt_text":"","src":"https:\/\/i0.wp.com\/www.grieta.org.mx\/wp-content\/uploads\/2018\/06\/direct.jpeg?resize=350%2C200&ssl=1","width":350,"height":200},"classes":[]},{"id":18376,"url":"https:\/\/www.grieta.org.mx\/index.php\/2016\/07\/29\/violencia-expulsa-de-sus-estados-a-mas-de-281-mil-sinaloa\/","url_meta":{"origin":29427,"position":2},"title":"Violencia expulsa de sus estados a m\u00e1s de 281 mil","author":"grieta","date":"29 julio, 2016","format":false,"excerpt":"Victor Ch\u00e1vez, Ciudad de M\u00e9xico. CIUDAD DE M\u00c9XICO.- La corrupci\u00f3n, complicidad e incapacidad de los gobiernos para combatir la violencia del crimen organizado, ha provocado la expulsi\u00f3n y desplazamiento de alrededor de 281 mil 400 personas de sus entidades, reportados tan s\u00f3lo en los \u00faltimos 4 a\u00f1os, alerta una investigaci\u00f3n\u2026","rel":"","context":"En &quot;CINTILLO&quot;","block_context":{"text":"CINTILLO","link":"https:\/\/www.grieta.org.mx\/index.php\/category\/cintillo\/"},"img":{"alt_text":"","src":"https:\/\/i0.wp.com\/www.grieta.org.mx\/wp-content\/uploads\/2018\/03\/14524434_1106112876131411_958039263622046936_o.jpg?resize=350%2C200&ssl=1","width":350,"height":200,"srcset":"https:\/\/i0.wp.com\/www.grieta.org.mx\/wp-content\/uploads\/2018\/03\/14524434_1106112876131411_958039263622046936_o.jpg?resize=350%2C200&ssl=1 1x, https:\/\/i0.wp.com\/www.grieta.org.mx\/wp-content\/uploads\/2018\/03\/14524434_1106112876131411_958039263622046936_o.jpg?resize=525%2C300&ssl=1 1.5x, https:\/\/i0.wp.com\/www.grieta.org.mx\/wp-content\/uploads\/2018\/03\/14524434_1106112876131411_958039263622046936_o.jpg?resize=700%2C400&ssl=1 2x"},"classes":[]},{"id":22301,"url":"https:\/\/www.grieta.org.mx\/index.php\/2018\/03\/16\/desplazados-por-la-violencia-en-guerrero-y-michoacan-a-la-intemperie-en-tijuana\/","url_meta":{"origin":29427,"position":3},"title":"Desplazados por la violencia en Guerrero y Michoac\u00e1n, a la intemperie en Tijuana","author":"grieta","date":"16 marzo, 2018","format":false,"excerpt":"Antonio Heras Mexicali, 16 de marzo.- Al menos 15 familias desplazadas por la violencia permanecen a la intemperie, bajo la lluvia y el calor, en un corredor de la garita El Chaparral, en Tijuana, en espera de que funcionarios de Aduanas y Protecci\u00f3n Fronteriza de Estados Unidos atiendan sus peticiones\u2026","rel":"","context":"En &quot;Baja California&quot;","block_context":{"text":"Baja California","link":"https:\/\/www.grieta.org.mx\/index.php\/category\/noticias-nacionales\/baja-california\/"},"img":{"alt_text":"","src":"https:\/\/i0.wp.com\/www.grieta.org.mx\/wp-content\/uploads\/2018\/03\/chapa.jpg?resize=350%2C200&ssl=1","width":350,"height":200,"srcset":"https:\/\/i0.wp.com\/www.grieta.org.mx\/wp-content\/uploads\/2018\/03\/chapa.jpg?resize=350%2C200&ssl=1 1x, https:\/\/i0.wp.com\/www.grieta.org.mx\/wp-content\/uploads\/2018\/03\/chapa.jpg?resize=525%2C300&ssl=1 1.5x"},"classes":[]},{"id":69137,"url":"https:\/\/www.grieta.org.mx\/index.php\/2024\/05\/31\/desplazados-por-el-crimen-amenazan-con-boicotear-elecciones-guerrero\/","url_meta":{"origin":29427,"position":4},"title":"Desplazados por el crimen amenazan con boicotear elecciones (Guerrero)","author":"grieta","date":"31 mayo, 2024","format":false,"excerpt":"Redacci\u00f3n \/ XEU Habitantes desplazados por el crimen organizado en la sierra de Guerrero, estado del sur de M\u00e9xico que afronta una ola de violencia, protestaron este jueves para exigir seguridad y advirtieron de un boicot en las elecciones del domingo. El grupo de personas del municipio de Leonardo Bravo\u2026","rel":"","context":"En &quot;CINTILLO&quot;","block_context":{"text":"CINTILLO","link":"https:\/\/www.grieta.org.mx\/index.php\/category\/cintillo\/"},"img":{"alt_text":"","src":"https:\/\/i0.wp.com\/www.grieta.org.mx\/wp-content\/uploads\/2024\/06\/1325784xeu20240531093625.webp?resize=350%2C200&ssl=1","width":350,"height":200,"srcset":"https:\/\/i0.wp.com\/www.grieta.org.mx\/wp-content\/uploads\/2024\/06\/1325784xeu20240531093625.webp?resize=350%2C200&ssl=1 1x, https:\/\/i0.wp.com\/www.grieta.org.mx\/wp-content\/uploads\/2024\/06\/1325784xeu20240531093625.webp?resize=525%2C300&ssl=1 1.5x, https:\/\/i0.wp.com\/www.grieta.org.mx\/wp-content\/uploads\/2024\/06\/1325784xeu20240531093625.webp?resize=700%2C400&ssl=1 2x"},"classes":[]},{"id":31419,"url":"https:\/\/www.grieta.org.mx\/index.php\/2019\/03\/28\/35-mil-desplazados-en-michoacan-y-guerrero-por-conflictos-armados\/","url_meta":{"origin":29427,"position":5},"title":"35 mil desplazados en Michoac\u00e1n y Guerrero por conflictos armados","author":"grieta","date":"28 marzo, 2019","format":false,"excerpt":"Benjam\u00edn Alvarez \/Contramuro, 28 de marzo, 2019 Circe L\u00f3pez se\u00f1al\u00f3 que mujeres y ni\u00f1os son de las principales v\u00edctimas del crimen organizado y su colusi\u00f3n con las autoridades Morelia, Michoac\u00e1n.- Alrededor de 35 mil desplazados producto de conflictos armados se registran en Michoac\u00e1n y Guerrero, se\u00f1al\u00f3 la activista Lucero Circe\u2026","rel":"","context":"En &quot;CINTILLO&quot;","block_context":{"text":"CINTILLO","link":"https:\/\/www.grieta.org.mx\/index.php\/category\/cintillo\/"},"img":{"alt_text":"","src":"https:\/\/i0.wp.com\/www.grieta.org.mx\/wp-content\/uploads\/2019\/03\/IMG-20190328-WA0110-1000x500.jpg?resize=350%2C200&ssl=1","width":350,"height":200,"srcset":"https:\/\/i0.wp.com\/www.grieta.org.mx\/wp-content\/uploads\/2019\/03\/IMG-20190328-WA0110-1000x500.jpg?resize=350%2C200&ssl=1 1x, https:\/\/i0.wp.com\/www.grieta.org.mx\/wp-content\/uploads\/2019\/03\/IMG-20190328-WA0110-1000x500.jpg?resize=525%2C300&ssl=1 1.5x, https:\/\/i0.wp.com\/www.grieta.org.mx\/wp-content\/uploads\/2019\/03\/IMG-20190328-WA0110-1000x500.jpg?resize=700%2C400&ssl=1 2x"},"classes":[]}],"_links":{"self":[{"href":"https:\/\/www.grieta.org.mx\/index.php\/wp-json\/wp\/v2\/posts\/29427","targetHints":{"allow":["GET"]}}],"collection":[{"href":"https:\/\/www.grieta.org.mx\/index.php\/wp-json\/wp\/v2\/posts"}],"about":[{"href":"https:\/\/www.grieta.org.mx\/index.php\/wp-json\/wp\/v2\/types\/post"}],"author":[{"embeddable":true,"href":"https:\/\/www.grieta.org.mx\/index.php\/wp-json\/wp\/v2\/users\/2"}],"replies":[{"embeddable":true,"href":"https:\/\/www.grieta.org.mx\/index.php\/wp-json\/wp\/v2\/comments?post=29427"}],"version-history":[{"count":1,"href":"https:\/\/www.grieta.org.mx\/index.php\/wp-json\/wp\/v2\/posts\/29427\/revisions"}],"predecessor-version":[{"id":29431,"href":"https:\/\/www.grieta.org.mx\/index.php\/wp-json\/wp\/v2\/posts\/29427\/revisions\/29431"}],"wp:featuredmedia":[{"embeddable":true,"href":"https:\/\/www.grieta.org.mx\/index.php\/wp-json\/wp\/v2\/media\/29428"}],"wp:attachment":[{"href":"https:\/\/www.grieta.org.mx\/index.php\/wp-json\/wp\/v2\/media?parent=29427"}],"wp:term":[{"taxonomy":"category","embeddable":true,"href":"https:\/\/www.grieta.org.mx\/index.php\/wp-json\/wp\/v2\/categories?post=29427"},{"taxonomy":"post_tag","embeddable":true,"href":"https:\/\/www.grieta.org.mx\/index.php\/wp-json\/wp\/v2\/tags?post=29427"}],"curies":[{"name":"wp","href":"https:\/\/api.w.org\/{rel}","templated":true}]}}