{"id":2942,"date":"2015-09-05T20:54:06","date_gmt":"2015-09-05T20:54:06","guid":{"rendered":"http:\/\/50.22.11.12\/~grietaor\/?p=2942"},"modified":"2016-03-13T20:55:41","modified_gmt":"2016-03-13T20:55:41","slug":"ejidatarios-piden-respeto-a-su-tierra","status":"publish","type":"post","link":"https:\/\/www.grieta.org.mx\/index.php\/2015\/09\/05\/ejidatarios-piden-respeto-a-su-tierra\/","title":{"rendered":"Ejidatarios piden respeto a su tierra"},"content":{"rendered":"<p>El obispo Ra\u00fal Vera L\u00f3pez, dijo los ejidatarios de la Noria en el municipio de General Cepeda sufren atropellos al pelear por la recuperaci\u00f3n de su tierra y evitar que se instale el confinamiento de residuos t\u00f3xicos.<\/p>\n<p>Ra\u00fal Vera ha lamentado el escaso apoyo de las autoridades estatales en el tema, al indicar que el confinamiento provocar\u00e1 da\u00f1os ambientales y de salud.<\/p>\n<p>El obispo saltillense indic\u00f3 que la empresa Sociedad Ecol\u00f3gica M\u00e9xicana del Norte entr\u00f3 con enga\u00f1os.<\/p>\n<p>\u201cSe les dijo que dar\u00eda trabajo\u201d, dijo Vera.<\/p>\n<p>Sin embargo mientras los pobladores del ejido la Noria se han quejado y manifestado, el 29 de agosto se otorg\u00f3 el \u00faltimo permiso para iniciar la construcci\u00f3n. Por lo que el pasado mi\u00e9rcoles se ingres\u00f3 la maquinaria, junto con el ej\u00e9rcito. Esto provoc\u00f3 inconformidad en los pobladores.<\/p>\n<p>El confinamiento se construir\u00e1 en 30 hect\u00e1reas.<\/p>\n<p>Por su parte el obispo Ra\u00fal Vera lament\u00f3 la presencia del Ej\u00e9rcito, al indica que genera tensi\u00f3n entre los pobladores.<\/p>\n<p><a href=\"http:\/\/www.elsiglodetorreon.com.mx\/noticia\/1149253.ejidatarios-piden-respeto-a-su-tierra.html\" target=\"_blank\">www.elsiglodetorreon.com.mx\/noticia\/1149253.ejidatarios-piden-respeto-a-su-tierra.html<\/a><\/p>\n","protected":false},"excerpt":{"rendered":"<p>El obispo Ra\u00fal Vera L\u00f3pez, dijo los ejidatarios de la Noria en el municipio de General Cepeda sufren atropellos al pelear por la recuperaci\u00f3n de su tierra y evitar que &hellip; <a href=\"https:\/\/www.grieta.org.mx\/index.php\/2015\/09\/05\/ejidatarios-piden-respeto-a-su-tierra\/\" class=\"more-link\">Leer m\u00e1s<\/a><\/p>\n","protected":false},"author":2,"featured_media":21928,"comment_status":"closed","ping_status":"open","sticky":false,"template":"","format":"standard","meta":{"ngg_post_thumbnail":0,"_jetpack_newsletter_access":"","_jetpack_dont_email_post_to_subs":false,"_jetpack_newsletter_tier_id":0,"_jetpack_memberships_contains_paywalled_content":false,"_jetpack_memberships_contains_paid_content":false,"footnotes":""},"categories":[80],"tags":[287,288,91,284],"class_list":["post-2942","post","type-post","status-publish","format-standard","has-post-thumbnail","hentry","category-cintillo","tag-basurero-toxico","tag-cimari","tag-contaminacion-ambiental","tag-general-cepeda","entry"],"jetpack_featured_media_url":"https:\/\/www.grieta.org.mx\/wp-content\/uploads\/2018\/03\/14524434_1106112876131411_958039263622046936_o.jpg","jetpack_sharing_enabled":true,"jetpack_shortlink":"https:\/\/wp.me\/p7ZJR4-Ls","jetpack_likes_enabled":false,"jetpack-related-posts":[{"id":2857,"url":"https:\/\/www.grieta.org.mx\/index.php\/2015\/10\/20\/va-cimari-contra-ejidatarios\/","url_meta":{"origin":2942,"position":0},"title":"Va CIMARI contra ejidatarios","author":"grieta","date":"20 octubre, 2015","format":false,"excerpt":"General Cepeda, Coah.- La Audiencia de Formulaci\u00f3n de Imputaci\u00f3n por el delito de despojo contra campesinos que se apropiaron de los terrenos donde se construir\u00e1 el Centro Integral para el Manejo y Almacenamiento de Residuos Industriales (CIMARI), fue cancelada debido a la ausencia de los imputados, a quienes se les\u2026","rel":"","context":"En &quot;CINTILLO&quot;","block_context":{"text":"CINTILLO","link":"https:\/\/www.grieta.org.mx\/index.php\/category\/cintillo\/"},"img":{"alt_text":"","src":"https:\/\/i0.wp.com\/www.grieta.org.mx\/wp-content\/uploads\/2018\/03\/14524434_1106112876131411_958039263622046936_o.jpg?resize=350%2C200&ssl=1","width":350,"height":200,"srcset":"https:\/\/i0.wp.com\/www.grieta.org.mx\/wp-content\/uploads\/2018\/03\/14524434_1106112876131411_958039263622046936_o.jpg?resize=350%2C200&ssl=1 1x, https:\/\/i0.wp.com\/www.grieta.org.mx\/wp-content\/uploads\/2018\/03\/14524434_1106112876131411_958039263622046936_o.jpg?resize=525%2C300&ssl=1 1.5x, https:\/\/i0.wp.com\/www.grieta.org.mx\/wp-content\/uploads\/2018\/03\/14524434_1106112876131411_958039263622046936_o.jpg?resize=700%2C400&ssl=1 2x"},"classes":[]},{"id":2940,"url":"https:\/\/www.grieta.org.mx\/index.php\/2015\/09\/06\/la-lucha-contra-el-confinamiento-toxico-sera-legal\/","url_meta":{"origin":2942,"position":1},"title":"\u2018La lucha contra el confinamiento t\u00f3xico ser\u00e1 legal\u2019","author":"grieta","date":"6 septiembre, 2015","format":false,"excerpt":"Activistas de General Cepeda que se oponen a la construcci\u00f3n de un Confinamiento de Residuos T\u00f3xicos, indicaron que su lucha ser\u00e1 pac\u00edfica y por la v\u00eda legal. Los activistas Jos\u00e9 Luis Villarreal, Jos\u00e9 Luis Garc\u00eda y Sof\u00eda Ochoa indicaron que no realizaron llamados para cometer actos il\u00edcitos, como se inform\u00f3\u2026","rel":"","context":"En &quot;CINTILLO&quot;","block_context":{"text":"CINTILLO","link":"https:\/\/www.grieta.org.mx\/index.php\/category\/cintillo\/"},"img":{"alt_text":"","src":"https:\/\/i0.wp.com\/www.grieta.org.mx\/wp-content\/uploads\/2018\/03\/14524434_1106112876131411_958039263622046936_o.jpg?resize=350%2C200&ssl=1","width":350,"height":200,"srcset":"https:\/\/i0.wp.com\/www.grieta.org.mx\/wp-content\/uploads\/2018\/03\/14524434_1106112876131411_958039263622046936_o.jpg?resize=350%2C200&ssl=1 1x, https:\/\/i0.wp.com\/www.grieta.org.mx\/wp-content\/uploads\/2018\/03\/14524434_1106112876131411_958039263622046936_o.jpg?resize=525%2C300&ssl=1 1.5x, https:\/\/i0.wp.com\/www.grieta.org.mx\/wp-content\/uploads\/2018\/03\/14524434_1106112876131411_958039263622046936_o.jpg?resize=700%2C400&ssl=1 2x"},"classes":[]},{"id":2851,"url":"https:\/\/www.grieta.org.mx\/index.php\/2015\/10\/28\/continua-la-lucha-contra-el-cimari-en-general-cepeda\/","url_meta":{"origin":2942,"position":2},"title":"Contin\u00faa la lucha contra el Cimari en General Cepeda","author":"grieta","date":"28 octubre, 2015","format":false,"excerpt":"La lucha en oposici\u00f3n a la construcci\u00f3n del confinamiento de residuos peligrosos en General Cepeda se mantiene en pie, as\u00ed lo afirm\u00f3 a VANGUARDIA una de las manifestantes originaria de Noria de la Sabina quien prefiri\u00f3 no dar su nombre debido a que las represalias no se han hecho esperar.\u2026","rel":"","context":"En &quot;CINTILLO&quot;","block_context":{"text":"CINTILLO","link":"https:\/\/www.grieta.org.mx\/index.php\/category\/cintillo\/"},"img":{"alt_text":"","src":"https:\/\/i0.wp.com\/www.grieta.org.mx\/wp-content\/uploads\/2018\/03\/14524434_1106112876131411_958039263622046936_o.jpg?resize=350%2C200&ssl=1","width":350,"height":200,"srcset":"https:\/\/i0.wp.com\/www.grieta.org.mx\/wp-content\/uploads\/2018\/03\/14524434_1106112876131411_958039263622046936_o.jpg?resize=350%2C200&ssl=1 1x, https:\/\/i0.wp.com\/www.grieta.org.mx\/wp-content\/uploads\/2018\/03\/14524434_1106112876131411_958039263622046936_o.jpg?resize=525%2C300&ssl=1 1.5x, https:\/\/i0.wp.com\/www.grieta.org.mx\/wp-content\/uploads\/2018\/03\/14524434_1106112876131411_958039263622046936_o.jpg?resize=700%2C400&ssl=1 2x"},"classes":[]},{"id":2859,"url":"https:\/\/www.grieta.org.mx\/index.php\/2015\/10\/20\/canacintra-pide-ir-contra-entrometidos-del-caso-cimari\/","url_meta":{"origin":2942,"position":3},"title":"Canacintra pide ir contra \u2018entrometidos\u2019 del caso Cimari","author":"grieta","date":"20 octubre, 2015","format":false,"excerpt":"La C\u00e1mara Nacional de la Industria de Transformaci\u00f3n (Canacintra) en la Regi\u00f3n Sureste manifest\u00f3 su apoyo para la construcci\u00f3n de un confinamiento de residuos t\u00f3xicos en General Cepeda, as\u00ed como su preocupaci\u00f3n por las manifestaciones generadas en contra. A trav\u00e9s de un bolet\u00edn de prensa, se inform\u00f3 que existe preocupaci\u00f3n\u2026","rel":"","context":"En &quot;CINTILLO&quot;","block_context":{"text":"CINTILLO","link":"https:\/\/www.grieta.org.mx\/index.php\/category\/cintillo\/"},"img":{"alt_text":"","src":"https:\/\/i0.wp.com\/www.grieta.org.mx\/wp-content\/uploads\/2018\/03\/14524434_1106112876131411_958039263622046936_o.jpg?resize=350%2C200&ssl=1","width":350,"height":200,"srcset":"https:\/\/i0.wp.com\/www.grieta.org.mx\/wp-content\/uploads\/2018\/03\/14524434_1106112876131411_958039263622046936_o.jpg?resize=350%2C200&ssl=1 1x, https:\/\/i0.wp.com\/www.grieta.org.mx\/wp-content\/uploads\/2018\/03\/14524434_1106112876131411_958039263622046936_o.jpg?resize=525%2C300&ssl=1 1.5x, https:\/\/i0.wp.com\/www.grieta.org.mx\/wp-content\/uploads\/2018\/03\/14524434_1106112876131411_958039263622046936_o.jpg?resize=700%2C400&ssl=1 2x"},"classes":[]},{"id":2872,"url":"https:\/\/www.grieta.org.mx\/index.php\/2015\/10\/06\/pobladores-de-general-cepeda-coahuila-impiden-construccion-del-basurero-toxico\/","url_meta":{"origin":2942,"position":4},"title":"Pobladores de General Cepeda, Coahuila, impiden construcci\u00f3n del \u201cbasurero t\u00f3xico\u201d","author":"grieta","date":"6 octubre, 2015","format":false,"excerpt":"Por Elisa Hern\u00e1ndez y Alejandro Montenegro Ciudad de M\u00e9xico, 6 de octubre (SinEmbargo\/Vanguardia).\u2013 Esta ma\u00f1ana ejidatarios de General Cepeda, Coahuila, que se oponen a la construcci\u00f3n del confinamiento de residuos peligrosos en el ejido Noria de la Sabina, tomaron las instalaciones donde actualmente se edifica el llamado \u2018basurero t\u00f3xico\u2019. Desde\u2026","rel":"","context":"En &quot;CINTILLO&quot;","block_context":{"text":"CINTILLO","link":"https:\/\/www.grieta.org.mx\/index.php\/category\/cintillo\/"},"img":{"alt_text":"","src":"https:\/\/i0.wp.com\/www.grieta.org.mx\/wp-content\/uploads\/2018\/03\/14524434_1106112876131411_958039263622046936_o.jpg?resize=350%2C200&ssl=1","width":350,"height":200,"srcset":"https:\/\/i0.wp.com\/www.grieta.org.mx\/wp-content\/uploads\/2018\/03\/14524434_1106112876131411_958039263622046936_o.jpg?resize=350%2C200&ssl=1 1x, https:\/\/i0.wp.com\/www.grieta.org.mx\/wp-content\/uploads\/2018\/03\/14524434_1106112876131411_958039263622046936_o.jpg?resize=525%2C300&ssl=1 1.5x, https:\/\/i0.wp.com\/www.grieta.org.mx\/wp-content\/uploads\/2018\/03\/14524434_1106112876131411_958039263622046936_o.jpg?resize=700%2C400&ssl=1 2x"},"classes":[]},{"id":44322,"url":"https:\/\/www.grieta.org.mx\/index.php\/2020\/02\/14\/campesinos-exponen-lucha-contra-injusticias-coahuila\/","url_meta":{"origin":2942,"position":5},"title":"Campesinos exponen lucha contra injusticias (Coahuila)","author":"grieta","date":"14 febrero, 2020","format":false,"excerpt":"Christian Mart\u00ednez\/ VANGUARDIA MX Participaron en el foro \u201cTodas las voces, todas las lucha\u201d La Casa San Jos\u00e9, que depende de la Di\u00f3cesis de Saltillo, sirvi\u00f3 como punto de reuni\u00f3n para decenas de campesinos quienes se manifestaron en contra de las injusticias, que los han afectado durante los \u00faltimos a\u00f1os,\u2026","rel":"","context":"En &quot;CINTILLO&quot;","block_context":{"text":"CINTILLO","link":"https:\/\/www.grieta.org.mx\/index.php\/category\/cintillo\/"},"img":{"alt_text":"","src":"https:\/\/i0.wp.com\/www.grieta.org.mx\/wp-content\/uploads\/2020\/02\/Marcos-Medina.jpg?resize=350%2C200&ssl=1","width":350,"height":200,"srcset":"https:\/\/i0.wp.com\/www.grieta.org.mx\/wp-content\/uploads\/2020\/02\/Marcos-Medina.jpg?resize=350%2C200&ssl=1 1x, https:\/\/i0.wp.com\/www.grieta.org.mx\/wp-content\/uploads\/2020\/02\/Marcos-Medina.jpg?resize=525%2C300&ssl=1 1.5x, https:\/\/i0.wp.com\/www.grieta.org.mx\/wp-content\/uploads\/2020\/02\/Marcos-Medina.jpg?resize=700%2C400&ssl=1 2x"},"classes":[]}],"_links":{"self":[{"href":"https:\/\/www.grieta.org.mx\/index.php\/wp-json\/wp\/v2\/posts\/2942","targetHints":{"allow":["GET"]}}],"collection":[{"href":"https:\/\/www.grieta.org.mx\/index.php\/wp-json\/wp\/v2\/posts"}],"about":[{"href":"https:\/\/www.grieta.org.mx\/index.php\/wp-json\/wp\/v2\/types\/post"}],"author":[{"embeddable":true,"href":"https:\/\/www.grieta.org.mx\/index.php\/wp-json\/wp\/v2\/users\/2"}],"replies":[{"embeddable":true,"href":"https:\/\/www.grieta.org.mx\/index.php\/wp-json\/wp\/v2\/comments?post=2942"}],"version-history":[{"count":1,"href":"https:\/\/www.grieta.org.mx\/index.php\/wp-json\/wp\/v2\/posts\/2942\/revisions"}],"predecessor-version":[{"id":2943,"href":"https:\/\/www.grieta.org.mx\/index.php\/wp-json\/wp\/v2\/posts\/2942\/revisions\/2943"}],"wp:featuredmedia":[{"embeddable":true,"href":"https:\/\/www.grieta.org.mx\/index.php\/wp-json\/wp\/v2\/media\/21928"}],"wp:attachment":[{"href":"https:\/\/www.grieta.org.mx\/index.php\/wp-json\/wp\/v2\/media?parent=2942"}],"wp:term":[{"taxonomy":"category","embeddable":true,"href":"https:\/\/www.grieta.org.mx\/index.php\/wp-json\/wp\/v2\/categories?post=2942"},{"taxonomy":"post_tag","embeddable":true,"href":"https:\/\/www.grieta.org.mx\/index.php\/wp-json\/wp\/v2\/tags?post=2942"}],"curies":[{"name":"wp","href":"https:\/\/api.w.org\/{rel}","templated":true}]}}